{"id":19648,"date":"2021-04-14T15:43:30","date_gmt":"2021-04-14T15:43:30","guid":{"rendered":"https:\/\/larevistadigital.com.ar\/blog\/?p=19648"},"modified":"2021-04-14T15:43:30","modified_gmt":"2021-04-14T15:43:30","slug":"mauro-diaz-dio-positivo-de-covid-en-estudiantes-y-se-pierde-el-clasico-con-gimnasia","status":"publish","type":"post","link":"https:\/\/larevistadigital.com.ar\/blog\/mauro-diaz-dio-positivo-de-covid-en-estudiantes-y-se-pierde-el-clasico-con-gimnasia\/","title":{"rendered":"MAURO D\u00cdAZ DIO POSITIVO DE COVID EN ESTUDIANTES Y SE PIERDE EL CL\u00c1SICO CON GIMNASIA"},"content":{"rendered":"<h2 class=\"negrita\">El jugador del Pincha tuvo contacto estrecho con un familiar y se termin\u00f3 contagiando. Ahora se perder\u00e1 el duelo ante el Lobo y esperan por su evoluci\u00f3n.<\/h2>\n<p><strong>LA PLATA &#8211; <\/strong>Malas noticias para el conjunto dirigido por el <strong>Ruso Zielinski<\/strong>.<strong>\u00a0Este mi\u00e9rcoles se confirm\u00f3 el diagn\u00f3stico positivo de Mauro D\u00edaz, en coronavirus, quedando as\u00ed descartado para el cl\u00e1sico<\/strong>\u00a0platense del pr\u00f3ximo domingo en el Estadio <strong>Jorge Luis Hirschi<\/strong>.<\/p>\n<blockquote>\n<h3>Seg\u00fan inform\u00f3 la instituci\u00f3n pincharrata,\u00a0<strong>D\u00edaz fue hisopado tras notificar que hab\u00eda tenido contacto estrecho con un familiar que presentaba el virus<\/strong>. Tras realizarle la prueba, los m\u00e9dicos confirmaron que presentaba la enfermedad y debi\u00f3 aislarse de inmediato.<\/h3>\n<\/blockquote>\n<p>Con este diagn\u00f3stico, el habilidoso futbolista queda fuera de los planes del Ruso para enfrentar al Lobo. El ex jugador de River tuvo una destacada actuaci\u00f3n frente a Aldosivi y era uno de los apuntados para ser titular en el derby del pr\u00f3ximo domingo.<\/p>\n<p>As\u00ed es como\u00a0<strong>Estudiantes deber\u00e1 afrontar el compromiso m\u00e1s importante del semestre sin uno de sus hombre m\u00e1s desequilibrantes<\/strong>. Ahora el DT albirrojo analizar\u00e1 cu\u00e1l ser\u00e1 la variantes para reemplazar a Mauro D\u00edaz y buscar quedarse con el primer cl\u00e1sico en el nuevo y remodelado estadio de UNO.<\/p>\n","protected":false},"excerpt":{"rendered":"<div class=\"mh-excerpt\"><p>El jugador del Pincha tuvo contacto estrecho con un familiar y se termin\u00f3 contagiando. Ahora se perder\u00e1 el duelo ante el Lobo y esperan por su evoluci\u00f3n. LA PLATA &#8211; Malas noticias para el conjunto <a class=\"mh-excerpt-more\" href=\"https:\/\/larevistadigital.com.ar\/blog\/mauro-diaz-dio-positivo-de-covid-en-estudiantes-y-se-pierde-el-clasico-con-gimnasia\/\" title=\"MAURO D\u00cdAZ DIO POSITIVO DE COVID EN ESTUDIANTES Y SE PIERDE EL CL\u00c1SICO CON GIMNASIA\">[Leer M\u00e1s]<\/a><\/p>\n<\/div>","protected":false},"author":3,"featured_media":19649,"comment_status":"open","ping_status":"open","sticky":false,"template":"","format":"standard","meta":{"_jetpack_memberships_contains_paid_content":false,"footnotes":"","jetpack_publicize_message":"","jetpack_publicize_feature_enabled":true,"jetpack_social_post_already_shared":true,"jetpack_social_options":{"image_generator_settings":{"template":"highway","default_image_id":0,"font":"","enabled":false},"version":2}},"categories":[8,50],"tags":[],"class_list":{"0":"post-19648","1":"post","2":"type-post","3":"status-publish","4":"format-standard","5":"has-post-thumbnail","7":"category-deportes","8":"category-interes-general"},"jetpack_publicize_connections":[],"jetpack_featured_media_url":"https:\/\/i0.wp.com\/larevistadigital.com.ar\/blog\/wp-content\/uploads\/mauro-diaz-jugador-estudiantes.jpg?fit=1200%2C675&ssl=1","jetpack_sharing_enabled":true,"jetpack_shortlink":"https:\/\/wp.me\/p8qtrQ-56U","jetpack-related-posts":[{"id":16790,"url":"https:\/\/larevistadigital.com.ar\/blog\/estudiantes-confirmo-que-leandro-diaz-tiene-covid-19\/","url_meta":{"origin":19648,"position":0},"title":"ESTUDIANTES CONFIRM\u00d3 QUE LEANDRO D\u00cdAZ TIENE COVID-19","author":"Alejandro Sosa Ruda","date":"6 octubre, 2020","format":false,"excerpt":"El defensor Nicol\u00e1s Pasquini fue aislado inmediatamente ya estuvo en contacto estrecho con el delantero. El jueves le realizar\u00e1n el hisopado. Mediante una publicaci\u00f3n en sus redes sociales,\u00a0Estudiantes de La Plata confirm\u00f3 que el futbolista Leandro D\u00edaz dio positivo el testeo de coronavirus y se encuentra en su casa bajo\u2026","rel":"","context":"En \u00abDEPORTES\u00bb","block_context":{"text":"DEPORTES","link":"https:\/\/larevistadigital.com.ar\/blog\/category\/deportes\/"},"img":{"alt_text":"","src":"https:\/\/i0.wp.com\/larevistadigital.com.ar\/blog\/wp-content\/uploads\/Ejq80lPWoAc1VPX.jpg?fit=680%2C383&ssl=1&resize=350%2C200","width":350,"height":200,"srcset":"https:\/\/i0.wp.com\/larevistadigital.com.ar\/blog\/wp-content\/uploads\/Ejq80lPWoAc1VPX.jpg?fit=680%2C383&ssl=1&resize=350%2C200 1x, https:\/\/i0.wp.com\/larevistadigital.com.ar\/blog\/wp-content\/uploads\/Ejq80lPWoAc1VPX.jpg?fit=680%2C383&ssl=1&resize=525%2C300 1.5x"},"classes":[]},{"id":15535,"url":"https:\/\/larevistadigital.com.ar\/blog\/la-plata-muere-por-coronavirus-covid-19-una-mujer-de-62-anos-y-ya-son-9-los-fallecidos\/","url_meta":{"origin":19648,"position":1},"title":"LA PLATA: MUERE POR CORONAVIRUS COVID 19 UNA MUJER DE 62 A\u00d1OS Y YA SON 9 LOS FALLECIDOS.","author":"Alejandro Sosa Ruda","date":"8 junio, 2020","format":false,"excerpt":"La Municipalidad de La Plata inform\u00f3 esta noche sobre una nueva muerte por coronavirus en la Ciudad y de esta forma ascienden a 9 las v\u00edctimas fatales por la pandemia. Se trata de una mujer de 62 a\u00f1os que no registraba antecedentes epidemiol\u00f3gicos. Comenz\u00f3 el 03\/06 con s\u00edntomas compatibles con\u2026","rel":"","context":"En \u00abREGIONALES\u00bb","block_context":{"text":"REGIONALES","link":"https:\/\/larevistadigital.com.ar\/blog\/category\/regionales\/"},"img":{"alt_text":"","src":"https:\/\/i0.wp.com\/larevistadigital.com.ar\/blog\/wp-content\/uploads\/20200607204519_c0505678_7cda_4166_9ee4_8b5e64783e26.jpg?fit=880%2C586&ssl=1&resize=350%2C200","width":350,"height":200,"srcset":"https:\/\/i0.wp.com\/larevistadigital.com.ar\/blog\/wp-content\/uploads\/20200607204519_c0505678_7cda_4166_9ee4_8b5e64783e26.jpg?fit=880%2C586&ssl=1&resize=350%2C200 1x, https:\/\/i0.wp.com\/larevistadigital.com.ar\/blog\/wp-content\/uploads\/20200607204519_c0505678_7cda_4166_9ee4_8b5e64783e26.jpg?fit=880%2C586&ssl=1&resize=525%2C300 1.5x, https:\/\/i0.wp.com\/larevistadigital.com.ar\/blog\/wp-content\/uploads\/20200607204519_c0505678_7cda_4166_9ee4_8b5e64783e26.jpg?fit=880%2C586&ssl=1&resize=700%2C400 2x"},"classes":[]},{"id":15677,"url":"https:\/\/larevistadigital.com.ar\/blog\/la-ex-gobernadora-maria-eugenia-vidal-dio-positivo-de-covid-19\/","url_meta":{"origin":19648,"position":2},"title":"LA EX GOBERNADORA MAR\u00cdA EUGENIA VIDAL DIO POSITIVO DE COVID &#8211; 19","author":"Alejandro Sosa Ruda","date":"17 junio, 2020","format":false,"excerpt":"La referente de Juntos por el Cambio hab\u00eda estado en contacto con el diputado bonaerense Alex Campbell quien ayer confirm\u00f3 que estaba infectado de COVID-19 La ex gobernadora de la provincia de Buenos Aires, Mar\u00eda Eugenia Vidal, dio positivo de coronavirus. La referente de Juntos por el Cambio hab\u00eda estado\u2026","rel":"","context":"En \u00abINTERES GENERAL\u00bb","block_context":{"text":"INTERES GENERAL","link":"https:\/\/larevistadigital.com.ar\/blog\/category\/interes-general\/"},"img":{"alt_text":"","src":"https:\/\/i0.wp.com\/larevistadigital.com.ar\/blog\/wp-content\/uploads\/20200617_000917.jpg?fit=1080%2C642&ssl=1&resize=350%2C200","width":350,"height":200,"srcset":"https:\/\/i0.wp.com\/larevistadigital.com.ar\/blog\/wp-content\/uploads\/20200617_000917.jpg?fit=1080%2C642&ssl=1&resize=350%2C200 1x, https:\/\/i0.wp.com\/larevistadigital.com.ar\/blog\/wp-content\/uploads\/20200617_000917.jpg?fit=1080%2C642&ssl=1&resize=525%2C300 1.5x, https:\/\/i0.wp.com\/larevistadigital.com.ar\/blog\/wp-content\/uploads\/20200617_000917.jpg?fit=1080%2C642&ssl=1&resize=700%2C400 2x, https:\/\/i0.wp.com\/larevistadigital.com.ar\/blog\/wp-content\/uploads\/20200617_000917.jpg?fit=1080%2C642&ssl=1&resize=1050%2C600 3x"},"classes":[]},{"id":20313,"url":"https:\/\/larevistadigital.com.ar\/blog\/rauch-volco-un-auto-en-la-ruta-30-y-el-conductor-tenia-covid\/","url_meta":{"origin":19648,"position":3},"title":"RAUCH: VOLC\u00d3 UN AUTO EN LA RUTA 30 Y EL CONDUCTOR TEN\u00cdA COVID","author":"Alejandro Sosa Ruda","date":"17 mayo, 2021","format":false,"excerpt":"D\u00edas pasados un autom\u00f3vil Chevrolet Corsa dominio JQC 063 que viajaba por la Ruta 30, en direcci\u00f3n Rauch \u2013 Las Flores. Los dos ocupantes fueron trasladados al Hospital Municipal. Uno de ellos era COVID positivo. Tras ser asistidos por una unidad de Bomberos Voluntarios, la pareja que ocupaba el veh\u00edculo\u2026","rel":"","context":"En \u00abPOLICIALES\u00bb","block_context":{"text":"POLICIALES","link":"https:\/\/larevistadigital.com.ar\/blog\/category\/policiales\/"},"img":{"alt_text":"","src":"https:\/\/i0.wp.com\/larevistadigital.com.ar\/blog\/wp-content\/uploads\/vuelco-corsa-10-5-2021.jpg?fit=800%2C443&ssl=1&resize=350%2C200","width":350,"height":200,"srcset":"https:\/\/i0.wp.com\/larevistadigital.com.ar\/blog\/wp-content\/uploads\/vuelco-corsa-10-5-2021.jpg?fit=800%2C443&ssl=1&resize=350%2C200 1x, https:\/\/i0.wp.com\/larevistadigital.com.ar\/blog\/wp-content\/uploads\/vuelco-corsa-10-5-2021.jpg?fit=800%2C443&ssl=1&resize=525%2C300 1.5x, https:\/\/i0.wp.com\/larevistadigital.com.ar\/blog\/wp-content\/uploads\/vuelco-corsa-10-5-2021.jpg?fit=800%2C443&ssl=1&resize=700%2C400 2x"},"classes":[]},{"id":15876,"url":"https:\/\/larevistadigital.com.ar\/blog\/berni-aislado-por-haber-mantenido-contacto-estrecho-con-contagiado-de-covid-19\/","url_meta":{"origin":19648,"position":4},"title":"BERNI AISLADO: POR HABER MANTENIDO CONTACTO ESTRECHO CON CONTAGIADO DE COVID-19","author":"Alejandro Sosa Ruda","date":"10 agosto, 2020","format":false,"excerpt":"El ministro de Seguridad bonaerense,\u00a0Sergio Berni, qued\u00f3 aislado luego de haber mantenido contacto estrecho con un colaborador suyo que fue diagnosticado con coronavirus.\u00a0 Seg\u00fan confirm\u00f3 el Ministerio de Seguridad de la Provincia de Buenos Aires, Berni\u00a0se encuentra bien de salud pero permanece en observaci\u00f3n en su domicilio de Z\u00e1rate, donde\u2026","rel":"","context":"En \u00abINTERES GENERAL\u00bb","block_context":{"text":"INTERES GENERAL","link":"https:\/\/larevistadigital.com.ar\/blog\/category\/interes-general\/"},"img":{"alt_text":"","src":"https:\/\/i0.wp.com\/larevistadigital.com.ar\/blog\/wp-content\/uploads\/95295-berni-20para-20nota.jpg?fit=960%2C640&ssl=1&resize=350%2C200","width":350,"height":200,"srcset":"https:\/\/i0.wp.com\/larevistadigital.com.ar\/blog\/wp-content\/uploads\/95295-berni-20para-20nota.jpg?fit=960%2C640&ssl=1&resize=350%2C200 1x, https:\/\/i0.wp.com\/larevistadigital.com.ar\/blog\/wp-content\/uploads\/95295-berni-20para-20nota.jpg?fit=960%2C640&ssl=1&resize=525%2C300 1.5x, https:\/\/i0.wp.com\/larevistadigital.com.ar\/blog\/wp-content\/uploads\/95295-berni-20para-20nota.jpg?fit=960%2C640&ssl=1&resize=700%2C400 2x"},"classes":[]},{"id":13160,"url":"https:\/\/larevistadigital.com.ar\/blog\/detienen-al-presunto-autor-del-crimen-en-el-descampado\/","url_meta":{"origin":19648,"position":5},"title":"DETIENEN AL PRESUNTO AUTOR DEL CRIMEN EN EL DESCAMPADO","author":"Alejandro Sosa Ruda","date":"12 noviembre, 2019","format":false,"excerpt":"Un hombre de 55 a\u00f1os fue detenido esta noche por autoridades policiales y acusado de asesinar a Ana Laura D\u00edaz (26). El cuerpo de la mujer hab\u00eda aparecido en un descampado del barrio Las Heras. El detenido era su novio. El presunto asesino de Ana Laura D\u00edaz (26), la joven\u2026","rel":"","context":"En \u00abINTERES GENERAL\u00bb","block_context":{"text":"INTERES GENERAL","link":"https:\/\/larevistadigital.com.ar\/blog\/category\/interes-general\/"},"img":{"alt_text":"","src":"https:\/\/i0.wp.com\/larevistadigital.com.ar\/blog\/wp-content\/uploads\/Screenshot_2-59.jpg?fit=871%2C635&ssl=1&resize=350%2C200","width":350,"height":200,"srcset":"https:\/\/i0.wp.com\/larevistadigital.com.ar\/blog\/wp-content\/uploads\/Screenshot_2-59.jpg?fit=871%2C635&ssl=1&resize=350%2C200 1x, https:\/\/i0.wp.com\/larevistadigital.com.ar\/blog\/wp-content\/uploads\/Screenshot_2-59.jpg?fit=871%2C635&ssl=1&resize=525%2C300 1.5x, https:\/\/i0.wp.com\/larevistadigital.com.ar\/blog\/wp-content\/uploads\/Screenshot_2-59.jpg?fit=871%2C635&ssl=1&resize=700%2C400 2x"},"classes":[]}],"_links":{"self":[{"href":"https:\/\/larevistadigital.com.ar\/blog\/wp-json\/wp\/v2\/posts\/19648","targetHints":{"allow":["GET"]}}],"collection":[{"href":"https:\/\/larevistadigital.com.ar\/blog\/wp-json\/wp\/v2\/posts"}],"about":[{"href":"https:\/\/larevistadigital.com.ar\/blog\/wp-json\/wp\/v2\/types\/post"}],"author":[{"embeddable":true,"href":"https:\/\/larevistadigital.com.ar\/blog\/wp-json\/wp\/v2\/users\/3"}],"replies":[{"embeddable":true,"href":"https:\/\/larevistadigital.com.ar\/blog\/wp-json\/wp\/v2\/comments?post=19648"}],"version-history":[{"count":1,"href":"https:\/\/larevistadigital.com.ar\/blog\/wp-json\/wp\/v2\/posts\/19648\/revisions"}],"predecessor-version":[{"id":19650,"href":"https:\/\/larevistadigital.com.ar\/blog\/wp-json\/wp\/v2\/posts\/19648\/revisions\/19650"}],"wp:featuredmedia":[{"embeddable":true,"href":"https:\/\/larevistadigital.com.ar\/blog\/wp-json\/wp\/v2\/media\/19649"}],"wp:attachment":[{"href":"https:\/\/larevistadigital.com.ar\/blog\/wp-json\/wp\/v2\/media?parent=19648"}],"wp:term":[{"taxonomy":"category","embeddable":true,"href":"https:\/\/larevistadigital.com.ar\/blog\/wp-json\/wp\/v2\/categories?post=19648"},{"taxonomy":"post_tag","embeddable":true,"href":"https:\/\/larevistadigital.com.ar\/blog\/wp-json\/wp\/v2\/tags?post=19648"}],"curies":[{"name":"wp","href":"https:\/\/api.w.org\/{rel}","templated":true}]}}