{"id":19652,"date":"2021-04-14T16:57:13","date_gmt":"2021-04-14T16:57:13","guid":{"rendered":"https:\/\/larevistadigital.com.ar\/blog\/?p=19652"},"modified":"2021-04-14T16:57:50","modified_gmt":"2021-04-14T16:57:50","slug":"por-orden-judicial-clausuran-puestos-en-la-ruta-63","status":"publish","type":"post","link":"https:\/\/larevistadigital.com.ar\/blog\/por-orden-judicial-clausuran-puestos-en-la-ruta-63\/","title":{"rendered":"POR ORDEN JUDICIAL CLAUSURAN PUESTOS EN LA RUTA 63"},"content":{"rendered":"<h2 class=\"nota__hero__summary\">Lo dictamin\u00f3 el Juzgado de Garant\u00edas N\u00ba 1 del Departamento Judicial de Dolores. El operativo se llev\u00f3 a cabo en el tramo que va desde el kil\u00f3metro 2.5 hasta el kil\u00f3metro 3.5.<\/h2>\n<p><strong>DOLORES &#8211;<\/strong> Hoy por la ma\u00f1ana se llev\u00f3 a cabo la clausura y el levantamiento de los puestos de venta de productos regionales ubicados en el tramo de la Ruta 63 que va desde el kil\u00f3metro 2.5 hasta el kil\u00f3metro 3.5, en jurisdicci\u00f3n del partido de Dolores.<\/p>\n<blockquote>\n<h3>El operativo fue ordenado por el Juzgado de Garant\u00edas N\u00ba 1 del Departamento Judicial de Dolores y tuvo la participaci\u00f3n de personal de Direcci\u00f3n de Vialidad de la Provincia de Buenos Aires, la Polic\u00eda Vial y el Grupo de Apoyo Departamental (GAD).<\/h3>\n<\/blockquote>\n<p>Los puestos emplazados a la vera de la ruta fueron desarmados debido a que no pose\u00edan la habilitaci\u00f3n correspondiente y porque estaban ubicados en lugares inadecuados. El operativo se desarroll\u00f3 sin incidentes, informaron fuentes policiales.<\/p>\n<blockquote>\n<h3>La instalaci\u00f3n de estos comercios precarios al costado de la ruta siempre gener\u00f3 tensi\u00f3n debido al conflicto de genuinos intereses que existe entre quienes encuentran en esos puestos una fuente de trabajo y el rol de contralor por parte del Estado en lo que respecto a bromatolog\u00eda, habilitaciones y seguridad vial.<\/h3>\n<\/blockquote>\n<p>publicado en entrelineas<\/p>\n","protected":false},"excerpt":{"rendered":"<div class=\"mh-excerpt\"><p>Lo dictamin\u00f3 el Juzgado de Garant\u00edas N\u00ba 1 del Departamento Judicial de Dolores. El operativo se llev\u00f3 a cabo en el tramo que va desde el kil\u00f3metro 2.5 hasta el kil\u00f3metro 3.5. DOLORES &#8211; Hoy <a class=\"mh-excerpt-more\" href=\"https:\/\/larevistadigital.com.ar\/blog\/por-orden-judicial-clausuran-puestos-en-la-ruta-63\/\" title=\"POR ORDEN JUDICIAL CLAUSURAN PUESTOS EN LA RUTA 63\">[Leer M\u00e1s]<\/a><\/p>\n<\/div>","protected":false},"author":3,"featured_media":19653,"comment_status":"open","ping_status":"open","sticky":false,"template":"","format":"standard","meta":{"_jetpack_memberships_contains_paid_content":false,"footnotes":"","jetpack_publicize_message":"","jetpack_publicize_feature_enabled":true,"jetpack_social_post_already_shared":true,"jetpack_social_options":{"image_generator_settings":{"template":"highway","default_image_id":0,"font":"","enabled":false},"version":2}},"categories":[43,51],"tags":[],"class_list":{"0":"post-19652","1":"post","2":"type-post","3":"status-publish","4":"format-standard","5":"has-post-thumbnail","7":"category-dolores","8":"category-regionales"},"jetpack_publicize_connections":[],"jetpack_featured_media_url":"https:\/\/i0.wp.com\/larevistadigital.com.ar\/blog\/wp-content\/uploads\/3e55c63e2918b9bc9a4486ce8f205730ba975b19.jpeg?fit=1140%2C604&ssl=1","jetpack_sharing_enabled":true,"jetpack_shortlink":"https:\/\/wp.me\/p8qtrQ-56Y","jetpack-related-posts":[{"id":11256,"url":"https:\/\/larevistadigital.com.ar\/blog\/dolores-designan-dos-nuevos-jueces-penales\/","url_meta":{"origin":19652,"position":0},"title":"DOLORES: DESIGNAN DOS NUEVOS JUECES PENALES","author":"Alejandro Sosa Ruda","date":"13 julio, 2019","format":false,"excerpt":"Uno integrar\u00e1 el Tribunal en lo Criminal n\u00ba 1 y el otro ser\u00e1 titular del Juzgado Correccional n\u00ba 2, cuyas sedes del Departamento Judicial est\u00e1n ubicadas en nuestra ciudad. \u00a0La Gobernadora Mar\u00eda Eugenia Vidal oficializ\u00f3 mediante el respectivo decreto la designaci\u00f3n de dos jueces penales para el Departamento Judicial Dolores,\u2026","rel":"","context":"En \u00abDOLORES\u00bb","block_context":{"text":"DOLORES","link":"https:\/\/larevistadigital.com.ar\/blog\/category\/dolores\/"},"img":{"alt_text":"","src":"https:\/\/i0.wp.com\/larevistadigital.com.ar\/blog\/wp-content\/uploads\/Correccional-2-660x330.jpg?fit=660%2C330&ssl=1&resize=350%2C200","width":350,"height":200,"srcset":"https:\/\/i0.wp.com\/larevistadigital.com.ar\/blog\/wp-content\/uploads\/Correccional-2-660x330.jpg?fit=660%2C330&ssl=1&resize=350%2C200 1x, https:\/\/i0.wp.com\/larevistadigital.com.ar\/blog\/wp-content\/uploads\/Correccional-2-660x330.jpg?fit=660%2C330&ssl=1&resize=525%2C300 1.5x"},"classes":[]},{"id":34627,"url":"https:\/\/larevistadigital.com.ar\/blog\/dolores-un-herido-en-un-accidente-en-la-ruta-63\/","url_meta":{"origin":19652,"position":1},"title":"DOLORES: UN HERIDO EN UN ACCIDENTE EN LA RUTA 63","author":"Alejandro Sosa Ruda","date":"26 noviembre, 2023","format":false,"excerpt":"Se trata de una persona de sexo masculino, de 50 a\u00f1os de edad. 26 de Noviembre de 2023 DOLORES -\u00a0 Ayer por la tarde se produjo un fuerte accidente de tr\u00e1nsito\u00a0en la zona de parrillas de la ruta 63, jurisdicci\u00f3n de Dolores. El choque fue precisamente en el kil\u00f3metro 1,\u2026","rel":"","context":"En \u00abPOLICIALES\u00bb","block_context":{"text":"POLICIALES","link":"https:\/\/larevistadigital.com.ar\/blog\/category\/policiales\/"},"img":{"alt_text":"","src":"https:\/\/i0.wp.com\/larevistadigital.com.ar\/blog\/wp-content\/uploads\/834d4b46f04eca326b30e510d773b3846fd9ecb2.jpg?fit=1140%2C760&ssl=1&resize=350%2C200","width":350,"height":200,"srcset":"https:\/\/i0.wp.com\/larevistadigital.com.ar\/blog\/wp-content\/uploads\/834d4b46f04eca326b30e510d773b3846fd9ecb2.jpg?fit=1140%2C760&ssl=1&resize=350%2C200 1x, https:\/\/i0.wp.com\/larevistadigital.com.ar\/blog\/wp-content\/uploads\/834d4b46f04eca326b30e510d773b3846fd9ecb2.jpg?fit=1140%2C760&ssl=1&resize=525%2C300 1.5x, https:\/\/i0.wp.com\/larevistadigital.com.ar\/blog\/wp-content\/uploads\/834d4b46f04eca326b30e510d773b3846fd9ecb2.jpg?fit=1140%2C760&ssl=1&resize=700%2C400 2x, https:\/\/i0.wp.com\/larevistadigital.com.ar\/blog\/wp-content\/uploads\/834d4b46f04eca326b30e510d773b3846fd9ecb2.jpg?fit=1140%2C760&ssl=1&resize=1050%2C600 3x"},"classes":[]},{"id":3213,"url":"https:\/\/larevistadigital.com.ar\/blog\/dolores-detienen-a-dos-individuos-por-abigeato-agravado\/","url_meta":{"origin":19652,"position":2},"title":"DOLORES: DETIENEN A DOS INDIVIDUOS POR ABIGEATO AGRAVADO","author":"Alejandro Sosa Ruda","date":"27 agosto, 2017","format":false,"excerpt":"En la tarde noche del pasado viernes, personal del Comando de Prevenci\u00f3n Rural Dolores fue alertado que dos sujetos de sexo masculino habr\u00edan faenado un ternero en un Establecimiento rural ubicado en el kil\u00f3metro 4,5 descendente de la ruta 63, mano hacia Dolores, d\u00e1ndose a la fuga campo adentro luego\u2026","rel":"","context":"En \u00abDOLORES\u00bb","block_context":{"text":"DOLORES","link":"https:\/\/larevistadigital.com.ar\/blog\/category\/dolores\/"},"img":{"alt_text":"","src":"https:\/\/i0.wp.com\/larevistadigital.com.ar\/blog\/wp-content\/uploads\/2017\/08\/descarga-3.jpg?fit=650%2C350&ssl=1&resize=350%2C200","width":350,"height":200,"srcset":"https:\/\/i0.wp.com\/larevistadigital.com.ar\/blog\/wp-content\/uploads\/2017\/08\/descarga-3.jpg?fit=650%2C350&ssl=1&resize=350%2C200 1x, https:\/\/i0.wp.com\/larevistadigital.com.ar\/blog\/wp-content\/uploads\/2017\/08\/descarga-3.jpg?fit=650%2C350&ssl=1&resize=525%2C300 1.5x"},"classes":[]},{"id":4118,"url":"https:\/\/larevistadigital.com.ar\/blog\/dolores-detienen-dos-individuos-flagrancia-abigeato-agravado\/","url_meta":{"origin":19652,"position":3},"title":"DOLORES: DETIENEN A DOS INDIVIDUOS EN FLAGRANCIA POR ABIGEATO AGRAVADO","author":"Alejandro Sosa Ruda","date":"3 diciembre, 2017","format":false,"excerpt":"Durante la tarde del d\u00eda de ayer, personal del Comando de Prevenci\u00f3n Rural Dolores, es alertado acerca de dos sujetos de sexo masculino, habr\u00edan faenado un ternero en un establecimiento Rural ubicado en el kil\u00f3metro 4,5 descendente de la ruta 63 mano hacia Dolores, d\u00e1ndose a la fuga campo adentro,\u2026","rel":"","context":"En \u00abDOLORES\u00bb","block_context":{"text":"DOLORES","link":"https:\/\/larevistadigital.com.ar\/blog\/category\/dolores\/"},"img":{"alt_text":"","src":"https:\/\/i0.wp.com\/larevistadigital.com.ar\/blog\/wp-content\/uploads\/2017\/12\/abigeato.jpg?fit=600%2C460&ssl=1&resize=350%2C200","width":350,"height":200,"srcset":"https:\/\/i0.wp.com\/larevistadigital.com.ar\/blog\/wp-content\/uploads\/2017\/12\/abigeato.jpg?fit=600%2C460&ssl=1&resize=350%2C200 1x, https:\/\/i0.wp.com\/larevistadigital.com.ar\/blog\/wp-content\/uploads\/2017\/12\/abigeato.jpg?fit=600%2C460&ssl=1&resize=525%2C300 1.5x"},"classes":[]},{"id":44537,"url":"https:\/\/larevistadigital.com.ar\/blog\/choque-contra-una-vaca-en-la-ruta-2-ocho-personas-involucradas-y-una-nina-hospitalizada\/","url_meta":{"origin":19652,"position":4},"title":"Choque contra una vaca en la Ruta 2: ocho personas involucradas y una ni\u00f1a hospitalizada","author":"Alejandro Sosa Ruda","date":"16 marzo, 2026","format":false,"excerpt":"El siniestro ocurri\u00f3 en el kil\u00f3metro 231, en jurisdicci\u00f3n de Dolores. Dos veh\u00edculos impactaron contra un animal que se encontraba sobre la calzada. 16 de Marzo de 2026 DOLORES -\u00a0 \u00a0Un siniestro vial se registr\u00f3 durante la madrugada en la Ruta Provincial 2, a la altura del kil\u00f3metro 231, dentro\u2026","rel":"","context":"En \u00abDOLORES\u00bb","block_context":{"text":"DOLORES","link":"https:\/\/larevistadigital.com.ar\/blog\/category\/dolores\/"},"img":{"alt_text":"","src":"https:\/\/i0.wp.com\/larevistadigital.com.ar\/blog\/wp-content\/uploads\/8f7ef8ee2bf9e3f20fdedec1779697add096fd42.jpeg?fit=1140%2C714&ssl=1&resize=350%2C200","width":350,"height":200,"srcset":"https:\/\/i0.wp.com\/larevistadigital.com.ar\/blog\/wp-content\/uploads\/8f7ef8ee2bf9e3f20fdedec1779697add096fd42.jpeg?fit=1140%2C714&ssl=1&resize=350%2C200 1x, https:\/\/i0.wp.com\/larevistadigital.com.ar\/blog\/wp-content\/uploads\/8f7ef8ee2bf9e3f20fdedec1779697add096fd42.jpeg?fit=1140%2C714&ssl=1&resize=525%2C300 1.5x, https:\/\/i0.wp.com\/larevistadigital.com.ar\/blog\/wp-content\/uploads\/8f7ef8ee2bf9e3f20fdedec1779697add096fd42.jpeg?fit=1140%2C714&ssl=1&resize=700%2C400 2x, https:\/\/i0.wp.com\/larevistadigital.com.ar\/blog\/wp-content\/uploads\/8f7ef8ee2bf9e3f20fdedec1779697add096fd42.jpeg?fit=1140%2C714&ssl=1&resize=1050%2C600 3x"},"classes":[]},{"id":23884,"url":"https:\/\/larevistadigital.com.ar\/blog\/dolores-camioneta-embistio-un-caballo-en-la-ruta-63\/","url_meta":{"origin":19652,"position":5},"title":"DOLORES: CAMIONETA EMBISTI\u00d3 UN CABALLO EN LA RUTA 63","author":"Alejandro Sosa Ruda","date":"7 febrero, 2022","format":false,"excerpt":"Por el fuerte impacto el animal muri\u00f3 de manera instant\u00e1nea. DOLORES -\u00a0 Durante la noche del viernes, se produjo un fuerte accidente de tr\u00e1nsito en el kil\u00f3metro 2,5 de la Ruta 63, en jurisdicci\u00f3n de la localidad de Dolores. Una camioneta Ford Ranger atropell\u00f3 a un caballo, que se encontraba\u2026","rel":"","context":"En \u00abDOLORES\u00bb","block_context":{"text":"DOLORES","link":"https:\/\/larevistadigital.com.ar\/blog\/category\/dolores\/"},"img":{"alt_text":"","src":"https:\/\/i0.wp.com\/larevistadigital.com.ar\/blog\/wp-content\/uploads\/6235cc37b870ce64264af9425857c2caf56e684c.jpg?fit=1140%2C641&ssl=1&resize=350%2C200","width":350,"height":200,"srcset":"https:\/\/i0.wp.com\/larevistadigital.com.ar\/blog\/wp-content\/uploads\/6235cc37b870ce64264af9425857c2caf56e684c.jpg?fit=1140%2C641&ssl=1&resize=350%2C200 1x, https:\/\/i0.wp.com\/larevistadigital.com.ar\/blog\/wp-content\/uploads\/6235cc37b870ce64264af9425857c2caf56e684c.jpg?fit=1140%2C641&ssl=1&resize=525%2C300 1.5x, https:\/\/i0.wp.com\/larevistadigital.com.ar\/blog\/wp-content\/uploads\/6235cc37b870ce64264af9425857c2caf56e684c.jpg?fit=1140%2C641&ssl=1&resize=700%2C400 2x, https:\/\/i0.wp.com\/larevistadigital.com.ar\/blog\/wp-content\/uploads\/6235cc37b870ce64264af9425857c2caf56e684c.jpg?fit=1140%2C641&ssl=1&resize=1050%2C600 3x"},"classes":[]}],"_links":{"self":[{"href":"https:\/\/larevistadigital.com.ar\/blog\/wp-json\/wp\/v2\/posts\/19652","targetHints":{"allow":["GET"]}}],"collection":[{"href":"https:\/\/larevistadigital.com.ar\/blog\/wp-json\/wp\/v2\/posts"}],"about":[{"href":"https:\/\/larevistadigital.com.ar\/blog\/wp-json\/wp\/v2\/types\/post"}],"author":[{"embeddable":true,"href":"https:\/\/larevistadigital.com.ar\/blog\/wp-json\/wp\/v2\/users\/3"}],"replies":[{"embeddable":true,"href":"https:\/\/larevistadigital.com.ar\/blog\/wp-json\/wp\/v2\/comments?post=19652"}],"version-history":[{"count":2,"href":"https:\/\/larevistadigital.com.ar\/blog\/wp-json\/wp\/v2\/posts\/19652\/revisions"}],"predecessor-version":[{"id":19655,"href":"https:\/\/larevistadigital.com.ar\/blog\/wp-json\/wp\/v2\/posts\/19652\/revisions\/19655"}],"wp:featuredmedia":[{"embeddable":true,"href":"https:\/\/larevistadigital.com.ar\/blog\/wp-json\/wp\/v2\/media\/19653"}],"wp:attachment":[{"href":"https:\/\/larevistadigital.com.ar\/blog\/wp-json\/wp\/v2\/media?parent=19652"}],"wp:term":[{"taxonomy":"category","embeddable":true,"href":"https:\/\/larevistadigital.com.ar\/blog\/wp-json\/wp\/v2\/categories?post=19652"},{"taxonomy":"post_tag","embeddable":true,"href":"https:\/\/larevistadigital.com.ar\/blog\/wp-json\/wp\/v2\/tags?post=19652"}],"curies":[{"name":"wp","href":"https:\/\/api.w.org\/{rel}","templated":true}]}}