{"id":19657,"date":"2021-04-15T13:15:04","date_gmt":"2021-04-15T13:15:04","guid":{"rendered":"https:\/\/larevistadigital.com.ar\/blog\/?p=19657"},"modified":"2021-04-16T01:00:40","modified_gmt":"2021-04-16T01:00:40","slug":"preparando-el-terreno-para-las-elecciones-despues-de-meses-de-abandono-estan-reparando-algunas-calles-del-barrio-30-de-mayo","status":"publish","type":"post","link":"https:\/\/larevistadigital.com.ar\/blog\/preparando-el-terreno-para-las-elecciones-despues-de-meses-de-abandono-estan-reparando-algunas-calles-del-barrio-30-de-mayo\/","title":{"rendered":"\u00abPREPARANDO EL TERRENO\u00bb&#8230; (PARA LAS ELECCIONES). DESPU\u00c9S DE MESES DE ABANDONO EST\u00c1N REPARANDO ALGUNAS CALLES DEL BARRIO 30 DE MAYO"},"content":{"rendered":"<p>Para quienes viven, o tienen familia en el Barrio 30 de Mayo, hay algunas noticias que son como una bofetada. Y no es que no nos alegre que se hagan las cosas que se deben hacer. Porque en definitiva, es eso <strong>SON LAS COSAS QUE DEBEN HACER, SON LAS OBLIGACIONES DE QUIENES FUERON DEMOCR\u00c1TICAMENTE ELGIDOS PARA GOBERNAR LA CUIDAD, Y NADA M\u00c1S QUE ESO: ES SU OBLIGACI\u00d3N. Y PARA CUMPLIRLA, LOS FUNCIONARIOS COBRAN ABULTADOS SALARIOS.<\/strong><\/p>\n<p>Por eso, es que ya no se pod\u00eda circular por el barrio, al igual que e tantos otros sectores de la ciudad donde el estado de las calles hace imposible la normal circulaci\u00f3n de los veh\u00edculos, sin terminar rompiendo el tren delantero.<\/p>\n<p>En ese sentido, precisamente, hemos recibido un sin n\u00famero de quejas y reclamos por la falta de mantenimiento y por los gastos en reparaciones que los vecinos deben afrontar, ya que desde el municipio \u00abnadie se hace cargo\u00bb.<\/p>\n<p>Por eso, por los vecinos y por todo aquel que ingrese a los barrios y vea como se destruye su capital, por la gente que ve vulnerados sus derechos, ya que no cuentan con un acceso como corresponde a sus casas, por una situaci\u00f3n que lamentablemente se repite en gran cantidad de barrios de la ciudad, al punto de que en condiciones de lluvia se llega a la imposibilidad de ingresar de por ejemplo ambulancias en caso de alguna urgencia, es que antes de reproducir, lo que alegremente publican desde la p\u00e1gina oficial del municipio, hacemos esta salvedad, aconsejando con respeto, que la pr\u00f3xima vez, haga menos alarde y se ocupen m\u00e1s de las necesidades de la gente. Parece que detectan los problemas, solamente cada dos a\u00f1os y algunos meses antes de los comicios.<\/p>\n<h3>AHORA SI, COMPARTIMOS LA NOTA DEL MUNICIPIO.<\/h3>\n<p class=\"notaIntro\">Personal de la Secretar\u00eda de Obras y Servicios P\u00fablicos realiz\u00f3 tareas de acondicionamiento y puesta en valor de las arterias para garantizar una circulaci\u00f3n vial segura.<\/p>\n<p class=\"notaTexto\">Las condiciones clim\u00e1ticas favorables permitieron retomar el mantenimiento de calles de tierra en diferentes sectores de la ciudad, tras las intensas lluvias de las \u00faltimas semanas.<br \/>\nEste martes, las labores se desarrollaron en el barrio 30 de Mayo.<br \/>\nCon el uso de una motoniveladora de la flota municipal, se realizaron trabajos de rastreo, abovedado y conformaci\u00f3n de la calzada y limpieza del cord\u00f3n cuneta de hormig\u00f3n.<br \/>\nLa continuidad de estos trabajos depender\u00e1 de los factores clim\u00e1ticos de las pr\u00f3ximas semanas.<\/p>\n<p>Ponele&#8230;<\/p>\n<p>&nbsp;<\/p>\n<p>&nbsp;<\/p>\n<p>&nbsp;<\/p>\n","protected":false},"excerpt":{"rendered":"<div class=\"mh-excerpt\"><p>Para quienes viven, o tienen familia en el Barrio 30 de Mayo, hay algunas noticias que son como una bofetada. Y no es que no nos alegre que se hagan las cosas que se deben <a class=\"mh-excerpt-more\" href=\"https:\/\/larevistadigital.com.ar\/blog\/preparando-el-terreno-para-las-elecciones-despues-de-meses-de-abandono-estan-reparando-algunas-calles-del-barrio-30-de-mayo\/\" title=\"\u00abPREPARANDO EL TERRENO\u00bb&#8230; (PARA LAS ELECCIONES). DESPU\u00c9S DE MESES DE ABANDONO EST\u00c1N REPARANDO ALGUNAS CALLES DEL BARRIO 30 DE MAYO\">[Leer M\u00e1s]<\/a><\/p>\n<\/div>","protected":false},"author":3,"featured_media":19658,"comment_status":"open","ping_status":"open","sticky":false,"template":"","format":"standard","meta":{"_jetpack_memberships_contains_paid_content":false,"footnotes":"","jetpack_publicize_message":"","jetpack_publicize_feature_enabled":true,"jetpack_social_post_already_shared":true,"jetpack_social_options":{"image_generator_settings":{"template":"highway","default_image_id":0,"font":"","enabled":false},"version":2}},"categories":[41],"tags":[],"class_list":{"0":"post-19657","1":"post","2":"type-post","3":"status-publish","4":"format-standard","5":"has-post-thumbnail","7":"category-destacadas"},"jetpack_publicize_connections":[],"jetpack_featured_media_url":"https:\/\/i0.wp.com\/larevistadigital.com.ar\/blog\/wp-content\/uploads\/30-de-mayo.jpg?fit=900%2C621&ssl=1","jetpack_sharing_enabled":true,"jetpack_shortlink":"https:\/\/wp.me\/p8qtrQ-573","jetpack-related-posts":[{"id":24964,"url":"https:\/\/larevistadigital.com.ar\/blog\/chascomus-video-vandalizan-la-sede-del-barrio-el-hueco\/","url_meta":{"origin":19657,"position":0},"title":"CHASCOM\u00daS: [VIDEO] VANDALIZAN LA SEDE DEL BARRIO EL HUECO","author":"Alejandro Sosa Ruda","date":"5 abril, 2022","format":false,"excerpt":"CHASCOM\u00daS -\u00a0 Nos llega a nuestra redacci\u00f3n, un video que muestra el resultado de la incursi\u00f3n de insensatos en la sede del Barrio El Hueco de la ciudad de Chascom\u00fas, donde sin sentido alguno, y solo para hacer da\u00f1o se dedicaron a robar algunas cosas pero sobre todo a romper\u2026","rel":"","context":"En \u00abDESTACADAS\u00bb","block_context":{"text":"DESTACADAS","link":"https:\/\/larevistadigital.com.ar\/blog\/category\/destacadas\/"},"img":{"alt_text":"","src":"https:\/\/i0.wp.com\/larevistadigital.com.ar\/blog\/wp-content\/uploads\/2019\/01\/bbx_755050019_comisaria_chasco_01.jpg?fit=800%2C579&ssl=1&resize=350%2C200","width":350,"height":200,"srcset":"https:\/\/i0.wp.com\/larevistadigital.com.ar\/blog\/wp-content\/uploads\/2019\/01\/bbx_755050019_comisaria_chasco_01.jpg?fit=800%2C579&ssl=1&resize=350%2C200 1x, https:\/\/i0.wp.com\/larevistadigital.com.ar\/blog\/wp-content\/uploads\/2019\/01\/bbx_755050019_comisaria_chasco_01.jpg?fit=800%2C579&ssl=1&resize=525%2C300 1.5x, https:\/\/i0.wp.com\/larevistadigital.com.ar\/blog\/wp-content\/uploads\/2019\/01\/bbx_755050019_comisaria_chasco_01.jpg?fit=800%2C579&ssl=1&resize=700%2C400 2x"},"classes":[]},{"id":11278,"url":"https:\/\/larevistadigital.com.ar\/blog\/battisacchi-hizo-su-lanzamiento-en-las-calles-del-ipora\/","url_meta":{"origin":19657,"position":1},"title":"BATTISACCHI HIZO SU LANZAMIENTO EN LAS CALLES DEL IPOR\u00c1","author":"Alejandro Sosa Ruda","date":"15 julio, 2019","format":false,"excerpt":"El precandidato a Intendente por juntos por el Cambio, Osvaldo Battisacchi hizo efectivo su \"lanzamiento de campa\u00f1a el d\u00eda de ayer, cuando estuvo recorriendo junto a los candidatos que lo acompa\u00f1an en su lista las calles del barrio Ipor\u00e1, visitando a los vecinos y contando sus propuestas. As\u00ed fue que\u2026","rel":"","context":"En \u00abINTERES GENERAL\u00bb","block_context":{"text":"INTERES GENERAL","link":"https:\/\/larevistadigital.com.ar\/blog\/category\/interes-general\/"},"img":{"alt_text":"","src":"https:\/\/i0.wp.com\/larevistadigital.com.ar\/blog\/wp-content\/uploads\/WhatsApp-Image-2019-07-13-at-20.12.37.jpeg?fit=1152%2C864&ssl=1&resize=350%2C200","width":350,"height":200,"srcset":"https:\/\/i0.wp.com\/larevistadigital.com.ar\/blog\/wp-content\/uploads\/WhatsApp-Image-2019-07-13-at-20.12.37.jpeg?fit=1152%2C864&ssl=1&resize=350%2C200 1x, https:\/\/i0.wp.com\/larevistadigital.com.ar\/blog\/wp-content\/uploads\/WhatsApp-Image-2019-07-13-at-20.12.37.jpeg?fit=1152%2C864&ssl=1&resize=525%2C300 1.5x, https:\/\/i0.wp.com\/larevistadigital.com.ar\/blog\/wp-content\/uploads\/WhatsApp-Image-2019-07-13-at-20.12.37.jpeg?fit=1152%2C864&ssl=1&resize=700%2C400 2x, https:\/\/i0.wp.com\/larevistadigital.com.ar\/blog\/wp-content\/uploads\/WhatsApp-Image-2019-07-13-at-20.12.37.jpeg?fit=1152%2C864&ssl=1&resize=1050%2C600 3x"},"classes":[]},{"id":3028,"url":"https:\/\/larevistadigital.com.ar\/blog\/chascomus-alexa-oyhamburu-se-reunio-con-vecinos-de-san-cayetano\/","url_meta":{"origin":19657,"position":2},"title":"CHASCOM\u00daS: ALEXA OYHAMBURU SE REUNI\u00d3 CON VECINOS DE SAN CAYETANO","author":"Alejandro Sosa Ruda","date":"9 agosto, 2017","format":false,"excerpt":"Alexa Oyhamburu, \u00a0pre candidata a concejal por el espacio que conduce Florencio Randazzo, fue calurosamente recibida por vecinos del barrio San Cayetano, en donde un grupo de vecinos le expres\u00f3 su afecto, adem\u00e1s de pedir ayuda en diversos temas en los que se sienten olvidados lamentablemente postergados por la desidia\u2026","rel":"","context":"En \u00abCHASCOM\u00daS\u00bb","block_context":{"text":"CHASCOM\u00daS","link":"https:\/\/larevistadigital.com.ar\/blog\/category\/chascomus\/"},"img":{"alt_text":"","src":"https:\/\/i0.wp.com\/larevistadigital.com.ar\/blog\/wp-content\/uploads\/2017\/08\/IMG-20170806-WA0012.jpg?fit=1200%2C676&ssl=1&resize=350%2C200","width":350,"height":200,"srcset":"https:\/\/i0.wp.com\/larevistadigital.com.ar\/blog\/wp-content\/uploads\/2017\/08\/IMG-20170806-WA0012.jpg?fit=1200%2C676&ssl=1&resize=350%2C200 1x, https:\/\/i0.wp.com\/larevistadigital.com.ar\/blog\/wp-content\/uploads\/2017\/08\/IMG-20170806-WA0012.jpg?fit=1200%2C676&ssl=1&resize=525%2C300 1.5x, https:\/\/i0.wp.com\/larevistadigital.com.ar\/blog\/wp-content\/uploads\/2017\/08\/IMG-20170806-WA0012.jpg?fit=1200%2C676&ssl=1&resize=700%2C400 2x, https:\/\/i0.wp.com\/larevistadigital.com.ar\/blog\/wp-content\/uploads\/2017\/08\/IMG-20170806-WA0012.jpg?fit=1200%2C676&ssl=1&resize=1050%2C600 3x"},"classes":[]},{"id":43501,"url":"https:\/\/larevistadigital.com.ar\/blog\/chascomus-comenzaron-los-trabajos-de-acondicionamiento-de-calles-en-el-barrio-la-pampita\/","url_meta":{"origin":19657,"position":3},"title":"Chascom\u00fas: Comenzaron los trabajos de acondicionamiento de calles en el barrio La Pampita","author":"Alejandro Sosa Ruda","date":"20 enero, 2026","format":false,"excerpt":"Contin\u00faa el acondicionamiento de calles en distintos puntos de la ciudad. 20 de enero de 2026 CHASCOM\u00daS -\u00a0 \u00a0La Municipalidad de Chascom\u00fas avanza con los trabajos de acondicionamiento de calles en el barrio La Pampita, en una nueva etapa de la intervenci\u00f3n vial que busca mejorar la transitabilidad y las\u2026","rel":"","context":"En \u00abCHASCOM\u00daS\u00bb","block_context":{"text":"CHASCOM\u00daS","link":"https:\/\/larevistadigital.com.ar\/blog\/category\/chascomus\/"},"img":{"alt_text":"","src":"https:\/\/i0.wp.com\/larevistadigital.com.ar\/blog\/wp-content\/uploads\/696fc46dcaceb.png?fit=668%2C445&ssl=1&resize=350%2C200","width":350,"height":200,"srcset":"https:\/\/i0.wp.com\/larevistadigital.com.ar\/blog\/wp-content\/uploads\/696fc46dcaceb.png?fit=668%2C445&ssl=1&resize=350%2C200 1x, https:\/\/i0.wp.com\/larevistadigital.com.ar\/blog\/wp-content\/uploads\/696fc46dcaceb.png?fit=668%2C445&ssl=1&resize=525%2C300 1.5x"},"classes":[]},{"id":3113,"url":"https:\/\/larevistadigital.com.ar\/blog\/chascomus-vecinos-lamentan-el-estado-de-abandono-al-que-los-somete-el-municipio\/","url_meta":{"origin":19657,"position":4},"title":"CHASCOM\u00daS: VECINOS LAMENTAN EL ESTADO DE ABANDONO AL QUE LOS SOMETE EL MUNICIPIO","author":"Alejandro Sosa Ruda","date":"15 agosto, 2017","format":false,"excerpt":"En la red social Facebook, una vecina de la ciudad de Chascom\u00fas dio a conocer una situaci\u00f3n que realmente muestra la desidia que a veces queda de manifiesto por parte de las autoridades locales. Resulta muy dif\u00edcil de comprender, como un partido vecinalista que durante a\u00f1os se mostr\u00f3 como la\u2026","rel":"","context":"En \u00abCHASCOM\u00daS\u00bb","block_context":{"text":"CHASCOM\u00daS","link":"https:\/\/larevistadigital.com.ar\/blog\/category\/chascomus\/"},"img":{"alt_text":"","src":"https:\/\/i0.wp.com\/larevistadigital.com.ar\/blog\/wp-content\/uploads\/2017\/08\/20800166_1497557013636271_3296712570175045864_n.jpg?fit=960%2C540&ssl=1&resize=350%2C200","width":350,"height":200,"srcset":"https:\/\/i0.wp.com\/larevistadigital.com.ar\/blog\/wp-content\/uploads\/2017\/08\/20800166_1497557013636271_3296712570175045864_n.jpg?fit=960%2C540&ssl=1&resize=350%2C200 1x, https:\/\/i0.wp.com\/larevistadigital.com.ar\/blog\/wp-content\/uploads\/2017\/08\/20800166_1497557013636271_3296712570175045864_n.jpg?fit=960%2C540&ssl=1&resize=525%2C300 1.5x, https:\/\/i0.wp.com\/larevistadigital.com.ar\/blog\/wp-content\/uploads\/2017\/08\/20800166_1497557013636271_3296712570175045864_n.jpg?fit=960%2C540&ssl=1&resize=700%2C400 2x"},"classes":[]},{"id":7863,"url":"https:\/\/larevistadigital.com.ar\/blog\/chascomus-ante-la-falta-de-respuestas-algunos-vecinos-tienen-que-arreglar-las-calles-como-pueden\/","url_meta":{"origin":19657,"position":5},"title":"CHASCOM\u00daS: ANTE LA FALTA DE RESPUESTAS, ALGUNOS VECINOS TIENEN QUE ARREGLAR LAS CALLES COMO PUEDEN","author":"Alejandro Sosa Ruda","date":"22 enero, 2019","format":false,"excerpt":"D\u00edas atr\u00e1s, para ser m\u00e1s exactos el \u00faltimo s\u00e1bado cuando ingresamos al barrio 30 de Mayo, notamos que en el Boulevard 6 hab\u00eda una camioneta detenida, con un hombre trabajando en el lugar. Al detenernos, observamos que se trataba de una persona que con un tr\u00e1iler hab\u00eda tra\u00eddo escombros, y\u2026","rel":"","context":"En \u00abCHASCOM\u00daS\u00bb","block_context":{"text":"CHASCOM\u00daS","link":"https:\/\/larevistadigital.com.ar\/blog\/category\/chascomus\/"},"img":{"alt_text":"","src":"https:\/\/i0.wp.com\/larevistadigital.com.ar\/blog\/wp-content\/uploads\/2019\/01\/50299928_571833703331375_1895344139734614016_n.jpg?fit=1200%2C842&ssl=1&resize=350%2C200","width":350,"height":200,"srcset":"https:\/\/i0.wp.com\/larevistadigital.com.ar\/blog\/wp-content\/uploads\/2019\/01\/50299928_571833703331375_1895344139734614016_n.jpg?fit=1200%2C842&ssl=1&resize=350%2C200 1x, https:\/\/i0.wp.com\/larevistadigital.com.ar\/blog\/wp-content\/uploads\/2019\/01\/50299928_571833703331375_1895344139734614016_n.jpg?fit=1200%2C842&ssl=1&resize=525%2C300 1.5x, https:\/\/i0.wp.com\/larevistadigital.com.ar\/blog\/wp-content\/uploads\/2019\/01\/50299928_571833703331375_1895344139734614016_n.jpg?fit=1200%2C842&ssl=1&resize=700%2C400 2x, https:\/\/i0.wp.com\/larevistadigital.com.ar\/blog\/wp-content\/uploads\/2019\/01\/50299928_571833703331375_1895344139734614016_n.jpg?fit=1200%2C842&ssl=1&resize=1050%2C600 3x"},"classes":[]}],"_links":{"self":[{"href":"https:\/\/larevistadigital.com.ar\/blog\/wp-json\/wp\/v2\/posts\/19657","targetHints":{"allow":["GET"]}}],"collection":[{"href":"https:\/\/larevistadigital.com.ar\/blog\/wp-json\/wp\/v2\/posts"}],"about":[{"href":"https:\/\/larevistadigital.com.ar\/blog\/wp-json\/wp\/v2\/types\/post"}],"author":[{"embeddable":true,"href":"https:\/\/larevistadigital.com.ar\/blog\/wp-json\/wp\/v2\/users\/3"}],"replies":[{"embeddable":true,"href":"https:\/\/larevistadigital.com.ar\/blog\/wp-json\/wp\/v2\/comments?post=19657"}],"version-history":[{"count":1,"href":"https:\/\/larevistadigital.com.ar\/blog\/wp-json\/wp\/v2\/posts\/19657\/revisions"}],"predecessor-version":[{"id":19659,"href":"https:\/\/larevistadigital.com.ar\/blog\/wp-json\/wp\/v2\/posts\/19657\/revisions\/19659"}],"wp:featuredmedia":[{"embeddable":true,"href":"https:\/\/larevistadigital.com.ar\/blog\/wp-json\/wp\/v2\/media\/19658"}],"wp:attachment":[{"href":"https:\/\/larevistadigital.com.ar\/blog\/wp-json\/wp\/v2\/media?parent=19657"}],"wp:term":[{"taxonomy":"category","embeddable":true,"href":"https:\/\/larevistadigital.com.ar\/blog\/wp-json\/wp\/v2\/categories?post=19657"},{"taxonomy":"post_tag","embeddable":true,"href":"https:\/\/larevistadigital.com.ar\/blog\/wp-json\/wp\/v2\/tags?post=19657"}],"curies":[{"name":"wp","href":"https:\/\/api.w.org\/{rel}","templated":true}]}}