{"id":19660,"date":"2021-04-15T15:38:12","date_gmt":"2021-04-15T15:38:12","guid":{"rendered":"https:\/\/larevistadigital.com.ar\/blog\/?p=19660"},"modified":"2021-04-15T15:38:12","modified_gmt":"2021-04-15T15:38:12","slug":"tragedia-en-canuelas-mueren-un-instructor-y-su-alumno-en-un-accidente-de-aviacion","status":"publish","type":"post","link":"https:\/\/larevistadigital.com.ar\/blog\/tragedia-en-canuelas-mueren-un-instructor-y-su-alumno-en-un-accidente-de-aviacion\/","title":{"rendered":"TRAGEDIA EN CA\u00d1UELAS: MUEREN UN INSTRUCTOR Y SU ALUMNO EN UN ACCIDENTE DE AVIACI\u00d3N"},"content":{"rendered":"<h2 class=\"nota__hero__summary\">El ultraligero en el que volaban se estrell\u00f3 en un campo, a unos 2 kil\u00f3metros de la escuela de vuelo. El inspector de la Administraci\u00f3n Nacional de Aviaci\u00f3n Civil estaba tomando el examen final para el otorgamiento de la licencia oficial de piloto privado.<\/h2>\n<p><strong>CA\u00d1UELAS &#8211;<\/strong> Un estudiante de aviaci\u00f3n y un inspector de la Administraci\u00f3n Nacional de Aviaci\u00f3n Civil (ANAC) resultaron las dos v\u00edctimas fatales del siniestro a\u00e9reo ocurrido ayer en un campo ubicado a unos 2 kil\u00f3metros de la escuela de vuelo 18 Ca\u00f1uelas.<\/p>\n<blockquote>\n<h3>Seg\u00fan inform\u00f3 el portal InfoCa\u00f1uelas, las v\u00edctimas fueron identificadas como Juan Pablo Rodr\u00edguez Montenegro, de 34 a\u00f1os, de la ciudad de Azul; y \u00c1ngel Mario Cerreia Varale, de 62 a\u00f1os, piloto e inspector de ANAC.<\/h3>\n<\/blockquote>\n<p><strong>Andr\u00e9s Tonelli<\/strong>, titular de la escuela de aviaci\u00f3n, confirm\u00f3 que al momento del siniestro <strong>Cerreia Varale<\/strong> le estaba tomando examen a <strong>Rodr\u00edguez Montenegro<\/strong> en el d\u00eda en el que recibir\u00eda su licencia oficial de piloto privado.<\/p>\n<blockquote>\n<h3>\u201cLa ANAC es el organismo que toma los ex\u00e1menes. El inspector tom\u00f3 un examen m\u00e1s temprano y cuando estaba con el segundo, ocurri\u00f3 esta tragedia. El avi\u00f3n se descolg\u00f3, entr\u00f3 en p\u00e9rdida e impact\u00f3 con el motor en marcha, aparentemente sin desperfectos t\u00e9cnicos\u201d explic\u00f3 Tonelli.<\/h3>\n<\/blockquote>\n<p>El titular de la escuela agreg\u00f3 que posiblemente en el momento de la ca\u00edda <em><strong>\u201cel inspector estaba tomando pr\u00e1cticas de emergencia. Esto es algo normal en los ex\u00e1menes, el inspector va a haciendo preguntas, le hace hacer distintas maniobras y en un momento le reduce la potencia al motor para ver c\u00f3mo reacciona el alumno. Si el alumno toma una determinaci\u00f3n incorrecta, el inspector lo corrige. Evidentemente en este caso uno puede especular que el avi\u00f3n entr\u00f3 en una situaci\u00f3n de la que el alumno no lo pudo sacar. Cuando entr\u00f3 en p\u00e9rdida no tuvo tiempo de acomodarlo\u201d<\/strong><\/em>, detall\u00f3.<\/p>\n<p>Si bien subray\u00f3 que <strong>\u201c<\/strong><em><strong>las causas del accidente las determinar\u00e1 formalmente la Junta\u201d<\/strong><\/em>, consider\u00f3 que priori todo apuntar\u00eda a una falla humana. <strong><em>\u201cHay testigos de que el avi\u00f3n se cay\u00f3 con motor encendido\u201d, remarc\u00f3. \u201cPuede suceder que el motor se detenga, eso puede pasar porque son fierros, pero si se para el motor en vuelo, pod\u00e9s aterrizar perfectamente en un campo. Ac\u00e1 ocurri\u00f3 otra cosa. El avi\u00f3n cay\u00f3 en vertical a ra\u00edz de una p\u00e9rdida de sustentaci\u00f3n y una p\u00e9rdida de control\u201d.<\/em><\/strong><\/p>\n<p>El director de la academia descart\u00f3 la influencia de factores meteorol\u00f3gicos: \u201cLas condiciones de visibilidad, vientos y de presi\u00f3n atmosf\u00e9rica era inmejorables para volar\u201d.<\/p>\n<p>El alumno v\u00edctima del siniestro ya contaba con 40 horas de vuelo (la cantidad m\u00ednima que se requiere para diplomarse), y la ma\u00f1ana del accidente, antes de dar el examen, vol\u00f3 solo, un requerimiento que es obligatorio en los momentos previos a la evaluaci\u00f3n.<\/p>\n<p>La aeronave siniestrada es un ultraligero Tecnam P2002 biplaza del a\u00f1o 2014, matr\u00edcula matr\u00edcula LV 5008, cuyo motor fue remplazado en dos oportunidades al cumplir 2.000 horas de vuelo. El motor actual, seg\u00fan Tonelli, ten\u00eda 500 horas de uso.<\/p>\n<p>La fiscal Norma Pippo qued\u00f3 a cargo de la causa, provisoriamente caratulada \u201cDoble homicidio culposo\u201d. Mientras que la UFI investigar\u00e1 si existen responsabilidades penales en el siniestro, la JST se abocar\u00e1 a las causas t\u00e9cnicas.<\/p>\n<p>\u201cLas hip\u00f3tesis son una falla mec\u00e1nica o una mala coordinaci\u00f3n de las maniobras. Hay testigos que vieron al avi\u00f3n volando a muy baja altura, sobre la ruta, con movimientos oscilantes. La gente de la escuela pens\u00f3 que eran maniobras para verificar la reacci\u00f3n del alumno en situaciones de emergencia, pero no est\u00e1 claro si fue realmente as\u00ed\u201d, dijo Pippo a InfoCa\u00f1uelas.<\/p>\n<p>La aeronave que se estrell\u00f3 hoy es igual a la que cay\u00f3 en enero de 2020, provocando la muerte del estudiante colombiano Cristian Anzola y el instructor Facundo Zubir\u00eda. Tambi\u00e9n en ese caso la ca\u00edda del avi\u00f3n se produjo por una p\u00e9rdida de control, seg\u00fan inform\u00f3 la Junta de Investigaci\u00f3n para la Seguridad A\u00e9rea (JIAAC) en su informe preliminar.<\/p>\n","protected":false},"excerpt":{"rendered":"<div class=\"mh-excerpt\"><p>El ultraligero en el que volaban se estrell\u00f3 en un campo, a unos 2 kil\u00f3metros de la escuela de vuelo. El inspector de la Administraci\u00f3n Nacional de Aviaci\u00f3n Civil estaba tomando el examen final para <a class=\"mh-excerpt-more\" href=\"https:\/\/larevistadigital.com.ar\/blog\/tragedia-en-canuelas-mueren-un-instructor-y-su-alumno-en-un-accidente-de-aviacion\/\" title=\"TRAGEDIA EN CA\u00d1UELAS: MUEREN UN INSTRUCTOR Y SU ALUMNO EN UN ACCIDENTE DE AVIACI\u00d3N\">[Leer M\u00e1s]<\/a><\/p>\n<\/div>","protected":false},"author":3,"featured_media":19661,"comment_status":"open","ping_status":"open","sticky":false,"template":"","format":"standard","meta":{"_jetpack_memberships_contains_paid_content":false,"footnotes":"","jetpack_publicize_message":"","jetpack_publicize_feature_enabled":true,"jetpack_social_post_already_shared":true,"jetpack_social_options":{"image_generator_settings":{"template":"highway","default_image_id":0,"font":"","enabled":false},"version":2}},"categories":[44,51],"tags":[],"class_list":{"0":"post-19660","1":"post","2":"type-post","3":"status-publish","4":"format-standard","5":"has-post-thumbnail","7":"category-policiales","8":"category-regionales"},"jetpack_publicize_connections":[],"jetpack_featured_media_url":"https:\/\/i0.wp.com\/larevistadigital.com.ar\/blog\/wp-content\/uploads\/1b9a520b4f279f569089713cf25e556613fdaa9f.jpg?fit=1140%2C641&ssl=1","jetpack_sharing_enabled":true,"jetpack_shortlink":"https:\/\/wp.me\/p8qtrQ-576","jetpack-related-posts":[{"id":13235,"url":"https:\/\/larevistadigital.com.ar\/blog\/cae-avioneta-en-general-rodriguez-muere-un-reconocido-piloto\/","url_meta":{"origin":19660,"position":0},"title":"CAE AVIONETA EN GENERAL RODRIGUEZ: MUERE UN RECONOCIDO PILOTO","author":"Alejandro Sosa Ruda","date":"17 noviembre, 2019","format":false,"excerpt":"La v\u00edctima fue identificada como Aldo Nicola, un reconocido piloto de 74 a\u00f1os. El hecho ocurri\u00f3 este tarde en el Aero Country Club Una avioneta se precipit\u00f3\u00a0este domingo cerca de las 18 en el Aero Country Club de General Rodr\u00edguez, provincia de Buenos Aires,\u00a0y su piloto muri\u00f3 en el acto.\u2026","rel":"","context":"En \u00abDESTACADAS\u00bb","block_context":{"text":"DESTACADAS","link":"https:\/\/larevistadigital.com.ar\/blog\/category\/destacadas\/"},"img":{"alt_text":"","src":"https:\/\/i0.wp.com\/larevistadigital.com.ar\/blog\/wp-content\/uploads\/0006370993.jpg?fit=993%2C725&ssl=1&resize=350%2C200","width":350,"height":200,"srcset":"https:\/\/i0.wp.com\/larevistadigital.com.ar\/blog\/wp-content\/uploads\/0006370993.jpg?fit=993%2C725&ssl=1&resize=350%2C200 1x, https:\/\/i0.wp.com\/larevistadigital.com.ar\/blog\/wp-content\/uploads\/0006370993.jpg?fit=993%2C725&ssl=1&resize=525%2C300 1.5x, https:\/\/i0.wp.com\/larevistadigital.com.ar\/blog\/wp-content\/uploads\/0006370993.jpg?fit=993%2C725&ssl=1&resize=700%2C400 2x"},"classes":[]},{"id":40831,"url":"https:\/\/larevistadigital.com.ar\/blog\/efemerides-del-10-de-agosto-que-paso-un-dia-como-hoy\/","url_meta":{"origin":19660,"position":1},"title":"Efem\u00e9rides del 10 de agosto: \u00bfqu\u00e9 pas\u00f3 un d\u00eda como hoy?","author":"Alejandro Sosa Ruda","date":"10 agosto, 2025","format":false,"excerpt":"Las\u00a0efem\u00e9rides del 10 de agosto\u00a0re\u00fanen diferentes eventos que pasaron un d\u00eda como hoy, domingo en que se celebra el\u00a0D\u00eda de la Fuerza A\u00e9rea Argentina. La jornada conmemora la creaci\u00f3n en el a\u00f1o 1912 de la\u00a0Escuela de Aviaci\u00f3n Militar, situada por entonces en la localidad bonaerense de El Palomar. El presidente\u00a0Roque\u2026","rel":"","context":"En \u00abCULTURA\u00bb","block_context":{"text":"CULTURA","link":"https:\/\/larevistadigital.com.ar\/blog\/category\/cultura\/"},"img":{"alt_text":"","src":"https:\/\/i0.wp.com\/larevistadigital.com.ar\/blog\/wp-content\/uploads\/LOGO-EFEMERIDES.jpg?fit=1200%2C628&ssl=1&resize=350%2C200","width":350,"height":200,"srcset":"https:\/\/i0.wp.com\/larevistadigital.com.ar\/blog\/wp-content\/uploads\/LOGO-EFEMERIDES.jpg?fit=1200%2C628&ssl=1&resize=350%2C200 1x, https:\/\/i0.wp.com\/larevistadigital.com.ar\/blog\/wp-content\/uploads\/LOGO-EFEMERIDES.jpg?fit=1200%2C628&ssl=1&resize=525%2C300 1.5x, https:\/\/i0.wp.com\/larevistadigital.com.ar\/blog\/wp-content\/uploads\/LOGO-EFEMERIDES.jpg?fit=1200%2C628&ssl=1&resize=700%2C400 2x, https:\/\/i0.wp.com\/larevistadigital.com.ar\/blog\/wp-content\/uploads\/LOGO-EFEMERIDES.jpg?fit=1200%2C628&ssl=1&resize=1050%2C600 3x"},"classes":[]},{"id":14502,"url":"https:\/\/larevistadigital.com.ar\/blog\/ultimo-momento-cae-avioneta-en-canuelas-y-mueren-dos-personas\/","url_meta":{"origin":19660,"position":2},"title":"\u00daLTIMO MOMENTO: CAE AVIONETA EN CA\u00d1UELAS Y MUEREN DOS PERSONAS","author":"Alejandro Sosa Ruda","date":"31 enero, 2020","format":false,"excerpt":"Esta tarde, por causas que a\u00fan se desconocen, cay\u00f3 una avioneta perteneciente a la Academia 18 de\u00a0Ca\u00f1uelas, en ruta 3 a la altura del kil\u00f3metro 72 y fallecieron dos personas. Seg\u00fan la primera informaci\u00f3n que trasciende, la avioneta era piloteada por el propietario de escuela de vuelo, Facundo Zubiria y\u2026","rel":"","context":"En \u00abDESTACADAS\u00bb","block_context":{"text":"DESTACADAS","link":"https:\/\/larevistadigital.com.ar\/blog\/category\/destacadas\/"},"img":{"alt_text":"","src":"https:\/\/i0.wp.com\/larevistadigital.com.ar\/blog\/wp-content\/uploads\/2017\/10\/CRESP%C3%93N-NEGRO.jpg?fit=900%2C900&ssl=1&resize=350%2C200","width":350,"height":200,"srcset":"https:\/\/i0.wp.com\/larevistadigital.com.ar\/blog\/wp-content\/uploads\/2017\/10\/CRESP%C3%93N-NEGRO.jpg?fit=900%2C900&ssl=1&resize=350%2C200 1x, https:\/\/i0.wp.com\/larevistadigital.com.ar\/blog\/wp-content\/uploads\/2017\/10\/CRESP%C3%93N-NEGRO.jpg?fit=900%2C900&ssl=1&resize=525%2C300 1.5x, https:\/\/i0.wp.com\/larevistadigital.com.ar\/blog\/wp-content\/uploads\/2017\/10\/CRESP%C3%93N-NEGRO.jpg?fit=900%2C900&ssl=1&resize=700%2C400 2x"},"classes":[]},{"id":38507,"url":"https:\/\/larevistadigital.com.ar\/blog\/el-gobierno-nacional-decidio-la-clausura-del-aerodromo-de-santa-teresita\/","url_meta":{"origin":19660,"position":3},"title":"El Gobierno Nacional decidi\u00f3 la clausura del Aer\u00f3dromo de Santa Teresita","author":"Alejandro Sosa Ruda","date":"21 enero, 2025","format":false,"excerpt":"La medida fue comunicada a trav\u00e9s de la ANAC y se extiende hasta el 16 de abril. Las claves para entender la medida. 21 de Enero de 2025 BUENOS AIRES -\u00a0 En una medida inesperada, el Gobierno Nacional, a trav\u00e9s de la Administraci\u00f3n Nacional de Aviaci\u00f3n Civil (ANAC), clausur\u00f3 temporalmente\u2026","rel":"","context":"En \u00abDESTACADAS\u00bb","block_context":{"text":"DESTACADAS","link":"https:\/\/larevistadigital.com.ar\/blog\/category\/destacadas\/"},"img":{"alt_text":"","src":"https:\/\/i0.wp.com\/larevistadigital.com.ar\/blog\/wp-content\/uploads\/bf78f1aa3f17edf763e9fcb33a42497c4c2d6097-1.jpg?fit=1140%2C814&ssl=1&resize=350%2C200","width":350,"height":200,"srcset":"https:\/\/i0.wp.com\/larevistadigital.com.ar\/blog\/wp-content\/uploads\/bf78f1aa3f17edf763e9fcb33a42497c4c2d6097-1.jpg?fit=1140%2C814&ssl=1&resize=350%2C200 1x, https:\/\/i0.wp.com\/larevistadigital.com.ar\/blog\/wp-content\/uploads\/bf78f1aa3f17edf763e9fcb33a42497c4c2d6097-1.jpg?fit=1140%2C814&ssl=1&resize=525%2C300 1.5x, https:\/\/i0.wp.com\/larevistadigital.com.ar\/blog\/wp-content\/uploads\/bf78f1aa3f17edf763e9fcb33a42497c4c2d6097-1.jpg?fit=1140%2C814&ssl=1&resize=700%2C400 2x, https:\/\/i0.wp.com\/larevistadigital.com.ar\/blog\/wp-content\/uploads\/bf78f1aa3f17edf763e9fcb33a42497c4c2d6097-1.jpg?fit=1140%2C814&ssl=1&resize=1050%2C600 3x"},"classes":[]},{"id":20792,"url":"https:\/\/larevistadigital.com.ar\/blog\/despisto-una-avioneta-y-cayo-en-la-autopista-buenos-aires-la-plata\/","url_meta":{"origin":19660,"position":4},"title":"DESPIST\u00d3 UNA AVIONETA Y CAY\u00d3 EN LA AUTOPISTA BUENOS AIRES-LA PLATA","author":"Alejandro Sosa Ruda","date":"21 junio, 2021","format":false,"excerpt":"Luego de despegar del Aer\u00f3dromo de Berazategui una avioneta despist\u00f3 y tuvo que aterrizar de emergencia en la colectora de la Autopista. Tras despegar del Aeroclub \u201cR\u00edo de la Plata\u201d, en Berazategui, una avioneta tuvo que realizar un aterrizaje de emergencia en la autopista Buenos Aires-La Plata, a la altura\u2026","rel":"","context":"En \u00abINTERES GENERAL\u00bb","block_context":{"text":"INTERES GENERAL","link":"https:\/\/larevistadigital.com.ar\/blog\/category\/interes-general\/"},"img":{"alt_text":"","src":"https:\/\/i0.wp.com\/larevistadigital.com.ar\/blog\/wp-content\/uploads\/72865d6acc5dbff99c673e8b6c465e1ed9c3bf3c.jpg?fit=1140%2C641&ssl=1&resize=350%2C200","width":350,"height":200,"srcset":"https:\/\/i0.wp.com\/larevistadigital.com.ar\/blog\/wp-content\/uploads\/72865d6acc5dbff99c673e8b6c465e1ed9c3bf3c.jpg?fit=1140%2C641&ssl=1&resize=350%2C200 1x, https:\/\/i0.wp.com\/larevistadigital.com.ar\/blog\/wp-content\/uploads\/72865d6acc5dbff99c673e8b6c465e1ed9c3bf3c.jpg?fit=1140%2C641&ssl=1&resize=525%2C300 1.5x, https:\/\/i0.wp.com\/larevistadigital.com.ar\/blog\/wp-content\/uploads\/72865d6acc5dbff99c673e8b6c465e1ed9c3bf3c.jpg?fit=1140%2C641&ssl=1&resize=700%2C400 2x, https:\/\/i0.wp.com\/larevistadigital.com.ar\/blog\/wp-content\/uploads\/72865d6acc5dbff99c673e8b6c465e1ed9c3bf3c.jpg?fit=1140%2C641&ssl=1&resize=1050%2C600 3x"},"classes":[]},{"id":13536,"url":"https:\/\/larevistadigital.com.ar\/blog\/macabro-encuentran-un-cuerpo-calcinado-dentro-de-una-camioneta-en-canuelas\/","url_meta":{"origin":19660,"position":5},"title":"MACABRO: ENCUENTRAN UN CUERPO CALCINADO DENTRO DE UNA CAMIONETA EN CA\u00d1UELAS","author":"Alejandro Sosa Ruda","date":"7 diciembre, 2019","format":false,"excerpt":"La Polic\u00eda investiga un homicidio tras la aparici\u00f3n este s\u00e1bado de un cuerpo totalmente calcinado adentro de una camioneta en la ciudad bonaerense de Ca\u00f1uelas\u200b, informaron fuentes de la fuerza. El hallazgo se produjo a las 8.20 en la calle Pedro Elizalde sin n\u00famero del barrio San Esteban, a unos\u2026","rel":"","context":"En \u00abINTERES GENERAL\u00bb","block_context":{"text":"INTERES GENERAL","link":"https:\/\/larevistadigital.com.ar\/blog\/category\/interes-general\/"},"img":{"alt_text":"","src":"https:\/\/i0.wp.com\/larevistadigital.com.ar\/blog\/wp-content\/uploads\/la-camioneta-una-kangoo-blanca___BJMDLTN9_640x361__1.jpg?fit=640%2C361&ssl=1&resize=350%2C200","width":350,"height":200,"srcset":"https:\/\/i0.wp.com\/larevistadigital.com.ar\/blog\/wp-content\/uploads\/la-camioneta-una-kangoo-blanca___BJMDLTN9_640x361__1.jpg?fit=640%2C361&ssl=1&resize=350%2C200 1x, https:\/\/i0.wp.com\/larevistadigital.com.ar\/blog\/wp-content\/uploads\/la-camioneta-una-kangoo-blanca___BJMDLTN9_640x361__1.jpg?fit=640%2C361&ssl=1&resize=525%2C300 1.5x"},"classes":[]}],"_links":{"self":[{"href":"https:\/\/larevistadigital.com.ar\/blog\/wp-json\/wp\/v2\/posts\/19660","targetHints":{"allow":["GET"]}}],"collection":[{"href":"https:\/\/larevistadigital.com.ar\/blog\/wp-json\/wp\/v2\/posts"}],"about":[{"href":"https:\/\/larevistadigital.com.ar\/blog\/wp-json\/wp\/v2\/types\/post"}],"author":[{"embeddable":true,"href":"https:\/\/larevistadigital.com.ar\/blog\/wp-json\/wp\/v2\/users\/3"}],"replies":[{"embeddable":true,"href":"https:\/\/larevistadigital.com.ar\/blog\/wp-json\/wp\/v2\/comments?post=19660"}],"version-history":[{"count":1,"href":"https:\/\/larevistadigital.com.ar\/blog\/wp-json\/wp\/v2\/posts\/19660\/revisions"}],"predecessor-version":[{"id":19662,"href":"https:\/\/larevistadigital.com.ar\/blog\/wp-json\/wp\/v2\/posts\/19660\/revisions\/19662"}],"wp:featuredmedia":[{"embeddable":true,"href":"https:\/\/larevistadigital.com.ar\/blog\/wp-json\/wp\/v2\/media\/19661"}],"wp:attachment":[{"href":"https:\/\/larevistadigital.com.ar\/blog\/wp-json\/wp\/v2\/media?parent=19660"}],"wp:term":[{"taxonomy":"category","embeddable":true,"href":"https:\/\/larevistadigital.com.ar\/blog\/wp-json\/wp\/v2\/categories?post=19660"},{"taxonomy":"post_tag","embeddable":true,"href":"https:\/\/larevistadigital.com.ar\/blog\/wp-json\/wp\/v2\/tags?post=19660"}],"curies":[{"name":"wp","href":"https:\/\/api.w.org\/{rel}","templated":true}]}}