{"id":19663,"date":"2021-04-15T15:42:07","date_gmt":"2021-04-15T15:42:07","guid":{"rendered":"https:\/\/larevistadigital.com.ar\/blog\/?p=19663"},"modified":"2021-04-15T15:42:07","modified_gmt":"2021-04-15T15:42:07","slug":"mar-del-plata-insolita-lluvia-de-aranas-en-parque-camet","status":"publish","type":"post","link":"https:\/\/larevistadigital.com.ar\/blog\/mar-del-plata-insolita-lluvia-de-aranas-en-parque-camet\/","title":{"rendered":"MAR DEL PLATA: INS\u00d3LITA \u00abLLUVIA DE ARA\u00d1AS\u00bb EN PARQUE CAMET"},"content":{"rendered":"<h2 class=\"nota__hero__summary\">El hecho ocurri\u00f3 en el Parque Camet de la ciudad balnearia. Seg\u00fan los especialistas el fen\u00f3meno se denomina \u00ablluvia de cabello de \u00e1ngel\u00bb, y es casi imperceptible para el ojo humano.<\/h2>\n<p><strong>MAR DEL PLATA &#8211; <\/strong>Una impresionante lluvia de ara\u00f1as sorprendi\u00f3 el martes a Mar del Plata, un fen\u00f3meno que seg\u00fan los expertos es conocido como \u00ablluvia de cabello de \u00e1ngel\u00bb y que es poco habitual de ver en la Argentina. El extra\u00f1o suceso, que s\u00ed suele darse en Londres, es casi imperceptible para el ojo humano.<\/p>\n<blockquote>\n<h3>Es habitual que este acontecimiento se registre luego de un per\u00edodo de inestabilidad, es decir, cuando los insectos migran utilizando su tela como paraca\u00eddas. Durante este proceso las ara\u00f1as se colocan sobre arbustos elevados, y durante los d\u00edas soleados elaboran la seda y la exponen al viento permiti\u00e9ndoles trasladarse de un lugar a otro.<\/h3>\n<\/blockquote>\n<p>La especie de ar\u00e1cnido que habita esta zona de Argentina, en el Mar del Plata, pertenece a la familia de las l\u00edn\u00edfidas y su veneno no es da\u00f1ino para los seres humanos.<\/p>\n<p>Los miembros de la familia de los lin\u00edfidos producen estas lluvias de ara\u00f1as en Inglaterra y el hemisferio norte, seg\u00fan Cr\u00f3nica. Otros pa\u00edses donde se registra el fen\u00f3meno con frecuencia son Australia y Nueva Zelanda por especies nativas y por algunas especies de lin\u00edfidos que han sido introducidas en sus ecosistemas.<\/p>\n<p>publicado en entrelineas<\/p>\n","protected":false},"excerpt":{"rendered":"<div class=\"mh-excerpt\"><p>El hecho ocurri\u00f3 en el Parque Camet de la ciudad balnearia. Seg\u00fan los especialistas el fen\u00f3meno se denomina \u00ablluvia de cabello de \u00e1ngel\u00bb, y es casi imperceptible para el ojo humano. MAR DEL PLATA &#8211; <a class=\"mh-excerpt-more\" href=\"https:\/\/larevistadigital.com.ar\/blog\/mar-del-plata-insolita-lluvia-de-aranas-en-parque-camet\/\" title=\"MAR DEL PLATA: INS\u00d3LITA \u00abLLUVIA DE ARA\u00d1AS\u00bb EN PARQUE CAMET\">[Leer M\u00e1s]<\/a><\/p>\n<\/div>","protected":false},"author":3,"featured_media":19664,"comment_status":"open","ping_status":"open","sticky":false,"template":"","format":"standard","meta":{"_jetpack_memberships_contains_paid_content":false,"footnotes":"","jetpack_publicize_message":"","jetpack_publicize_feature_enabled":true,"jetpack_social_post_already_shared":true,"jetpack_social_options":{"image_generator_settings":{"template":"highway","default_image_id":0,"font":"","enabled":false},"version":2}},"categories":[11,51],"tags":[],"class_list":{"0":"post-19663","1":"post","2":"type-post","3":"status-publish","4":"format-standard","5":"has-post-thumbnail","7":"category-curiosas","8":"category-regionales"},"jetpack_publicize_connections":[],"jetpack_featured_media_url":"https:\/\/i0.wp.com\/larevistadigital.com.ar\/blog\/wp-content\/uploads\/86d7a28271760932cd445cb6f4e713da50d1e5ce.jpg?fit=1140%2C641&ssl=1","jetpack_sharing_enabled":true,"jetpack_shortlink":"https:\/\/wp.me\/p8qtrQ-579","jetpack-related-posts":[{"id":19283,"url":"https:\/\/larevistadigital.com.ar\/blog\/mar-del-plata-graves-danos-en-diversos-lugares-por-el-temporal-video-impresionante\/","url_meta":{"origin":19663,"position":0},"title":"MAR DEL PLATA: GRAVES DA\u00d1OS EN DIVERSOS LUGARES POR EL TEMPORAL (VIDEO IMPRESIONANTE)","author":"Alejandro Sosa Ruda","date":"17 marzo, 2021","format":false,"excerpt":"Entre otras cosas, el temporal que vive Mar del Plata provoc\u00f3 un crecimiento del mar que avanz\u00f3 sobre las playas. Un lector de 0223.com.ar grab\u00f3 un video que muestra el fen\u00f3meno. MAR DEL PLATA - El temporal de viento y lluvia que se desarrolla en\u00a0Mar del Plata\u00a0provoc\u00f3 que este mi\u00e9rcoles\u2026","rel":"","context":"En \u00abREGIONALES\u00bb","block_context":{"text":"REGIONALES","link":"https:\/\/larevistadigital.com.ar\/blog\/category\/regionales\/"},"img":{"alt_text":"","src":"https:\/\/i0.wp.com\/larevistadigital.com.ar\/blog\/wp-content\/uploads\/Captura-de-pantalla-2021-03-17-124952.png?fit=1000%2C560&ssl=1&resize=350%2C200","width":350,"height":200,"srcset":"https:\/\/i0.wp.com\/larevistadigital.com.ar\/blog\/wp-content\/uploads\/Captura-de-pantalla-2021-03-17-124952.png?fit=1000%2C560&ssl=1&resize=350%2C200 1x, https:\/\/i0.wp.com\/larevistadigital.com.ar\/blog\/wp-content\/uploads\/Captura-de-pantalla-2021-03-17-124952.png?fit=1000%2C560&ssl=1&resize=525%2C300 1.5x, https:\/\/i0.wp.com\/larevistadigital.com.ar\/blog\/wp-content\/uploads\/Captura-de-pantalla-2021-03-17-124952.png?fit=1000%2C560&ssl=1&resize=700%2C400 2x"},"classes":[]},{"id":20304,"url":"https:\/\/larevistadigital.com.ar\/blog\/aranas-gigantes-aterran-a-una-zona-de-mar-del-plata\/","url_meta":{"origin":19663,"position":1},"title":"ARA\u00d1AS GIGANTES ATERRAN A UNA ZONA DE MAR DEL PLATA","author":"Alejandro Sosa Ruda","date":"17 mayo, 2021","format":false,"excerpt":"El ejemplar fue capturado por empleados de una feria de consumo, pero ahora temen que haya m\u00e1s en la ciudad. MAR DEL PLATA - Una gigantesca ara\u00f1a llamada \u201cbananera\u201d, detectada por empleados de una feria de compras del barrio marplatense de Bosque Grande, aterroriza a la ciudad y no solo\u2026","rel":"","context":"En \u00abREGIONALES\u00bb","block_context":{"text":"REGIONALES","link":"https:\/\/larevistadigital.com.ar\/blog\/category\/regionales\/"},"img":{"alt_text":"","src":"https:\/\/i0.wp.com\/larevistadigital.com.ar\/blog\/wp-content\/uploads\/57320f9456ff01ab7bf6a04d439c88d0f0d5d00d.jpeg?fit=1140%2C854&ssl=1&resize=350%2C200","width":350,"height":200,"srcset":"https:\/\/i0.wp.com\/larevistadigital.com.ar\/blog\/wp-content\/uploads\/57320f9456ff01ab7bf6a04d439c88d0f0d5d00d.jpeg?fit=1140%2C854&ssl=1&resize=350%2C200 1x, https:\/\/i0.wp.com\/larevistadigital.com.ar\/blog\/wp-content\/uploads\/57320f9456ff01ab7bf6a04d439c88d0f0d5d00d.jpeg?fit=1140%2C854&ssl=1&resize=525%2C300 1.5x, https:\/\/i0.wp.com\/larevistadigital.com.ar\/blog\/wp-content\/uploads\/57320f9456ff01ab7bf6a04d439c88d0f0d5d00d.jpeg?fit=1140%2C854&ssl=1&resize=700%2C400 2x, https:\/\/i0.wp.com\/larevistadigital.com.ar\/blog\/wp-content\/uploads\/57320f9456ff01ab7bf6a04d439c88d0f0d5d00d.jpeg?fit=1140%2C854&ssl=1&resize=1050%2C600 3x"},"classes":[]},{"id":21725,"url":"https:\/\/larevistadigital.com.ar\/blog\/video-ademas-de-la-lluvia-y-los-vientos-un-tornado-mar-del-plata-quedo-a-oscuras-en-un-rato\/","url_meta":{"origin":19663,"position":2},"title":"[VIDEO] ADEM\u00c1S DE LA LLUVIA Y LOS VIENTOS, UN TORNADO?&#8230;MAR DEL PLATA QUED\u00d3 A OSCURAS EN UN RATO","author":"Alejandro Sosa Ruda","date":"26 agosto, 2021","format":false,"excerpt":"El fuerte viento sorprendi\u00f3 a muchos marplatenses a pesar del alerta meteorol\u00f3gico que ya estaba pronosticado desde la primera hora del mi\u00e9rcoles. Un video al que accedi\u00f3 el portal 0223 pudo captar el principio de una tromba marina. MAR DEL PLATA - El sol que acompa\u00f1\u00f3 a Mar del Plata\u2026","rel":"","context":"En \u00abREGIONALES\u00bb","block_context":{"text":"REGIONALES","link":"https:\/\/larevistadigital.com.ar\/blog\/category\/regionales\/"},"img":{"alt_text":"","src":"https:\/\/i0.wp.com\/larevistadigital.com.ar\/blog\/wp-content\/uploads\/TROMBA.png?fit=1001%2C555&ssl=1&resize=350%2C200","width":350,"height":200,"srcset":"https:\/\/i0.wp.com\/larevistadigital.com.ar\/blog\/wp-content\/uploads\/TROMBA.png?fit=1001%2C555&ssl=1&resize=350%2C200 1x, https:\/\/i0.wp.com\/larevistadigital.com.ar\/blog\/wp-content\/uploads\/TROMBA.png?fit=1001%2C555&ssl=1&resize=525%2C300 1.5x, https:\/\/i0.wp.com\/larevistadigital.com.ar\/blog\/wp-content\/uploads\/TROMBA.png?fit=1001%2C555&ssl=1&resize=700%2C400 2x"},"classes":[]},{"id":29992,"url":"https:\/\/larevistadigital.com.ar\/blog\/mar-del-plata-muere-un-motociclista-al-chocar-contra-un-auto-en-el-paseo-costero-norte\/","url_meta":{"origin":19663,"position":3},"title":"MAR DEL PLATA: MUERE UN MOTOCICLISTA AL CHOCAR CONTRA UN AUTO EN EL PASEO COSTERO NORTE","author":"Alejandro Sosa Ruda","date":"6 febrero, 2023","format":false,"excerpt":"Ocurri\u00f3 en la noche del domingo en el cruce de F\u00e9lix U. Camet y Mansilla. La v\u00edctima fue trasladada al Higa, donde finalmente falleci\u00f3. 6 de febrero de 2023 MAR DEL PLATA -\u00a0 Una\u00a0persona\u00a0muerta\u00a0fue el saldo que dej\u00f3 un accidente fatal que tuvo lugar este domingo por la noche entre\u2026","rel":"","context":"En \u00abPOLICIALES\u00bb","block_context":{"text":"POLICIALES","link":"https:\/\/larevistadigital.com.ar\/blog\/category\/policiales\/"},"img":{"alt_text":"","src":"https:\/\/i0.wp.com\/larevistadigital.com.ar\/blog\/wp-content\/uploads\/Captura-de-pantalla-2023-02-05-235009.jpg?fit=790%2C441&ssl=1&resize=350%2C200","width":350,"height":200,"srcset":"https:\/\/i0.wp.com\/larevistadigital.com.ar\/blog\/wp-content\/uploads\/Captura-de-pantalla-2023-02-05-235009.jpg?fit=790%2C441&ssl=1&resize=350%2C200 1x, https:\/\/i0.wp.com\/larevistadigital.com.ar\/blog\/wp-content\/uploads\/Captura-de-pantalla-2023-02-05-235009.jpg?fit=790%2C441&ssl=1&resize=525%2C300 1.5x, https:\/\/i0.wp.com\/larevistadigital.com.ar\/blog\/wp-content\/uploads\/Captura-de-pantalla-2023-02-05-235009.jpg?fit=790%2C441&ssl=1&resize=700%2C400 2x"},"classes":[]},{"id":32865,"url":"https:\/\/larevistadigital.com.ar\/blog\/mar-del-plata-consecuencias-de-los-fuertes-vientos-que-azotaron-a-la-ciudad\/","url_meta":{"origin":19663,"position":4},"title":"MAR DEL PLATA: CONSECUENCIAS DE LOS FUERTES VIENTOS QUE AZOTARON A LA CIUDAD","author":"Alejandro Sosa Ruda","date":"12 agosto, 2023","format":false,"excerpt":"Seg\u00fan el Servicio Meteorol\u00f3gico Nacional se registraron r\u00e1fagas de viento y lluvia que alcanzaron los 80 kil\u00f3metros por hora y para esta tarde-noche se prev\u00e9n una reducci\u00f3n a 60 k\/h. 12 de agosto de 2023 MAR DEL PLATA -\u00a0 Las fuertes r\u00e1fagas de viento de hasta 80 kil\u00f3metros por hora\u2026","rel":"","context":"En \u00abSin categor\u00eda\u00bb","block_context":{"text":"Sin categor\u00eda","link":"https:\/\/larevistadigital.com.ar\/blog\/category\/sin-categoria\/"},"img":{"alt_text":"","src":"https:\/\/i0.wp.com\/larevistadigital.com.ar\/blog\/wp-content\/uploads\/20230812170531_viento-mar-del-plata.jpg?fit=880%2C512&ssl=1&resize=350%2C200","width":350,"height":200,"srcset":"https:\/\/i0.wp.com\/larevistadigital.com.ar\/blog\/wp-content\/uploads\/20230812170531_viento-mar-del-plata.jpg?fit=880%2C512&ssl=1&resize=350%2C200 1x, https:\/\/i0.wp.com\/larevistadigital.com.ar\/blog\/wp-content\/uploads\/20230812170531_viento-mar-del-plata.jpg?fit=880%2C512&ssl=1&resize=525%2C300 1.5x, https:\/\/i0.wp.com\/larevistadigital.com.ar\/blog\/wp-content\/uploads\/20230812170531_viento-mar-del-plata.jpg?fit=880%2C512&ssl=1&resize=700%2C400 2x"},"classes":[]},{"id":11029,"url":"https:\/\/larevistadigital.com.ar\/blog\/mar-del-plata-temporal-de-viento-ocasiono-caida-de-arboles-y-barrios-sin-luz\/","url_meta":{"origin":19663,"position":5},"title":"MAR DEL PLATA:; TEMPORAL DE VIENTO OCASION\u00d3 CA\u00cdDA DE \u00c1RBOLES, Y BARRIOS SIN LUZ","author":"Alejandro Sosa Ruda","date":"3 julio, 2019","format":false,"excerpt":"Ese el balance informado por Edea y Defensa Civil Mar del Plata. Desde anoche un corte de energ\u00eda afect\u00f3 al barrio San Carlos, Lomas del Golf y Parque Camet. En el transcurso de la ma\u00f1ana estar\u00eda solucionado. El intenso temporal de viento dej\u00f3 a varios barrios de Mar del Plata\u2026","rel":"","context":"En \u00abREGIONALES\u00bb","block_context":{"text":"REGIONALES","link":"https:\/\/larevistadigital.com.ar\/blog\/category\/regionales\/"},"img":{"alt_text":"","src":"https:\/\/i0.wp.com\/larevistadigital.com.ar\/blog\/wp-content\/uploads\/Screenshot_2-17.jpg?fit=940%2C571&ssl=1&resize=350%2C200","width":350,"height":200,"srcset":"https:\/\/i0.wp.com\/larevistadigital.com.ar\/blog\/wp-content\/uploads\/Screenshot_2-17.jpg?fit=940%2C571&ssl=1&resize=350%2C200 1x, https:\/\/i0.wp.com\/larevistadigital.com.ar\/blog\/wp-content\/uploads\/Screenshot_2-17.jpg?fit=940%2C571&ssl=1&resize=525%2C300 1.5x, https:\/\/i0.wp.com\/larevistadigital.com.ar\/blog\/wp-content\/uploads\/Screenshot_2-17.jpg?fit=940%2C571&ssl=1&resize=700%2C400 2x"},"classes":[]}],"_links":{"self":[{"href":"https:\/\/larevistadigital.com.ar\/blog\/wp-json\/wp\/v2\/posts\/19663","targetHints":{"allow":["GET"]}}],"collection":[{"href":"https:\/\/larevistadigital.com.ar\/blog\/wp-json\/wp\/v2\/posts"}],"about":[{"href":"https:\/\/larevistadigital.com.ar\/blog\/wp-json\/wp\/v2\/types\/post"}],"author":[{"embeddable":true,"href":"https:\/\/larevistadigital.com.ar\/blog\/wp-json\/wp\/v2\/users\/3"}],"replies":[{"embeddable":true,"href":"https:\/\/larevistadigital.com.ar\/blog\/wp-json\/wp\/v2\/comments?post=19663"}],"version-history":[{"count":1,"href":"https:\/\/larevistadigital.com.ar\/blog\/wp-json\/wp\/v2\/posts\/19663\/revisions"}],"predecessor-version":[{"id":19665,"href":"https:\/\/larevistadigital.com.ar\/blog\/wp-json\/wp\/v2\/posts\/19663\/revisions\/19665"}],"wp:featuredmedia":[{"embeddable":true,"href":"https:\/\/larevistadigital.com.ar\/blog\/wp-json\/wp\/v2\/media\/19664"}],"wp:attachment":[{"href":"https:\/\/larevistadigital.com.ar\/blog\/wp-json\/wp\/v2\/media?parent=19663"}],"wp:term":[{"taxonomy":"category","embeddable":true,"href":"https:\/\/larevistadigital.com.ar\/blog\/wp-json\/wp\/v2\/categories?post=19663"},{"taxonomy":"post_tag","embeddable":true,"href":"https:\/\/larevistadigital.com.ar\/blog\/wp-json\/wp\/v2\/tags?post=19663"}],"curies":[{"name":"wp","href":"https:\/\/api.w.org\/{rel}","templated":true}]}}