{"id":19666,"date":"2021-04-15T15:49:00","date_gmt":"2021-04-15T15:49:00","guid":{"rendered":"https:\/\/larevistadigital.com.ar\/blog\/?p=19666"},"modified":"2021-04-15T15:49:00","modified_gmt":"2021-04-15T15:49:00","slug":"la-plata-que-se-puede-hacer-y-que-no-con-las-nuevas-restricciones","status":"publish","type":"post","link":"https:\/\/larevistadigital.com.ar\/blog\/la-plata-que-se-puede-hacer-y-que-no-con-las-nuevas-restricciones\/","title":{"rendered":"LA PLATA: QU\u00c9 SE PUEDE HACER Y QU\u00c9 NO, CON LAS NUEVAS RESTRICCIONES"},"content":{"rendered":"<h2 class=\"negrita\">El Gobierno anunci\u00f3 nuevas medidas para el AMBA en medio de la abrupta suba de contagios. Buscan avanzar con la vacunaci\u00f3n y preservar el sistema sanitario.<\/h2>\n<div class=\"texto\">\n<p lang=\"es-AR\">Luego de un inicio de semana con una explosi\u00f3n de casos diarios de\u00a0<a href=\"https:\/\/www.0221.com.ar\/tag\/coronavirus\"><strong>coronavirus<\/strong><\/a>, el presidente\u00a0<strong>Alberto Fern\u00e1ndez<\/strong>\u00a0avanz\u00f3 con medidas m\u00e1s duras para frenar los contagios de COVID-19 y as\u00ed evitar el colapso del sistema de salud. El mandatario se centr\u00f3 en la compleja situaci\u00f3n del \u00c1rea Metropolitana de Buenos Aires (AMBA), que incluye a\u00a0La Plata que persiste en la\u00a0problem\u00e1tica Fase 3.<\/p>\n<p lang=\"es-AR\">Este mi\u00e9rcoles se confirmaron m\u00e1s de\u00a0<a href=\"https:\/\/www.0221.com.ar\/nota\/2021-4-14-17-12-0-fuerte-suba-de-los-fallecimientos-por-coronavirus-confirmaron-368-muertes-en-argentina\">25.000 diagn\u00f3sticos positivos en SARS-CoV-2 y 368 muertes<\/a>, por lo que el Gobierno nacional resolvi\u00f3 distintos puntos que anunci\u00f3 en cadena nacional.<\/p>\n<blockquote>\n<h3>En un mensaje grabado, Fern\u00e1ndez\u00a0remarc\u00f3 el fuerte crecimiento de casos y sostuvo que las medidas anunciadas d\u00edas atr\u00e1s \u00abno alcanzaron\u00bb.\u00a0<strong>\u00abEn el AMBA estamos viviendo la mayor velocidad de aumento de casos desde el inicio de la pandemia. Por lo tanto, es nuestra obligaci\u00f3n tomar medidas adicionales y convocar a la poblaci\u00f3n a un cambio, para lograr que avance el plan de vacunaci\u00f3n y evitar la saturaci\u00f3n del sistema de salud\u00bb<\/strong>, se\u00f1al\u00f3. Y dijo que los problemas centrales de contagios est\u00e1 en las reuniones sociales.<\/h3>\n<\/blockquote>\n<h3>En ese marco, a las restricciones que ya se hab\u00edan implementado se sumar\u00e1n otras y La Plata tambi\u00e9n se ver\u00e1 obligada a acatarlas:<\/h3>\n<p><strong>Se restringe la circulaci\u00f3n nocturna entre las 20 y las 6 de la ma\u00f1ana.<\/strong><\/p>\n<p><strong>Quedan suspendidas las actividades recreativas, sociales, culturales, deportivas y religiosas en lugares cerrados.<\/strong><\/p>\n<p><strong>Las actividades comerciales cerrar\u00e1n a las 19.<\/strong><\/p>\n<p><strong>Las actividades gastron\u00f3micas funcionar\u00e1n en modalidad de entrega a domicilio luego de las 19.<\/strong><\/p>\n<p><strong>El retorno de la modalidad virtual de las clases en los tres niveles educativos desde el lunes 19 y hasta el viernes 30 de abril.\u00a0<\/strong><\/p>\n<p lang=\"es-AR\">A estas nuevas medidas se suman las anteriores:<\/p>\n<ul>\n<li><strong>Se suspenden para todo el pa\u00eds\u00a0los viajes grupales de egresados y egresadas, de estudio y de grupos tur\u00edsticos.<\/strong><\/li>\n<li><strong>Se suspenden actividades sociales en domicilios particulares.<\/strong><\/li>\n<li><strong>Se suspenden actividades en el Bingo, discotecas o cualquier sal\u00f3n de fiestas.<\/strong><\/li>\n<li><strong>Solo podr\u00e1n usar el transporte p\u00fablico de pasajeros trabajadores considerados esenciales, toda la comunidad educativa y aquellos que ya fueron expresamente autorizados.<\/strong><\/li>\n<\/ul>\n<p>En La Plata\u00a0<a href=\"https:\/\/www.0221.com.ar\/nota\/2021-4-13-19-18-0-en-medio-de-la-reunion-de-urgencia-que-medidas-evalua-el-gobierno-para-frenar-los-casos\">la \u00abnueva pandemia\u00bb de la que se habl\u00f3 en el c\u00f3nclave de emergencia realizado por el\u00a0Gobierno nacional<\/a>\u00a0este \u00faltimo martes se refleja en las estad\u00edsticas.\u00a0<strong>La ciudad es uno los distritos del AMBA en \u00abrojo\u00bb y es que se encuentra en\u00a0los primeros puestos del r\u00e1nking entre las localidades con m\u00e1s contagios<\/strong>.<\/p>\n<p><img data-recalc-dims=\"1\" loading=\"lazy\" decoding=\"async\" class=\"size-full wp-image-19667 aligncenter\" src=\"https:\/\/i0.wp.com\/larevistadigital.com.ar\/blog\/wp-content\/uploads\/Captura-de-pantalla-2021-04-15-124715.png?resize=717%2C486&#038;ssl=1\" alt=\"\" width=\"717\" height=\"486\" srcset=\"https:\/\/i0.wp.com\/larevistadigital.com.ar\/blog\/wp-content\/uploads\/Captura-de-pantalla-2021-04-15-124715.png?w=717&amp;ssl=1 717w, https:\/\/i0.wp.com\/larevistadigital.com.ar\/blog\/wp-content\/uploads\/Captura-de-pantalla-2021-04-15-124715.png?resize=300%2C203&amp;ssl=1 300w\" sizes=\"auto, (max-width: 717px) 100vw, 717px\" \/><\/p>\n<p>Desde el inicio de la pandemia, en marzo del 2020, en La Plata se registraron 45.381 casos totales, 12.784 de los cuales todav\u00eda siguen activos.<\/p>\n<p>fuente 0221<\/p>\n<\/div>\n","protected":false},"excerpt":{"rendered":"<div class=\"mh-excerpt\"><p>El Gobierno anunci\u00f3 nuevas medidas para el AMBA en medio de la abrupta suba de contagios. Buscan avanzar con la vacunaci\u00f3n y preservar el sistema sanitario. Luego de un inicio de semana con una explosi\u00f3n <a class=\"mh-excerpt-more\" href=\"https:\/\/larevistadigital.com.ar\/blog\/la-plata-que-se-puede-hacer-y-que-no-con-las-nuevas-restricciones\/\" title=\"LA PLATA: QU\u00c9 SE PUEDE HACER Y QU\u00c9 NO, CON LAS NUEVAS RESTRICCIONES\">[Leer M\u00e1s]<\/a><\/p>\n<\/div>","protected":false},"author":3,"featured_media":19668,"comment_status":"open","ping_status":"open","sticky":false,"template":"","format":"standard","meta":{"_jetpack_memberships_contains_paid_content":false,"footnotes":"","jetpack_publicize_message":"","jetpack_publicize_feature_enabled":true,"jetpack_social_post_already_shared":true,"jetpack_social_options":{"image_generator_settings":{"template":"highway","default_image_id":0,"font":"","enabled":false},"version":2}},"categories":[51],"tags":[],"class_list":{"0":"post-19666","1":"post","2":"type-post","3":"status-publish","4":"format-standard","5":"has-post-thumbnail","7":"category-regionales"},"jetpack_publicize_connections":[],"jetpack_featured_media_url":"https:\/\/i0.wp.com\/larevistadigital.com.ar\/blog\/wp-content\/uploads\/1617114933833.jpg?fit=1500%2C1013&ssl=1","jetpack_sharing_enabled":true,"jetpack_shortlink":"https:\/\/wp.me\/p8qtrQ-57c","jetpack-related-posts":[{"id":19692,"url":"https:\/\/larevistadigital.com.ar\/blog\/el-gobierno-envia-1000-gendarmes-al-amba-para-controlar-que-se-cumplan-las-restricciones\/","url_meta":{"origin":19666,"position":0},"title":"EL GOBIERNO ENV\u00cdA 1000 GENDARMES AL AMBA PARA CONTROLAR QUE SE CUMPLAN LAS RESTRICCIONES","author":"Alejandro Sosa Ruda","date":"16 abril, 2021","format":false,"excerpt":"Alberto Fern\u00e1ndez reforzar\u00e1 con 1000 gendarmes el \u00e1rea del AMBA para garantizar que se cumplan las nuevas restricciones. Este refuerzo est\u00e1 enmarcado en el Plan Nacional de Seguridad para el \u00e1rea Metropolitana de Buenos Aires (AMBA), y ser\u00e1 anunciado en un acto llevado a cabo este mediod\u00eda en la sede\u2026","rel":"","context":"En \u00abINTERES GENERAL\u00bb","block_context":{"text":"INTERES GENERAL","link":"https:\/\/larevistadigital.com.ar\/blog\/category\/interes-general\/"},"img":{"alt_text":"","src":"https:\/\/i0.wp.com\/larevistadigital.com.ar\/blog\/wp-content\/uploads\/5e68f84deaa71_gendarmeria2020dos.jpg?fit=1200%2C550&ssl=1&resize=350%2C200","width":350,"height":200,"srcset":"https:\/\/i0.wp.com\/larevistadigital.com.ar\/blog\/wp-content\/uploads\/5e68f84deaa71_gendarmeria2020dos.jpg?fit=1200%2C550&ssl=1&resize=350%2C200 1x, https:\/\/i0.wp.com\/larevistadigital.com.ar\/blog\/wp-content\/uploads\/5e68f84deaa71_gendarmeria2020dos.jpg?fit=1200%2C550&ssl=1&resize=525%2C300 1.5x, https:\/\/i0.wp.com\/larevistadigital.com.ar\/blog\/wp-content\/uploads\/5e68f84deaa71_gendarmeria2020dos.jpg?fit=1200%2C550&ssl=1&resize=700%2C400 2x, https:\/\/i0.wp.com\/larevistadigital.com.ar\/blog\/wp-content\/uploads\/5e68f84deaa71_gendarmeria2020dos.jpg?fit=1200%2C550&ssl=1&resize=1050%2C600 3x"},"classes":[]},{"id":43163,"url":"https:\/\/larevistadigital.com.ar\/blog\/la-provincia-sale-a-sostener-el-transporte-del-amba-tras-el-retiro-de-los-subsidios-nacionales\/","url_meta":{"origin":19666,"position":1},"title":"La Provincia sale a sostener el transporte del AMBA tras el retiro de los subsidios nacionales","author":"Alejandro Sosa Ruda","date":"5 enero, 2026","format":false,"excerpt":"Axel Kicillof firm\u00f3 un decreto clave para garantizar la continuidad del transporte p\u00fablico en el AMBA ante el ajuste y la salida del Estado nacional. El gobierno de la provincia de Buenos Aires avanz\u00f3 con una decisi\u00f3n clave para sostener el funcionamiento del transporte p\u00fablico en el \u00c1rea Metropolitana de\u2026","rel":"","context":"En \u00abINTERES GENERAL\u00bb","block_context":{"text":"INTERES GENERAL","link":"https:\/\/larevistadigital.com.ar\/blog\/category\/interes-general\/"},"img":{"alt_text":"","src":"https:\/\/i0.wp.com\/larevistadigital.com.ar\/blog\/wp-content\/uploads\/Captura-de-pantalla-2026-01-05-212841.jpg?fit=738%2C444&ssl=1&resize=350%2C200","width":350,"height":200,"srcset":"https:\/\/i0.wp.com\/larevistadigital.com.ar\/blog\/wp-content\/uploads\/Captura-de-pantalla-2026-01-05-212841.jpg?fit=738%2C444&ssl=1&resize=350%2C200 1x, https:\/\/i0.wp.com\/larevistadigital.com.ar\/blog\/wp-content\/uploads\/Captura-de-pantalla-2026-01-05-212841.jpg?fit=738%2C444&ssl=1&resize=525%2C300 1.5x, https:\/\/i0.wp.com\/larevistadigital.com.ar\/blog\/wp-content\/uploads\/Captura-de-pantalla-2026-01-05-212841.jpg?fit=738%2C444&ssl=1&resize=700%2C400 2x"},"classes":[]},{"id":19645,"url":"https:\/\/larevistadigital.com.ar\/blog\/las-medidas-que-se-evaluan-para-tratar-de-poner-freno-a-los-contagios-de-covid\/","url_meta":{"origin":19666,"position":2},"title":"LAS MEDIDAS QUE SE EVAL\u00daAN PARA TRATAR DE PONER FRENO A LOS CONTAGIOS DE COVID","author":"Alejandro Sosa Ruda","date":"14 abril, 2021","format":false,"excerpt":"Luego de una reuni\u00f3n que se llev\u00f3 a cabo en el \u00e1mbito del Gobierno, se est\u00e1n analizando medidas a efectos de disminuir el tr\u00e1nsito de personas, y evitar el colapso total de los sistemas de salud. Desde fuentes oficiales, se advirti\u00f3 que el gobierno analiz\u00f3 la posibilidad de tomar\u00a0medidas focalizadas\u2026","rel":"","context":"En \u00abINTERES GENERAL\u00bb","block_context":{"text":"INTERES GENERAL","link":"https:\/\/larevistadigital.com.ar\/blog\/category\/interes-general\/"},"img":{"alt_text":"","src":"https:\/\/i0.wp.com\/larevistadigital.com.ar\/blog\/wp-content\/uploads\/obtenerfoto.jpg?fit=1200%2C675&ssl=1&resize=350%2C200","width":350,"height":200,"srcset":"https:\/\/i0.wp.com\/larevistadigital.com.ar\/blog\/wp-content\/uploads\/obtenerfoto.jpg?fit=1200%2C675&ssl=1&resize=350%2C200 1x, https:\/\/i0.wp.com\/larevistadigital.com.ar\/blog\/wp-content\/uploads\/obtenerfoto.jpg?fit=1200%2C675&ssl=1&resize=525%2C300 1.5x, https:\/\/i0.wp.com\/larevistadigital.com.ar\/blog\/wp-content\/uploads\/obtenerfoto.jpg?fit=1200%2C675&ssl=1&resize=700%2C400 2x, https:\/\/i0.wp.com\/larevistadigital.com.ar\/blog\/wp-content\/uploads\/obtenerfoto.jpg?fit=1200%2C675&ssl=1&resize=1050%2C600 3x"},"classes":[]},{"id":19951,"url":"https:\/\/larevistadigital.com.ar\/blog\/alberto-fernandez-se-mantienen-las-medidas-hasta-el-21-de-mayo\/","url_meta":{"origin":19666,"position":3},"title":"ALBERTO FERNANDEZ: \u00abSE MANTIENEN LAS MEDIDAS HASTA EL 21 DE MAYO\u00bb","author":"Alejandro Sosa Ruda","date":"30 abril, 2021","format":false,"excerpt":"El Presidente mantuvo el cierre de las clases presenciales en el AMBA y reforz\u00f3 medidas sanitarias en comercios en casi todo el pa\u00eds; seguir\u00e1 la prohibici\u00f3n de circulaci\u00f3n nocturna, con horarios diferenciados Desde ma\u00f1ana y hasta el 21de mayo regir\u00e1n restricciones dispuestas por el presidente\u00a0Alberto Fern\u00e1ndez\u00a0a partir de otro decreto\u2026","rel":"","context":"En \u00abDESTACADAS\u00bb","block_context":{"text":"DESTACADAS","link":"https:\/\/larevistadigital.com.ar\/blog\/category\/destacadas\/"},"img":{"alt_text":"","src":"https:\/\/i0.wp.com\/larevistadigital.com.ar\/blog\/wp-content\/uploads\/el-gobierno-alberto-fernandez-definira-este-viernes-las-medidas-y-restricciones-que-regiran-las-proximas-dos-semanas-buscando-contener-la-suba-contagios.jpg?fit=1200%2C675&ssl=1&resize=350%2C200","width":350,"height":200,"srcset":"https:\/\/i0.wp.com\/larevistadigital.com.ar\/blog\/wp-content\/uploads\/el-gobierno-alberto-fernandez-definira-este-viernes-las-medidas-y-restricciones-que-regiran-las-proximas-dos-semanas-buscando-contener-la-suba-contagios.jpg?fit=1200%2C675&ssl=1&resize=350%2C200 1x, https:\/\/i0.wp.com\/larevistadigital.com.ar\/blog\/wp-content\/uploads\/el-gobierno-alberto-fernandez-definira-este-viernes-las-medidas-y-restricciones-que-regiran-las-proximas-dos-semanas-buscando-contener-la-suba-contagios.jpg?fit=1200%2C675&ssl=1&resize=525%2C300 1.5x, https:\/\/i0.wp.com\/larevistadigital.com.ar\/blog\/wp-content\/uploads\/el-gobierno-alberto-fernandez-definira-este-viernes-las-medidas-y-restricciones-que-regiran-las-proximas-dos-semanas-buscando-contener-la-suba-contagios.jpg?fit=1200%2C675&ssl=1&resize=700%2C400 2x, https:\/\/i0.wp.com\/larevistadigital.com.ar\/blog\/wp-content\/uploads\/el-gobierno-alberto-fernandez-definira-este-viernes-las-medidas-y-restricciones-que-regiran-las-proximas-dos-semanas-buscando-contener-la-suba-contagios.jpg?fit=1200%2C675&ssl=1&resize=1050%2C600 3x"},"classes":[]},{"id":21192,"url":"https:\/\/larevistadigital.com.ar\/blog\/como-se-certificara-la-vacunacion-para-poder-entrar-a-gimnasios-y-bares-en-la-plata\/","url_meta":{"origin":19666,"position":4},"title":"C\u00d3MO SE CERTIFICAR\u00c1 LA VACUNACI\u00d3N PARA PODER ENTRAR A GIMNASIOS Y BARES EN LA PLATA","author":"Alejandro Sosa Ruda","date":"20 julio, 2021","format":false,"excerpt":"El gobernador Axel Kicillof detall\u00f3 los mecanismos para que las personas comprueben que fueron vacunadas y as\u00ed ingresar a espacios cerrados. LA PLATA - La campa\u00f1a de vacunaci\u00f3n contra el coronavirus avanza en toda la provincia de Buenos Aires y los resultados se reflejan en la ca\u00edda de los contagios\u2026","rel":"","context":"En \u00abPOLITICA PROVINCIAL\u00bb","block_context":{"text":"POLITICA PROVINCIAL","link":"https:\/\/larevistadigital.com.ar\/blog\/category\/politica\/politica-provincial\/"},"img":{"alt_text":"","src":"https:\/\/i0.wp.com\/larevistadigital.com.ar\/blog\/wp-content\/uploads\/1599074630115.jpg?fit=1200%2C798&ssl=1&resize=350%2C200","width":350,"height":200,"srcset":"https:\/\/i0.wp.com\/larevistadigital.com.ar\/blog\/wp-content\/uploads\/1599074630115.jpg?fit=1200%2C798&ssl=1&resize=350%2C200 1x, https:\/\/i0.wp.com\/larevistadigital.com.ar\/blog\/wp-content\/uploads\/1599074630115.jpg?fit=1200%2C798&ssl=1&resize=525%2C300 1.5x, https:\/\/i0.wp.com\/larevistadigital.com.ar\/blog\/wp-content\/uploads\/1599074630115.jpg?fit=1200%2C798&ssl=1&resize=700%2C400 2x, https:\/\/i0.wp.com\/larevistadigital.com.ar\/blog\/wp-content\/uploads\/1599074630115.jpg?fit=1200%2C798&ssl=1&resize=1050%2C600 3x"},"classes":[]},{"id":19960,"url":"https:\/\/larevistadigital.com.ar\/blog\/el-intendente-de-balcarce-pidio-diferenciar-entre-el-amba-y-el-interior-de-la-provincia\/","url_meta":{"origin":19666,"position":5},"title":"EL INTENDENTE DE BALCARCE PIDI\u00d3 DIFERENCIAR ENTRE EL AMBA Y EL INTERIOR DE LA PROVINCIA","author":"Alejandro Sosa Ruda","date":"30 abril, 2021","format":false,"excerpt":"BALCARCE - El intendente de Balcarce, Esteban Reino, explic\u00f3 que en su distrito tienen la \u00absituaci\u00f3n epidemiol\u00f3gica controlada\u00bb porque el sistema de salud puede atender la demanda de pacientes de COVID. En declaraciones a Siete Colores por FM 97 Une explic\u00f3 que \u00abno se derivan pacientes de coronavirus, pero s\u00ed\u2026","rel":"","context":"En \u00abREGIONALES\u00bb","block_context":{"text":"REGIONALES","link":"https:\/\/larevistadigital.com.ar\/blog\/category\/regionales\/"},"img":{"alt_text":"","src":"https:\/\/i0.wp.com\/larevistadigital.com.ar\/blog\/wp-content\/uploads\/esteban-reino-balcarce-int-2021.jpg?fit=880%2C512&ssl=1&resize=350%2C200","width":350,"height":200,"srcset":"https:\/\/i0.wp.com\/larevistadigital.com.ar\/blog\/wp-content\/uploads\/esteban-reino-balcarce-int-2021.jpg?fit=880%2C512&ssl=1&resize=350%2C200 1x, https:\/\/i0.wp.com\/larevistadigital.com.ar\/blog\/wp-content\/uploads\/esteban-reino-balcarce-int-2021.jpg?fit=880%2C512&ssl=1&resize=525%2C300 1.5x, https:\/\/i0.wp.com\/larevistadigital.com.ar\/blog\/wp-content\/uploads\/esteban-reino-balcarce-int-2021.jpg?fit=880%2C512&ssl=1&resize=700%2C400 2x"},"classes":[]}],"_links":{"self":[{"href":"https:\/\/larevistadigital.com.ar\/blog\/wp-json\/wp\/v2\/posts\/19666","targetHints":{"allow":["GET"]}}],"collection":[{"href":"https:\/\/larevistadigital.com.ar\/blog\/wp-json\/wp\/v2\/posts"}],"about":[{"href":"https:\/\/larevistadigital.com.ar\/blog\/wp-json\/wp\/v2\/types\/post"}],"author":[{"embeddable":true,"href":"https:\/\/larevistadigital.com.ar\/blog\/wp-json\/wp\/v2\/users\/3"}],"replies":[{"embeddable":true,"href":"https:\/\/larevistadigital.com.ar\/blog\/wp-json\/wp\/v2\/comments?post=19666"}],"version-history":[{"count":1,"href":"https:\/\/larevistadigital.com.ar\/blog\/wp-json\/wp\/v2\/posts\/19666\/revisions"}],"predecessor-version":[{"id":19669,"href":"https:\/\/larevistadigital.com.ar\/blog\/wp-json\/wp\/v2\/posts\/19666\/revisions\/19669"}],"wp:featuredmedia":[{"embeddable":true,"href":"https:\/\/larevistadigital.com.ar\/blog\/wp-json\/wp\/v2\/media\/19668"}],"wp:attachment":[{"href":"https:\/\/larevistadigital.com.ar\/blog\/wp-json\/wp\/v2\/media?parent=19666"}],"wp:term":[{"taxonomy":"category","embeddable":true,"href":"https:\/\/larevistadigital.com.ar\/blog\/wp-json\/wp\/v2\/categories?post=19666"},{"taxonomy":"post_tag","embeddable":true,"href":"https:\/\/larevistadigital.com.ar\/blog\/wp-json\/wp\/v2\/tags?post=19666"}],"curies":[{"name":"wp","href":"https:\/\/api.w.org\/{rel}","templated":true}]}}