{"id":19670,"date":"2021-04-15T16:57:54","date_gmt":"2021-04-15T16:57:54","guid":{"rendered":"https:\/\/larevistadigital.com.ar\/blog\/?p=19670"},"modified":"2021-04-15T16:57:54","modified_gmt":"2021-04-15T16:57:54","slug":"se-pagara-un-bono-de-15-000-quienes-lo-cobraran","status":"publish","type":"post","link":"https:\/\/larevistadigital.com.ar\/blog\/se-pagara-un-bono-de-15-000-quienes-lo-cobraran\/","title":{"rendered":"SE PAGAR\u00c1 UN BONO DE $15.000.- \u00bfQUIENES LO COBRARAN?"},"content":{"rendered":"<h2 class=\"negrita\">Alcanza a quienes tienen Asignaci\u00f3n Universal por Hijo (AUH), asignaci\u00f3n por embarazo y asignaciones familiares de monotributistas de la primera categor\u00eda.<\/h2>\n<p>El presidente\u00a0<strong>Alberto Fern\u00e1ndez\u00a0<\/strong>anunci\u00f3 este jueves que el Gobierno\u00a0asignar\u00e1 un monto de 15 mil pesos para los beneficiarios de la Asignaci\u00f3n Universal por Hijo (AUH), la asignaci\u00f3n por embarazo y las asignaciones familiares de monotributistas de la primera categor\u00eda. Lo hizo el d\u00eda despu\u00e9s de su anuncio de m\u00e1s restricciones para intentar frenar la creciente ola de contagios de coronavirus.<\/p>\n<blockquote>\n<h3>\u00abEn el transcurso del d\u00eda Fernanda Raverta, la titular de la Anses, dar\u00e1 los detalles de la asignaci\u00f3n. No queremos que esas personas queden a la intemperie\u00bb, dijo Fern\u00e1ndez en\u00a0<em>Radio 10\u00a0<\/em>esta ma\u00f1ana.<\/h3>\n<\/blockquote>\n<p><em><strong>\u00abVamos a disponer asignarle a cada titular de la AUH y de la asignaci\u00f3n universal por embarazo, a las asignaciones familiares de las categor\u00edas m\u00e1s bajas A Y B, 15 mil pesos por estos 15 d\u00edas que tienen mayores restricciones y a esto acceder\u00e1n todos los que se vean afectados por la medida\u00bb<\/strong><\/em>, explic\u00f3.<\/p>\n<p>Y sobre los monotributistas, el presidente especific\u00f3 que<em><strong> \u00ababarca a las categor\u00edas m\u00e1s bajas porque a esas personas se les puede complicar un poco las cosas teniendo en cuenta que se cierran actividades\u00bb. \u00abEn todo el pa\u00eds\u00a0hay alrededor de dos millones 700 mil personas y se cobrar\u00e1 en los lugares donde existen estas restricciones\u00bb,<\/strong><\/em> detall\u00f3.<\/p>\n<p>Adem\u00e1s aclar\u00f3 que \u00absiguen los Repro 2\u00bb por ejemplo para los gastron\u00f3micos, \u00abcuya actividad se ver\u00e1 restringida\u00bb, as\u00ed como para \u00ablas casas de fiestas, los shoppings, etc\u00bb. \u00abEllos pueden acceder al Repro que es una suerte del ATP m\u00e1s focalizado\u00bb, dijo con respecto a todas estas ayudas econ\u00f3micas que buscan disminuir el impacto de un nuevo cierre en los sectores m\u00e1s desprotegidos.<\/p>\n<p>&nbsp;<\/p>\n","protected":false},"excerpt":{"rendered":"<div class=\"mh-excerpt\"><p>Alcanza a quienes tienen Asignaci\u00f3n Universal por Hijo (AUH), asignaci\u00f3n por embarazo y asignaciones familiares de monotributistas de la primera categor\u00eda. El presidente\u00a0Alberto Fern\u00e1ndez\u00a0anunci\u00f3 este jueves que el Gobierno\u00a0asignar\u00e1 un monto de 15 mil pesos <a class=\"mh-excerpt-more\" href=\"https:\/\/larevistadigital.com.ar\/blog\/se-pagara-un-bono-de-15-000-quienes-lo-cobraran\/\" title=\"SE PAGAR\u00c1 UN BONO DE $15.000.- \u00bfQUIENES LO COBRARAN?\">[Leer M\u00e1s]<\/a><\/p>\n<\/div>","protected":false},"author":3,"featured_media":6107,"comment_status":"open","ping_status":"open","sticky":false,"template":"","format":"standard","meta":{"_jetpack_memberships_contains_paid_content":false,"footnotes":"","jetpack_publicize_message":"","jetpack_publicize_feature_enabled":true,"jetpack_social_post_already_shared":true,"jetpack_social_options":{"image_generator_settings":{"template":"highway","default_image_id":0,"font":"","enabled":false},"version":2}},"categories":[50],"tags":[],"class_list":{"0":"post-19670","1":"post","2":"type-post","3":"status-publish","4":"format-standard","5":"has-post-thumbnail","7":"category-interes-general"},"jetpack_publicize_connections":[],"jetpack_featured_media_url":"https:\/\/i0.wp.com\/larevistadigital.com.ar\/blog\/wp-content\/uploads\/2018\/07\/ANSES-1.jpg?fit=1508%2C706&ssl=1","jetpack_sharing_enabled":true,"jetpack_shortlink":"https:\/\/wp.me\/p8qtrQ-57g","jetpack-related-posts":[{"id":30122,"url":"https:\/\/larevistadigital.com.ar\/blog\/el-gobierno-anuncio-un-bono-de-15-mil-pesos-durante-tres-meses-para-los-jubilados-que-cobran-la-minima\/","url_meta":{"origin":19670,"position":0},"title":"EL GOBIERNO ANUNCI\u00d3 UN BONO DE 15 MIL PESOS DURANTE TRES MESES PARA LOS JUBILADOS QUE COBRAN LA M\u00cdNIMA.","author":"Alejandro Sosa Ruda","date":"11 febrero, 2023","format":false,"excerpt":"Las jubilaciones y pensiones aumentar\u00e1n un 17% en marzo y el haber m\u00ednimo ser\u00e1 de 73.665 pesos. El mismo porcentaje se aplicar\u00e1 para actualizar la Asignaci\u00f3n Universal por Hijo (AUH) y las asignaciones familiares 10 de febrero de 2023 Las jubilaciones y pensiones aumentar\u00e1n un 17,04% a partir de marzo\u2026","rel":"","context":"En \u00abECONOMIA\u00bb","block_context":{"text":"ECONOMIA","link":"https:\/\/larevistadigital.com.ar\/blog\/category\/economia\/"},"img":{"alt_text":"","src":"https:\/\/i0.wp.com\/larevistadigital.com.ar\/blog\/wp-content\/uploads\/descarga-17.jpg?fit=800%2C448&ssl=1&resize=350%2C200","width":350,"height":200,"srcset":"https:\/\/i0.wp.com\/larevistadigital.com.ar\/blog\/wp-content\/uploads\/descarga-17.jpg?fit=800%2C448&ssl=1&resize=350%2C200 1x, https:\/\/i0.wp.com\/larevistadigital.com.ar\/blog\/wp-content\/uploads\/descarga-17.jpg?fit=800%2C448&ssl=1&resize=525%2C300 1.5x, https:\/\/i0.wp.com\/larevistadigital.com.ar\/blog\/wp-content\/uploads\/descarga-17.jpg?fit=800%2C448&ssl=1&resize=700%2C400 2x"},"classes":[]},{"id":16198,"url":"https:\/\/larevistadigital.com.ar\/blog\/anses-como-quedan-las-asignaciones-familiares-tras-el-aumento-del-75\/","url_meta":{"origin":19670,"position":1},"title":"ANSES: COMO QUEDAN LAS ASIGNACIONES FAMILIARES TRAS EL AUMENTO DEL 7,5%","author":"Alejandro Sosa Ruda","date":"2 septiembre, 2020","format":false,"excerpt":"Se oficializ\u00f3 el incremento en los haberes de asignaciones familiares, AUH y AUE, que se suman a los nuevos montos jubilatorios y pensiones no contributivas. A trav\u00e9s de la publicaci\u00f3n de la Resoluci\u00f3n 312\/2020 en el Bolet\u00edn Oficial, la Administraci\u00f3n Nacional de Seguridad Social (ANSES) oficializ\u00f3 la suba de 7,5%\u2026","rel":"","context":"En \u00abINTERES GENERAL\u00bb","block_context":{"text":"INTERES GENERAL","link":"https:\/\/larevistadigital.com.ar\/blog\/category\/interes-general\/"},"img":{"alt_text":"","src":"https:\/\/i0.wp.com\/larevistadigital.com.ar\/blog\/wp-content\/uploads\/2018\/07\/ANSES-1.jpg?fit=1200%2C562&ssl=1&resize=350%2C200","width":350,"height":200,"srcset":"https:\/\/i0.wp.com\/larevistadigital.com.ar\/blog\/wp-content\/uploads\/2018\/07\/ANSES-1.jpg?fit=1200%2C562&ssl=1&resize=350%2C200 1x, https:\/\/i0.wp.com\/larevistadigital.com.ar\/blog\/wp-content\/uploads\/2018\/07\/ANSES-1.jpg?fit=1200%2C562&ssl=1&resize=525%2C300 1.5x, https:\/\/i0.wp.com\/larevistadigital.com.ar\/blog\/wp-content\/uploads\/2018\/07\/ANSES-1.jpg?fit=1200%2C562&ssl=1&resize=700%2C400 2x, https:\/\/i0.wp.com\/larevistadigital.com.ar\/blog\/wp-content\/uploads\/2018\/07\/ANSES-1.jpg?fit=1200%2C562&ssl=1&resize=1050%2C600 3x"},"classes":[]},{"id":23963,"url":"https:\/\/larevistadigital.com.ar\/blog\/como-sera-la-ayuda-escolar-de-anses-2022-para-quienes-y-cuanto-sera-el-monto\/","url_meta":{"origin":19670,"position":2},"title":"COMO SER\u00c1 LA AYUDA ESCOLAR DE ANSES 2022. PARA QUI\u00c9NES Y CUANTO SER\u00c1 EL MONTO","author":"Alejandro Sosa Ruda","date":"12 febrero, 2022","format":false,"excerpt":"Desde el organismo brindaron detalles sobre el beneficio. Cu\u00e1les son los requisitos. La Administraci\u00f3n Nacional de Seguridad Social (ANSES) otorgar\u00e1 la\u00a0Ayuda Escolar Anual 2022, destinada a padres o madres con hijos en edad escolar que cobren la\u00a0Asignaci\u00f3n Universal por Hijo (AUH) o asignaciones familiares. La Ayuda Escolar Anual se cobrar\u00e1\u2026","rel":"","context":"En \u00abINTERES GENERAL\u00bb","block_context":{"text":"INTERES GENERAL","link":"https:\/\/larevistadigital.com.ar\/blog\/category\/interes-general\/"},"img":{"alt_text":"","src":"https:\/\/i0.wp.com\/larevistadigital.com.ar\/blog\/wp-content\/uploads\/utiles-escolares.jpg?fit=1200%2C800&ssl=1&resize=350%2C200","width":350,"height":200,"srcset":"https:\/\/i0.wp.com\/larevistadigital.com.ar\/blog\/wp-content\/uploads\/utiles-escolares.jpg?fit=1200%2C800&ssl=1&resize=350%2C200 1x, https:\/\/i0.wp.com\/larevistadigital.com.ar\/blog\/wp-content\/uploads\/utiles-escolares.jpg?fit=1200%2C800&ssl=1&resize=525%2C300 1.5x, https:\/\/i0.wp.com\/larevistadigital.com.ar\/blog\/wp-content\/uploads\/utiles-escolares.jpg?fit=1200%2C800&ssl=1&resize=700%2C400 2x, https:\/\/i0.wp.com\/larevistadigital.com.ar\/blog\/wp-content\/uploads\/utiles-escolares.jpg?fit=1200%2C800&ssl=1&resize=1050%2C600 3x"},"classes":[]},{"id":41197,"url":"https:\/\/larevistadigital.com.ar\/blog\/anses-oficializo-el-aumento-de-jubilaciones-pensiones-y-asignaciones-desde-septiembre\/","url_meta":{"origin":19670,"position":3},"title":"ANSES oficializ\u00f3 el aumento de jubilaciones, pensiones y asignaciones desde septiembre","author":"Alejandro Sosa Ruda","date":"1 septiembre, 2025","format":false,"excerpt":"La suba ser\u00e1 del 1,9% seg\u00fan la f\u00f3rmula de movilidad previsional atada al \u00faltimo dato de inflaci\u00f3n. La jubilaci\u00f3n m\u00ednima ser\u00e1 de $320.277,17 sin contar el bono extraordinario que se mantiene en $70.000. 01 de Septiembre de 2025 El gobierno nacional oficializ\u00f3 este lunes, a trav\u00e9s de la Administraci\u00f3n Nacional\u2026","rel":"","context":"En \u00abDESTACADAS\u00bb","block_context":{"text":"DESTACADAS","link":"https:\/\/larevistadigital.com.ar\/blog\/category\/destacadas\/"},"img":{"alt_text":"","src":"https:\/\/i0.wp.com\/larevistadigital.com.ar\/blog\/wp-content\/uploads\/20240504132831_anses-web.jpg?fit=880%2C512&ssl=1&resize=350%2C200","width":350,"height":200,"srcset":"https:\/\/i0.wp.com\/larevistadigital.com.ar\/blog\/wp-content\/uploads\/20240504132831_anses-web.jpg?fit=880%2C512&ssl=1&resize=350%2C200 1x, https:\/\/i0.wp.com\/larevistadigital.com.ar\/blog\/wp-content\/uploads\/20240504132831_anses-web.jpg?fit=880%2C512&ssl=1&resize=525%2C300 1.5x, https:\/\/i0.wp.com\/larevistadigital.com.ar\/blog\/wp-content\/uploads\/20240504132831_anses-web.jpg?fit=880%2C512&ssl=1&resize=700%2C400 2x"},"classes":[]},{"id":17453,"url":"https:\/\/larevistadigital.com.ar\/blog\/los-nuevos-requisitos-oficiales-para-acceder-a-la-asignacion-universal-por-hijo\/","url_meta":{"origin":19670,"position":4},"title":"LOS NUEVOS REQUISITOS OFICIALES PARA ACCEDER A LA ASIGNACI\u00d3N UNIVERSAL POR HIJO","author":"Alejandro Sosa Ruda","date":"5 noviembre, 2020","format":false,"excerpt":"El gobierno public\u00f3 el Decreto que permitir\u00e1 ampliar el beneficio a un mill\u00f3n m\u00e1s de ni\u00f1os. Se elimin\u00f3 el tope de cinco menores de edad dentro del grupo familiar. Los detalles. El gobierno nacional public\u00f3 en el Bolet\u00edn Oficial los nuevos requisitos para acceder a la Asignaci\u00f3n Universal por Hijo\u2026","rel":"","context":"En \u00abINTERES GENERAL\u00bb","block_context":{"text":"INTERES GENERAL","link":"https:\/\/larevistadigital.com.ar\/blog\/category\/interes-general\/"},"img":{"alt_text":"","src":"https:\/\/i0.wp.com\/larevistadigital.com.ar\/blog\/wp-content\/uploads\/e7540027c01b0782c7152dfcc60b851d85b99a44.jpg?fit=1140%2C641&ssl=1&resize=350%2C200","width":350,"height":200,"srcset":"https:\/\/i0.wp.com\/larevistadigital.com.ar\/blog\/wp-content\/uploads\/e7540027c01b0782c7152dfcc60b851d85b99a44.jpg?fit=1140%2C641&ssl=1&resize=350%2C200 1x, https:\/\/i0.wp.com\/larevistadigital.com.ar\/blog\/wp-content\/uploads\/e7540027c01b0782c7152dfcc60b851d85b99a44.jpg?fit=1140%2C641&ssl=1&resize=525%2C300 1.5x, https:\/\/i0.wp.com\/larevistadigital.com.ar\/blog\/wp-content\/uploads\/e7540027c01b0782c7152dfcc60b851d85b99a44.jpg?fit=1140%2C641&ssl=1&resize=700%2C400 2x, https:\/\/i0.wp.com\/larevistadigital.com.ar\/blog\/wp-content\/uploads\/e7540027c01b0782c7152dfcc60b851d85b99a44.jpg?fit=1140%2C641&ssl=1&resize=1050%2C600 3x"},"classes":[]},{"id":44154,"url":"https:\/\/larevistadigital.com.ar\/blog\/chascomus-la-municipalidad-abona-asignaciones-familiares-por-mas-de-85-millones-de-pesos-y-actualiza-los-montos-desde-marzo\/","url_meta":{"origin":19670,"position":5},"title":"Chascom\u00fas: La Municipalidad abona asignaciones familiares por m\u00e1s de 85 millones de pesos y actualiza los montos desde marzo","author":"Alejandro Sosa Ruda","date":"24 febrero, 2026","format":false,"excerpt":"El pago alcanza a asignaciones por hijo, hijo con discapacidad, matrimonio, nacimiento y adopci\u00f3n, e implica una fuerte inyecci\u00f3n de recursos en la econom\u00eda local 24 de febrero de 2026 CHASCOM\u00daS -\u00a0 \u00a0La Municipalidad realizar\u00e1 el pago de asignaciones familiares a trabajadores y trabajadoras municipales por un monto total que\u2026","rel":"","context":"En \u00abCHASCOM\u00daS\u00bb","block_context":{"text":"CHASCOM\u00daS","link":"https:\/\/larevistadigital.com.ar\/blog\/category\/chascomus\/"},"img":{"alt_text":"","src":"https:\/\/i0.wp.com\/larevistadigital.com.ar\/blog\/wp-content\/uploads\/699ddb402e29e.png?fit=668%2C445&ssl=1&resize=350%2C200","width":350,"height":200,"srcset":"https:\/\/i0.wp.com\/larevistadigital.com.ar\/blog\/wp-content\/uploads\/699ddb402e29e.png?fit=668%2C445&ssl=1&resize=350%2C200 1x, https:\/\/i0.wp.com\/larevistadigital.com.ar\/blog\/wp-content\/uploads\/699ddb402e29e.png?fit=668%2C445&ssl=1&resize=525%2C300 1.5x"},"classes":[]}],"_links":{"self":[{"href":"https:\/\/larevistadigital.com.ar\/blog\/wp-json\/wp\/v2\/posts\/19670","targetHints":{"allow":["GET"]}}],"collection":[{"href":"https:\/\/larevistadigital.com.ar\/blog\/wp-json\/wp\/v2\/posts"}],"about":[{"href":"https:\/\/larevistadigital.com.ar\/blog\/wp-json\/wp\/v2\/types\/post"}],"author":[{"embeddable":true,"href":"https:\/\/larevistadigital.com.ar\/blog\/wp-json\/wp\/v2\/users\/3"}],"replies":[{"embeddable":true,"href":"https:\/\/larevistadigital.com.ar\/blog\/wp-json\/wp\/v2\/comments?post=19670"}],"version-history":[{"count":1,"href":"https:\/\/larevistadigital.com.ar\/blog\/wp-json\/wp\/v2\/posts\/19670\/revisions"}],"predecessor-version":[{"id":19671,"href":"https:\/\/larevistadigital.com.ar\/blog\/wp-json\/wp\/v2\/posts\/19670\/revisions\/19671"}],"wp:featuredmedia":[{"embeddable":true,"href":"https:\/\/larevistadigital.com.ar\/blog\/wp-json\/wp\/v2\/media\/6107"}],"wp:attachment":[{"href":"https:\/\/larevistadigital.com.ar\/blog\/wp-json\/wp\/v2\/media?parent=19670"}],"wp:term":[{"taxonomy":"category","embeddable":true,"href":"https:\/\/larevistadigital.com.ar\/blog\/wp-json\/wp\/v2\/categories?post=19670"},{"taxonomy":"post_tag","embeddable":true,"href":"https:\/\/larevistadigital.com.ar\/blog\/wp-json\/wp\/v2\/tags?post=19670"}],"curies":[{"name":"wp","href":"https:\/\/api.w.org\/{rel}","templated":true}]}}