{"id":19672,"date":"2021-04-15T18:37:53","date_gmt":"2021-04-15T18:37:53","guid":{"rendered":"https:\/\/larevistadigital.com.ar\/blog\/?p=19672"},"modified":"2021-04-15T18:37:53","modified_gmt":"2021-04-15T18:37:53","slug":"el-doctor-jose-ochoa-en-la-banca-abierta-los-vecinos-piden-ser-escuchados-hay-que-sacar-el-estacionamiento-medido-y-ahora-depende-de-ustedes","status":"publish","type":"post","link":"https:\/\/larevistadigital.com.ar\/blog\/el-doctor-jose-ochoa-en-la-banca-abierta-los-vecinos-piden-ser-escuchados-hay-que-sacar-el-estacionamiento-medido-y-ahora-depende-de-ustedes\/","title":{"rendered":"EL DOCTOR JOS\u00c9 OCHOA, EN LA BANCA ABIERTA: \u00abLOS VECINOS PIDEN SER ESCUCHADOS, HAY QUE SACAR EL ESTACIONAMIENTO MEDIDO Y AHORA DEPENDE DE USTEDES\u00bb"},"content":{"rendered":"<p><strong>CHASCOM\u00daS &#8211;<\/strong> Durante la ma\u00f1ana de hoy, y tal como estaba previsto, <strong>Jos\u00e9 Ochoa<\/strong>, presidente del partido Juntos Por Chascom\u00fas\u00bb, y prestigioso abogado hizo uso de la \u00abBanca Abierta\u00bb que hab\u00eda solicitado oportunamente, para referirse del pol\u00e9mico tema del \u00abestacionamiento medido\u00bb, sus nuevas restricciones y alcances.<\/p>\n<p>En principio se refiri\u00f3 a que si bien cuando se cre\u00f3 la ordenanza de \u00abestacionamiento medido\u00bb, seguramente se hizo con un \u00abbuen esp\u00edritu\u00bb, y con la intenci\u00f3n de mejorar, pero que la realidad ha demostrado que esto no se ha cumplido, sino que por el contrario, la ordenanza es total y rotundamente una medida en contra de los vecinos.<\/p>\n<blockquote>\n<h3>Fundament\u00f3 estos dichos, en primera instancia porque es perjudicar a los comerciantes que vienen en un terrible momento econ\u00f3mico, y el estacionamiento, pero sobre todo la eliminaci\u00f3n de los 15 minutos que exist\u00edan de tolerancia, ha perjudicado notablemente al sector. Asegur\u00f3 que hay comercios que recaudan el 40% de lo que sol\u00edan recaudar y que la situaci\u00f3n se hace insostenible. Tambi\u00e9n, asegur\u00f3 <strong>Ochoa<\/strong>, que muchos vecinos que antes se acercaban al centro a realizar sus compras, ahora eligen evitar hacerlo, ya que\u00a0 se sienten notablemente perjudicados.<\/h3>\n<\/blockquote>\n<p>Luego, dirigi\u00f3 sus criticas a la falta de previsi\u00f3n y los conflictos que se han provocado por el \u00abagrandado\u00bb del \u00e1rea de cobranza, adem\u00e1s de provocar m\u00e1s disconformidad entre los vecinos, adem\u00e1s de el descontento de los empleados municipales.<\/p>\n<blockquote>\n<h3>M\u00e1s tarde, destac\u00f3 que ni siquiera se justifica por recaudar dinero, ya que en lugar de provocar ganancias, deja perdidas a la ciudad, y que por todas estas razones, m\u00e1s otras que vienen como consecuencia, queda demostrado que la implementaci\u00f3n de esta medida, es no solo desagradable y onerosa para el vecino, sino totalmente in\u00fatil y perjudicial, por lo que propuso que se quite inmediatamente, y que cambien la vida de los habitantes de Chascom\u00fas, a partir de un a Resoluci\u00f3n de este Concejo Deliberante.<\/h3>\n<\/blockquote>\n<p>En una muy clara alocuci\u00f3n, <strong>Ochoa<\/strong> tambi\u00e9n puso como ejemplo el caso de La Plata, que se suspendi\u00f3 la cobranza del estacionamiento medido.<\/p>\n<p>Luego hizo un paralelismo con la necesidad de un plan integral de Seguridad para la Ciudad, resaltando que se cre\u00f3 una tasa a tal efecto, pero nadie est\u00e1 conforme con la seguridad en la ciudad. Para esto, Ochoa present\u00f3 un Plan Integral de Seguridad para Chascom\u00fas.<\/p>\n<blockquote>\n<h3>No olvid\u00f3 mencionar el terrible estado de desprotecci\u00f3n de la zona rural, y el abandono de los patrulleros de la comisar\u00eda local, como as\u00ed tambi\u00e9n los correspondientes a la patrulla rural. Destacando con buen tino, que \u00abDeber\u00eda ser Seguridad Urbana Y RURAL\u00bb,\u00a0 y darle a la ciudad el sentido de unidad y que no se debe dividir y atender los distintos lugares de distintas maneras.<\/h3>\n<\/blockquote>\n<p>Por \u00faltimo cerr\u00f3 diciendo que <strong><em>\u00abDe ustedes depende ahora\u00bb<\/em><\/strong> en referencia a los ediles presentes en ele cuerpo, y haciendo votos para que hagan lo que hay que hacer, tomando las medidas que la gente reclama.<\/p>\n<p>Un <strong>Ochoa<\/strong> impecable, con ideas claras y que ha empezado a ocupar el rol de presidente de un partido que de seguir con esta impronta, seguramente crecer\u00e1 en la simpat\u00eda de los chascomunenses-<\/p>\n","protected":false},"excerpt":{"rendered":"<div class=\"mh-excerpt\"><p>CHASCOM\u00daS &#8211; Durante la ma\u00f1ana de hoy, y tal como estaba previsto, Jos\u00e9 Ochoa, presidente del partido Juntos Por Chascom\u00fas\u00bb, y prestigioso abogado hizo uso de la \u00abBanca Abierta\u00bb que hab\u00eda solicitado oportunamente, para referirse <a class=\"mh-excerpt-more\" href=\"https:\/\/larevistadigital.com.ar\/blog\/el-doctor-jose-ochoa-en-la-banca-abierta-los-vecinos-piden-ser-escuchados-hay-que-sacar-el-estacionamiento-medido-y-ahora-depende-de-ustedes\/\" title=\"EL DOCTOR JOS\u00c9 OCHOA, EN LA BANCA ABIERTA: \u00abLOS VECINOS PIDEN SER ESCUCHADOS, HAY QUE SACAR EL ESTACIONAMIENTO MEDIDO Y AHORA DEPENDE DE USTEDES\u00bb\">[Leer M\u00e1s]<\/a><\/p>\n<\/div>","protected":false},"author":3,"featured_media":19673,"comment_status":"open","ping_status":"open","sticky":false,"template":"","format":"standard","meta":{"_jetpack_memberships_contains_paid_content":false,"footnotes":"","jetpack_publicize_message":"","jetpack_publicize_feature_enabled":true,"jetpack_social_post_already_shared":true,"jetpack_social_options":{"image_generator_settings":{"template":"highway","default_image_id":0,"font":"","enabled":false},"version":2}},"categories":[50,23],"tags":[],"class_list":{"0":"post-19672","1":"post","2":"type-post","3":"status-publish","4":"format-standard","5":"has-post-thumbnail","7":"category-interes-general","8":"category-politica-local"},"jetpack_publicize_connections":[],"jetpack_featured_media_url":"https:\/\/i0.wp.com\/larevistadigital.com.ar\/blog\/wp-content\/uploads\/Captura-de-pantalla-2021-04-15-153006.png?fit=1152%2C870&ssl=1","jetpack_sharing_enabled":true,"jetpack_shortlink":"https:\/\/wp.me\/p8qtrQ-57i","jetpack-related-posts":[{"id":18955,"url":"https:\/\/larevistadigital.com.ar\/blog\/jose-ochoa-solicito-la-banca-abierta-para-tratar-el-tema-de-los-15-minutos-del-estacionamiento-medido-y-el-proyecto-de-seguridad\/","url_meta":{"origin":19672,"position":0},"title":"JOS\u00c9 OCHOA, SOLICIT\u00d3 LA BANCA ABIERTA PARA TRATAR EL TEMA DE LOS 15 MINUTOS DEL ESTACIONAMIENTO MEDIDO, Y EL PROYECTO DE SEGURIDAD","author":"Alejandro Sosa Ruda","date":"22 febrero, 2021","format":false,"excerpt":"Desde hace tiempo, el prestigioso abogado y Presidente del partido vecinalista \"Juntos por Chascom\u00fas\" Jos\u00e9 Ignacio Ochoa, se viene preparando para afrontar las responsabilidades de conducir un municipio. As\u00ed lo hizo, y nunca se detuvo, porque con confianza cree firmemente que en alg\u00fan momento de su vida, conseguir\u00e1 ocupar ese\u2026","rel":"","context":"En \u00abINTERES GENERAL\u00bb","block_context":{"text":"INTERES GENERAL","link":"https:\/\/larevistadigital.com.ar\/blog\/category\/interes-general\/"},"img":{"alt_text":"","src":"https:\/\/i0.wp.com\/larevistadigital.com.ar\/blog\/wp-content\/uploads\/ochoa-foto.jpg?fit=800%2C937&ssl=1&resize=350%2C200","width":350,"height":200,"srcset":"https:\/\/i0.wp.com\/larevistadigital.com.ar\/blog\/wp-content\/uploads\/ochoa-foto.jpg?fit=800%2C937&ssl=1&resize=350%2C200 1x, https:\/\/i0.wp.com\/larevistadigital.com.ar\/blog\/wp-content\/uploads\/ochoa-foto.jpg?fit=800%2C937&ssl=1&resize=525%2C300 1.5x, https:\/\/i0.wp.com\/larevistadigital.com.ar\/blog\/wp-content\/uploads\/ochoa-foto.jpg?fit=800%2C937&ssl=1&resize=700%2C400 2x"},"classes":[]},{"id":20221,"url":"https:\/\/larevistadigital.com.ar\/blog\/ochoa-el-concejal-sin-banca-marca-el-camino-y-critica-la-falta-de-representacion-de-los-concejales\/","url_meta":{"origin":19672,"position":1},"title":"OCHOA: EL \u00abCONCEJAL SIN BANCA\u00bb MARCA EL CAMINO Y CRITICA LA FALTA DE REPRESENTACI\u00d3N DE LOS CONCEJALES","author":"Alejandro Sosa Ruda","date":"12 mayo, 2021","format":false,"excerpt":"En las \u00faltimas horas sali\u00f3 a luz la noticia que, mediante una Resoluci\u00f3n, la Subsecretar\u00eda de Transporte de la Provincia de Buenos Aires solicita la suspensi\u00f3n del Estacionamiento Medido en la Ciudad. En relaci\u00f3n al tema de Estacionamiento Medido desde hace meses el referente de Juntos Por Chascom\u00fas Jos\u00e9 Ochoa\u2026","rel":"","context":"En \u00abCHASCOM\u00daS\u00bb","block_context":{"text":"CHASCOM\u00daS","link":"https:\/\/larevistadigital.com.ar\/blog\/category\/chascomus\/"},"img":{"alt_text":"","src":"https:\/\/i0.wp.com\/larevistadigital.com.ar\/blog\/wp-content\/uploads\/OCHOA-SEM.jpeg?fit=1200%2C739&ssl=1&resize=350%2C200","width":350,"height":200,"srcset":"https:\/\/i0.wp.com\/larevistadigital.com.ar\/blog\/wp-content\/uploads\/OCHOA-SEM.jpeg?fit=1200%2C739&ssl=1&resize=350%2C200 1x, https:\/\/i0.wp.com\/larevistadigital.com.ar\/blog\/wp-content\/uploads\/OCHOA-SEM.jpeg?fit=1200%2C739&ssl=1&resize=525%2C300 1.5x, https:\/\/i0.wp.com\/larevistadigital.com.ar\/blog\/wp-content\/uploads\/OCHOA-SEM.jpeg?fit=1200%2C739&ssl=1&resize=700%2C400 2x, https:\/\/i0.wp.com\/larevistadigital.com.ar\/blog\/wp-content\/uploads\/OCHOA-SEM.jpeg?fit=1200%2C739&ssl=1&resize=1050%2C600 3x"},"classes":[]},{"id":10090,"url":"https:\/\/larevistadigital.com.ar\/blog\/chascomus-aumentaron-los-valores-del-estacionamiento-medido\/","url_meta":{"origin":19672,"position":2},"title":"CHASCOM\u00daS: AUMENTARON LOS VALORES DEL ESTACIONAMIENTO MEDIDO","author":"Alejandro Sosa Ruda","date":"9 mayo, 2019","format":false,"excerpt":"El valor por hora es de $12, recarga m\u00ednima $100 y pago voluntario $240. De acuerdo lo establecido por la ordenanza impositiva, sancionada en enero de 2019 y debido al nuevo aumento en el valor de los combustibles, a partir del pasado lunes 6 de mayo, se registraron las citadas\u2026","rel":"","context":"En \u00abPOLITICA\u00bb","block_context":{"text":"POLITICA","link":"https:\/\/larevistadigital.com.ar\/blog\/category\/politica\/"},"img":{"alt_text":"","src":"https:\/\/i0.wp.com\/larevistadigital.com.ar\/blog\/wp-content\/uploads\/2019\/05\/aumento-estacionamiento-medido.jpg?fit=600%2C531&ssl=1&resize=350%2C200","width":350,"height":200,"srcset":"https:\/\/i0.wp.com\/larevistadigital.com.ar\/blog\/wp-content\/uploads\/2019\/05\/aumento-estacionamiento-medido.jpg?fit=600%2C531&ssl=1&resize=350%2C200 1x, https:\/\/i0.wp.com\/larevistadigital.com.ar\/blog\/wp-content\/uploads\/2019\/05\/aumento-estacionamiento-medido.jpg?fit=600%2C531&ssl=1&resize=525%2C300 1.5x"},"classes":[]},{"id":7228,"url":"https:\/\/larevistadigital.com.ar\/blog\/chascomus-gabriel-macchi-fijo-su-posicion-respecto-del-proyecto-de-unidad-por-chascomus-de-instaurar-el-estacionamiento-medido-en-toda-la-laguna\/","url_meta":{"origin":19672,"position":3},"title":"CHASCOM\u00daS: GABRIEL MACCHI FIJ\u00d3 SU POSICI\u00d3N RESPECTO DEL PROYECTO DE UNIDAD POR CHASCOM\u00daS DE INSTAURAR EL ESTACIONAMIENTO MEDIDO EN TODA LA LAGUNA","author":"Alejandro Sosa Ruda","date":"15 diciembre, 2018","format":false,"excerpt":"Luego que desde el gobierno local se promueva la instauraci\u00f3n de una especie de \"estacionamiento medido\" en toda la circunvalaci\u00f3n de la laguna, muchos han manifestado su descontento con la iniciativa. Es para destacar, que esta iniciativa forma parte de la ordenanza fiscal e impositiva, impulsada por el ejecutivo, y\u2026","rel":"","context":"En \u00abPOLITICA\u00bb","block_context":{"text":"POLITICA","link":"https:\/\/larevistadigital.com.ar\/blog\/category\/politica\/"},"img":{"alt_text":"","src":"https:\/\/i0.wp.com\/larevistadigital.com.ar\/blog\/wp-content\/uploads\/2018\/12\/43672906_2166112250079909_6168682319734374400_n.jpg?fit=720%2C720&ssl=1&resize=350%2C200","width":350,"height":200,"srcset":"https:\/\/i0.wp.com\/larevistadigital.com.ar\/blog\/wp-content\/uploads\/2018\/12\/43672906_2166112250079909_6168682319734374400_n.jpg?fit=720%2C720&ssl=1&resize=350%2C200 1x, https:\/\/i0.wp.com\/larevistadigital.com.ar\/blog\/wp-content\/uploads\/2018\/12\/43672906_2166112250079909_6168682319734374400_n.jpg?fit=720%2C720&ssl=1&resize=525%2C300 1.5x, https:\/\/i0.wp.com\/larevistadigital.com.ar\/blog\/wp-content\/uploads\/2018\/12\/43672906_2166112250079909_6168682319734374400_n.jpg?fit=720%2C720&ssl=1&resize=700%2C400 2x"},"classes":[]},{"id":4220,"url":"https:\/\/larevistadigital.com.ar\/blog\/chascomus-municipio-recuerda-enero-comienza-regir-la-ampliacion-del-estacionemiento-medido\/","url_meta":{"origin":19672,"position":4},"title":"CHASCOM\u00daS: EL MUNICIPIO RECUERDA QUE EN ENERO COMIENZA A REGIR LA AMPLIACI\u00d3N DEL ESTACIONEMIENTO MEDIDO","author":"Alejandro Sosa Ruda","date":"13 diciembre, 2017","format":false,"excerpt":"Desde la p\u00e1gina oficial de Facebook de la Municipalidad, se recuerda a los ciudadanos que desde el d\u00eda 1\u00b0 de enero, comienza a regir la ampliaci\u00f3n del Estacionamiento Medido. A PARTIR DEL 1\u00ba DE ENERO COMIENZA A REGIR LA AMPLIACI\u00d3N DEL ESTACIONAMIENTO MEDIDO Seg\u00fan lo establece la Ordenanza N\u00ba 5046\u2026","rel":"","context":"En \u00abCHASCOM\u00daS\u00bb","block_context":{"text":"CHASCOM\u00daS","link":"https:\/\/larevistadigital.com.ar\/blog\/category\/chascomus\/"},"img":{"alt_text":"","src":"https:\/\/i0.wp.com\/larevistadigital.com.ar\/blog\/wp-content\/uploads\/2017\/12\/25158398_1714869178533960_4369261589333084778_n.jpg?fit=960%2C544&ssl=1&resize=350%2C200","width":350,"height":200,"srcset":"https:\/\/i0.wp.com\/larevistadigital.com.ar\/blog\/wp-content\/uploads\/2017\/12\/25158398_1714869178533960_4369261589333084778_n.jpg?fit=960%2C544&ssl=1&resize=350%2C200 1x, https:\/\/i0.wp.com\/larevistadigital.com.ar\/blog\/wp-content\/uploads\/2017\/12\/25158398_1714869178533960_4369261589333084778_n.jpg?fit=960%2C544&ssl=1&resize=525%2C300 1.5x, https:\/\/i0.wp.com\/larevistadigital.com.ar\/blog\/wp-content\/uploads\/2017\/12\/25158398_1714869178533960_4369261589333084778_n.jpg?fit=960%2C544&ssl=1&resize=700%2C400 2x"},"classes":[]},{"id":7133,"url":"https:\/\/larevistadigital.com.ar\/blog\/chascomus-ahora-gaston-va-por-el-estacionamiento-medido-en-toda-la-circunvalacion-de-la-laguna\/","url_meta":{"origin":19672,"position":5},"title":"CHASCOM\u00daS: AHORA GAST\u00d3N VA POR EL ESTACIONAMIENTO MEDIDO EN TODA LA CIRCUNVALACI\u00d3N DE LA LAGUNA","author":"Alejandro Sosa Ruda","date":"10 diciembre, 2018","format":false,"excerpt":"Luego que lo negaran en reiteradas oportunidades, cuando la pol\u00e9mica estaba en las primeras planas y todo el mundo estuviera molesto, ahora el gobierno de Unidad por Chascom\u00fas, pretende volver a instalar el estacionamiento medido en la costanera de la ciudad. As\u00ed lo afirm\u00f3 en declaraciones period\u00edsticas el Secretario de\u2026","rel":"","context":"En \u00abDESTACADAS\u00bb","block_context":{"text":"DESTACADAS","link":"https:\/\/larevistadigital.com.ar\/blog\/category\/destacadas\/"},"img":{"alt_text":"","src":"https:\/\/i0.wp.com\/larevistadigital.com.ar\/blog\/wp-content\/uploads\/2018\/12\/peaje-uxch.jpg?fit=834%2C487&ssl=1&resize=350%2C200","width":350,"height":200,"srcset":"https:\/\/i0.wp.com\/larevistadigital.com.ar\/blog\/wp-content\/uploads\/2018\/12\/peaje-uxch.jpg?fit=834%2C487&ssl=1&resize=350%2C200 1x, https:\/\/i0.wp.com\/larevistadigital.com.ar\/blog\/wp-content\/uploads\/2018\/12\/peaje-uxch.jpg?fit=834%2C487&ssl=1&resize=525%2C300 1.5x, https:\/\/i0.wp.com\/larevistadigital.com.ar\/blog\/wp-content\/uploads\/2018\/12\/peaje-uxch.jpg?fit=834%2C487&ssl=1&resize=700%2C400 2x"},"classes":[]}],"_links":{"self":[{"href":"https:\/\/larevistadigital.com.ar\/blog\/wp-json\/wp\/v2\/posts\/19672","targetHints":{"allow":["GET"]}}],"collection":[{"href":"https:\/\/larevistadigital.com.ar\/blog\/wp-json\/wp\/v2\/posts"}],"about":[{"href":"https:\/\/larevistadigital.com.ar\/blog\/wp-json\/wp\/v2\/types\/post"}],"author":[{"embeddable":true,"href":"https:\/\/larevistadigital.com.ar\/blog\/wp-json\/wp\/v2\/users\/3"}],"replies":[{"embeddable":true,"href":"https:\/\/larevistadigital.com.ar\/blog\/wp-json\/wp\/v2\/comments?post=19672"}],"version-history":[{"count":1,"href":"https:\/\/larevistadigital.com.ar\/blog\/wp-json\/wp\/v2\/posts\/19672\/revisions"}],"predecessor-version":[{"id":19674,"href":"https:\/\/larevistadigital.com.ar\/blog\/wp-json\/wp\/v2\/posts\/19672\/revisions\/19674"}],"wp:featuredmedia":[{"embeddable":true,"href":"https:\/\/larevistadigital.com.ar\/blog\/wp-json\/wp\/v2\/media\/19673"}],"wp:attachment":[{"href":"https:\/\/larevistadigital.com.ar\/blog\/wp-json\/wp\/v2\/media?parent=19672"}],"wp:term":[{"taxonomy":"category","embeddable":true,"href":"https:\/\/larevistadigital.com.ar\/blog\/wp-json\/wp\/v2\/categories?post=19672"},{"taxonomy":"post_tag","embeddable":true,"href":"https:\/\/larevistadigital.com.ar\/blog\/wp-json\/wp\/v2\/tags?post=19672"}],"curies":[{"name":"wp","href":"https:\/\/api.w.org\/{rel}","templated":true}]}}