{"id":19685,"date":"2021-04-16T22:13:36","date_gmt":"2021-04-16T22:13:36","guid":{"rendered":"https:\/\/larevistadigital.com.ar\/blog\/?p=19685"},"modified":"2021-04-16T22:13:36","modified_gmt":"2021-04-16T22:13:36","slug":"pinamar-violenta-entradera-y-tiroteo-con-la-policia","status":"publish","type":"post","link":"https:\/\/larevistadigital.com.ar\/blog\/pinamar-violenta-entradera-y-tiroteo-con-la-policia\/","title":{"rendered":"PINAMAR: VIOLENTA ENTRADERA Y TIROTEO CON LA POLIC\u00cdA"},"content":{"rendered":"<h2 class=\"nota__hero__summary\">Cuatro delincuentes redujeron a sus v\u00edctimas en una vivienda de un barrio residencial. La maniobra fue advertida por un vecino que dio aviso a la polic\u00eda. Hay dos detenidos.<\/h2>\n<p><strong>PINAMAR &#8211;<\/strong> Una pareja fue v\u00edctima de una brutal entradera cuando cuatro delincuentes ingresaron a su casa, ubicada en un barrio residencial de Pinamar, los golpearon y maniataron. Adem\u00e1s, tras cometer el robo e intentar huir del lugar los ladrones se tirotearon con la polic\u00eda.<\/p>\n<p>El robo ocurri\u00f3 en una vivienda de la calle De las Garzas al 500 y la maniobra delictiva fue advertida por un vecino que dio aviso al 911.<\/p>\n<p>En minutos llegaron al lugar efectivos policiales que se toparon con los cuatro delincuentes que hu\u00edan del lugar. Al ver a la polic\u00eda, los ladrones corrieron en parejas en direcciones diferentes.<\/p>\n<p>Los polic\u00edas persiguieron a dos, quienes corrieron hacia una traffic blanca estacionada sobre la calle Fragata La Victoria, con intenciones de escapar. Ante la voz de alto de los polic\u00edas hubo un enfrentamiento armado que culmin\u00f3 con las dos aprehensiones. Seg\u00fan se indic\u00f3 los sujetos detenidos son residentes de Pinamar.<\/p>\n<p>Varios patrulleros efectuaron un operativo cerrojo para dar con los dos pr\u00f3fugos, pero no los pudieron encontrar.<\/p>\n<p>En la causa caratulada como \u201cRobo calificado\u201d tom\u00f3 intervenci\u00f3n la Unidad Funcional de Instrucci\u00f3n en turno, a cargo del fiscal Walter M\u00e9rcuri.<\/p>\n","protected":false},"excerpt":{"rendered":"<div class=\"mh-excerpt\"><p>Cuatro delincuentes redujeron a sus v\u00edctimas en una vivienda de un barrio residencial. La maniobra fue advertida por un vecino que dio aviso a la polic\u00eda. Hay dos detenidos. PINAMAR &#8211; Una pareja fue v\u00edctima <a class=\"mh-excerpt-more\" href=\"https:\/\/larevistadigital.com.ar\/blog\/pinamar-violenta-entradera-y-tiroteo-con-la-policia\/\" title=\"PINAMAR: VIOLENTA ENTRADERA Y TIROTEO CON LA POLIC\u00cdA\">[Leer M\u00e1s]<\/a><\/p>\n<\/div>","protected":false},"author":3,"featured_media":19686,"comment_status":"open","ping_status":"open","sticky":false,"template":"","format":"standard","meta":{"_jetpack_memberships_contains_paid_content":false,"footnotes":"","jetpack_publicize_message":"","jetpack_publicize_feature_enabled":true,"jetpack_social_post_already_shared":true,"jetpack_social_options":{"image_generator_settings":{"template":"highway","default_image_id":0,"font":"","enabled":false},"version":2}},"categories":[44,51],"tags":[],"class_list":{"0":"post-19685","1":"post","2":"type-post","3":"status-publish","4":"format-standard","5":"has-post-thumbnail","7":"category-policiales","8":"category-regionales"},"jetpack_publicize_connections":[],"jetpack_featured_media_url":"https:\/\/i0.wp.com\/larevistadigital.com.ar\/blog\/wp-content\/uploads\/b10a6723d73a7593aed49e1ad968128735f67ce8.jpg?fit=1140%2C640&ssl=1","jetpack_sharing_enabled":true,"jetpack_shortlink":"https:\/\/wp.me\/p8qtrQ-57v","jetpack-related-posts":[{"id":38279,"url":"https:\/\/larevistadigital.com.ar\/blog\/pinamar-detienen-a-dos-policias-vinculados-con-robos\/","url_meta":{"origin":19685,"position":0},"title":"Pinamar: Detienen a dos polic\u00edas vinculados con robos","author":"Alejandro Sosa Ruda","date":"15 diciembre, 2024","format":false,"excerpt":"Los polic\u00edas cayeron luego de revisar los tel\u00e9fonos de dos delincuentes detenidos por un hecho de robo. 15 de Diciembre de 2024 PINAMAR -\u00a0 \u00a0Se desarroll\u00f3 una investigaci\u00f3n, a ra\u00edz de un delito de robo, ocurrido el pasado 31 de octubre en una perfumer\u00eda, cometido por dos delincuentes, donde en\u2026","rel":"","context":"En \u00abPOLICIALES\u00bb","block_context":{"text":"POLICIALES","link":"https:\/\/larevistadigital.com.ar\/blog\/category\/policiales\/"},"img":{"alt_text":"","src":"https:\/\/i0.wp.com\/larevistadigital.com.ar\/blog\/wp-content\/uploads\/541a4e554336e9972378441b98c3f26ae2777498.jpg?fit=1140%2C638&ssl=1&resize=350%2C200","width":350,"height":200,"srcset":"https:\/\/i0.wp.com\/larevistadigital.com.ar\/blog\/wp-content\/uploads\/541a4e554336e9972378441b98c3f26ae2777498.jpg?fit=1140%2C638&ssl=1&resize=350%2C200 1x, https:\/\/i0.wp.com\/larevistadigital.com.ar\/blog\/wp-content\/uploads\/541a4e554336e9972378441b98c3f26ae2777498.jpg?fit=1140%2C638&ssl=1&resize=525%2C300 1.5x, https:\/\/i0.wp.com\/larevistadigital.com.ar\/blog\/wp-content\/uploads\/541a4e554336e9972378441b98c3f26ae2777498.jpg?fit=1140%2C638&ssl=1&resize=700%2C400 2x, https:\/\/i0.wp.com\/larevistadigital.com.ar\/blog\/wp-content\/uploads\/541a4e554336e9972378441b98c3f26ae2777498.jpg?fit=1140%2C638&ssl=1&resize=1050%2C600 3x"},"classes":[]},{"id":38282,"url":"https:\/\/larevistadigital.com.ar\/blog\/brutal-entradera-en-la-plata-cuando-un-jubilado-salio-a-limpiar-la-vereda\/","url_meta":{"origin":19685,"position":1},"title":"Brutal entradera en La Plata, cuando un jubilado sali\u00f3 a limpiar la vereda","author":"Alejandro Sosa Ruda","date":"15 diciembre, 2024","format":false,"excerpt":"Un matrimonio de jubilados fue brutalmente asaltado en su casa de Tolosa. Los ladrones los golpearon, destrozaron la vivienda y huyeron con dinero. 15 de Diciembre de 2024 LA PLATA -\u00a0 Un violento asalto conmocion\u00f3 a La Plata cuando un grupo de delincuentes armados atac\u00f3 a un matrimonio de jubilados\u2026","rel":"","context":"En \u00abPOLICIALES\u00bb","block_context":{"text":"POLICIALES","link":"https:\/\/larevistadigital.com.ar\/blog\/category\/policiales\/"},"img":{"alt_text":"","src":"https:\/\/i0.wp.com\/larevistadigital.com.ar\/blog\/wp-content\/uploads\/Captura-de-pantalla-2024-12-15-192256.png?fit=708%2C357&ssl=1&resize=350%2C200","width":350,"height":200,"srcset":"https:\/\/i0.wp.com\/larevistadigital.com.ar\/blog\/wp-content\/uploads\/Captura-de-pantalla-2024-12-15-192256.png?fit=708%2C357&ssl=1&resize=350%2C200 1x, https:\/\/i0.wp.com\/larevistadigital.com.ar\/blog\/wp-content\/uploads\/Captura-de-pantalla-2024-12-15-192256.png?fit=708%2C357&ssl=1&resize=525%2C300 1.5x, https:\/\/i0.wp.com\/larevistadigital.com.ar\/blog\/wp-content\/uploads\/Captura-de-pantalla-2024-12-15-192256.png?fit=708%2C357&ssl=1&resize=700%2C400 2x"},"classes":[]},{"id":17943,"url":"https:\/\/larevistadigital.com.ar\/blog\/vecino-del-barrio-san-luis-evito-un-robo\/","url_meta":{"origin":19685,"position":2},"title":"VECINO DEL BARRIO SAN LUIS, EVIT\u00d3 UN ROBO","author":"Alejandro Sosa Ruda","date":"3 diciembre, 2020","format":false,"excerpt":"El testigo del robo ocurrido en calle Escribano E\/Ju\u00e1rez y Dorrego fue entrevistado en la ma\u00f1ana de FM por siempre 97.3\u00a0 donde contaba que el episodio tuvo lugar entre la 1:45 y 2:00 am. de la noche del martes. El vecino escuch\u00f3 ruidos y al acercarse a ver por una\u2026","rel":"","context":"En \u00abCHASCOM\u00daS\u00bb","block_context":{"text":"CHASCOM\u00daS","link":"https:\/\/larevistadigital.com.ar\/blog\/category\/chascomus\/"},"img":{"alt_text":"","src":"https:\/\/i0.wp.com\/larevistadigital.com.ar\/blog\/wp-content\/uploads\/2018\/03\/Policia-allanamiento-noche.jpg?fit=777%2C498&ssl=1&resize=350%2C200","width":350,"height":200,"srcset":"https:\/\/i0.wp.com\/larevistadigital.com.ar\/blog\/wp-content\/uploads\/2018\/03\/Policia-allanamiento-noche.jpg?fit=777%2C498&ssl=1&resize=350%2C200 1x, https:\/\/i0.wp.com\/larevistadigital.com.ar\/blog\/wp-content\/uploads\/2018\/03\/Policia-allanamiento-noche.jpg?fit=777%2C498&ssl=1&resize=525%2C300 1.5x, https:\/\/i0.wp.com\/larevistadigital.com.ar\/blog\/wp-content\/uploads\/2018\/03\/Policia-allanamiento-noche.jpg?fit=777%2C498&ssl=1&resize=700%2C400 2x"},"classes":[]},{"id":27040,"url":"https:\/\/larevistadigital.com.ar\/blog\/ostende-violento-robo-a-familia-trabajadora\/","url_meta":{"origin":19685,"position":3},"title":"OSTENDE: VIOLENTO ROBO A FAMILIA TRABAJADORA","author":"Alejandro Sosa Ruda","date":"7 agosto, 2022","format":false,"excerpt":"Los delincuentes ingresaron a la vivienda a cara descubierta y golpearon a los due\u00f1os de casa pidiendo dinero. Un robo con caracter\u00edsticas similares ocurri\u00f3 d\u00edas pasados el empresario Jos\u00e9 Alba en la zona norte de Pinamar. OSTENDE -\u00a0 \u00a0El hecho se produjo en una vivienda ubicada en la calle Repetto\u2026","rel":"","context":"En \u00abPOLICIALES\u00bb","block_context":{"text":"POLICIALES","link":"https:\/\/larevistadigital.com.ar\/blog\/category\/policiales\/"},"img":{"alt_text":"","src":"https:\/\/i0.wp.com\/larevistadigital.com.ar\/blog\/wp-content\/uploads\/20220806154500_violento-robo-a-una-familia-trabajadora-de-ostende.jpg?fit=880%2C512&ssl=1&resize=350%2C200","width":350,"height":200,"srcset":"https:\/\/i0.wp.com\/larevistadigital.com.ar\/blog\/wp-content\/uploads\/20220806154500_violento-robo-a-una-familia-trabajadora-de-ostende.jpg?fit=880%2C512&ssl=1&resize=350%2C200 1x, https:\/\/i0.wp.com\/larevistadigital.com.ar\/blog\/wp-content\/uploads\/20220806154500_violento-robo-a-una-familia-trabajadora-de-ostende.jpg?fit=880%2C512&ssl=1&resize=525%2C300 1.5x, https:\/\/i0.wp.com\/larevistadigital.com.ar\/blog\/wp-content\/uploads\/20220806154500_violento-robo-a-una-familia-trabajadora-de-ostende.jpg?fit=880%2C512&ssl=1&resize=700%2C400 2x"},"classes":[]},{"id":9988,"url":"https:\/\/larevistadigital.com.ar\/blog\/brandsen-robo-toma-de-rehen-tiroteo-y-persecucion\/","url_meta":{"origin":19685,"position":4},"title":"BRANDSEN: ROBO, TOMA DE REH\u00c9N, TIROTEO Y PERSECUCI\u00d3N","author":"Alejandro Sosa Ruda","date":"4 mayo, 2019","format":false,"excerpt":"Ocurri\u00f3 esta madrugada, luego de que 4 delincuentes irrumpieran en una vivienda de bajo Belgrano, en la localidad de Brandsen. El suceso se dio alrededor de las cinco de la ma\u00f1ana de este s\u00e1bado 4 de mayo, en una vivienda de calle Azcuenaga entre French y Belgrano, cuando seg\u00fan informaron\u2026","rel":"","context":"En \u00abPOLICIALES\u00bb","block_context":{"text":"POLICIALES","link":"https:\/\/larevistadigital.com.ar\/blog\/category\/policiales\/"},"img":{"alt_text":"","src":"https:\/\/i0.wp.com\/larevistadigital.com.ar\/blog\/wp-content\/uploads\/2019\/05\/20190504_111750_wm.jpg?fit=1024%2C576&ssl=1&resize=350%2C200","width":350,"height":200,"srcset":"https:\/\/i0.wp.com\/larevistadigital.com.ar\/blog\/wp-content\/uploads\/2019\/05\/20190504_111750_wm.jpg?fit=1024%2C576&ssl=1&resize=350%2C200 1x, https:\/\/i0.wp.com\/larevistadigital.com.ar\/blog\/wp-content\/uploads\/2019\/05\/20190504_111750_wm.jpg?fit=1024%2C576&ssl=1&resize=525%2C300 1.5x, https:\/\/i0.wp.com\/larevistadigital.com.ar\/blog\/wp-content\/uploads\/2019\/05\/20190504_111750_wm.jpg?fit=1024%2C576&ssl=1&resize=700%2C400 2x"},"classes":[]},{"id":39559,"url":"https:\/\/larevistadigital.com.ar\/blog\/amplio-operativo-policial-en-un-country-de-pilar-tras-un-violento-robo\/","url_meta":{"origin":19685,"position":5},"title":"Amplio operativo policial en un country de Pilar tras un violento robo","author":"Alejandro Sosa Ruda","date":"26 abril, 2025","format":false,"excerpt":"M\u00e1s de 80 efectivos de distintas fuerzas policiales realizaron un intenso operativo de b\u00fasqueda en el club de campo Mapuche, ubicado en Pilar, luego de que al menos tres delincuentes armados irrumpieran en una vivienda, redujeran a la due\u00f1a y a una empleada, y se llevaran dinero y objetos de\u2026","rel":"","context":"En \u00abPOLICIALES\u00bb","block_context":{"text":"POLICIALES","link":"https:\/\/larevistadigital.com.ar\/blog\/category\/policiales\/"},"img":{"alt_text":"","src":"https:\/\/i0.wp.com\/larevistadigital.com.ar\/blog\/wp-content\/uploads\/20250425135921_country-mapuche-pilar.jpg?fit=880%2C512&ssl=1&resize=350%2C200","width":350,"height":200,"srcset":"https:\/\/i0.wp.com\/larevistadigital.com.ar\/blog\/wp-content\/uploads\/20250425135921_country-mapuche-pilar.jpg?fit=880%2C512&ssl=1&resize=350%2C200 1x, https:\/\/i0.wp.com\/larevistadigital.com.ar\/blog\/wp-content\/uploads\/20250425135921_country-mapuche-pilar.jpg?fit=880%2C512&ssl=1&resize=525%2C300 1.5x, https:\/\/i0.wp.com\/larevistadigital.com.ar\/blog\/wp-content\/uploads\/20250425135921_country-mapuche-pilar.jpg?fit=880%2C512&ssl=1&resize=700%2C400 2x"},"classes":[]}],"_links":{"self":[{"href":"https:\/\/larevistadigital.com.ar\/blog\/wp-json\/wp\/v2\/posts\/19685","targetHints":{"allow":["GET"]}}],"collection":[{"href":"https:\/\/larevistadigital.com.ar\/blog\/wp-json\/wp\/v2\/posts"}],"about":[{"href":"https:\/\/larevistadigital.com.ar\/blog\/wp-json\/wp\/v2\/types\/post"}],"author":[{"embeddable":true,"href":"https:\/\/larevistadigital.com.ar\/blog\/wp-json\/wp\/v2\/users\/3"}],"replies":[{"embeddable":true,"href":"https:\/\/larevistadigital.com.ar\/blog\/wp-json\/wp\/v2\/comments?post=19685"}],"version-history":[{"count":1,"href":"https:\/\/larevistadigital.com.ar\/blog\/wp-json\/wp\/v2\/posts\/19685\/revisions"}],"predecessor-version":[{"id":19687,"href":"https:\/\/larevistadigital.com.ar\/blog\/wp-json\/wp\/v2\/posts\/19685\/revisions\/19687"}],"wp:featuredmedia":[{"embeddable":true,"href":"https:\/\/larevistadigital.com.ar\/blog\/wp-json\/wp\/v2\/media\/19686"}],"wp:attachment":[{"href":"https:\/\/larevistadigital.com.ar\/blog\/wp-json\/wp\/v2\/media?parent=19685"}],"wp:term":[{"taxonomy":"category","embeddable":true,"href":"https:\/\/larevistadigital.com.ar\/blog\/wp-json\/wp\/v2\/categories?post=19685"},{"taxonomy":"post_tag","embeddable":true,"href":"https:\/\/larevistadigital.com.ar\/blog\/wp-json\/wp\/v2\/tags?post=19685"}],"curies":[{"name":"wp","href":"https:\/\/api.w.org\/{rel}","templated":true}]}}