{"id":19689,"date":"2021-04-16T22:40:20","date_gmt":"2021-04-16T22:40:20","guid":{"rendered":"https:\/\/larevistadigital.com.ar\/blog\/?p=19689"},"modified":"2021-04-16T22:40:20","modified_gmt":"2021-04-16T22:40:20","slug":"dolores-imputan-a-menor-por-distribucion-de-pornografia-infantil","status":"publish","type":"post","link":"https:\/\/larevistadigital.com.ar\/blog\/dolores-imputan-a-menor-por-distribucion-de-pornografia-infantil\/","title":{"rendered":"DOLORES: IMPUTAN A MENOR POR DISTRIBUCI\u00d3N DE PORNOGRAF\u00cdA INFANTIL"},"content":{"rendered":"<h2 class=\"nota__hero__summary\">Tras una importante investigaci\u00f3n, efectivos de la Polic\u00eda Federal concretaron un allanamiento en una vivienda. Secuestraron elementos relacionados con la causa.<\/h2>\n<p><strong>DOLORES &#8211; <\/strong>Un adolescente de Dolores qued\u00f3 imputado en una causa por \u201cDistribuci\u00f3n de pornograf\u00eda infantil\u201d, luego de una denuncia realizada por Missing Children que deriv\u00f3 en una importante investigaci\u00f3n y allanamiento de una vivienda en la ciudad.<\/p>\n<p>El operativo a cargo de efectivos de la Polic\u00eda Federal se concret\u00f3 en un departamento ubicado en calle Monse\u00f1or de Andrea, entre Sarmiento y Del Valle de Dolores.<\/p>\n<blockquote>\n<h3>El Fiscal de la Unidad Funcional de Instrucci\u00f3n de General Madariaga, Walter Mercuri, quien estaba al frente de la investigaci\u00f3n, inform\u00f3 a ENTRELINEAS.info que, si bien en un primer momento, todo indicaba que la responsable del delito era una mujer, los elementos secuestrados y periciados en el lugar, determinaron que se tratar\u00eda de su hijo, menor de edad.<\/h3>\n<\/blockquote>\n<p>En este sentido, el funcionario judicial detall\u00f3 que el celular y los dispositivos en los que se encontraba almacenado el material relacionado con la investigaci\u00f3n eran propiedad del adolescente.<\/p>\n<blockquote>\n<h3>Adem\u00e1s, Mercuri agreg\u00f3: \u201cLa causa se origin\u00f3 por un reporte de Missing Children, en el que se denunciaba que, desde este domicilio de Dolores se distribuir\u00eda material de abuso infantil y, partir de ah\u00ed, se inici\u00f3 una investigaci\u00f3n conjuntamente con la Polic\u00eda Federal de Pinamar con apoyo de la Delegaci\u00f3n de Dolores\u201d.<\/h3>\n<\/blockquote>\n<p>En el allanamiento, adem\u00e1s de lo reportado por la Asociaci\u00f3n denunciante, <strong><em>\u201ctambi\u00e9n se encontraron otros materiales vinculados con el delito que se investiga\u201d.<\/em><\/strong><\/p>\n<p>Al ser el imputado menor de edad, no qued\u00f3 detenido, pero la causa contin\u00faa, ahora en manos de la Fiscal\u00eda del Fuero de Responsabilidad Juvenil del Departamento Judicial Dolores.<\/p>\n<p>publicado en entrelineas,info<\/p>\n","protected":false},"excerpt":{"rendered":"<div class=\"mh-excerpt\"><p>Tras una importante investigaci\u00f3n, efectivos de la Polic\u00eda Federal concretaron un allanamiento en una vivienda. Secuestraron elementos relacionados con la causa. DOLORES &#8211; Un adolescente de Dolores qued\u00f3 imputado en una causa por \u201cDistribuci\u00f3n de <a class=\"mh-excerpt-more\" href=\"https:\/\/larevistadigital.com.ar\/blog\/dolores-imputan-a-menor-por-distribucion-de-pornografia-infantil\/\" title=\"DOLORES: IMPUTAN A MENOR POR DISTRIBUCI\u00d3N DE PORNOGRAF\u00cdA INFANTIL\">[Leer M\u00e1s]<\/a><\/p>\n<\/div>","protected":false},"author":3,"featured_media":19690,"comment_status":"open","ping_status":"open","sticky":false,"template":"","format":"standard","meta":{"_jetpack_memberships_contains_paid_content":false,"footnotes":"","jetpack_publicize_message":"","jetpack_publicize_feature_enabled":true,"jetpack_social_post_already_shared":true,"jetpack_social_options":{"image_generator_settings":{"template":"highway","default_image_id":0,"font":"","enabled":false},"version":2}},"categories":[43,44,51],"tags":[],"class_list":{"0":"post-19689","1":"post","2":"type-post","3":"status-publish","4":"format-standard","5":"has-post-thumbnail","7":"category-dolores","8":"category-policiales","9":"category-regionales"},"jetpack_publicize_connections":[],"jetpack_featured_media_url":"https:\/\/i0.wp.com\/larevistadigital.com.ar\/blog\/wp-content\/uploads\/a915205de3e4e1b87bfe9d41755d1544e947d626.jpg?fit=1140%2C739&ssl=1","jetpack_sharing_enabled":true,"jetpack_shortlink":"https:\/\/wp.me\/p8qtrQ-57z","jetpack-related-posts":[{"id":21315,"url":"https:\/\/larevistadigital.com.ar\/blog\/cae-joven-de-ayacucho-por-denuncia-de-missing-children-de-distribuir-pornografia-infantil\/","url_meta":{"origin":19689,"position":0},"title":"CAE JOVEN DE AYACUCHO POR DENUNCIA DE MISSING CHILDREN DE \u00abDISTRIBUIR PORNOGRAF\u00cdA INFANTIL\u00bb","author":"Alejandro Sosa Ruda","date":"30 julio, 2021","format":false,"excerpt":"Efectivos de la Polic\u00eda Federal allanaron el domicilio donde secuestraron elementos de inter\u00e9s para la investigaci\u00f3n. El aprehendido tiene 26 a\u00f1os. AYACUCHO - Un joven de 26 a\u00f1os fue aprehendido hoy en Ayacucho, tras un allanamiento dispuesto a ra\u00edz de una denuncia de Missing Children por tenencia y distribuci\u00f3n de\u2026","rel":"","context":"En \u00abPOLICIALES\u00bb","block_context":{"text":"POLICIALES","link":"https:\/\/larevistadigital.com.ar\/blog\/category\/policiales\/"},"img":{"alt_text":"","src":"https:\/\/i0.wp.com\/larevistadigital.com.ar\/blog\/wp-content\/uploads\/20842e55253d94d8f5b4858f1cccc5a19f27af2e.jpg?fit=1140%2C647&ssl=1&resize=350%2C200","width":350,"height":200,"srcset":"https:\/\/i0.wp.com\/larevistadigital.com.ar\/blog\/wp-content\/uploads\/20842e55253d94d8f5b4858f1cccc5a19f27af2e.jpg?fit=1140%2C647&ssl=1&resize=350%2C200 1x, https:\/\/i0.wp.com\/larevistadigital.com.ar\/blog\/wp-content\/uploads\/20842e55253d94d8f5b4858f1cccc5a19f27af2e.jpg?fit=1140%2C647&ssl=1&resize=525%2C300 1.5x, https:\/\/i0.wp.com\/larevistadigital.com.ar\/blog\/wp-content\/uploads\/20842e55253d94d8f5b4858f1cccc5a19f27af2e.jpg?fit=1140%2C647&ssl=1&resize=700%2C400 2x, https:\/\/i0.wp.com\/larevistadigital.com.ar\/blog\/wp-content\/uploads\/20842e55253d94d8f5b4858f1cccc5a19f27af2e.jpg?fit=1140%2C647&ssl=1&resize=1050%2C600 3x"},"classes":[]},{"id":21749,"url":"https:\/\/larevistadigital.com.ar\/blog\/villa-gesell-tras-allanamiento-detectan-a-menor-de-13-anos-que-distribuia-pornografia-infantil\/","url_meta":{"origin":19689,"position":1},"title":"VILLA GESELL: TRAS ALLANAMIENTO DETECTAN A MENOR DE 13 A\u00d1OS QUE DISTRIBU\u00cdA PORNOGRAF\u00cdA INFANTIL","author":"Alejandro Sosa Ruda","date":"27 agosto, 2021","format":false,"excerpt":"El operativo se concret\u00f3 tras una nueva denuncia de Missing Children. Se secuestraron dispositivos con im\u00e1genes comprometedoras. El menor no fue detenido. VILLA GESELL - Un chico de 13 a\u00f1os fue identificado en una causa por distribuci\u00f3n de pornograf\u00eda infantil luego de un procedimiento llevado a cabo en Villa Gesell.\u2026","rel":"","context":"En \u00abPOLICIALES\u00bb","block_context":{"text":"POLICIALES","link":"https:\/\/larevistadigital.com.ar\/blog\/category\/policiales\/"},"img":{"alt_text":"","src":"https:\/\/i0.wp.com\/larevistadigital.com.ar\/blog\/wp-content\/uploads\/f5e62e98f40a1807fa152d005878364cc94646d7.jpg?fit=1140%2C641&ssl=1&resize=350%2C200","width":350,"height":200,"srcset":"https:\/\/i0.wp.com\/larevistadigital.com.ar\/blog\/wp-content\/uploads\/f5e62e98f40a1807fa152d005878364cc94646d7.jpg?fit=1140%2C641&ssl=1&resize=350%2C200 1x, https:\/\/i0.wp.com\/larevistadigital.com.ar\/blog\/wp-content\/uploads\/f5e62e98f40a1807fa152d005878364cc94646d7.jpg?fit=1140%2C641&ssl=1&resize=525%2C300 1.5x, https:\/\/i0.wp.com\/larevistadigital.com.ar\/blog\/wp-content\/uploads\/f5e62e98f40a1807fa152d005878364cc94646d7.jpg?fit=1140%2C641&ssl=1&resize=700%2C400 2x, https:\/\/i0.wp.com\/larevistadigital.com.ar\/blog\/wp-content\/uploads\/f5e62e98f40a1807fa152d005878364cc94646d7.jpg?fit=1140%2C641&ssl=1&resize=1050%2C600 3x"},"classes":[]},{"id":21493,"url":"https:\/\/larevistadigital.com.ar\/blog\/detienen-un-hombre-por-producir-y-distribuir-pornografia-infantil\/","url_meta":{"origin":19689,"position":2},"title":"DETIENEN UN HOMBRE POR PRODUCIR Y DISTRIBUIR PORNOGRAF\u00cdA INFANTIL","author":"Alejandro Sosa Ruda","date":"11 agosto, 2021","format":false,"excerpt":"PILA -\u00a0 Un joven de 23 a\u00f1os fue detenido en Pila acusado de producir, tener y distribuir pornograf\u00eda infantil luego de un allanamiento realizado hoy tras una denuncia reportada por Missing Children, informaron fuentes judiciales y de la Polic\u00eda. El operativo se desarroll\u00f3 en una vivienda de la calle 14\u2026","rel":"","context":"En \u00abPOLICIALES\u00bb","block_context":{"text":"POLICIALES","link":"https:\/\/larevistadigital.com.ar\/blog\/category\/policiales\/"},"img":{"alt_text":"","src":"https:\/\/i0.wp.com\/larevistadigital.com.ar\/blog\/wp-content\/uploads\/40f05acf3d5263245c5af9f7645bd6ea960a8d45.jpg?fit=1140%2C695&ssl=1&resize=350%2C200","width":350,"height":200,"srcset":"https:\/\/i0.wp.com\/larevistadigital.com.ar\/blog\/wp-content\/uploads\/40f05acf3d5263245c5af9f7645bd6ea960a8d45.jpg?fit=1140%2C695&ssl=1&resize=350%2C200 1x, https:\/\/i0.wp.com\/larevistadigital.com.ar\/blog\/wp-content\/uploads\/40f05acf3d5263245c5af9f7645bd6ea960a8d45.jpg?fit=1140%2C695&ssl=1&resize=525%2C300 1.5x, https:\/\/i0.wp.com\/larevistadigital.com.ar\/blog\/wp-content\/uploads\/40f05acf3d5263245c5af9f7645bd6ea960a8d45.jpg?fit=1140%2C695&ssl=1&resize=700%2C400 2x, https:\/\/i0.wp.com\/larevistadigital.com.ar\/blog\/wp-content\/uploads\/40f05acf3d5263245c5af9f7645bd6ea960a8d45.jpg?fit=1140%2C695&ssl=1&resize=1050%2C600 3x"},"classes":[]},{"id":20137,"url":"https:\/\/larevistadigital.com.ar\/blog\/preocupante-en-las-ultimas-semanas-hubieron-7-allanamientos-en-la-region-por-distribucion-de-pornografia-infantil\/","url_meta":{"origin":19689,"position":3},"title":"PREOCUPANTE: EN LAS \u00daLTIMAS SEMANAS HUBIERON 7 ALLANAMIENTOS EN LA REGI\u00d3N POR DISTRIBUCI\u00d3N DE PORNOGRAF\u00cdA INFANTIL","author":"Alejandro Sosa Ruda","date":"7 mayo, 2021","format":false,"excerpt":"La mayor\u00eda de los operativos se concretaron luego de que Missing Children emitiera un reporte para iniciar la investigaci\u00f3n. Hubo detenidos en Pinamar, Dolores, General Alvarado, General Madariaga y el Partido de La Costa. En las \u00faltimas horas se concret\u00f3 un allanamiento en un domicilio de la localidad de San\u2026","rel":"","context":"En \u00abPOLICIALES\u00bb","block_context":{"text":"POLICIALES","link":"https:\/\/larevistadigital.com.ar\/blog\/category\/policiales\/"},"img":{"alt_text":"","src":"https:\/\/i0.wp.com\/larevistadigital.com.ar\/blog\/wp-content\/uploads\/ALLANAMIENTOS-PORNO.jpg?fit=1140%2C759&ssl=1&resize=350%2C200","width":350,"height":200,"srcset":"https:\/\/i0.wp.com\/larevistadigital.com.ar\/blog\/wp-content\/uploads\/ALLANAMIENTOS-PORNO.jpg?fit=1140%2C759&ssl=1&resize=350%2C200 1x, https:\/\/i0.wp.com\/larevistadigital.com.ar\/blog\/wp-content\/uploads\/ALLANAMIENTOS-PORNO.jpg?fit=1140%2C759&ssl=1&resize=525%2C300 1.5x, https:\/\/i0.wp.com\/larevistadigital.com.ar\/blog\/wp-content\/uploads\/ALLANAMIENTOS-PORNO.jpg?fit=1140%2C759&ssl=1&resize=700%2C400 2x, https:\/\/i0.wp.com\/larevistadigital.com.ar\/blog\/wp-content\/uploads\/ALLANAMIENTOS-PORNO.jpg?fit=1140%2C759&ssl=1&resize=1050%2C600 3x"},"classes":[]},{"id":32399,"url":"https:\/\/larevistadigital.com.ar\/blog\/chascomus-la-policia-federal-detuvo-un-sujeto-mayor-de-edad-por-produccion-captura-y-distribucion-de-pornografia-infantil\/","url_meta":{"origin":19689,"position":4},"title":"CHASCOM\u00daS: LA POLIC\u00cdA FEDERAL DETUVO UN SUJETO MAYOR DE EDAD POR PRODUCCI\u00d3N, CAPTURA Y DISTRIBUCI\u00d3N DE PORNOGRAF\u00cdA INFANTIL","author":"Alejandro Sosa Ruda","date":"13 julio, 2023","format":false,"excerpt":"Lo hizo por investigaciones llevadas a cabo a partir de una denuncia de \"Missing Children\". 13 de julio de 2023 CHASCOM\u00daS -\u00a0 Durante la ma\u00f1ana de hoy, uniformados de la Polic\u00eda Federal Argentina, realizaron allanamientos en dos viviendas de la ciudad de Chascom\u00fas, vinculados al delito de producci\u00f3n, captura y\u2026","rel":"","context":"En \u00abDESTACADAS\u00bb","block_context":{"text":"DESTACADAS","link":"https:\/\/larevistadigital.com.ar\/blog\/category\/destacadas\/"},"img":{"alt_text":"","src":"https:\/\/i0.wp.com\/larevistadigital.com.ar\/blog\/wp-content\/uploads\/WhatsApp-Image-2023-07-13-at-19.31.49-1-e1689289596834.jpeg?fit=973%2C435&ssl=1&resize=350%2C200","width":350,"height":200,"srcset":"https:\/\/i0.wp.com\/larevistadigital.com.ar\/blog\/wp-content\/uploads\/WhatsApp-Image-2023-07-13-at-19.31.49-1-e1689289596834.jpeg?fit=973%2C435&ssl=1&resize=350%2C200 1x, https:\/\/i0.wp.com\/larevistadigital.com.ar\/blog\/wp-content\/uploads\/WhatsApp-Image-2023-07-13-at-19.31.49-1-e1689289596834.jpeg?fit=973%2C435&ssl=1&resize=525%2C300 1.5x, https:\/\/i0.wp.com\/larevistadigital.com.ar\/blog\/wp-content\/uploads\/WhatsApp-Image-2023-07-13-at-19.31.49-1-e1689289596834.jpeg?fit=973%2C435&ssl=1&resize=700%2C400 2x"},"classes":[]},{"id":10591,"url":"https:\/\/larevistadigital.com.ar\/blog\/ranchos-detienen-a-mujer-que-distribuia-pornografia-infantil\/","url_meta":{"origin":19689,"position":5},"title":"RANCHOS: DETIENEN A MUJER QUE DISTRIBU\u00cdA PORNOGRAF\u00cdA INFANTIL","author":"Alejandro Sosa Ruda","date":"13 junio, 2019","format":false,"excerpt":"Operativo a pedido del Departamento judicial La Plata en la localidad de Ranchos. Este mi\u00e9rcoles por la noche agentes de la Delegaci\u00f3n de Policia Federal La Plata detuvieron a una mujer acusada de distribuci\u00f3n de pornograf\u00eda infantil en la localidad bonaerense de Ranchos. La implicada era investigada por la fiscal\u2026","rel":"","context":"En \u00abPOLICIALES\u00bb","block_context":{"text":"POLICIALES","link":"https:\/\/larevistadigital.com.ar\/blog\/category\/policiales\/"},"img":{"alt_text":"","src":"https:\/\/i0.wp.com\/larevistadigital.com.ar\/blog\/wp-content\/uploads\/Screenshot_3.jpg?fit=833%2C628&ssl=1&resize=350%2C200","width":350,"height":200,"srcset":"https:\/\/i0.wp.com\/larevistadigital.com.ar\/blog\/wp-content\/uploads\/Screenshot_3.jpg?fit=833%2C628&ssl=1&resize=350%2C200 1x, https:\/\/i0.wp.com\/larevistadigital.com.ar\/blog\/wp-content\/uploads\/Screenshot_3.jpg?fit=833%2C628&ssl=1&resize=525%2C300 1.5x, https:\/\/i0.wp.com\/larevistadigital.com.ar\/blog\/wp-content\/uploads\/Screenshot_3.jpg?fit=833%2C628&ssl=1&resize=700%2C400 2x"},"classes":[]}],"_links":{"self":[{"href":"https:\/\/larevistadigital.com.ar\/blog\/wp-json\/wp\/v2\/posts\/19689","targetHints":{"allow":["GET"]}}],"collection":[{"href":"https:\/\/larevistadigital.com.ar\/blog\/wp-json\/wp\/v2\/posts"}],"about":[{"href":"https:\/\/larevistadigital.com.ar\/blog\/wp-json\/wp\/v2\/types\/post"}],"author":[{"embeddable":true,"href":"https:\/\/larevistadigital.com.ar\/blog\/wp-json\/wp\/v2\/users\/3"}],"replies":[{"embeddable":true,"href":"https:\/\/larevistadigital.com.ar\/blog\/wp-json\/wp\/v2\/comments?post=19689"}],"version-history":[{"count":1,"href":"https:\/\/larevistadigital.com.ar\/blog\/wp-json\/wp\/v2\/posts\/19689\/revisions"}],"predecessor-version":[{"id":19691,"href":"https:\/\/larevistadigital.com.ar\/blog\/wp-json\/wp\/v2\/posts\/19689\/revisions\/19691"}],"wp:featuredmedia":[{"embeddable":true,"href":"https:\/\/larevistadigital.com.ar\/blog\/wp-json\/wp\/v2\/media\/19690"}],"wp:attachment":[{"href":"https:\/\/larevistadigital.com.ar\/blog\/wp-json\/wp\/v2\/media?parent=19689"}],"wp:term":[{"taxonomy":"category","embeddable":true,"href":"https:\/\/larevistadigital.com.ar\/blog\/wp-json\/wp\/v2\/categories?post=19689"},{"taxonomy":"post_tag","embeddable":true,"href":"https:\/\/larevistadigital.com.ar\/blog\/wp-json\/wp\/v2\/tags?post=19689"}],"curies":[{"name":"wp","href":"https:\/\/api.w.org\/{rel}","templated":true}]}}