{"id":19692,"date":"2021-04-16T22:46:55","date_gmt":"2021-04-16T22:46:55","guid":{"rendered":"https:\/\/larevistadigital.com.ar\/blog\/?p=19692"},"modified":"2021-04-16T22:48:05","modified_gmt":"2021-04-16T22:48:05","slug":"el-gobierno-envia-1000-gendarmes-al-amba-para-controlar-que-se-cumplan-las-restricciones","status":"publish","type":"post","link":"https:\/\/larevistadigital.com.ar\/blog\/el-gobierno-envia-1000-gendarmes-al-amba-para-controlar-que-se-cumplan-las-restricciones\/","title":{"rendered":"EL GOBIERNO ENV\u00cdA 1000 GENDARMES AL AMBA PARA CONTROLAR QUE SE CUMPLAN LAS RESTRICCIONES"},"content":{"rendered":"<p><strong>Alberto Fern\u00e1ndez<\/strong> reforzar\u00e1 con 1000 gendarmes el \u00e1rea del AMBA para garantizar que se cumplan las nuevas restricciones.<\/p>\n<p>Este refuerzo est\u00e1 enmarcado en el Plan Nacional de Seguridad para el \u00e1rea Metropolitana de Buenos Aires (AMBA), y ser\u00e1 anunciado en un acto llevado a cabo este mediod\u00eda en la sede de Gendarmer\u00eda de Campo de Mayo.<\/p>\n<p>El mandatario estar\u00e1 acompa\u00f1ado de la ministra de Seguridad, <strong>Sabina Frederic<\/strong>, con quien entregar\u00e1n 150 veh\u00edculos que fueron adquiridos por una inversi\u00f3n de casi 600 millones de pesos. La finalidad de estos ser\u00e1 la de fortalecer las capacidades operativas y log\u00edsticas de la Prefectura, la Gendarmer\u00eda, Polic\u00eda Federal y la Polic\u00eda de Seguridad Aeroportuaria (PSA).<\/p>\n<p>Se incorporar\u00e1n 1000 gendarmes e incrementar\u00e1n en un 40% el personal operativo mientras duren las nuevas restricciones de circulaci\u00f3n, y se sumar\u00e1n a los 8500 efectivos de las fuerzas federales de seguridad desplegadas desde este jueves en el AMBA.<\/p>\n<p>publicado en DNL<\/p>\n","protected":false},"excerpt":{"rendered":"<div class=\"mh-excerpt\"><p>Alberto Fern\u00e1ndez reforzar\u00e1 con 1000 gendarmes el \u00e1rea del AMBA para garantizar que se cumplan las nuevas restricciones. Este refuerzo est\u00e1 enmarcado en el Plan Nacional de Seguridad para el \u00e1rea Metropolitana de Buenos Aires <a class=\"mh-excerpt-more\" href=\"https:\/\/larevistadigital.com.ar\/blog\/el-gobierno-envia-1000-gendarmes-al-amba-para-controlar-que-se-cumplan-las-restricciones\/\" title=\"EL GOBIERNO ENV\u00cdA 1000 GENDARMES AL AMBA PARA CONTROLAR QUE SE CUMPLAN LAS RESTRICCIONES\">[Leer M\u00e1s]<\/a><\/p>\n<\/div>","protected":false},"author":3,"featured_media":19693,"comment_status":"open","ping_status":"open","sticky":false,"template":"","format":"standard","meta":{"_jetpack_memberships_contains_paid_content":false,"footnotes":"","jetpack_publicize_message":"","jetpack_publicize_feature_enabled":true,"jetpack_social_post_already_shared":true,"jetpack_social_options":{"image_generator_settings":{"template":"highway","default_image_id":0,"font":"","enabled":false},"version":2}},"categories":[50],"tags":[],"class_list":{"0":"post-19692","1":"post","2":"type-post","3":"status-publish","4":"format-standard","5":"has-post-thumbnail","7":"category-interes-general"},"jetpack_publicize_connections":[],"jetpack_featured_media_url":"https:\/\/i0.wp.com\/larevistadigital.com.ar\/blog\/wp-content\/uploads\/5e68f84deaa71_gendarmeria2020dos.jpg?fit=1200%2C550&ssl=1","jetpack_sharing_enabled":true,"jetpack_shortlink":"https:\/\/wp.me\/p8qtrQ-57C","jetpack-related-posts":[{"id":20578,"url":"https:\/\/larevistadigital.com.ar\/blog\/berni-contra-alberto-y-fredericno-pueden-repartir-gendarmes-como-si-fueran-caramelos\/","url_meta":{"origin":19692,"position":0},"title":"BERNI CONTRA ALBERTO Y FREDERIC:\u00bbNO PUEDEN REPARTIR GENDARMES COMO SI FUERAN CARAMELOS","author":"Alejandro Sosa Ruda","date":"31 mayo, 2021","format":false,"excerpt":"El ministro cuestion\u00f3 la estrategia de gestionar directo con los intendentes, avalada por el presidente. \"No entiende absolutamente nada\", dijo. Sergio Berni desempolv\u00f3 la interna contra Sabina Frederic, pero golpe\u00f3 tambi\u00e9n contra Alberto Fern\u00e1ndez por haber avalado la estrategia de la ministra de tratar directo con los intendentes del Conurbano,\u2026","rel":"","context":"En \u00abINTERES GENERAL\u00bb","block_context":{"text":"INTERES GENERAL","link":"https:\/\/larevistadigital.com.ar\/blog\/category\/interes-general\/"},"img":{"alt_text":"","src":"https:\/\/i0.wp.com\/larevistadigital.com.ar\/blog\/wp-content\/uploads\/5f578fb39c481_940_529.jpg?fit=940%2C529&ssl=1&resize=350%2C200","width":350,"height":200,"srcset":"https:\/\/i0.wp.com\/larevistadigital.com.ar\/blog\/wp-content\/uploads\/5f578fb39c481_940_529.jpg?fit=940%2C529&ssl=1&resize=350%2C200 1x, https:\/\/i0.wp.com\/larevistadigital.com.ar\/blog\/wp-content\/uploads\/5f578fb39c481_940_529.jpg?fit=940%2C529&ssl=1&resize=525%2C300 1.5x, https:\/\/i0.wp.com\/larevistadigital.com.ar\/blog\/wp-content\/uploads\/5f578fb39c481_940_529.jpg?fit=940%2C529&ssl=1&resize=700%2C400 2x"},"classes":[]},{"id":34604,"url":"https:\/\/larevistadigital.com.ar\/blog\/villarroel-visito-a-la-plana-mayor-de-policia-federal-gendarmeria-y-prefectura\/","url_meta":{"origin":19692,"position":1},"title":"VILLARROEL VISIT\u00d3 A LA PLANA MAYOR DE POLIC\u00cdA FEDERAL, GENDARMER\u00cdA Y PREFECTURA","author":"Alejandro Sosa Ruda","date":"25 noviembre, 2023","format":false,"excerpt":"A trav\u00e9s de sus redes sociales, la vicepresidenta electa comunic\u00f3 la recorrida por los edificios de tres de las fuerzas de seguridad nacionales y detall\u00f3 las reuniones que mantuvo con sus autoridades. 25 de Noviembre de 2023 La vicepresidenta electa Victoria Villarruel\u00a0mantuvo en las \u00faltimas horas reuniones con la plana\u2026","rel":"","context":"En \u00abINTERES GENERAL\u00bb","block_context":{"text":"INTERES GENERAL","link":"https:\/\/larevistadigital.com.ar\/blog\/category\/interes-general\/"},"img":{"alt_text":"","src":"https:\/\/i0.wp.com\/larevistadigital.com.ar\/blog\/wp-content\/uploads\/6561ef3c8ed9d.-prefectura-foto-x_1200.jpg?fit=1200%2C675&ssl=1&resize=350%2C200","width":350,"height":200,"srcset":"https:\/\/i0.wp.com\/larevistadigital.com.ar\/blog\/wp-content\/uploads\/6561ef3c8ed9d.-prefectura-foto-x_1200.jpg?fit=1200%2C675&ssl=1&resize=350%2C200 1x, https:\/\/i0.wp.com\/larevistadigital.com.ar\/blog\/wp-content\/uploads\/6561ef3c8ed9d.-prefectura-foto-x_1200.jpg?fit=1200%2C675&ssl=1&resize=525%2C300 1.5x, https:\/\/i0.wp.com\/larevistadigital.com.ar\/blog\/wp-content\/uploads\/6561ef3c8ed9d.-prefectura-foto-x_1200.jpg?fit=1200%2C675&ssl=1&resize=700%2C400 2x, https:\/\/i0.wp.com\/larevistadigital.com.ar\/blog\/wp-content\/uploads\/6561ef3c8ed9d.-prefectura-foto-x_1200.jpg?fit=1200%2C675&ssl=1&resize=1050%2C600 3x"},"classes":[]},{"id":1866,"url":"https:\/\/larevistadigital.com.ar\/blog\/incidentes-en-ruta-197\/","url_meta":{"origin":19692,"position":2},"title":"INCIDENTES EN RUTA 197","author":"Alejandro Sosa Ruda","date":"6 abril, 2017","format":false,"excerpt":"Gendarmes y manifestantes de agrupaciones de izquierda se enfrentaban a partir de aproximadamente las nueve y media de la\u00a0 ma\u00f1ana en el piquete en \u00a0autopista Panamericana, en el partido bonaerense de Tigre, adonde fueron detenidas algunas de las personas que participaban del corte. Los incidentes comenzaron cuando grupos de izquierda\u2026","rel":"","context":"En \u00abDESTACADAS\u00bb","block_context":{"text":"DESTACADAS","link":"https:\/\/larevistadigital.com.ar\/blog\/category\/destacadas\/"},"img":{"alt_text":"","src":"https:\/\/i0.wp.com\/larevistadigital.com.ar\/blog\/wp-content\/uploads\/2017\/04\/0010645143.jpg?fit=770%2C418&ssl=1&resize=350%2C200","width":350,"height":200,"srcset":"https:\/\/i0.wp.com\/larevistadigital.com.ar\/blog\/wp-content\/uploads\/2017\/04\/0010645143.jpg?fit=770%2C418&ssl=1&resize=350%2C200 1x, https:\/\/i0.wp.com\/larevistadigital.com.ar\/blog\/wp-content\/uploads\/2017\/04\/0010645143.jpg?fit=770%2C418&ssl=1&resize=525%2C300 1.5x, https:\/\/i0.wp.com\/larevistadigital.com.ar\/blog\/wp-content\/uploads\/2017\/04\/0010645143.jpg?fit=770%2C418&ssl=1&resize=700%2C400 2x"},"classes":[]},{"id":19666,"url":"https:\/\/larevistadigital.com.ar\/blog\/la-plata-que-se-puede-hacer-y-que-no-con-las-nuevas-restricciones\/","url_meta":{"origin":19692,"position":3},"title":"LA PLATA: QU\u00c9 SE PUEDE HACER Y QU\u00c9 NO, CON LAS NUEVAS RESTRICCIONES","author":"Alejandro Sosa Ruda","date":"15 abril, 2021","format":false,"excerpt":"El Gobierno anunci\u00f3 nuevas medidas para el AMBA en medio de la abrupta suba de contagios. Buscan avanzar con la vacunaci\u00f3n y preservar el sistema sanitario. Luego de un inicio de semana con una explosi\u00f3n de casos diarios de\u00a0coronavirus, el presidente\u00a0Alberto Fern\u00e1ndez\u00a0avanz\u00f3 con medidas m\u00e1s duras para frenar los contagios\u2026","rel":"","context":"En \u00abREGIONALES\u00bb","block_context":{"text":"REGIONALES","link":"https:\/\/larevistadigital.com.ar\/blog\/category\/regionales\/"},"img":{"alt_text":"","src":"https:\/\/i0.wp.com\/larevistadigital.com.ar\/blog\/wp-content\/uploads\/1617114933833.jpg?fit=1200%2C810&ssl=1&resize=350%2C200","width":350,"height":200,"srcset":"https:\/\/i0.wp.com\/larevistadigital.com.ar\/blog\/wp-content\/uploads\/1617114933833.jpg?fit=1200%2C810&ssl=1&resize=350%2C200 1x, https:\/\/i0.wp.com\/larevistadigital.com.ar\/blog\/wp-content\/uploads\/1617114933833.jpg?fit=1200%2C810&ssl=1&resize=525%2C300 1.5x, https:\/\/i0.wp.com\/larevistadigital.com.ar\/blog\/wp-content\/uploads\/1617114933833.jpg?fit=1200%2C810&ssl=1&resize=700%2C400 2x, https:\/\/i0.wp.com\/larevistadigital.com.ar\/blog\/wp-content\/uploads\/1617114933833.jpg?fit=1200%2C810&ssl=1&resize=1050%2C600 3x"},"classes":[]},{"id":1679,"url":"https:\/\/larevistadigital.com.ar\/blog\/como-funciona-el-equipo-anticorrupcion-de-las-fuerzas-de-seguridad\/","url_meta":{"origin":19692,"position":4},"title":"C\u00f3mo funciona el equipo anticorrupci\u00f3n de las fuerzas de seguridad","author":"editor","date":"27 marzo, 2017","format":false,"excerpt":"Un grupo especial del Ministerio de Seguridad controla a 96.700 agentes de la Federal, Prefectura, Gendarmer\u00eda y Policia Aeroportuaria; ya descabezaron a la c\u00fapula de Chascom\u00fas con un sistema de protecci\u00f3n de denunciantes Se consideran un equipo infranqueable, tomaron nota de la experiencia de los Estados Unidos, y conforman un\u2026","rel":"","context":"En \u00abCHASCOM\u00daS\u00bb","block_context":{"text":"CHASCOM\u00daS","link":"https:\/\/larevistadigital.com.ar\/blog\/category\/chascomus\/"},"img":{"alt_text":"","src":"https:\/\/i0.wp.com\/larevistadigital.com.ar\/blog\/wp-content\/uploads\/2017\/03\/167515_nacionales.jpg?fit=544%2C293&ssl=1&resize=350%2C200","width":350,"height":200,"srcset":"https:\/\/i0.wp.com\/larevistadigital.com.ar\/blog\/wp-content\/uploads\/2017\/03\/167515_nacionales.jpg?fit=544%2C293&ssl=1&resize=350%2C200 1x, https:\/\/i0.wp.com\/larevistadigital.com.ar\/blog\/wp-content\/uploads\/2017\/03\/167515_nacionales.jpg?fit=544%2C293&ssl=1&resize=525%2C300 1.5x"},"classes":[]},{"id":28254,"url":"https:\/\/larevistadigital.com.ar\/blog\/vecinos-aterrados-en-villa-mascardi-nos-dormimos-pensando-que-vamos-a-despertar-con-nuestra-casa-en-llamas\/","url_meta":{"origin":19692,"position":5},"title":"VECINOS ATERRADOS EN VILLA MASCARDI: \u00abNOS DORMIMOS PENSANDO QUE VAMOS A DESPERTAR CON NUESTRA CASA EN LLAMAS\u00bb","author":"Alejandro Sosa Ruda","date":"4 octubre, 2022","format":false,"excerpt":"Luego de los ataques terroristas mapuches, los habitantes de la zona lamentaron tener que vivir \u201ca merced del accionar de los encapuchados, que ya demostraron que tienen intenciones de ir por todo\u201d. VILLA MASCARDI -\u00a0 Los vecinos de Villa Mascardi, vienen sufriendo distintas situaciones de violencia por los autoproclamados Mapuches,\u2026","rel":"","context":"En \u00abINTERES GENERAL\u00bb","block_context":{"text":"INTERES GENERAL","link":"https:\/\/larevistadigital.com.ar\/blog\/category\/interes-general\/"},"img":{"alt_text":"","src":"https:\/\/i0.wp.com\/larevistadigital.com.ar\/blog\/wp-content\/uploads\/63574c40-702a-5168-9104-2e2c81d318da_low.jpg?fit=640%2C288&ssl=1&resize=350%2C200","width":350,"height":200,"srcset":"https:\/\/i0.wp.com\/larevistadigital.com.ar\/blog\/wp-content\/uploads\/63574c40-702a-5168-9104-2e2c81d318da_low.jpg?fit=640%2C288&ssl=1&resize=350%2C200 1x, https:\/\/i0.wp.com\/larevistadigital.com.ar\/blog\/wp-content\/uploads\/63574c40-702a-5168-9104-2e2c81d318da_low.jpg?fit=640%2C288&ssl=1&resize=525%2C300 1.5x"},"classes":[]}],"_links":{"self":[{"href":"https:\/\/larevistadigital.com.ar\/blog\/wp-json\/wp\/v2\/posts\/19692","targetHints":{"allow":["GET"]}}],"collection":[{"href":"https:\/\/larevistadigital.com.ar\/blog\/wp-json\/wp\/v2\/posts"}],"about":[{"href":"https:\/\/larevistadigital.com.ar\/blog\/wp-json\/wp\/v2\/types\/post"}],"author":[{"embeddable":true,"href":"https:\/\/larevistadigital.com.ar\/blog\/wp-json\/wp\/v2\/users\/3"}],"replies":[{"embeddable":true,"href":"https:\/\/larevistadigital.com.ar\/blog\/wp-json\/wp\/v2\/comments?post=19692"}],"version-history":[{"count":3,"href":"https:\/\/larevistadigital.com.ar\/blog\/wp-json\/wp\/v2\/posts\/19692\/revisions"}],"predecessor-version":[{"id":19696,"href":"https:\/\/larevistadigital.com.ar\/blog\/wp-json\/wp\/v2\/posts\/19692\/revisions\/19696"}],"wp:featuredmedia":[{"embeddable":true,"href":"https:\/\/larevistadigital.com.ar\/blog\/wp-json\/wp\/v2\/media\/19693"}],"wp:attachment":[{"href":"https:\/\/larevistadigital.com.ar\/blog\/wp-json\/wp\/v2\/media?parent=19692"}],"wp:term":[{"taxonomy":"category","embeddable":true,"href":"https:\/\/larevistadigital.com.ar\/blog\/wp-json\/wp\/v2\/categories?post=19692"},{"taxonomy":"post_tag","embeddable":true,"href":"https:\/\/larevistadigital.com.ar\/blog\/wp-json\/wp\/v2\/tags?post=19692"}],"curies":[{"name":"wp","href":"https:\/\/api.w.org\/{rel}","templated":true}]}}