{"id":19710,"date":"2021-04-19T11:35:21","date_gmt":"2021-04-19T11:35:21","guid":{"rendered":"https:\/\/larevistadigital.com.ar\/blog\/?p=19710"},"modified":"2021-04-19T11:35:21","modified_gmt":"2021-04-19T11:35:21","slug":"violento-robo-a-mano-armada-en-campo-de-madariaga","status":"publish","type":"post","link":"https:\/\/larevistadigital.com.ar\/blog\/violento-robo-a-mano-armada-en-campo-de-madariaga\/","title":{"rendered":"VIOLENTO ROBO A MANO ARMADA EN CAMPO DE MADARIAGA"},"content":{"rendered":"<h2 class=\"nota__hero__summary\">Los delincuentes ped\u00edan el dinero de una venta de ganado.<\/h2>\n<p><strong>GENERAL MADARIAGA &#8211;<\/strong> Durante la ma\u00f1ana del s\u00e1bado, tres delincuentes armados ingresaron a un campo ubicado sobre el kil\u00f3metro 47 de la Ruta 56, en el Partido de General Madariaga.<\/p>\n<p>Seg\u00fan inform\u00f3 Central Madariaga, el hecho delictivo fue m\u00e1s precisamente en el establecimiento La Caba\u00f1a, donde los delincuentes redujeron a un hombre con su hermana.<\/p>\n<p>Los ladrones llegaron en un auto con vidrios polarizados con supuestas intenciones de comprar alg\u00fan lech\u00f3n, pero a los pocos minutos amenazaron al due\u00f1o con armas de fuego y empezaron a pedirle dinero de una venta de ganado habr\u00eda realizado d\u00edas atr\u00e1s.<\/p>\n<p>Despu\u00e9s de m\u00e1s de hora de permanecer en el lugar amenazando a los propietarios, se retiraron del establecimiento llev\u00e1ndose armas, herramientas y algo de dinero.<\/p>\n<p>Trabajan en la investigaci\u00f3n del hecho, personal del CPR y DDI relevaban c\u00e1maras de seguridad y datos de los peajes de las rutas 74 y 11.<\/p>\n<p>fuente: entrel\u00edneas.info<\/p>\n","protected":false},"excerpt":{"rendered":"<div class=\"mh-excerpt\"><p>Los delincuentes ped\u00edan el dinero de una venta de ganado. GENERAL MADARIAGA &#8211; Durante la ma\u00f1ana del s\u00e1bado, tres delincuentes armados ingresaron a un campo ubicado sobre el kil\u00f3metro 47 de la Ruta 56, en <a class=\"mh-excerpt-more\" href=\"https:\/\/larevistadigital.com.ar\/blog\/violento-robo-a-mano-armada-en-campo-de-madariaga\/\" title=\"VIOLENTO ROBO A MANO ARMADA EN CAMPO DE MADARIAGA\">[Leer M\u00e1s]<\/a><\/p>\n<\/div>","protected":false},"author":3,"featured_media":19711,"comment_status":"open","ping_status":"open","sticky":false,"template":"","format":"standard","meta":{"_jetpack_memberships_contains_paid_content":false,"footnotes":"","jetpack_publicize_message":"","jetpack_publicize_feature_enabled":true,"jetpack_social_post_already_shared":true,"jetpack_social_options":{"image_generator_settings":{"template":"highway","default_image_id":0,"font":"","enabled":false},"version":2}},"categories":[51],"tags":[],"class_list":{"0":"post-19710","1":"post","2":"type-post","3":"status-publish","4":"format-standard","5":"has-post-thumbnail","7":"category-regionales"},"jetpack_publicize_connections":[],"jetpack_featured_media_url":"https:\/\/i0.wp.com\/larevistadigital.com.ar\/blog\/wp-content\/uploads\/764e5acffdb8d13707e5dae43ea1802ac79480cd.jpg?fit=1140%2C761&ssl=1","jetpack_sharing_enabled":true,"jetpack_shortlink":"https:\/\/wp.me\/p8qtrQ-57U","jetpack-related-posts":[{"id":37534,"url":"https:\/\/larevistadigital.com.ar\/blog\/gral-madariaga-4-delincuentes-asaltaron-a-una-mujer-a-metros-de-la-comisaria\/","url_meta":{"origin":19710,"position":0},"title":"Gral. Madariaga: 4 delincuentes asaltaron a una mujer a metros de la comisar\u00eda","author":"Alejandro Sosa Ruda","date":"16 octubre, 2024","format":false,"excerpt":"La mujer fue asaltada, y le robaron una fuerte suma de dinero. 16 de Octubre de 2024 MADARIAGA -\u00a0 \u00a0Una mujer, fue v\u00edctima de un hecho delictivo en su propia vivienda, ubicada en Yrigoyen entre Alberdi y Mitre, donde cuatro personas le robaron una importante suma de dinero. Todo ocurri\u00f3\u2026","rel":"","context":"En \u00abPOLICIALES\u00bb","block_context":{"text":"POLICIALES","link":"https:\/\/larevistadigital.com.ar\/blog\/category\/policiales\/"},"img":{"alt_text":"","src":"https:\/\/i0.wp.com\/larevistadigital.com.ar\/blog\/wp-content\/uploads\/POLICIA.png?fit=1002%2C658&ssl=1&resize=350%2C200","width":350,"height":200,"srcset":"https:\/\/i0.wp.com\/larevistadigital.com.ar\/blog\/wp-content\/uploads\/POLICIA.png?fit=1002%2C658&ssl=1&resize=350%2C200 1x, https:\/\/i0.wp.com\/larevistadigital.com.ar\/blog\/wp-content\/uploads\/POLICIA.png?fit=1002%2C658&ssl=1&resize=525%2C300 1.5x, https:\/\/i0.wp.com\/larevistadigital.com.ar\/blog\/wp-content\/uploads\/POLICIA.png?fit=1002%2C658&ssl=1&resize=700%2C400 2x"},"classes":[]},{"id":19104,"url":"https:\/\/larevistadigital.com.ar\/blog\/gral-madariaga-una-familia-sufrio-un-violento-robo\/","url_meta":{"origin":19710,"position":1},"title":"GRAL. MADARIAGA: UNA FAMILIA SUFRI\u00d3 UN VIOLENTO ROBO","author":"Alejandro Sosa Ruda","date":"1 marzo, 2021","format":false,"excerpt":"GENERAL MADARIAGA - Anoche, el propietario de una despensa ubicada en Ruta 74 y calle 107 del barrio Los Pinos de General Madariaga, sufri\u00f3 un robo a mano armada. Fueron dos los delincuentes que ingresaron al comercio y amenazaron con un arma en la cabeza a un joven, hijo del\u2026","rel":"","context":"En \u00abPOLICIALES\u00bb","block_context":{"text":"POLICIALES","link":"https:\/\/larevistadigital.com.ar\/blog\/category\/policiales\/"},"img":{"alt_text":"","src":"https:\/\/i0.wp.com\/larevistadigital.com.ar\/blog\/wp-content\/uploads\/d5d7f29906a185592055e23aa505c171c7fa2a10.jpg?fit=1140%2C643&ssl=1&resize=350%2C200","width":350,"height":200,"srcset":"https:\/\/i0.wp.com\/larevistadigital.com.ar\/blog\/wp-content\/uploads\/d5d7f29906a185592055e23aa505c171c7fa2a10.jpg?fit=1140%2C643&ssl=1&resize=350%2C200 1x, https:\/\/i0.wp.com\/larevistadigital.com.ar\/blog\/wp-content\/uploads\/d5d7f29906a185592055e23aa505c171c7fa2a10.jpg?fit=1140%2C643&ssl=1&resize=525%2C300 1.5x, https:\/\/i0.wp.com\/larevistadigital.com.ar\/blog\/wp-content\/uploads\/d5d7f29906a185592055e23aa505c171c7fa2a10.jpg?fit=1140%2C643&ssl=1&resize=700%2C400 2x, https:\/\/i0.wp.com\/larevistadigital.com.ar\/blog\/wp-content\/uploads\/d5d7f29906a185592055e23aa505c171c7fa2a10.jpg?fit=1140%2C643&ssl=1&resize=1050%2C600 3x"},"classes":[]},{"id":43879,"url":"https:\/\/larevistadigital.com.ar\/blog\/estafa-digital-en-general-madariaga-se-hicieron-pasar-por-un-banco-y-robaron-mas-de-425-000\/","url_meta":{"origin":19710,"position":2},"title":"Estafa digital en General Madariaga: se hicieron pasar por un banco y robaron m\u00e1s de $425.000","author":"Alejandro Sosa Ruda","date":"8 febrero, 2026","format":false,"excerpt":"El enga\u00f1o comenz\u00f3 en Facebook y continu\u00f3 por WhatsApp. Madre e hija transfirieron dinero creyendo tramitar un cr\u00e9dito. 08 de febrero de 2026 GENERAL MADARIAGA -\u00a0 \u00a0Un nuevo caso de estafa digital se registr\u00f3 en General Madariaga, donde una mujer y su hija fueron v\u00edctimas de delincuentes que se hicieron\u2026","rel":"","context":"En \u00abPOLICIALES\u00bb","block_context":{"text":"POLICIALES","link":"https:\/\/larevistadigital.com.ar\/blog\/category\/policiales\/"},"img":{"alt_text":"","src":"https:\/\/i0.wp.com\/larevistadigital.com.ar\/blog\/wp-content\/uploads\/Captura-de-pantalla-2026-02-08-170426.jpg?fit=1200%2C561&ssl=1&resize=350%2C200","width":350,"height":200,"srcset":"https:\/\/i0.wp.com\/larevistadigital.com.ar\/blog\/wp-content\/uploads\/Captura-de-pantalla-2026-02-08-170426.jpg?fit=1200%2C561&ssl=1&resize=350%2C200 1x, https:\/\/i0.wp.com\/larevistadigital.com.ar\/blog\/wp-content\/uploads\/Captura-de-pantalla-2026-02-08-170426.jpg?fit=1200%2C561&ssl=1&resize=525%2C300 1.5x, https:\/\/i0.wp.com\/larevistadigital.com.ar\/blog\/wp-content\/uploads\/Captura-de-pantalla-2026-02-08-170426.jpg?fit=1200%2C561&ssl=1&resize=700%2C400 2x, https:\/\/i0.wp.com\/larevistadigital.com.ar\/blog\/wp-content\/uploads\/Captura-de-pantalla-2026-02-08-170426.jpg?fit=1200%2C561&ssl=1&resize=1050%2C600 3x"},"classes":[]},{"id":44820,"url":"https:\/\/larevistadigital.com.ar\/blog\/estafa-digital-en-madariaga-le-vaciaron-la-cuenta-tras-ingresar-a-una-web-falsa-del-banco\/","url_meta":{"origin":19710,"position":3},"title":"Estafa digital en Madariaga: le vaciaron la cuenta tras ingresar a una web falsa del banco","author":"Alejandro Sosa Ruda","date":"30 marzo, 2026","format":false,"excerpt":"Un hombre de 76 a\u00f1os perdi\u00f3 cerca de 7.500 d\u00f3lares luego de caer en una maniobra de phishing. La Justicia investiga. 30 de marzo de 2026 General Madariaga, BUENOS AIRES -\u00a0 \u00a0Un nuevo caso de defraudaci\u00f3n inform\u00e1tica encendi\u00f3 las alarmas en General Madariaga. Un hombre de 76 a\u00f1os fue v\u00edctima\u2026","rel":"","context":"En \u00abPOLICIALES\u00bb","block_context":{"text":"POLICIALES","link":"https:\/\/larevistadigital.com.ar\/blog\/category\/policiales\/"},"img":{"alt_text":"","src":"https:\/\/i0.wp.com\/larevistadigital.com.ar\/blog\/wp-content\/uploads\/a32975be4529683fcb47d980ac9021432758abcc.jpg?fit=1140%2C716&ssl=1&resize=350%2C200","width":350,"height":200,"srcset":"https:\/\/i0.wp.com\/larevistadigital.com.ar\/blog\/wp-content\/uploads\/a32975be4529683fcb47d980ac9021432758abcc.jpg?fit=1140%2C716&ssl=1&resize=350%2C200 1x, https:\/\/i0.wp.com\/larevistadigital.com.ar\/blog\/wp-content\/uploads\/a32975be4529683fcb47d980ac9021432758abcc.jpg?fit=1140%2C716&ssl=1&resize=525%2C300 1.5x, https:\/\/i0.wp.com\/larevistadigital.com.ar\/blog\/wp-content\/uploads\/a32975be4529683fcb47d980ac9021432758abcc.jpg?fit=1140%2C716&ssl=1&resize=700%2C400 2x, https:\/\/i0.wp.com\/larevistadigital.com.ar\/blog\/wp-content\/uploads\/a32975be4529683fcb47d980ac9021432758abcc.jpg?fit=1140%2C716&ssl=1&resize=1050%2C600 3x"},"classes":[]},{"id":39076,"url":"https:\/\/larevistadigital.com.ar\/blog\/gral-madariaga-detienen-a-sujeto-de-71-anos-y-secuestran-importante-cantidad-de-cocaina\/","url_meta":{"origin":19710,"position":4},"title":"Gral: Madariaga: Detienen a sujeto de 71 a\u00f1os y secuestran importante cantidad de coca\u00edna","author":"Alejandro Sosa Ruda","date":"22 marzo, 2025","format":false,"excerpt":"Tras una investigaci\u00f3n iniciada por denuncias vecinales, hallaron coca\u00edna fraccionada para la venta y dinero en efectivo 22 de Marzo de 2025 GENERAL MADARIAGA -\u00a0 Un hombre de 71 a\u00f1os fue aprehendido en General Madariaga por presunta comercializaci\u00f3n de estupefacientes, luego de una minuciosa investigaci\u00f3n iniciada a partir de denuncias\u2026","rel":"","context":"En \u00abPOLICIALES\u00bb","block_context":{"text":"POLICIALES","link":"https:\/\/larevistadigital.com.ar\/blog\/category\/policiales\/"},"img":{"alt_text":"","src":"https:\/\/i0.wp.com\/larevistadigital.com.ar\/blog\/wp-content\/uploads\/543ef4b8d9a9f610e380d6787612dc99becdd64c.jpg?fit=1140%2C642&ssl=1&resize=350%2C200","width":350,"height":200,"srcset":"https:\/\/i0.wp.com\/larevistadigital.com.ar\/blog\/wp-content\/uploads\/543ef4b8d9a9f610e380d6787612dc99becdd64c.jpg?fit=1140%2C642&ssl=1&resize=350%2C200 1x, https:\/\/i0.wp.com\/larevistadigital.com.ar\/blog\/wp-content\/uploads\/543ef4b8d9a9f610e380d6787612dc99becdd64c.jpg?fit=1140%2C642&ssl=1&resize=525%2C300 1.5x, https:\/\/i0.wp.com\/larevistadigital.com.ar\/blog\/wp-content\/uploads\/543ef4b8d9a9f610e380d6787612dc99becdd64c.jpg?fit=1140%2C642&ssl=1&resize=700%2C400 2x, https:\/\/i0.wp.com\/larevistadigital.com.ar\/blog\/wp-content\/uploads\/543ef4b8d9a9f610e380d6787612dc99becdd64c.jpg?fit=1140%2C642&ssl=1&resize=1050%2C600 3x"},"classes":[]},{"id":18180,"url":"https:\/\/larevistadigital.com.ar\/blog\/hospital-de-madariaga-denuncia-a-ioma-por-deuda-de-10-000-000\/","url_meta":{"origin":19710,"position":5},"title":"HOSPITAL DE MADARIAGA DENUNCIA A IOMA POR DEUDA DE $ 10.000.000.-","author":"Alejandro Sosa Ruda","date":"16 diciembre, 2020","format":false,"excerpt":"El director administrativo del establecimiento sanitario dijo que no reciben respuesta a los constantes reclamos que realizan y que el costo de algunos insumos ha aumentado un 500%. El director administrativo del Hospital Municipal \u201cAna Rosa S. de Mart\u00ednez Guerrero\" de General Madariaga, Carlos Tagliaferro, denunci\u00f3 que la obra social\u2026","rel":"","context":"En \u00abREGIONALES\u00bb","block_context":{"text":"REGIONALES","link":"https:\/\/larevistadigital.com.ar\/blog\/category\/regionales\/"},"img":{"alt_text":"","src":"https:\/\/i0.wp.com\/larevistadigital.com.ar\/blog\/wp-content\/uploads\/f5101589ba8708911e90b06918f5ae1c3758ba60.jpg?fit=1140%2C759&ssl=1&resize=350%2C200","width":350,"height":200,"srcset":"https:\/\/i0.wp.com\/larevistadigital.com.ar\/blog\/wp-content\/uploads\/f5101589ba8708911e90b06918f5ae1c3758ba60.jpg?fit=1140%2C759&ssl=1&resize=350%2C200 1x, https:\/\/i0.wp.com\/larevistadigital.com.ar\/blog\/wp-content\/uploads\/f5101589ba8708911e90b06918f5ae1c3758ba60.jpg?fit=1140%2C759&ssl=1&resize=525%2C300 1.5x, https:\/\/i0.wp.com\/larevistadigital.com.ar\/blog\/wp-content\/uploads\/f5101589ba8708911e90b06918f5ae1c3758ba60.jpg?fit=1140%2C759&ssl=1&resize=700%2C400 2x, https:\/\/i0.wp.com\/larevistadigital.com.ar\/blog\/wp-content\/uploads\/f5101589ba8708911e90b06918f5ae1c3758ba60.jpg?fit=1140%2C759&ssl=1&resize=1050%2C600 3x"},"classes":[]}],"_links":{"self":[{"href":"https:\/\/larevistadigital.com.ar\/blog\/wp-json\/wp\/v2\/posts\/19710","targetHints":{"allow":["GET"]}}],"collection":[{"href":"https:\/\/larevistadigital.com.ar\/blog\/wp-json\/wp\/v2\/posts"}],"about":[{"href":"https:\/\/larevistadigital.com.ar\/blog\/wp-json\/wp\/v2\/types\/post"}],"author":[{"embeddable":true,"href":"https:\/\/larevistadigital.com.ar\/blog\/wp-json\/wp\/v2\/users\/3"}],"replies":[{"embeddable":true,"href":"https:\/\/larevistadigital.com.ar\/blog\/wp-json\/wp\/v2\/comments?post=19710"}],"version-history":[{"count":1,"href":"https:\/\/larevistadigital.com.ar\/blog\/wp-json\/wp\/v2\/posts\/19710\/revisions"}],"predecessor-version":[{"id":19712,"href":"https:\/\/larevistadigital.com.ar\/blog\/wp-json\/wp\/v2\/posts\/19710\/revisions\/19712"}],"wp:featuredmedia":[{"embeddable":true,"href":"https:\/\/larevistadigital.com.ar\/blog\/wp-json\/wp\/v2\/media\/19711"}],"wp:attachment":[{"href":"https:\/\/larevistadigital.com.ar\/blog\/wp-json\/wp\/v2\/media?parent=19710"}],"wp:term":[{"taxonomy":"category","embeddable":true,"href":"https:\/\/larevistadigital.com.ar\/blog\/wp-json\/wp\/v2\/categories?post=19710"},{"taxonomy":"post_tag","embeddable":true,"href":"https:\/\/larevistadigital.com.ar\/blog\/wp-json\/wp\/v2\/tags?post=19710"}],"curies":[{"name":"wp","href":"https:\/\/api.w.org\/{rel}","templated":true}]}}