{"id":19713,"date":"2021-04-19T11:43:46","date_gmt":"2021-04-19T11:43:46","guid":{"rendered":"https:\/\/larevistadigital.com.ar\/blog\/?p=19713"},"modified":"2021-04-19T11:43:46","modified_gmt":"2021-04-19T11:43:46","slug":"un-muerto-en-tragico-accidente-en-la-ruta-11","status":"publish","type":"post","link":"https:\/\/larevistadigital.com.ar\/blog\/un-muerto-en-tragico-accidente-en-la-ruta-11\/","title":{"rendered":"UN MUERTO EN TR\u00c1GICO ACCIDENTE EN LA RUTA 11"},"content":{"rendered":"<h2 class=\"nota__hero__summary\">El vuelco se produjo cerca de la localidad de Valeria del Mar.<\/h2>\n<p><strong>VALERIA DEL MAR &#8211;<\/strong> Durante la madrugada del domingo, se registr\u00f3 un accidente vehicular sobre la Ruta 11, a 300 metros del ingreso a Valeria del Mar, partido de Pinamar.<\/p>\n<p>Por cuestiones que se trataban de establecer, quien conduc\u00eda perdi\u00f3 el control, despist\u00f3 y volc\u00f3. Lamentablemente, producto del impacto una persona falleci\u00f3 en el lugar del accidente Hay una v\u00edctima fatal.<\/p>\n<p>Trabajaron en el lugar, Bomberos de Pinamar, efecticos de la Polic\u00eda Vial y Cient\u00edfica y el transito estuvo reducido.<\/p>\n<p>&nbsp;<\/p>\n","protected":false},"excerpt":{"rendered":"<div class=\"mh-excerpt\"><p>El vuelco se produjo cerca de la localidad de Valeria del Mar. VALERIA DEL MAR &#8211; Durante la madrugada del domingo, se registr\u00f3 un accidente vehicular sobre la Ruta 11, a 300 metros del ingreso <a class=\"mh-excerpt-more\" href=\"https:\/\/larevistadigital.com.ar\/blog\/un-muerto-en-tragico-accidente-en-la-ruta-11\/\" title=\"UN MUERTO EN TR\u00c1GICO ACCIDENTE EN LA RUTA 11\">[Leer M\u00e1s]<\/a><\/p>\n<\/div>","protected":false},"author":3,"featured_media":19714,"comment_status":"open","ping_status":"open","sticky":false,"template":"","format":"standard","meta":{"_jetpack_memberships_contains_paid_content":false,"footnotes":"","jetpack_publicize_message":"","jetpack_publicize_feature_enabled":true,"jetpack_social_post_already_shared":true,"jetpack_social_options":{"image_generator_settings":{"template":"highway","default_image_id":0,"font":"","enabled":false},"version":2}},"categories":[51],"tags":[],"class_list":{"0":"post-19713","1":"post","2":"type-post","3":"status-publish","4":"format-standard","5":"has-post-thumbnail","7":"category-regionales"},"jetpack_publicize_connections":[],"jetpack_featured_media_url":"https:\/\/i0.wp.com\/larevistadigital.com.ar\/blog\/wp-content\/uploads\/3b16c7899758f3db04378a9b74a9fa57a4e998d0.jpg?fit=900%2C900&ssl=1","jetpack_sharing_enabled":true,"jetpack_shortlink":"https:\/\/wp.me\/p8qtrQ-57X","jetpack-related-posts":[{"id":21027,"url":"https:\/\/larevistadigital.com.ar\/blog\/pinamar-incendio-en-la-reserva-forestal-de-carilo\/","url_meta":{"origin":19713,"position":0},"title":"PINAMAR: INCENDIO EN LA RESERVA FORESTAL DE CARIL\u00d3","author":"Alejandro Sosa Ruda","date":"5 julio, 2021","format":false,"excerpt":"PINAMAR - Varias dotaciones de Bomberos de Pinamar, Caril\u00f3, Ostende, Valeria del Mar y Villa Gesell combat\u00edan esta tarde un incendio forestal desatado en la reserva de Caril\u00f3. La situaci\u00f3n se daba en una zona aleda\u00f1a a la ruta 11, por lo que hab\u00eda presencia de la polic\u00eda vial en\u2026","rel":"","context":"En \u00abREGIONALES\u00bb","block_context":{"text":"REGIONALES","link":"https:\/\/larevistadigital.com.ar\/blog\/category\/regionales\/"},"img":{"alt_text":"","src":"https:\/\/i0.wp.com\/larevistadigital.com.ar\/blog\/wp-content\/uploads\/pinamar.jpg?fit=800%2C533&ssl=1&resize=350%2C200","width":350,"height":200,"srcset":"https:\/\/i0.wp.com\/larevistadigital.com.ar\/blog\/wp-content\/uploads\/pinamar.jpg?fit=800%2C533&ssl=1&resize=350%2C200 1x, https:\/\/i0.wp.com\/larevistadigital.com.ar\/blog\/wp-content\/uploads\/pinamar.jpg?fit=800%2C533&ssl=1&resize=525%2C300 1.5x, https:\/\/i0.wp.com\/larevistadigital.com.ar\/blog\/wp-content\/uploads\/pinamar.jpg?fit=800%2C533&ssl=1&resize=700%2C400 2x"},"classes":[]},{"id":17738,"url":"https:\/\/larevistadigital.com.ar\/blog\/accidente-fatal-en-la-ruta-11-dos-personas-fallecidas-en-choque-frontal\/","url_meta":{"origin":19713,"position":1},"title":"ACCIDENTE FATAL EN LA RUTA 11: DOS PERSONAS FALLECIDAS EN CHOQUE FRONTAL","author":"Alejandro Sosa Ruda","date":"19 noviembre, 2020","format":false,"excerpt":"El tr\u00e1gico hecho ocurri\u00f3 esta ma\u00f1ana, en el kilometro 385, a la altura de Costa Esmeralda. Adem\u00e1s, hay tres heridos de gravedad. Un accidente fatal ocurri\u00f3 en primeras horas de la ma\u00f1ana de este jueves en el kilometro 385 de la Ruta 11, a la altura de Costa Esmeralda, la\u2026","rel":"","context":"En \u00abPOLICIALES\u00bb","block_context":{"text":"POLICIALES","link":"https:\/\/larevistadigital.com.ar\/blog\/category\/policiales\/"},"img":{"alt_text":"","src":"https:\/\/i0.wp.com\/larevistadigital.com.ar\/blog\/wp-content\/uploads\/3807eff0639874a7cf71b6d3d738cbef1a3c8aa2.jpg?fit=1140%2C711&ssl=1&resize=350%2C200","width":350,"height":200,"srcset":"https:\/\/i0.wp.com\/larevistadigital.com.ar\/blog\/wp-content\/uploads\/3807eff0639874a7cf71b6d3d738cbef1a3c8aa2.jpg?fit=1140%2C711&ssl=1&resize=350%2C200 1x, https:\/\/i0.wp.com\/larevistadigital.com.ar\/blog\/wp-content\/uploads\/3807eff0639874a7cf71b6d3d738cbef1a3c8aa2.jpg?fit=1140%2C711&ssl=1&resize=525%2C300 1.5x, https:\/\/i0.wp.com\/larevistadigital.com.ar\/blog\/wp-content\/uploads\/3807eff0639874a7cf71b6d3d738cbef1a3c8aa2.jpg?fit=1140%2C711&ssl=1&resize=700%2C400 2x, https:\/\/i0.wp.com\/larevistadigital.com.ar\/blog\/wp-content\/uploads\/3807eff0639874a7cf71b6d3d738cbef1a3c8aa2.jpg?fit=1140%2C711&ssl=1&resize=1050%2C600 3x"},"classes":[]},{"id":23433,"url":"https:\/\/larevistadigital.com.ar\/blog\/triple-accidente-en-la-ruta-74\/","url_meta":{"origin":19713,"position":2},"title":"TRIPLE ACCIDENTE EN LA RUTA 74","author":"Alejandro Sosa Ruda","date":"17 enero, 2022","format":false,"excerpt":"Tres veh\u00edculos protagonizados un accidente este lunes a la ma\u00f1ana en ruta 74, entre las rotondas de 50 y 29. Como consecuencia del mismo, 3 ocupantes de los 5 que iban en un Peugeot 207 que retornaba de Pinamar y ten\u00eda destino Buenos Aires, tuvieron que ser trasladadas al \u00a0hospital\u2026","rel":"","context":"En \u00abPOLICIALES\u00bb","block_context":{"text":"POLICIALES","link":"https:\/\/larevistadigital.com.ar\/blog\/category\/policiales\/"},"img":{"alt_text":"","src":"https:\/\/i0.wp.com\/larevistadigital.com.ar\/blog\/wp-content\/uploads\/37116A3F-75AD-4DC4-A7E0-64F13F144789.jpeg?fit=640%2C480&ssl=1&resize=350%2C200","width":350,"height":200,"srcset":"https:\/\/i0.wp.com\/larevistadigital.com.ar\/blog\/wp-content\/uploads\/37116A3F-75AD-4DC4-A7E0-64F13F144789.jpeg?fit=640%2C480&ssl=1&resize=350%2C200 1x, https:\/\/i0.wp.com\/larevistadigital.com.ar\/blog\/wp-content\/uploads\/37116A3F-75AD-4DC4-A7E0-64F13F144789.jpeg?fit=640%2C480&ssl=1&resize=525%2C300 1.5x"},"classes":[]},{"id":8522,"url":"https:\/\/larevistadigital.com.ar\/blog\/tragico-muere-en-la-ruta-una-policia-del-operativo-sol\/","url_meta":{"origin":19713,"position":3},"title":"TR\u00c1GICO: MUERE EN LA RUTA, UNA POLIC\u00cdA DEL OPERATIVO SOL","author":"Alejandro Sosa Ruda","date":"18 febrero, 2019","format":false,"excerpt":"Una polic\u00eda de 22 a\u00f1os abocada al\u00a0Operativo Sol\u00a0muri\u00f3 esta madrugada por las heridas que sufri\u00f3 en un accidente de tr\u00e1nsito en el que tambi\u00e9n sali\u00f3 lastimado otro efectivo policial. Fuentes consultadas confirmaron que el accidente se produjo\u00a0cerca de las 2 de la madrugada en el kil\u00f3metro 489\u00a0de la Ruta 11,\u2026","rel":"","context":"En \u00abDESTACADAS\u00bb","block_context":{"text":"DESTACADAS","link":"https:\/\/larevistadigital.com.ar\/blog\/category\/destacadas\/"},"img":{"alt_text":"","src":"https:\/\/i0.wp.com\/larevistadigital.com.ar\/blog\/wp-content\/uploads\/2019\/02\/operativo_sol.jpg_1734428432.jpg?fit=970%2C546&ssl=1&resize=350%2C200","width":350,"height":200,"srcset":"https:\/\/i0.wp.com\/larevistadigital.com.ar\/blog\/wp-content\/uploads\/2019\/02\/operativo_sol.jpg_1734428432.jpg?fit=970%2C546&ssl=1&resize=350%2C200 1x, https:\/\/i0.wp.com\/larevistadigital.com.ar\/blog\/wp-content\/uploads\/2019\/02\/operativo_sol.jpg_1734428432.jpg?fit=970%2C546&ssl=1&resize=525%2C300 1.5x, https:\/\/i0.wp.com\/larevistadigital.com.ar\/blog\/wp-content\/uploads\/2019\/02\/operativo_sol.jpg_1734428432.jpg?fit=970%2C546&ssl=1&resize=700%2C400 2x"},"classes":[]},{"id":23696,"url":"https:\/\/larevistadigital.com.ar\/blog\/vuelca-un-auto-en-la-ruta-por-esquivar-una-sombrilla\/","url_meta":{"origin":19713,"position":4},"title":"VUELCA UN AUTO EN LA RUTA POR ESQUIVAR UNA SOMBRILLA","author":"Alejandro Sosa Ruda","date":"30 enero, 2022","format":false,"excerpt":"Un fuerte accidente de tr\u00e1nsito se produjo en el kil\u00f3metro 5 de la Ruta 74. Los hechos sucedieron cuando a un veh\u00edculo se le vol\u00f3 una sombrilla, el autom\u00f3vil que ven\u00eda atr\u00e1s intent\u00f3 esquivarla y por la maniobra termin\u00f3 volcando. Lamentablemente, a ra\u00edz del accidente tres personas, 2 mayores y\u2026","rel":"","context":"En \u00abINTERES GENERAL\u00bb","block_context":{"text":"INTERES GENERAL","link":"https:\/\/larevistadigital.com.ar\/blog\/category\/interes-general\/"},"img":{"alt_text":"","src":"https:\/\/i0.wp.com\/larevistadigital.com.ar\/blog\/wp-content\/uploads\/3a6909cb07ced79cb24fb8d8be58a0b724a1ad74.jpg?fit=900%2C900&ssl=1&resize=350%2C200","width":350,"height":200,"srcset":"https:\/\/i0.wp.com\/larevistadigital.com.ar\/blog\/wp-content\/uploads\/3a6909cb07ced79cb24fb8d8be58a0b724a1ad74.jpg?fit=900%2C900&ssl=1&resize=350%2C200 1x, https:\/\/i0.wp.com\/larevistadigital.com.ar\/blog\/wp-content\/uploads\/3a6909cb07ced79cb24fb8d8be58a0b724a1ad74.jpg?fit=900%2C900&ssl=1&resize=525%2C300 1.5x, https:\/\/i0.wp.com\/larevistadigital.com.ar\/blog\/wp-content\/uploads\/3a6909cb07ced79cb24fb8d8be58a0b724a1ad74.jpg?fit=900%2C900&ssl=1&resize=700%2C400 2x"},"classes":[]},{"id":26906,"url":"https:\/\/larevistadigital.com.ar\/blog\/murio-un-motociclista-en-un-accidente-entre-gesell-y-pinamar\/","url_meta":{"origin":19713,"position":5},"title":"MURI\u00d3 UN MOTOCICLISTA EN UN ACCIDENTE ENTRE GESELL Y PINAMAR","author":"Alejandro Sosa Ruda","date":"1 agosto, 2022","format":false,"excerpt":"El joven ten\u00eda 22 a\u00f1os y su acompa\u00f1ante se encuentra internado. El s\u00e1bado por la tarde se registr\u00f3 otro fatal accidente de motos en los\u00a0m\u00e9danos,\u00a0en esta oportunidad en el l\u00edmite entre Villa Gesell y Pinamar. Seg\u00fan inform\u00f3 Central Madariaga, dos motociclistas, oriundos de Berazategui, sufrieron un siniestro en la zona\u2026","rel":"","context":"En \u00abPOLICIALES\u00bb","block_context":{"text":"POLICIALES","link":"https:\/\/larevistadigital.com.ar\/blog\/category\/policiales\/"},"img":{"alt_text":"","src":"https:\/\/i0.wp.com\/larevistadigital.com.ar\/blog\/wp-content\/uploads\/bbcc6bd4e80a8605307f907bfc40a035b95f528a.jpg?fit=1140%2C615&ssl=1&resize=350%2C200","width":350,"height":200,"srcset":"https:\/\/i0.wp.com\/larevistadigital.com.ar\/blog\/wp-content\/uploads\/bbcc6bd4e80a8605307f907bfc40a035b95f528a.jpg?fit=1140%2C615&ssl=1&resize=350%2C200 1x, https:\/\/i0.wp.com\/larevistadigital.com.ar\/blog\/wp-content\/uploads\/bbcc6bd4e80a8605307f907bfc40a035b95f528a.jpg?fit=1140%2C615&ssl=1&resize=525%2C300 1.5x, https:\/\/i0.wp.com\/larevistadigital.com.ar\/blog\/wp-content\/uploads\/bbcc6bd4e80a8605307f907bfc40a035b95f528a.jpg?fit=1140%2C615&ssl=1&resize=700%2C400 2x, https:\/\/i0.wp.com\/larevistadigital.com.ar\/blog\/wp-content\/uploads\/bbcc6bd4e80a8605307f907bfc40a035b95f528a.jpg?fit=1140%2C615&ssl=1&resize=1050%2C600 3x"},"classes":[]}],"_links":{"self":[{"href":"https:\/\/larevistadigital.com.ar\/blog\/wp-json\/wp\/v2\/posts\/19713","targetHints":{"allow":["GET"]}}],"collection":[{"href":"https:\/\/larevistadigital.com.ar\/blog\/wp-json\/wp\/v2\/posts"}],"about":[{"href":"https:\/\/larevistadigital.com.ar\/blog\/wp-json\/wp\/v2\/types\/post"}],"author":[{"embeddable":true,"href":"https:\/\/larevistadigital.com.ar\/blog\/wp-json\/wp\/v2\/users\/3"}],"replies":[{"embeddable":true,"href":"https:\/\/larevistadigital.com.ar\/blog\/wp-json\/wp\/v2\/comments?post=19713"}],"version-history":[{"count":1,"href":"https:\/\/larevistadigital.com.ar\/blog\/wp-json\/wp\/v2\/posts\/19713\/revisions"}],"predecessor-version":[{"id":19715,"href":"https:\/\/larevistadigital.com.ar\/blog\/wp-json\/wp\/v2\/posts\/19713\/revisions\/19715"}],"wp:featuredmedia":[{"embeddable":true,"href":"https:\/\/larevistadigital.com.ar\/blog\/wp-json\/wp\/v2\/media\/19714"}],"wp:attachment":[{"href":"https:\/\/larevistadigital.com.ar\/blog\/wp-json\/wp\/v2\/media?parent=19713"}],"wp:term":[{"taxonomy":"category","embeddable":true,"href":"https:\/\/larevistadigital.com.ar\/blog\/wp-json\/wp\/v2\/categories?post=19713"},{"taxonomy":"post_tag","embeddable":true,"href":"https:\/\/larevistadigital.com.ar\/blog\/wp-json\/wp\/v2\/tags?post=19713"}],"curies":[{"name":"wp","href":"https:\/\/api.w.org\/{rel}","templated":true}]}}