{"id":19716,"date":"2021-04-19T11:47:58","date_gmt":"2021-04-19T11:47:58","guid":{"rendered":"https:\/\/larevistadigital.com.ar\/blog\/?p=19716"},"modified":"2021-04-19T11:48:15","modified_gmt":"2021-04-19T11:48:15","slug":"general-guido-roban-tres-computadoras-de-una-escuela","status":"publish","type":"post","link":"https:\/\/larevistadigital.com.ar\/blog\/general-guido-roban-tres-computadoras-de-una-escuela\/","title":{"rendered":"GENERAL GUIDO: ROBAN TRES COMPUTADORAS DE UNA ESCUELA"},"content":{"rendered":"<h2 class=\"nota__hero__summary\">Se trata de netbooks del Programa Conectar Iguadad.<\/h2>\n<p><strong>GENERAL GUIDO &#8211;<\/strong> En las \u00faltimas horas autoridades de la Escuela Secundaria N\u00b0 1 de General Guido, radicaron una denuncia por el robo de tres computadoras del establecimiento.<\/p>\n<p>Fue precisamente, el responsable del \u00c1rea Inform\u00e1tica de la escuela, quien constat\u00f3 la faltante de tres Netbooks correspondientes al Programa Conectar Igualdad, las cuales estaban en un aula cerrada con llave, dentro de un gabinete tambi\u00e9n bajo llave.<\/p>\n<blockquote>\n<h3>En la denuncia se remarca que en el lugar no hab\u00eda desorden y tampoco estaban violentadas las cerraduras.<\/h3>\n<\/blockquote>\n<p>Por el hecho se tomar\u00e1 declaraci\u00f3n a 3 t\u00e9cnicos de la Direcci\u00f3n de Educaci\u00f3n de la Provincia, quienes horas antes hab\u00edan estado realizando mantenimiento de elementos inform\u00e1ticos.<\/p>\n<p>La causa caratulada como \u00abHurto\u00bb, est\u00e1 a cargo de la Fiscalia 1 de Dolores.<\/p>\n","protected":false},"excerpt":{"rendered":"<div class=\"mh-excerpt\"><p>Se trata de netbooks del Programa Conectar Iguadad. GENERAL GUIDO &#8211; En las \u00faltimas horas autoridades de la Escuela Secundaria N\u00b0 1 de General Guido, radicaron una denuncia por el robo de tres computadoras del <a class=\"mh-excerpt-more\" href=\"https:\/\/larevistadigital.com.ar\/blog\/general-guido-roban-tres-computadoras-de-una-escuela\/\" title=\"GENERAL GUIDO: ROBAN TRES COMPUTADORAS DE UNA ESCUELA\">[Leer M\u00e1s]<\/a><\/p>\n<\/div>","protected":false},"author":3,"featured_media":19717,"comment_status":"open","ping_status":"open","sticky":false,"template":"","format":"standard","meta":{"_jetpack_memberships_contains_paid_content":false,"footnotes":"","jetpack_publicize_message":"","jetpack_publicize_feature_enabled":true,"jetpack_social_post_already_shared":true,"jetpack_social_options":{"image_generator_settings":{"template":"highway","default_image_id":0,"font":"","enabled":false},"version":2}},"categories":[44,51],"tags":[],"class_list":{"0":"post-19716","1":"post","2":"type-post","3":"status-publish","4":"format-standard","5":"has-post-thumbnail","7":"category-policiales","8":"category-regionales"},"jetpack_publicize_connections":[],"jetpack_featured_media_url":"https:\/\/i0.wp.com\/larevistadigital.com.ar\/blog\/wp-content\/uploads\/daea03f4e9fb10cde2ec9b8e53b9acfcbec84a7d.jpg?fit=1140%2C759&ssl=1","jetpack_sharing_enabled":true,"jetpack_shortlink":"https:\/\/wp.me\/p8qtrQ-580","jetpack-related-posts":[{"id":37281,"url":"https:\/\/larevistadigital.com.ar\/blog\/la-provincia-entrego-viviendas-a-familias-de-tres-lomas\/","url_meta":{"origin":19716,"position":0},"title":"La Provincia entreg\u00f3 viviendas a familias de Tres Lomas","author":"Alejandro Sosa Ruda","date":"20 septiembre, 2024","format":false,"excerpt":"Adem\u00e1s, el Gobernador distribuy\u00f3 netbooks en el marco del programa Conectar Igualdad Bonaerense y recorri\u00f3 la obra en ejecuci\u00f3n de la Casa de la Provincia. 20 de septiembre de 2024 \u00a0Tres Lomas. BUENOS AIRES -\u00a0 \u00a0El gobernador de la provincia de Buenos Aires, Axel Kicillof, encabez\u00f3 este jueves el acto\u2026","rel":"","context":"En \u00abPOLITICA PROVINCIAL\u00bb","block_context":{"text":"POLITICA PROVINCIAL","link":"https:\/\/larevistadigital.com.ar\/blog\/category\/politica\/politica-provincial\/"},"img":{"alt_text":"","src":"https:\/\/i0.wp.com\/larevistadigital.com.ar\/blog\/wp-content\/uploads\/DSC_1556.jpg?fit=743%2C530&ssl=1&resize=350%2C200","width":350,"height":200,"srcset":"https:\/\/i0.wp.com\/larevistadigital.com.ar\/blog\/wp-content\/uploads\/DSC_1556.jpg?fit=743%2C530&ssl=1&resize=350%2C200 1x, https:\/\/i0.wp.com\/larevistadigital.com.ar\/blog\/wp-content\/uploads\/DSC_1556.jpg?fit=743%2C530&ssl=1&resize=525%2C300 1.5x, https:\/\/i0.wp.com\/larevistadigital.com.ar\/blog\/wp-content\/uploads\/DSC_1556.jpg?fit=743%2C530&ssl=1&resize=700%2C400 2x"},"classes":[]},{"id":39550,"url":"https:\/\/larevistadigital.com.ar\/blog\/el-gobernador-kicillof-presento-nuevas-obras-en-educacion-y-seguridad\/","url_meta":{"origin":19716,"position":1},"title":"El gobernador Kicillof present\u00f3 nuevas obras en Educaci\u00f3n y Seguridad","author":"Alejandro Sosa Ruda","date":"26 abril, 2025","format":false,"excerpt":"El gobernador bonaerense Axel Kicillof visit\u00f3 este viernes Trenque Lauquen para inaugurar obras en escuelas y reforzar el sistema de seguridad local. Adem\u00e1s, entreg\u00f3 computadoras del programa Conectar Igualdad Bonaerense y puso en marcha nuevos patrulleros para el distrito. 26 de Abril de 2026 BUENOS AIRES -\u00a0\u00a0Durante el acto, Kicillof\u2026","rel":"","context":"En \u00abDESTACADAS\u00bb","block_context":{"text":"DESTACADAS","link":"https:\/\/larevistadigital.com.ar\/blog\/category\/destacadas\/"},"img":{"alt_text":"","src":"https:\/\/i0.wp.com\/larevistadigital.com.ar\/blog\/wp-content\/uploads\/20250425173040_kicillof-trenque-lauquen-escuela-primaria-n3.jpg?fit=880%2C512&ssl=1&resize=350%2C200","width":350,"height":200,"srcset":"https:\/\/i0.wp.com\/larevistadigital.com.ar\/blog\/wp-content\/uploads\/20250425173040_kicillof-trenque-lauquen-escuela-primaria-n3.jpg?fit=880%2C512&ssl=1&resize=350%2C200 1x, https:\/\/i0.wp.com\/larevistadigital.com.ar\/blog\/wp-content\/uploads\/20250425173040_kicillof-trenque-lauquen-escuela-primaria-n3.jpg?fit=880%2C512&ssl=1&resize=525%2C300 1.5x, https:\/\/i0.wp.com\/larevistadigital.com.ar\/blog\/wp-content\/uploads\/20250425173040_kicillof-trenque-lauquen-escuela-primaria-n3.jpg?fit=880%2C512&ssl=1&resize=700%2C400 2x"},"classes":[]},{"id":40485,"url":"https:\/\/larevistadigital.com.ar\/blog\/municipios-por-la-igualdad-en-general-guido\/","url_meta":{"origin":19716,"position":2},"title":"\u201cMunicipios por la Igualdad\u201d en General Guido","author":"Alejandro Sosa Ruda","date":"15 julio, 2025","format":false,"excerpt":"En el marco de la visita a municipios de la Regi\u00f3n Quinta, la ministra Estela D\u00edaz y el intendente de General Guido, Carlos Humberto Rocha, firmaron un nuevo convenio del programa \"Municipios por la Igualdad\". 15 de Julio de 2025 GENERAL GUIDO\u00a0 -\u00a0 \u00a0En el marco de la visita a\u2026","rel":"","context":"En \u00abPOLITICA PROVINCIAL\u00bb","block_context":{"text":"POLITICA PROVINCIAL","link":"https:\/\/larevistadigital.com.ar\/blog\/category\/politica\/politica-provincial\/"},"img":{"alt_text":"","src":"https:\/\/i0.wp.com\/larevistadigital.com.ar\/blog\/wp-content\/uploads\/WhatsApp-Image-2025-07-14-at-16.12.26.jpeg?fit=550%2C367&ssl=1&resize=350%2C200","width":350,"height":200,"srcset":"https:\/\/i0.wp.com\/larevistadigital.com.ar\/blog\/wp-content\/uploads\/WhatsApp-Image-2025-07-14-at-16.12.26.jpeg?fit=550%2C367&ssl=1&resize=350%2C200 1x, https:\/\/i0.wp.com\/larevistadigital.com.ar\/blog\/wp-content\/uploads\/WhatsApp-Image-2025-07-14-at-16.12.26.jpeg?fit=550%2C367&ssl=1&resize=525%2C300 1.5x"},"classes":[]},{"id":37284,"url":"https:\/\/larevistadigital.com.ar\/blog\/kicillof-las-politicas-de-acceso-a-la-vivienda-siguen-siendo-una-prioridad-en-nuestro-gobierno\/","url_meta":{"origin":19716,"position":3},"title":"Kicillof: \u00abLas pol\u00edticas de acceso a la vivienda siguen siendo una prioridad en nuestro gobierno\u201d","author":"Alejandro Sosa Ruda","date":"20 septiembre, 2024","format":false,"excerpt":"El Gobernador entreg\u00f3 llaves a familias del barrio Quinta 80 y distribuy\u00f3 computadoras del programa Conectar Igualdad Bonaerense. 20 de septiembre de 2024 BUENOS AIRES -\u00a0 \u201cLas pol\u00edticas de h\u00e1bitat ocupan un lugar central dentro de las prioridades de nuestro Gobierno: junto a las y los intendentes de los 135\u2026","rel":"","context":"En \u00abPOLICIALES\u00bb","block_context":{"text":"POLICIALES","link":"https:\/\/larevistadigital.com.ar\/blog\/category\/policiales\/"},"img":{"alt_text":"","src":"https:\/\/i0.wp.com\/larevistadigital.com.ar\/blog\/wp-content\/uploads\/kicillof_viviendas_pellegrini.jpg?fit=743%2C530&ssl=1&resize=350%2C200","width":350,"height":200,"srcset":"https:\/\/i0.wp.com\/larevistadigital.com.ar\/blog\/wp-content\/uploads\/kicillof_viviendas_pellegrini.jpg?fit=743%2C530&ssl=1&resize=350%2C200 1x, https:\/\/i0.wp.com\/larevistadigital.com.ar\/blog\/wp-content\/uploads\/kicillof_viviendas_pellegrini.jpg?fit=743%2C530&ssl=1&resize=525%2C300 1.5x, https:\/\/i0.wp.com\/larevistadigital.com.ar\/blog\/wp-content\/uploads\/kicillof_viviendas_pellegrini.jpg?fit=743%2C530&ssl=1&resize=700%2C400 2x"},"classes":[]},{"id":45044,"url":"https:\/\/larevistadigital.com.ar\/blog\/carlos-tejedor-kicillof-inauguro-el-centro-universitario-no50-del-programa-puentes\/","url_meta":{"origin":19716,"position":4},"title":"Carlos Tejedor: Kicillof inaugur\u00f3 el centro universitario N\u00ba50 del Programa Puentes","author":"Alejandro Sosa Ruda","date":"10 abril, 2026","format":false,"excerpt":"Adem\u00e1s, el Gobernador otorg\u00f3 computadoras del programa Conectar Igualdad Bonaerense a estudiantes del distrito. 10 de abril de 2026 El gobernador de la provincia de Buenos Aires, Axel Kicillof, encabez\u00f3 este viernes en Carlos Tejedor el acto de inauguraci\u00f3n del centro universitario N\u00ba50 del Programa Puentes, junto al ministro de\u2026","rel":"","context":"En \u00abPOLITICA\u00bb","block_context":{"text":"POLITICA","link":"https:\/\/larevistadigital.com.ar\/blog\/category\/politica\/"},"img":{"alt_text":"","src":"https:\/\/i0.wp.com\/larevistadigital.com.ar\/blog\/wp-content\/uploads\/DSC9274-1-scaled.jpg?fit=1200%2C801&ssl=1&resize=350%2C200","width":350,"height":200,"srcset":"https:\/\/i0.wp.com\/larevistadigital.com.ar\/blog\/wp-content\/uploads\/DSC9274-1-scaled.jpg?fit=1200%2C801&ssl=1&resize=350%2C200 1x, https:\/\/i0.wp.com\/larevistadigital.com.ar\/blog\/wp-content\/uploads\/DSC9274-1-scaled.jpg?fit=1200%2C801&ssl=1&resize=525%2C300 1.5x, https:\/\/i0.wp.com\/larevistadigital.com.ar\/blog\/wp-content\/uploads\/DSC9274-1-scaled.jpg?fit=1200%2C801&ssl=1&resize=700%2C400 2x, https:\/\/i0.wp.com\/larevistadigital.com.ar\/blog\/wp-content\/uploads\/DSC9274-1-scaled.jpg?fit=1200%2C801&ssl=1&resize=1050%2C600 3x"},"classes":[]},{"id":7315,"url":"https:\/\/larevistadigital.com.ar\/blog\/gral-guido-muere-jinete-uruguayo-en-tragico-accidente-en-la-ruta-2\/","url_meta":{"origin":19716,"position":5},"title":"GRAL. GUIDO: MUERE JINETE URUGUAYO EN TR\u00c1GICO ACCIDENTE EN LA RUTA 2","author":"Alejandro Sosa Ruda","date":"17 diciembre, 2018","format":false,"excerpt":"Inform\u00f3 el portal Infozona, acerca de un tr\u00e1gico accidente automovil\u00edstico se produjo en la noche de la v\u00edspera, en el Km 257 de la Ruta 2, jurisdicci\u00f3n del partido de General Guido. Por causas que se tratan de establecer, en el sitio indicado colisionaron una camioneta Toyota Hilux y un\u2026","rel":"","context":"En \u00abPOLICIALES\u00bb","block_context":{"text":"POLICIALES","link":"https:\/\/larevistadigital.com.ar\/blog\/category\/policiales\/"},"img":{"alt_text":"","src":"https:\/\/i0.wp.com\/larevistadigital.com.ar\/blog\/wp-content\/uploads\/2018\/12\/Syeah3F4g_1256x620.jpg?fit=1200%2C592&ssl=1&resize=350%2C200","width":350,"height":200,"srcset":"https:\/\/i0.wp.com\/larevistadigital.com.ar\/blog\/wp-content\/uploads\/2018\/12\/Syeah3F4g_1256x620.jpg?fit=1200%2C592&ssl=1&resize=350%2C200 1x, https:\/\/i0.wp.com\/larevistadigital.com.ar\/blog\/wp-content\/uploads\/2018\/12\/Syeah3F4g_1256x620.jpg?fit=1200%2C592&ssl=1&resize=525%2C300 1.5x, https:\/\/i0.wp.com\/larevistadigital.com.ar\/blog\/wp-content\/uploads\/2018\/12\/Syeah3F4g_1256x620.jpg?fit=1200%2C592&ssl=1&resize=700%2C400 2x, https:\/\/i0.wp.com\/larevistadigital.com.ar\/blog\/wp-content\/uploads\/2018\/12\/Syeah3F4g_1256x620.jpg?fit=1200%2C592&ssl=1&resize=1050%2C600 3x"},"classes":[]}],"_links":{"self":[{"href":"https:\/\/larevistadigital.com.ar\/blog\/wp-json\/wp\/v2\/posts\/19716","targetHints":{"allow":["GET"]}}],"collection":[{"href":"https:\/\/larevistadigital.com.ar\/blog\/wp-json\/wp\/v2\/posts"}],"about":[{"href":"https:\/\/larevistadigital.com.ar\/blog\/wp-json\/wp\/v2\/types\/post"}],"author":[{"embeddable":true,"href":"https:\/\/larevistadigital.com.ar\/blog\/wp-json\/wp\/v2\/users\/3"}],"replies":[{"embeddable":true,"href":"https:\/\/larevistadigital.com.ar\/blog\/wp-json\/wp\/v2\/comments?post=19716"}],"version-history":[{"count":1,"href":"https:\/\/larevistadigital.com.ar\/blog\/wp-json\/wp\/v2\/posts\/19716\/revisions"}],"predecessor-version":[{"id":19718,"href":"https:\/\/larevistadigital.com.ar\/blog\/wp-json\/wp\/v2\/posts\/19716\/revisions\/19718"}],"wp:featuredmedia":[{"embeddable":true,"href":"https:\/\/larevistadigital.com.ar\/blog\/wp-json\/wp\/v2\/media\/19717"}],"wp:attachment":[{"href":"https:\/\/larevistadigital.com.ar\/blog\/wp-json\/wp\/v2\/media?parent=19716"}],"wp:term":[{"taxonomy":"category","embeddable":true,"href":"https:\/\/larevistadigital.com.ar\/blog\/wp-json\/wp\/v2\/categories?post=19716"},{"taxonomy":"post_tag","embeddable":true,"href":"https:\/\/larevistadigital.com.ar\/blog\/wp-json\/wp\/v2\/tags?post=19716"}],"curies":[{"name":"wp","href":"https:\/\/api.w.org\/{rel}","templated":true}]}}