{"id":19719,"date":"2021-04-19T12:16:14","date_gmt":"2021-04-19T12:16:14","guid":{"rendered":"https:\/\/larevistadigital.com.ar\/blog\/?p=19719"},"modified":"2021-04-19T12:16:14","modified_gmt":"2021-04-19T12:16:14","slug":"comunicado-del-circulo-medico-de-chascomus","status":"publish","type":"post","link":"https:\/\/larevistadigital.com.ar\/blog\/comunicado-del-circulo-medico-de-chascomus\/","title":{"rendered":"COMUNICADO DEL C\u00cdRCULO M\u00c9DICO DE CHASCOM\u00daS"},"content":{"rendered":"<h2><strong><em>Segunda ola de la pandemia de COVID<\/em><\/strong><\/h2>\n<h2><em>Aconseja a la poblaci\u00f3n a permanecer en sus hogares, moviliz\u00e1ndose solo para el desempe\u00f1o de actividades esenciales, e insta a la importancia del cumplimiento de los protocolos<\/em><\/h2>\n<p>El C\u00edrculo M\u00e9dico de Chascom\u00fas difundi\u00f3 un comunicado donde pide a la comunidad continuar con los cuidados y protocolos sanitarios al encontrarse la Argentina en la segunda ola de contagios por Covid-19 y haberse incrementado significativamente el n\u00famero de casos positivos en Chascom\u00fas.<\/p>\n<p>Se\u00f1ala el documento que \u201clos miembros de la comunidad m\u00e9dica de Chascom\u00fas instamos a la poblaci\u00f3n a permanecer en sus hogares, moviliz\u00e1ndose solo para el desempe\u00f1o de actividades esenciales\u201d.<\/p>\n<p>Resaltando que \u201cInsistimos en la importancia del cumplimiento de los protocolos en las actividades permitidas y desalentamos enf\u00e1ticamente las reuniones sociales de cualquier \u00edndole que constituyen la mayor fuente de contagios en la actualidad\u201d.<\/p>\n<p>Recordaron que la vacunaci\u00f3n es \u201cnuestra esperanza para el control de esta pandemia, previene las formas graves de enfermedad, pero no impide los contagios, las formas leves ni la capacidad de contagiar a otras personas; es por eso que no debe conceder una sensaci\u00f3n de \u2018falsa seguridad\u2019 y relajamiento\u201d.<\/p>\n<p>Seguidamente destacaron que\u00a0 \u201cesta llamada segunda ola nos encuentra cansados como sociedad y atravesando las dificultades econ\u00f3micas ya conocidas, pero tambi\u00e9n nos encuentra entrenados sobre las preocupaciones: cumplimiento de protocolos de higiene, uso de tapa nariz y boca, lavado de manos frecuente y distanciamiento social \u00a1Ya sabemos lo que hay que hacer!\u201d.<\/p>\n<p>El comunicado\u00a0 sostiene que \u201cEntendiendo que las actividades econ\u00f3micas y educativas deben ser preservadas, consideramos que la \u00fanica forma de mantenerlas, as\u00ed como tambi\u00e9n de evitar el colapso del sistema sanitario es apelar a la responsabilidad individual de cada uno, evitando actividades y encuentros innecesarios, as\u00ed como tambi\u00e9n cumpliendo las recomendaciones vigentes\u201d.<\/p>\n<p>Finalmente la Comisi\u00f3n Directiva de C\u00edrculo M\u00e9dico afirma que \u201cHoy como hace un a\u00f1o: Vos que podes, qu\u00e9date en casa\u201d.<\/p>\n<p>fuente e imagen : elfuertediario<\/p>\n","protected":false},"excerpt":{"rendered":"<div class=\"mh-excerpt\"><p>Segunda ola de la pandemia de COVID Aconseja a la poblaci\u00f3n a permanecer en sus hogares, moviliz\u00e1ndose solo para el desempe\u00f1o de actividades esenciales, e insta a la importancia del cumplimiento de los protocolos El <a class=\"mh-excerpt-more\" href=\"https:\/\/larevistadigital.com.ar\/blog\/comunicado-del-circulo-medico-de-chascomus\/\" title=\"COMUNICADO DEL C\u00cdRCULO M\u00c9DICO DE CHASCOM\u00daS\">[Leer M\u00e1s]<\/a><\/p>\n<\/div>","protected":false},"author":3,"featured_media":19721,"comment_status":"open","ping_status":"open","sticky":false,"template":"","format":"standard","meta":{"_jetpack_memberships_contains_paid_content":false,"footnotes":"","jetpack_publicize_message":"","jetpack_publicize_feature_enabled":true,"jetpack_social_post_already_shared":true,"jetpack_social_options":{"image_generator_settings":{"template":"highway","default_image_id":0,"font":"","enabled":false},"version":2}},"categories":[6],"tags":[],"class_list":{"0":"post-19719","1":"post","2":"type-post","3":"status-publish","4":"format-standard","5":"has-post-thumbnail","7":"category-chascomus"},"jetpack_publicize_connections":[],"jetpack_featured_media_url":"https:\/\/i0.wp.com\/larevistadigital.com.ar\/blog\/wp-content\/uploads\/circulo-medico.jpg?fit=900%2C510&ssl=1","jetpack_sharing_enabled":true,"jetpack_shortlink":"https:\/\/wp.me\/p8qtrQ-583","jetpack-related-posts":[{"id":20532,"url":"https:\/\/larevistadigital.com.ar\/blog\/nuevas-medidas-chascomus-a-fase-2-te-contamos-cuales-son-las-restricciones\/","url_meta":{"origin":19719,"position":0},"title":"NUEVAS MEDIDAS: CHASCOM\u00daS A FASE 2. TE CONTAMOS CUALES SON LAS RESTRICCIONES","author":"Alejandro Sosa Ruda","date":"29 mayo, 2021","format":false,"excerpt":"Desde el \u00e1rea de Prensa de la Municipalidad de Chascom\u00fas, hicieron llegar a nuestra redacci\u00f3n, una comunicaci\u00f3n donde explica los alcances de las nuevas medidas en raz\u00f3n de haber pasado la ciudad a FASE 2. EL COMUNICADO A partir de los anuncios del gobierno provincial se estableci\u00f3 un sistema de\u2026","rel":"","context":"En \u00abCHASCOM\u00daS\u00bb","block_context":{"text":"CHASCOM\u00daS","link":"https:\/\/larevistadigital.com.ar\/blog\/category\/chascomus\/"},"img":{"alt_text":"","src":"https:\/\/i0.wp.com\/larevistadigital.com.ar\/blog\/wp-content\/uploads\/a-fase-2.jpg?fit=900%2C599&ssl=1&resize=350%2C200","width":350,"height":200,"srcset":"https:\/\/i0.wp.com\/larevistadigital.com.ar\/blog\/wp-content\/uploads\/a-fase-2.jpg?fit=900%2C599&ssl=1&resize=350%2C200 1x, https:\/\/i0.wp.com\/larevistadigital.com.ar\/blog\/wp-content\/uploads\/a-fase-2.jpg?fit=900%2C599&ssl=1&resize=525%2C300 1.5x, https:\/\/i0.wp.com\/larevistadigital.com.ar\/blog\/wp-content\/uploads\/a-fase-2.jpg?fit=900%2C599&ssl=1&resize=700%2C400 2x"},"classes":[]},{"id":20423,"url":"https:\/\/larevistadigital.com.ar\/blog\/las-nuevas-medidas-en-chascomus-hasta-el-30-de-mayo\/","url_meta":{"origin":19719,"position":1},"title":"LAS NUEVAS MEDIDAS EN CHASCOM\u00daS HASTA EL 30 DE MAYO","author":"Alejandro Sosa Ruda","date":"22 mayo, 2021","format":false,"excerpt":"Entrar\u00e1n en vigencia a partir de las 00 horas de este s\u00e1bado 22 hasta el domingo 30 de mayo inclusive en la ciudad de Chascom\u00fas. En el marco del Plan de Contingencia frente a la pandemia del Covid \u2013 19, el gobierno municipal dispuso una serie de medidas adhiriendo a\u2026","rel":"","context":"En \u00abDESTACADAS\u00bb","block_context":{"text":"DESTACADAS","link":"https:\/\/larevistadigital.com.ar\/blog\/category\/destacadas\/"},"img":{"alt_text":"","src":"https:\/\/i0.wp.com\/larevistadigital.com.ar\/blog\/wp-content\/uploads\/WhatsApp-Image-2021-05-21-at-17.39.56-e1621652374673.jpeg?fit=1201%2C852&ssl=1&resize=350%2C200","width":350,"height":200,"srcset":"https:\/\/i0.wp.com\/larevistadigital.com.ar\/blog\/wp-content\/uploads\/WhatsApp-Image-2021-05-21-at-17.39.56-e1621652374673.jpeg?fit=1201%2C852&ssl=1&resize=350%2C200 1x, https:\/\/i0.wp.com\/larevistadigital.com.ar\/blog\/wp-content\/uploads\/WhatsApp-Image-2021-05-21-at-17.39.56-e1621652374673.jpeg?fit=1201%2C852&ssl=1&resize=525%2C300 1.5x, https:\/\/i0.wp.com\/larevistadigital.com.ar\/blog\/wp-content\/uploads\/WhatsApp-Image-2021-05-21-at-17.39.56-e1621652374673.jpeg?fit=1201%2C852&ssl=1&resize=700%2C400 2x, https:\/\/i0.wp.com\/larevistadigital.com.ar\/blog\/wp-content\/uploads\/WhatsApp-Image-2021-05-21-at-17.39.56-e1621652374673.jpeg?fit=1201%2C852&ssl=1&resize=1050%2C600 3x"},"classes":[]},{"id":4967,"url":"https:\/\/larevistadigital.com.ar\/blog\/chascomus-la-clinica-podria-dejar-atender-los-afiliados-ioma\/","url_meta":{"origin":19719,"position":2},"title":"CHASCOM\u00daS: LA CL\u00cdNICA PODR\u00cdA DEJAR DE ATENDER A LOS AFILIADOS A IOMA","author":"Alejandro Sosa Ruda","date":"23 febrero, 2018","format":false,"excerpt":"Desde el C\u00edrculo M\u00e9dico de Chascom\u00fas, se dio a conocer un comunicado con la firma de su Presidente, Dr. Marcelo Giacobone en donde hace alusi\u00f3n a la situaci\u00f3n financiera de la Cl\u00ednica Privada de esa ciudad. La nota refiere a que la situaci\u00f3n, se origin\u00f3 por la falta de cumplimiento\u2026","rel":"","context":"En \u00abCHASCOM\u00daS\u00bb","block_context":{"text":"CHASCOM\u00daS","link":"https:\/\/larevistadigital.com.ar\/blog\/category\/chascomus\/"},"img":{"alt_text":"","src":"https:\/\/i0.wp.com\/larevistadigital.com.ar\/blog\/wp-content\/uploads\/2018\/02\/Cl%C3%ADnica-Privada-Chascom%C3%BAs-SA.jpg?fit=620%2C369&ssl=1&resize=350%2C200","width":350,"height":200,"srcset":"https:\/\/i0.wp.com\/larevistadigital.com.ar\/blog\/wp-content\/uploads\/2018\/02\/Cl%C3%ADnica-Privada-Chascom%C3%BAs-SA.jpg?fit=620%2C369&ssl=1&resize=350%2C200 1x, https:\/\/i0.wp.com\/larevistadigital.com.ar\/blog\/wp-content\/uploads\/2018\/02\/Cl%C3%ADnica-Privada-Chascom%C3%BAs-SA.jpg?fit=620%2C369&ssl=1&resize=525%2C300 1.5x"},"classes":[]},{"id":19195,"url":"https:\/\/larevistadigital.com.ar\/blog\/el-circulo-medico-apoyo-a-los-profesionales-del-hospital-en-su-reclamo-y-convoco-a-concurrir-a-la-marcha-de-manana-a-las-12-hs\/","url_meta":{"origin":19719,"position":3},"title":"EL C\u00cdRCULO M\u00c9DICO APOY\u00d3 A LOS PROFESIONALES DEL HOSPITAL EN SU RECLAMO Y CONVOC\u00d3 A CONCURRIR A LA MARCHA DE MA\u00d1ANA A LAS 12 HS.","author":"Alejandro Sosa Ruda","date":"7 marzo, 2021","format":false,"excerpt":"CHASCOM\u00daS -\u00a0El C\u00edrculo M\u00e9dico de Chascom\u00fas, emiti\u00f3 un comunicado en el que apoya a los profesionales del Hospital Municipal San Vicente de Paul en el conflicto que vienen manteniendo con las autoridades del municipio en reclamo de mejores condiciones laborales y la recomposici\u00f3n de sus salarios. Todo esto, en realidad\u2026","rel":"","context":"En \u00abDESTACADAS\u00bb","block_context":{"text":"DESTACADAS","link":"https:\/\/larevistadigital.com.ar\/blog\/category\/destacadas\/"},"img":{"alt_text":"","src":"https:\/\/i0.wp.com\/larevistadigital.com.ar\/blog\/wp-content\/uploads\/WhatsApp-Image-2021-03-07-at-7.51.49-PM.jpeg?fit=750%2C694&ssl=1&resize=350%2C200","width":350,"height":200,"srcset":"https:\/\/i0.wp.com\/larevistadigital.com.ar\/blog\/wp-content\/uploads\/WhatsApp-Image-2021-03-07-at-7.51.49-PM.jpeg?fit=750%2C694&ssl=1&resize=350%2C200 1x, https:\/\/i0.wp.com\/larevistadigital.com.ar\/blog\/wp-content\/uploads\/WhatsApp-Image-2021-03-07-at-7.51.49-PM.jpeg?fit=750%2C694&ssl=1&resize=525%2C300 1.5x, https:\/\/i0.wp.com\/larevistadigital.com.ar\/blog\/wp-content\/uploads\/WhatsApp-Image-2021-03-07-at-7.51.49-PM.jpeg?fit=750%2C694&ssl=1&resize=700%2C400 2x"},"classes":[]},{"id":19618,"url":"https:\/\/larevistadigital.com.ar\/blog\/bancarios-en-alerta-por-el-incremento-de-casos-de-covid-19\/","url_meta":{"origin":19719,"position":4},"title":"BANCARIOS EN ALERTA POR EL INCREMENTO DE CASOS DE COVID-19","author":"Alejandro Sosa Ruda","date":"12 abril, 2021","format":false,"excerpt":"CHASCOM\u00daS -\u00a0En raz\u00f3n a la lamentable y preocupante situaci\u00f3n que vive el pa\u00eds y que obviamente tiene incluido a Chascom\u00fas, en referencia a la aparici\u00f3n de la llamada \"Segunda ola\" de Covid 19, es que el COMIT\u00c9 MIXTO DE SEGURIDAD E HIGIENE EN EL TRABAJO de La Bancaria se han\u2026","rel":"","context":"En \u00abDESTACADAS\u00bb","block_context":{"text":"DESTACADAS","link":"https:\/\/larevistadigital.com.ar\/blog\/category\/destacadas\/"},"img":{"alt_text":"","src":"https:\/\/i0.wp.com\/larevistadigital.com.ar\/blog\/wp-content\/uploads\/2017\/05\/labancaria.jpg?fit=800%2C407&ssl=1&resize=350%2C200","width":350,"height":200,"srcset":"https:\/\/i0.wp.com\/larevistadigital.com.ar\/blog\/wp-content\/uploads\/2017\/05\/labancaria.jpg?fit=800%2C407&ssl=1&resize=350%2C200 1x, https:\/\/i0.wp.com\/larevistadigital.com.ar\/blog\/wp-content\/uploads\/2017\/05\/labancaria.jpg?fit=800%2C407&ssl=1&resize=525%2C300 1.5x, https:\/\/i0.wp.com\/larevistadigital.com.ar\/blog\/wp-content\/uploads\/2017\/05\/labancaria.jpg?fit=800%2C407&ssl=1&resize=700%2C400 2x"},"classes":[]},{"id":16491,"url":"https:\/\/larevistadigital.com.ar\/blog\/regiran-desde-manana-nuevas-normativas-para-el-deporte-los-comercios-y-actividades-recreativas-y-culturales\/","url_meta":{"origin":19719,"position":5},"title":"REGIR\u00c1N DESDE MA\u00d1ANA NUEVAS NORMATIVAS PARA EL DEPORTE, LOS COMERCIOS, Y ACTIVIDADES RECREATIVAS Y CULTURALES","author":"Alejandro Sosa Ruda","date":"24 septiembre, 2020","format":false,"excerpt":"De acuerdo a lo establecido por el gobierno provincial en su anexo de la resoluci\u00f3n 2322 y el Decreto Municipal 525\/2020, a partir del viernes se habilitan todas las actividades econ\u00f3micas, recreativas, culturales y deportivas autorizadas en nuestra ciudad. De esta manera los comercios podr\u00e1n abrir sus puertas de 6\u2026","rel":"","context":"En \u00abCHASCOM\u00daS\u00bb","block_context":{"text":"CHASCOM\u00daS","link":"https:\/\/larevistadigital.com.ar\/blog\/category\/chascomus\/"},"img":{"alt_text":"","src":"https:\/\/i0.wp.com\/larevistadigital.com.ar\/blog\/wp-content\/uploads\/14517574_10202495251458470_3354662902974506509_n.jpg?fit=528%2C960&ssl=1&resize=350%2C200","width":350,"height":200,"srcset":"https:\/\/i0.wp.com\/larevistadigital.com.ar\/blog\/wp-content\/uploads\/14517574_10202495251458470_3354662902974506509_n.jpg?fit=528%2C960&ssl=1&resize=350%2C200 1x, https:\/\/i0.wp.com\/larevistadigital.com.ar\/blog\/wp-content\/uploads\/14517574_10202495251458470_3354662902974506509_n.jpg?fit=528%2C960&ssl=1&resize=525%2C300 1.5x"},"classes":[]}],"_links":{"self":[{"href":"https:\/\/larevistadigital.com.ar\/blog\/wp-json\/wp\/v2\/posts\/19719","targetHints":{"allow":["GET"]}}],"collection":[{"href":"https:\/\/larevistadigital.com.ar\/blog\/wp-json\/wp\/v2\/posts"}],"about":[{"href":"https:\/\/larevistadigital.com.ar\/blog\/wp-json\/wp\/v2\/types\/post"}],"author":[{"embeddable":true,"href":"https:\/\/larevistadigital.com.ar\/blog\/wp-json\/wp\/v2\/users\/3"}],"replies":[{"embeddable":true,"href":"https:\/\/larevistadigital.com.ar\/blog\/wp-json\/wp\/v2\/comments?post=19719"}],"version-history":[{"count":1,"href":"https:\/\/larevistadigital.com.ar\/blog\/wp-json\/wp\/v2\/posts\/19719\/revisions"}],"predecessor-version":[{"id":19722,"href":"https:\/\/larevistadigital.com.ar\/blog\/wp-json\/wp\/v2\/posts\/19719\/revisions\/19722"}],"wp:featuredmedia":[{"embeddable":true,"href":"https:\/\/larevistadigital.com.ar\/blog\/wp-json\/wp\/v2\/media\/19721"}],"wp:attachment":[{"href":"https:\/\/larevistadigital.com.ar\/blog\/wp-json\/wp\/v2\/media?parent=19719"}],"wp:term":[{"taxonomy":"category","embeddable":true,"href":"https:\/\/larevistadigital.com.ar\/blog\/wp-json\/wp\/v2\/categories?post=19719"},{"taxonomy":"post_tag","embeddable":true,"href":"https:\/\/larevistadigital.com.ar\/blog\/wp-json\/wp\/v2\/tags?post=19719"}],"curies":[{"name":"wp","href":"https:\/\/api.w.org\/{rel}","templated":true}]}}