{"id":19723,"date":"2021-04-19T12:39:21","date_gmt":"2021-04-19T12:39:21","guid":{"rendered":"https:\/\/larevistadigital.com.ar\/blog\/?p=19723"},"modified":"2021-04-19T13:04:14","modified_gmt":"2021-04-19T13:04:14","slug":"el-dia-de-ayer-se-realizo-un-operativo-de-la-federal-en-calle-franklin-y-libres-del-sur","status":"publish","type":"post","link":"https:\/\/larevistadigital.com.ar\/blog\/el-dia-de-ayer-se-realizo-un-operativo-de-la-federal-en-calle-franklin-y-libres-del-sur\/","title":{"rendered":"EL D\u00cdA DE AYER, SE REALIZ\u00d3 UN OPERATIVO EN CALLE FRANKLIN Y LIBRES DEL SUR"},"content":{"rendered":"<p><strong>CHASCOM\u00daS &#8211;<\/strong> Durante la tarde de ayer, se hizo un operativo de la polic\u00eda, donde se detuvo e inspeccion\u00f3 un autom\u00f3vil marca Citro\u00ebn, modelo C4, aparentemente para verificar al mismo y sus ocupantes.<\/p>\n<p>Las im\u00e1genes nos las hace llegar una amiga y lectora que suele colaborar con nuestra redacci\u00f3n, que justo pasaba por el lugar y registr\u00f3 la situaci\u00f3n con su tel\u00e9fono celular.<\/p>\n<p>&nbsp;<\/p>\n","protected":false},"excerpt":{"rendered":"<div class=\"mh-excerpt\"><p>CHASCOM\u00daS &#8211; Durante la tarde de ayer, se hizo un operativo de la polic\u00eda, donde se detuvo e inspeccion\u00f3 un autom\u00f3vil marca Citro\u00ebn, modelo C4, aparentemente para verificar al mismo y sus ocupantes. Las im\u00e1genes <a class=\"mh-excerpt-more\" href=\"https:\/\/larevistadigital.com.ar\/blog\/el-dia-de-ayer-se-realizo-un-operativo-de-la-federal-en-calle-franklin-y-libres-del-sur\/\" title=\"EL D\u00cdA DE AYER, SE REALIZ\u00d3 UN OPERATIVO EN CALLE FRANKLIN Y LIBRES DEL SUR\">[Leer M\u00e1s]<\/a><\/p>\n<\/div>","protected":false},"author":3,"featured_media":19725,"comment_status":"open","ping_status":"open","sticky":false,"template":"","format":"standard","meta":{"_jetpack_memberships_contains_paid_content":false,"footnotes":"","jetpack_publicize_message":"","jetpack_publicize_feature_enabled":true,"jetpack_social_post_already_shared":true,"jetpack_social_options":{"image_generator_settings":{"template":"highway","default_image_id":0,"font":"","enabled":false},"version":2}},"categories":[50],"tags":[],"class_list":{"0":"post-19723","1":"post","2":"type-post","3":"status-publish","4":"format-standard","5":"has-post-thumbnail","7":"category-interes-general"},"jetpack_publicize_connections":[],"jetpack_featured_media_url":"https:\/\/i0.wp.com\/larevistadigital.com.ar\/blog\/wp-content\/uploads\/WhatsApp-Image-2021-04-18-at-12.59.39.jpeg?fit=1280%2C960&ssl=1","jetpack_sharing_enabled":true,"jetpack_shortlink":"https:\/\/wp.me\/p8qtrQ-587","jetpack-related-posts":[{"id":34499,"url":"https:\/\/larevistadigital.com.ar\/blog\/chascomus-ayer-denuncian-el-robo-de-una-moto-y-la-policia-lo-recupero-a-las-pocas-horas\/","url_meta":{"origin":19723,"position":0},"title":"CHASCOM\u00daS: (AYER) DENUNCIAN EL ROBO DE UNA MOTO Y LA POLIC\u00cdA LO RECUPER\u00d3 A LAS POCAS HORAS.","author":"Alejandro Sosa Ruda","date":"10 noviembre, 2023","format":false,"excerpt":"La polic\u00eda comunal actu\u00f3 con rapidez y logr\u00f3 restitu\u00edr el veh\u00edculo sustra\u00eddo. 10 de Noviembre de 2023 CHASCOM\u00daS -\u00a0 Inform\u00f3 la Polic\u00eda Comunal, que en horas de la ma\u00f1ana del d\u00eda de ayer 9 de noviembre, se recibi\u00f3 una denuncia penal en la que la v\u00edctima plasmo que autores ignorados\u2026","rel":"","context":"En \u00abPOLICIALES\u00bb","block_context":{"text":"POLICIALES","link":"https:\/\/larevistadigital.com.ar\/blog\/category\/policiales\/"},"img":{"alt_text":"","src":"https:\/\/i0.wp.com\/larevistadigital.com.ar\/blog\/wp-content\/uploads\/WhatsApp-Image-2023-11-10-at-11.09.54.jpeg?fit=903%2C1200&ssl=1&resize=350%2C200","width":350,"height":200,"srcset":"https:\/\/i0.wp.com\/larevistadigital.com.ar\/blog\/wp-content\/uploads\/WhatsApp-Image-2023-11-10-at-11.09.54.jpeg?fit=903%2C1200&ssl=1&resize=350%2C200 1x, https:\/\/i0.wp.com\/larevistadigital.com.ar\/blog\/wp-content\/uploads\/WhatsApp-Image-2023-11-10-at-11.09.54.jpeg?fit=903%2C1200&ssl=1&resize=525%2C300 1.5x, https:\/\/i0.wp.com\/larevistadigital.com.ar\/blog\/wp-content\/uploads\/WhatsApp-Image-2023-11-10-at-11.09.54.jpeg?fit=903%2C1200&ssl=1&resize=700%2C400 2x"},"classes":[]},{"id":22523,"url":"https:\/\/larevistadigital.com.ar\/blog\/mar-de-ajo-rescatan-a-hombre-que-cayo-al-agua-y-estuvo-dos-horas-flotando-tomado-de-su-kayak\/","url_meta":{"origin":19723,"position":1},"title":"MAR DE AJ\u00d3: RESCATAN A HOMBRE QUE CAY\u00d3 AL AGUA, Y ESTUVO DOS HORAS FLOTANDO TOMADO DE SU KAYAK","author":"Alejandro Sosa Ruda","date":"29 octubre, 2021","format":false,"excerpt":"El hecho comenz\u00f3 ayer a las 15:45 y trabaj\u00f3 en el operativo de rescate personal de Prefectura Naval. MAR DE AJO -\u00a0 Un kayakista que navegaba en inmediaciones de Avenida Pueyrred\u00f3n, en Mar de Aj\u00f3, debi\u00f3 ser rescatado por el cuerpo de Bomberos Voluntarios al no poder subirse a la\u2026","rel":"","context":"En \u00abREGIONALES\u00bb","block_context":{"text":"REGIONALES","link":"https:\/\/larevistadigital.com.ar\/blog\/category\/regionales\/"},"img":{"alt_text":"","src":"https:\/\/i0.wp.com\/larevistadigital.com.ar\/blog\/wp-content\/uploads\/Captura-de-pantalla-2021-10-28-230207.jpg?fit=937%2C562&ssl=1&resize=350%2C200","width":350,"height":200,"srcset":"https:\/\/i0.wp.com\/larevistadigital.com.ar\/blog\/wp-content\/uploads\/Captura-de-pantalla-2021-10-28-230207.jpg?fit=937%2C562&ssl=1&resize=350%2C200 1x, https:\/\/i0.wp.com\/larevistadigital.com.ar\/blog\/wp-content\/uploads\/Captura-de-pantalla-2021-10-28-230207.jpg?fit=937%2C562&ssl=1&resize=525%2C300 1.5x, https:\/\/i0.wp.com\/larevistadigital.com.ar\/blog\/wp-content\/uploads\/Captura-de-pantalla-2021-10-28-230207.jpg?fit=937%2C562&ssl=1&resize=700%2C400 2x"},"classes":[]},{"id":44752,"url":"https:\/\/larevistadigital.com.ar\/blog\/allanamiento-en-el-barrio-la-esmeralda-operativo-conjunto-permitio-secuestrar-motopartes-y-marihuana\/","url_meta":{"origin":19723,"position":2},"title":"Allanamiento en el Barrio La Esmeralda: operativo conjunto permiti\u00f3 secuestrar motopartes y marihuana","author":"Alejandro Sosa Ruda","date":"27 marzo, 2026","format":false,"excerpt":"El procedimiento fue realizado por la DDI con el apoyo de la Patrulla de Prevenci\u00f3n Municipal y la Polic\u00eda Comunal, en el marco de una investigaci\u00f3n que permiti\u00f3 incautar motopartes y marihuana en una chacra de la zona. 27 de marzo de 2026 CHASCOM\u00daS -\u00a0 \u00a0En el marco de una\u2026","rel":"","context":"En \u00abDESTACADAS\u00bb","block_context":{"text":"DESTACADAS","link":"https:\/\/larevistadigital.com.ar\/blog\/category\/destacadas\/"},"img":{"alt_text":"","src":"https:\/\/i0.wp.com\/larevistadigital.com.ar\/blog\/wp-content\/uploads\/69c6bde22f470.png?fit=668%2C445&ssl=1&resize=350%2C200","width":350,"height":200,"srcset":"https:\/\/i0.wp.com\/larevistadigital.com.ar\/blog\/wp-content\/uploads\/69c6bde22f470.png?fit=668%2C445&ssl=1&resize=350%2C200 1x, https:\/\/i0.wp.com\/larevistadigital.com.ar\/blog\/wp-content\/uploads\/69c6bde22f470.png?fit=668%2C445&ssl=1&resize=525%2C300 1.5x"},"classes":[]},{"id":7397,"url":"https:\/\/larevistadigital.com.ar\/blog\/chascomus-llegaron-los-efectivos-del-operativo-sol\/","url_meta":{"origin":19723,"position":3},"title":"CHASCOM\u00daS. LLEGARON LOS EFECTIVOS DEL OPERATIVO SOL","author":"Alejandro Sosa Ruda","date":"27 diciembre, 2018","format":false,"excerpt":"En el d\u00eda de ayer se sumaron los efectivos policiales del Operativo Sol para lo que es la temporada estival. A la ma\u00f1ana se presentaron los 25 agentes reci\u00e9n egresados de la Escuela de Polic\u00eda, tuvieron que pasar primero por la Estaci\u00f3n Departamental para realizar cuestiones administrativas. A su vez,\u2026","rel":"","context":"En \u00abCHASCOM\u00daS\u00bb","block_context":{"text":"CHASCOM\u00daS","link":"https:\/\/larevistadigital.com.ar\/blog\/category\/chascomus\/"},"img":{"alt_text":"","src":"https:\/\/i0.wp.com\/larevistadigital.com.ar\/blog\/wp-content\/uploads\/2018\/10\/COMISARIA-de-CHASCOMUS_02-05-2015.jpg?fit=800%2C600&ssl=1&resize=350%2C200","width":350,"height":200,"srcset":"https:\/\/i0.wp.com\/larevistadigital.com.ar\/blog\/wp-content\/uploads\/2018\/10\/COMISARIA-de-CHASCOMUS_02-05-2015.jpg?fit=800%2C600&ssl=1&resize=350%2C200 1x, https:\/\/i0.wp.com\/larevistadigital.com.ar\/blog\/wp-content\/uploads\/2018\/10\/COMISARIA-de-CHASCOMUS_02-05-2015.jpg?fit=800%2C600&ssl=1&resize=525%2C300 1.5x, https:\/\/i0.wp.com\/larevistadigital.com.ar\/blog\/wp-content\/uploads\/2018\/10\/COMISARIA-de-CHASCOMUS_02-05-2015.jpg?fit=800%2C600&ssl=1&resize=700%2C400 2x"},"classes":[]},{"id":31007,"url":"https:\/\/larevistadigital.com.ar\/blog\/chascomus-la-policia-recupero-y-devolvio-a-su-propietario-una-bicicleta-mountain-bike-robada-anoche\/","url_meta":{"origin":19723,"position":4},"title":"CHASCOM\u00daS: LA POLIC\u00cdA RECUPER\u00d3 Y DEVOLVI\u00d3 A SU PROPIETARIO UNA BICICLETA MOUNTAIN BIKE, ROBADA ANOCHE","author":"Alejandro Sosa Ruda","date":"12 abril, 2023","format":false,"excerpt":"La Polic\u00eda Comunal logr\u00f3 recuperar el rodado que fue robado ayer a la noche y se lo reintegr\u00f3 a su propietario. 12 de abril de 2023 CHASCOM\u00daS\u00a0 -\u00a0 Durante las \u00faltimas horas del d\u00eda de ayer, se recibi\u00f3 una denuncia por el robo de una bicicleta en calles 11 de\u2026","rel":"","context":"En \u00abCHASCOM\u00daS\u00bb","block_context":{"text":"CHASCOM\u00daS","link":"https:\/\/larevistadigital.com.ar\/blog\/category\/chascomus\/"},"img":{"alt_text":"","src":"https:\/\/i0.wp.com\/larevistadigital.com.ar\/blog\/wp-content\/uploads\/WhatsApp-Image-2023-04-12-at-17.04.41.jpeg?fit=675%2C1200&ssl=1&resize=350%2C200","width":350,"height":200,"srcset":"https:\/\/i0.wp.com\/larevistadigital.com.ar\/blog\/wp-content\/uploads\/WhatsApp-Image-2023-04-12-at-17.04.41.jpeg?fit=675%2C1200&ssl=1&resize=350%2C200 1x, https:\/\/i0.wp.com\/larevistadigital.com.ar\/blog\/wp-content\/uploads\/WhatsApp-Image-2023-04-12-at-17.04.41.jpeg?fit=675%2C1200&ssl=1&resize=525%2C300 1.5x"},"classes":[]},{"id":28580,"url":"https:\/\/larevistadigital.com.ar\/blog\/el-diputado-jose-iganacio-cote-rossi-estuvo-en-el-operativo-dni-y-pasaporte-en-chascomus\/","url_meta":{"origin":19723,"position":5},"title":"EL DIPUTADO JOS\u00c9 IGANACIO \u00abCOTE\u00bb ROSSI, ESTUVO EN EL OPERATIVO \u00abDNI Y PASAPORTE EN CHASCOM\u00daS\u00bb","author":"Alejandro Sosa Ruda","date":"25 octubre, 2022","format":false,"excerpt":"Con gran afluencia de p\u00fablico, se llev\u00f3 a cabo el operativo, y \"Cote\" Rossi asegur\u00f3 que \"Seguimos trabajando para acercar herramientas a nuestros vecinos de los barrios populares\". 25 de Octubre de 2022 CHASCOM\u00daS -\u00a0 En el marco del operativo \"DNI Y PASAPORTE EN CHASCOM\u00daS\" se realiz\u00f3 la primera jornada\u2026","rel":"","context":"En \u00abINTERES GENERAL\u00bb","block_context":{"text":"INTERES GENERAL","link":"https:\/\/larevistadigital.com.ar\/blog\/category\/interes-general\/"},"img":{"alt_text":"","src":"https:\/\/i0.wp.com\/larevistadigital.com.ar\/blog\/wp-content\/uploads\/312242308_10225291479507978_5094689957255557948_n.jpg?fit=1024%2C683&ssl=1&resize=350%2C200","width":350,"height":200,"srcset":"https:\/\/i0.wp.com\/larevistadigital.com.ar\/blog\/wp-content\/uploads\/312242308_10225291479507978_5094689957255557948_n.jpg?fit=1024%2C683&ssl=1&resize=350%2C200 1x, https:\/\/i0.wp.com\/larevistadigital.com.ar\/blog\/wp-content\/uploads\/312242308_10225291479507978_5094689957255557948_n.jpg?fit=1024%2C683&ssl=1&resize=525%2C300 1.5x, https:\/\/i0.wp.com\/larevistadigital.com.ar\/blog\/wp-content\/uploads\/312242308_10225291479507978_5094689957255557948_n.jpg?fit=1024%2C683&ssl=1&resize=700%2C400 2x"},"classes":[]}],"_links":{"self":[{"href":"https:\/\/larevistadigital.com.ar\/blog\/wp-json\/wp\/v2\/posts\/19723","targetHints":{"allow":["GET"]}}],"collection":[{"href":"https:\/\/larevistadigital.com.ar\/blog\/wp-json\/wp\/v2\/posts"}],"about":[{"href":"https:\/\/larevistadigital.com.ar\/blog\/wp-json\/wp\/v2\/types\/post"}],"author":[{"embeddable":true,"href":"https:\/\/larevistadigital.com.ar\/blog\/wp-json\/wp\/v2\/users\/3"}],"replies":[{"embeddable":true,"href":"https:\/\/larevistadigital.com.ar\/blog\/wp-json\/wp\/v2\/comments?post=19723"}],"version-history":[{"count":3,"href":"https:\/\/larevistadigital.com.ar\/blog\/wp-json\/wp\/v2\/posts\/19723\/revisions"}],"predecessor-version":[{"id":19734,"href":"https:\/\/larevistadigital.com.ar\/blog\/wp-json\/wp\/v2\/posts\/19723\/revisions\/19734"}],"wp:featuredmedia":[{"embeddable":true,"href":"https:\/\/larevistadigital.com.ar\/blog\/wp-json\/wp\/v2\/media\/19725"}],"wp:attachment":[{"href":"https:\/\/larevistadigital.com.ar\/blog\/wp-json\/wp\/v2\/media?parent=19723"}],"wp:term":[{"taxonomy":"category","embeddable":true,"href":"https:\/\/larevistadigital.com.ar\/blog\/wp-json\/wp\/v2\/categories?post=19723"},{"taxonomy":"post_tag","embeddable":true,"href":"https:\/\/larevistadigital.com.ar\/blog\/wp-json\/wp\/v2\/tags?post=19723"}],"curies":[{"name":"wp","href":"https:\/\/api.w.org\/{rel}","templated":true}]}}