{"id":19727,"date":"2021-04-19T12:50:32","date_gmt":"2021-04-19T12:50:32","guid":{"rendered":"https:\/\/larevistadigital.com.ar\/blog\/?p=19727"},"modified":"2021-04-19T12:50:32","modified_gmt":"2021-04-19T12:50:32","slug":"coloco-alambre-electrificado-para-proteger-sus-plantas-de-marihuana-murio-electrocutado","status":"publish","type":"post","link":"https:\/\/larevistadigital.com.ar\/blog\/coloco-alambre-electrificado-para-proteger-sus-plantas-de-marihuana-murio-electrocutado\/","title":{"rendered":"COLOC\u00d3 ALAMBRE ELECTRIFICADO PARA PROTEGER SUS PLANTAS DE MARIHUANA. MURI\u00d3 ELECTROCUTADO"},"content":{"rendered":"<h2 class=\"intro\">El hecho ocurri\u00f3 en una vivienda del barrio General San Mart\u00edn. Dos amigos de la v\u00edctima lo cargaron en una camioneta para llevarlo a un centro asistencial, pero no pudieron salvarlo.<\/h2>\n<p><strong>MAR DEL PLATA &#8211;<\/strong> Un tr\u00e1gico episodio se produjo el domingo por la noche en una vivienda del\u00a0barrio General San Mart\u00edn, donde un\u00a0hombre de 27 a\u00f1os muri\u00f3\u00a0producto de una\u00a0descarga el\u00e9ctrica\u00a0recibida por un alambrado electrificado que ten\u00eda en su vivienda. Los investigadores constataron que el\u00a0alambrado proteg\u00eda una plantaci\u00f3n de marihuana\u00a0que el sujeto ten\u00eda en su vivienda.<\/p>\n<blockquote>\n<h3>Seg\u00fan pudo reconstruir este medio, el joven de 27 a\u00f1os se acerc\u00f3 al alambrado para sacar a un\u00a0<strong>chico de 11 a\u00f1os<\/strong>\u00a0que se hab\u00eda\u00a0<strong>acercado peligrosamente<\/strong>. En ese momento, por causas que son materia de investigaci\u00f3n, el due\u00f1o de la vivienda toc\u00f3 el alambrado y recibi\u00f3 una descarga el\u00e9ctrica que lo fulmin\u00f3.<\/h3>\n<\/blockquote>\n<p>Dos amigos de la v\u00edctima decidieron cargarlo en una\u00a0<strong>camioneta Fiat Fiorino<\/strong>\u00a0y llevarlo a un centro asistencial. Cuando iban por\u00a0<strong>Jacinto Peralta Ramos y Carasa\u00a0<\/strong>se cruzaron con una ambulancia a la que interceptaron para pedirle asistencia. El m\u00e9dico de la ambulancia\u00a0<strong>constat\u00f3 que el hombre ya estaba fallecido.<\/strong><\/p>\n<div class=\"publiamp\" data-tipo=\"tipo_desktop \" data-pos=\"AMP_P1_cuerpo\">\n<p>El personal de salud dio aviso a las autoridades policiales y un m\u00f3vil de la comisar\u00eda tercera lleg\u00f3 hasta el lugar para investigar las circunstancias del hecho. Los efectivos se trasladaron hasta el domicilio donde sucedi\u00f3 el tr\u00e1gico hecho y constataron que el cerco electrificado rodeaba un espacio en el que hab\u00eda 17 plantas de marihuana.<\/p>\n<p>La causa, a cargo del fiscal\u00a0<strong>Juan Pablo L\u00f3dola<\/strong>, qued\u00f3 calificada como averiguaci\u00f3n de causales de muerte. Adem\u00e1s, se dio intervenci\u00f3n al fiscal\u00a0<strong>Leandro Favaro<\/strong>, de la UFI especializada en estupefacientes, que dispuso el secuestro de las plantas.<\/p>\n<p>fuente 0223<\/p>\n<\/div>\n","protected":false},"excerpt":{"rendered":"<div class=\"mh-excerpt\"><p>El hecho ocurri\u00f3 en una vivienda del barrio General San Mart\u00edn. Dos amigos de la v\u00edctima lo cargaron en una camioneta para llevarlo a un centro asistencial, pero no pudieron salvarlo. MAR DEL PLATA &#8211; <a class=\"mh-excerpt-more\" href=\"https:\/\/larevistadigital.com.ar\/blog\/coloco-alambre-electrificado-para-proteger-sus-plantas-de-marihuana-murio-electrocutado\/\" title=\"COLOC\u00d3 ALAMBRE ELECTRIFICADO PARA PROTEGER SUS PLANTAS DE MARIHUANA. MURI\u00d3 ELECTROCUTADO\">[Leer M\u00e1s]<\/a><\/p>\n<\/div>","protected":false},"author":3,"featured_media":19728,"comment_status":"open","ping_status":"open","sticky":false,"template":"","format":"standard","meta":{"_jetpack_memberships_contains_paid_content":false,"footnotes":"","jetpack_publicize_message":"","jetpack_publicize_feature_enabled":true,"jetpack_social_post_already_shared":true,"jetpack_social_options":{"image_generator_settings":{"template":"highway","default_image_id":0,"font":"","enabled":false},"version":2}},"categories":[44,51],"tags":[],"class_list":{"0":"post-19727","1":"post","2":"type-post","3":"status-publish","4":"format-standard","5":"has-post-thumbnail","7":"category-policiales","8":"category-regionales"},"jetpack_publicize_connections":[],"jetpack_featured_media_url":"https:\/\/i0.wp.com\/larevistadigital.com.ar\/blog\/wp-content\/uploads\/PLANTAS-SECUESTRADAS.png?fit=1000%2C565&ssl=1","jetpack_sharing_enabled":true,"jetpack_shortlink":"https:\/\/wp.me\/p8qtrQ-58b","jetpack-related-posts":[{"id":23838,"url":"https:\/\/larevistadigital.com.ar\/blog\/pergamino-violentan-el-alambrado-y-se-roban-50-plantas-de-marihuana-de-los-cultivos-medicinales-del-inta\/","url_meta":{"origin":19727,"position":0},"title":"PERGAMINO: VIOLENTAN EL ALAMBRADO Y SE ROBAN 50 PLANTAS DE MARIHUANA DE LOS CULTIVOS MEDICINALES DEL INTA","author":"Alejandro Sosa Ruda","date":"5 febrero, 2022","format":false,"excerpt":"El robo se registr\u00f3 en el invern\u00e1culo de las plantaciones de cannabis y se sospecha que el \u00fanico objetivo de los autores del hecho es utilizar las hierbas para consumo como alucin\u00f3geno. El invern\u00e1culo de las plantaciones de cannabis medicinal es uno de los tantos de un predio de 748\u2026","rel":"","context":"En \u00abINTERES GENERAL\u00bb","block_context":{"text":"INTERES GENERAL","link":"https:\/\/larevistadigital.com.ar\/blog\/category\/interes-general\/"},"img":{"alt_text":"","src":"https:\/\/i0.wp.com\/larevistadigital.com.ar\/blog\/wp-content\/uploads\/e4872173037e139434f2d6cc31ea26117aafe589.jpg?fit=880%2C512&ssl=1&resize=350%2C200","width":350,"height":200,"srcset":"https:\/\/i0.wp.com\/larevistadigital.com.ar\/blog\/wp-content\/uploads\/e4872173037e139434f2d6cc31ea26117aafe589.jpg?fit=880%2C512&ssl=1&resize=350%2C200 1x, https:\/\/i0.wp.com\/larevistadigital.com.ar\/blog\/wp-content\/uploads\/e4872173037e139434f2d6cc31ea26117aafe589.jpg?fit=880%2C512&ssl=1&resize=525%2C300 1.5x, https:\/\/i0.wp.com\/larevistadigital.com.ar\/blog\/wp-content\/uploads\/e4872173037e139434f2d6cc31ea26117aafe589.jpg?fit=880%2C512&ssl=1&resize=700%2C400 2x"},"classes":[]},{"id":15390,"url":"https:\/\/larevistadigital.com.ar\/blog\/excelente-noticia-se-recupero-el-alambrado-robado-al-club-tiro-federal\/","url_meta":{"origin":19727,"position":1},"title":"EXCELENTE NOTICIA! SE RECUPER\u00d3 EL ALAMBRADO ROBADO AL CLUB TIRO FEDERAL","author":"Alejandro Sosa Ruda","date":"28 mayo, 2020","format":false,"excerpt":"Luego de la indignaci\u00f3n general por el artero robo que fuera v\u00edctima el Club Tiro Federal, en su predio ubicado en el Barrio 30 de Mayo, donde se llevaron alrededor de 50 metros de alambrado perimetral, hoy podemos decir, que gracias a Dios el alambrado fue recuperado. As\u00ed lo menciona\u2026","rel":"","context":"En \u00abDESTACADAS\u00bb","block_context":{"text":"DESTACADAS","link":"https:\/\/larevistadigital.com.ar\/blog\/category\/destacadas\/"},"img":{"alt_text":"","src":"https:\/\/i0.wp.com\/larevistadigital.com.ar\/blog\/wp-content\/uploads\/2fa9624d8b9391136efdca74f4714201.jpg?fit=600%2C334&ssl=1&resize=350%2C200","width":350,"height":200,"srcset":"https:\/\/i0.wp.com\/larevistadigital.com.ar\/blog\/wp-content\/uploads\/2fa9624d8b9391136efdca74f4714201.jpg?fit=600%2C334&ssl=1&resize=350%2C200 1x, https:\/\/i0.wp.com\/larevistadigital.com.ar\/blog\/wp-content\/uploads\/2fa9624d8b9391136efdca74f4714201.jpg?fit=600%2C334&ssl=1&resize=525%2C300 1.5x"},"classes":[]},{"id":41055,"url":"https:\/\/larevistadigital.com.ar\/blog\/conmocion-una-mujer-de-83-anos-murio-en-el-incendio-de-su-vivienda\/","url_meta":{"origin":19727,"position":2},"title":"Conmoci\u00f3n: Una mujer de 83 a\u00f1os muri\u00f3 en el incendio de su vivienda","author":"Alejandro Sosa Ruda","date":"22 agosto, 2025","format":false,"excerpt":"El siniestro ocurri\u00f3 durante la madrugada del mi\u00e9rcoles en Ayacucho. Se incendi\u00f3 una casa de la calle San Mart\u00edn al 300. Una trabajadora que se encontraba en el lugar logr\u00f3 salvar su vida y fue asistida por personal m\u00e9dico. Las causas del fuego a\u00fan se investigan. 22 de agosto de\u2026","rel":"","context":"En \u00abDESTACADAS\u00bb","block_context":{"text":"DESTACADAS","link":"https:\/\/larevistadigital.com.ar\/blog\/category\/destacadas\/"},"img":{"alt_text":"","src":"https:\/\/i0.wp.com\/larevistadigital.com.ar\/blog\/wp-content\/uploads\/7854de0b00c8af3f3086d7f46f5e99f9d44e37d2.png?fit=1140%2C641&ssl=1&resize=350%2C200","width":350,"height":200,"srcset":"https:\/\/i0.wp.com\/larevistadigital.com.ar\/blog\/wp-content\/uploads\/7854de0b00c8af3f3086d7f46f5e99f9d44e37d2.png?fit=1140%2C641&ssl=1&resize=350%2C200 1x, https:\/\/i0.wp.com\/larevistadigital.com.ar\/blog\/wp-content\/uploads\/7854de0b00c8af3f3086d7f46f5e99f9d44e37d2.png?fit=1140%2C641&ssl=1&resize=525%2C300 1.5x, https:\/\/i0.wp.com\/larevistadigital.com.ar\/blog\/wp-content\/uploads\/7854de0b00c8af3f3086d7f46f5e99f9d44e37d2.png?fit=1140%2C641&ssl=1&resize=700%2C400 2x, https:\/\/i0.wp.com\/larevistadigital.com.ar\/blog\/wp-content\/uploads\/7854de0b00c8af3f3086d7f46f5e99f9d44e37d2.png?fit=1140%2C641&ssl=1&resize=1050%2C600 3x"},"classes":[]},{"id":30466,"url":"https:\/\/larevistadigital.com.ar\/blog\/horror-muere-nino-de-8-anos-al-tocar-el-alambrado-electrico-de-su-casa\/","url_meta":{"origin":19727,"position":3},"title":"HORROR: MUERE NI\u00d1O DE 8 A\u00d1OS AL TOCAR EL ALAMBRADO EL\u00c9CTRICO DE SU CASA.","author":"Alejandro Sosa Ruda","date":"8 marzo, 2023","format":false,"excerpt":"El menor ingres\u00f3 de urgencia al hospital municipal Francisco Caram, donde fue llevado por sus propios padres. El peque\u00f1o estaba en estado inconsciente y con importantes quemaduras en su cuerpo. Pese a los intentos de los m\u00e9dicos por salvarle la vida, la v\u00edctima falleci\u00f3. 8 de marzo de 2023 BRANDSEN\u2026","rel":"","context":"En \u00abPOLICIALES\u00bb","block_context":{"text":"POLICIALES","link":"https:\/\/larevistadigital.com.ar\/blog\/category\/policiales\/"},"img":{"alt_text":"","src":"https:\/\/i0.wp.com\/larevistadigital.com.ar\/blog\/wp-content\/uploads\/20230307152235_caram.jpg?fit=880%2C512&ssl=1&resize=350%2C200","width":350,"height":200,"srcset":"https:\/\/i0.wp.com\/larevistadigital.com.ar\/blog\/wp-content\/uploads\/20230307152235_caram.jpg?fit=880%2C512&ssl=1&resize=350%2C200 1x, https:\/\/i0.wp.com\/larevistadigital.com.ar\/blog\/wp-content\/uploads\/20230307152235_caram.jpg?fit=880%2C512&ssl=1&resize=525%2C300 1.5x, https:\/\/i0.wp.com\/larevistadigital.com.ar\/blog\/wp-content\/uploads\/20230307152235_caram.jpg?fit=880%2C512&ssl=1&resize=700%2C400 2x"},"classes":[]},{"id":14088,"url":"https:\/\/larevistadigital.com.ar\/blog\/mar-del-plata-un-hombre-se-cayo-del-techo-y-murio\/","url_meta":{"origin":19727,"position":4},"title":"MAR DEL PLATA: UN HOMBRE SE CAY\u00d3 DEL TECHO Y MURI\u00d3","author":"Alejandro Sosa Ruda","date":"8 enero, 2020","format":false,"excerpt":"Sucedi\u00f3 en una vivienda del barrio Peralta Ramos Oeste. La v\u00edctima ten\u00eda 69 a\u00f1os. Sus familiares lo trasladaron al Higa donde le practicaron maniobras de reanimaci\u00f3n, pero falleci\u00f3. Un\u00a0hombre de 69\u00a0a\u00f1os\u00a0falleci\u00f3 este mi\u00e9rcoles por la tarde en el\u00a0Hospital Interzonal General de Agudos (Higa)\u00a0a donde hab\u00eda sido trasladado\u00a0luego\u00a0caerse del techo\u00a0de una\u2026","rel":"","context":"En \u00abREGIONALES\u00bb","block_context":{"text":"REGIONALES","link":"https:\/\/larevistadigital.com.ar\/blog\/category\/regionales\/"},"img":{"alt_text":"","src":"https:\/\/i0.wp.com\/larevistadigital.com.ar\/blog\/wp-content\/uploads\/Guardia-Higa-0311.jpg?fit=790%2C444&ssl=1&resize=350%2C200","width":350,"height":200,"srcset":"https:\/\/i0.wp.com\/larevistadigital.com.ar\/blog\/wp-content\/uploads\/Guardia-Higa-0311.jpg?fit=790%2C444&ssl=1&resize=350%2C200 1x, https:\/\/i0.wp.com\/larevistadigital.com.ar\/blog\/wp-content\/uploads\/Guardia-Higa-0311.jpg?fit=790%2C444&ssl=1&resize=525%2C300 1.5x, https:\/\/i0.wp.com\/larevistadigital.com.ar\/blog\/wp-content\/uploads\/Guardia-Higa-0311.jpg?fit=790%2C444&ssl=1&resize=700%2C400 2x"},"classes":[]},{"id":15321,"url":"https:\/\/larevistadigital.com.ar\/blog\/nadie-vio-vergonzoso-roban-50-metros-de-alambrado-perimetral-en-el-predio-de-tiro-federal\/","url_meta":{"origin":19727,"position":5},"title":"\u00abNADIE VI\u00d3\u00bb&#8230; VERGONZOSO: ROBAN 50 METROS DE ALAMBRADO PERIMETRAL EN EL PREDIO DE TIRO FEDERAL","author":"Alejandro Sosa Ruda","date":"25 mayo, 2020","format":false,"excerpt":"Lamentablemente, el predio del Acceso Norte del Club Atl\u00e9tico Tiro Federal de Chascom\u00fas sufri\u00f3 el robo de aproximadamente 50 metros de alambrado perimetral lindante a las v\u00edas durante este fin de semana. La Comisi\u00f3n Directiva del CATF hizo hoy lunes la denuncia correspondiente en la Comisaria, luego de que un\u2026","rel":"","context":"En \u00abINTERES GENERAL\u00bb","block_context":{"text":"INTERES GENERAL","link":"https:\/\/larevistadigital.com.ar\/blog\/category\/interes-general\/"},"img":{"alt_text":"","src":"https:\/\/i0.wp.com\/larevistadigital.com.ar\/blog\/wp-content\/uploads\/7a8230f1c0840cd9b0b9a04843c283ab.jpg?fit=600%2C334&ssl=1&resize=350%2C200","width":350,"height":200,"srcset":"https:\/\/i0.wp.com\/larevistadigital.com.ar\/blog\/wp-content\/uploads\/7a8230f1c0840cd9b0b9a04843c283ab.jpg?fit=600%2C334&ssl=1&resize=350%2C200 1x, https:\/\/i0.wp.com\/larevistadigital.com.ar\/blog\/wp-content\/uploads\/7a8230f1c0840cd9b0b9a04843c283ab.jpg?fit=600%2C334&ssl=1&resize=525%2C300 1.5x"},"classes":[]}],"_links":{"self":[{"href":"https:\/\/larevistadigital.com.ar\/blog\/wp-json\/wp\/v2\/posts\/19727","targetHints":{"allow":["GET"]}}],"collection":[{"href":"https:\/\/larevistadigital.com.ar\/blog\/wp-json\/wp\/v2\/posts"}],"about":[{"href":"https:\/\/larevistadigital.com.ar\/blog\/wp-json\/wp\/v2\/types\/post"}],"author":[{"embeddable":true,"href":"https:\/\/larevistadigital.com.ar\/blog\/wp-json\/wp\/v2\/users\/3"}],"replies":[{"embeddable":true,"href":"https:\/\/larevistadigital.com.ar\/blog\/wp-json\/wp\/v2\/comments?post=19727"}],"version-history":[{"count":1,"href":"https:\/\/larevistadigital.com.ar\/blog\/wp-json\/wp\/v2\/posts\/19727\/revisions"}],"predecessor-version":[{"id":19729,"href":"https:\/\/larevistadigital.com.ar\/blog\/wp-json\/wp\/v2\/posts\/19727\/revisions\/19729"}],"wp:featuredmedia":[{"embeddable":true,"href":"https:\/\/larevistadigital.com.ar\/blog\/wp-json\/wp\/v2\/media\/19728"}],"wp:attachment":[{"href":"https:\/\/larevistadigital.com.ar\/blog\/wp-json\/wp\/v2\/media?parent=19727"}],"wp:term":[{"taxonomy":"category","embeddable":true,"href":"https:\/\/larevistadigital.com.ar\/blog\/wp-json\/wp\/v2\/categories?post=19727"},{"taxonomy":"post_tag","embeddable":true,"href":"https:\/\/larevistadigital.com.ar\/blog\/wp-json\/wp\/v2\/tags?post=19727"}],"curies":[{"name":"wp","href":"https:\/\/api.w.org\/{rel}","templated":true}]}}