{"id":19730,"date":"2021-04-19T12:56:42","date_gmt":"2021-04-19T12:56:42","guid":{"rendered":"https:\/\/larevistadigital.com.ar\/blog\/?p=19730"},"modified":"2021-04-19T12:56:42","modified_gmt":"2021-04-19T12:56:42","slug":"mar-del-plata-guardavidas-en-conflicto","status":"publish","type":"post","link":"https:\/\/larevistadigital.com.ar\/blog\/mar-del-plata-guardavidas-en-conflicto\/","title":{"rendered":"MAR DEL PLATA: GUARDAVIDAS EN CONFLICTO"},"content":{"rendered":"<h2 class=\"intro\">Ocurri\u00f3 este domingo por la tarde en Piedra Marina, donde cortaron el tr\u00e1nsito vehicular y se quemaron neum\u00e1ticos.<\/h2>\n<p><strong>MAR DEL PLATA &#8211; <\/strong>Un nutrido grupo de guardavidas llev\u00f3 adelante este domingo por la tarde un escrache contra el concesionario de balneario\u00a0<strong>Piedra Marina<\/strong>, en la zona sur de Mar del Plata, por\u00a0<strong>incumplimientos salariales.<\/strong><\/p>\n<p>La jornada de protesta que se llev\u00f3 a cabo consisti\u00f3 de un corte del tr\u00e1nsito vehicular\u00a0a la altura del kil\u00f3metro 12.5 de la ruta 11 y la quema de gomas en el ingreso al balneario, que adeuda los salarios de marzo y aportes patronales.<\/p>\n<blockquote>\n<h3>\u00abPropusimos e hicimos todo lo posible para terminar con la problem\u00e1tica de manera pac\u00edfica. Pero los empresarios que intentan precarizar guardavidas nos devolvieron guerra\u00bb, apuntaron desde la agrupaci\u00f3n\u00a0<strong>Guardavidas Libres del Sur.<\/strong><\/h3>\n<\/blockquote>\n<p>Los trabajadores de los operativos de seguridad en las playas denunciaron que se agotaron <strong><em>\u00abtodo tipo de instancias\u00bb<\/em><\/strong> ante el incumplimiento de los empleadores de no pagar en tiempo y forma los salarios.\u00a0<em><strong>\u00abLos hacemos estrictamente responsables de todas las medidas que llevamos adelante. Los que incumplen son ellos\u00bb, se\u00f1alaron.<\/strong><\/em><\/p>\n<p>Otro de los ejes de la protesta estuvo centrado en la municipalizaci\u00f3n del servicio, cuyo proyecto se iba a presentar a fines de enero en el recinto del Concejo Deliberante de General Pueyrredon para avanzar en su tratamiento, lo que finalmente no ocurri\u00f3.}<\/p>\n<p>fuente:0223<\/p>\n","protected":false},"excerpt":{"rendered":"<div class=\"mh-excerpt\"><p>Ocurri\u00f3 este domingo por la tarde en Piedra Marina, donde cortaron el tr\u00e1nsito vehicular y se quemaron neum\u00e1ticos. MAR DEL PLATA &#8211; Un nutrido grupo de guardavidas llev\u00f3 adelante este domingo por la tarde un <a class=\"mh-excerpt-more\" href=\"https:\/\/larevistadigital.com.ar\/blog\/mar-del-plata-guardavidas-en-conflicto\/\" title=\"MAR DEL PLATA: GUARDAVIDAS EN CONFLICTO\">[Leer M\u00e1s]<\/a><\/p>\n<\/div>","protected":false},"author":3,"featured_media":19731,"comment_status":"open","ping_status":"open","sticky":false,"template":"","format":"standard","meta":{"_jetpack_memberships_contains_paid_content":false,"footnotes":"","jetpack_publicize_message":"","jetpack_publicize_feature_enabled":true,"jetpack_social_post_already_shared":true,"jetpack_social_options":{"image_generator_settings":{"template":"highway","default_image_id":0,"font":"","enabled":false},"version":2}},"categories":[50],"tags":[],"class_list":{"0":"post-19730","1":"post","2":"type-post","3":"status-publish","4":"format-standard","5":"has-post-thumbnail","7":"category-interes-general"},"jetpack_publicize_connections":[],"jetpack_featured_media_url":"https:\/\/i0.wp.com\/larevistadigital.com.ar\/blog\/wp-content\/uploads\/GUARDAVIDAS.png?fit=997%2C557&ssl=1","jetpack_sharing_enabled":true,"jetpack_shortlink":"https:\/\/wp.me\/p8qtrQ-58e","jetpack-related-posts":[{"id":21293,"url":"https:\/\/larevistadigital.com.ar\/blog\/mar-del-plata-la-sudestada-arraso-con-carpas-chiringos-y-puestos-de-guardavidas-en-las-playas-del-sur\/","url_meta":{"origin":19730,"position":0},"title":"MAR DEL PLATA: LA SUDESTADA ARRAS\u00d3 CON CARPAS, CHIRINGOS Y PUESTOS DE GUARDAVIDAS EN LAS PLAYAS DEL SUR","author":"Alejandro Sosa Ruda","date":"29 julio, 2021","format":false,"excerpt":"Los paradores ubicados entre el Alfar y playa Lejana fueron los m\u00e1s afectados. \"Nunca vimos algo igual\", cont\u00f3 una concesionaria. Tambi\u00e9n el mar caus\u00f3 destrozos en Playa Grande. MAR DEL PLATA -\u00a0 La sudestada que azot\u00f3 este mi\u00e9rcoles a Mar del Plata\u00a0arras\u00f3 con puestos de guardavidas y chiringos\u00a0ubicados en las\u2026","rel":"","context":"En \u00abREGIONALES\u00bb","block_context":{"text":"REGIONALES","link":"https:\/\/larevistadigital.com.ar\/blog\/category\/regionales\/"},"img":{"alt_text":"","src":"https:\/\/i0.wp.com\/larevistadigital.com.ar\/blog\/wp-content\/uploads\/Captura-de-pantalla-2021-07-29-001152.png?fit=966%2C743&ssl=1&resize=350%2C200","width":350,"height":200,"srcset":"https:\/\/i0.wp.com\/larevistadigital.com.ar\/blog\/wp-content\/uploads\/Captura-de-pantalla-2021-07-29-001152.png?fit=966%2C743&ssl=1&resize=350%2C200 1x, https:\/\/i0.wp.com\/larevistadigital.com.ar\/blog\/wp-content\/uploads\/Captura-de-pantalla-2021-07-29-001152.png?fit=966%2C743&ssl=1&resize=525%2C300 1.5x, https:\/\/i0.wp.com\/larevistadigital.com.ar\/blog\/wp-content\/uploads\/Captura-de-pantalla-2021-07-29-001152.png?fit=966%2C743&ssl=1&resize=700%2C400 2x"},"classes":[]},{"id":8716,"url":"https:\/\/larevistadigital.com.ar\/blog\/mar-del-plata-tragedia-muere-un-nene-ahogado-en-camping-detienen-a-tres-guardavidas\/","url_meta":{"origin":19730,"position":1},"title":"MAR DEL PLATA: TRAGEDIA. MUERE UN NENE AHOGADO EN CAMPING. DETIENEN A TRES GUARDAVIDAS","author":"Alejandro Sosa Ruda","date":"24 febrero, 2019","format":false,"excerpt":"La v\u00edctima fue hallada sin vida en la pileta m\u00e1s honda del predio. A\u00fan se desconocen las circunstancias del hecho. Un\u00a0nene de 12\u00a0a\u00f1os falleci\u00f3\u00a0este domingo por la tarde\u00a0tras ahogarse en la pileta del camping\u00a0de un sindicato\u00a0por causas que a\u00fan se desconocen. El fatal accidente\u00a0ocurri\u00f3\u00a0alrededor de las 15 horas\u00a0del domingo en\u2026","rel":"","context":"En \u00abPOLICIALES\u00bb","block_context":{"text":"POLICIALES","link":"https:\/\/larevistadigital.com.ar\/blog\/category\/policiales\/"},"img":{"alt_text":"","src":"https:\/\/i0.wp.com\/larevistadigital.com.ar\/blog\/wp-content\/uploads\/2019\/02\/1551036712161.jpg?fit=674%2C411&ssl=1&resize=350%2C200","width":350,"height":200,"srcset":"https:\/\/i0.wp.com\/larevistadigital.com.ar\/blog\/wp-content\/uploads\/2019\/02\/1551036712161.jpg?fit=674%2C411&ssl=1&resize=350%2C200 1x, https:\/\/i0.wp.com\/larevistadigital.com.ar\/blog\/wp-content\/uploads\/2019\/02\/1551036712161.jpg?fit=674%2C411&ssl=1&resize=525%2C300 1.5x"},"classes":[]},{"id":23103,"url":"https:\/\/larevistadigital.com.ar\/blog\/mar-del-plata-se-ahogo-un-hombre-en-uno-de-los-balnearios-de-punta-mogotes\/","url_meta":{"origin":19730,"position":2},"title":"MAR DEL PLATA: SE AHOG\u00d3 UN HOMBRE EN UNO DE LOS BALNEARIOS DE PUNTA MOGOTES","author":"Alejandro Sosa Ruda","date":"29 diciembre, 2021","format":false,"excerpt":"Era un hombre de aproximadamente 70 a\u00f1os que se hallaba en la zona p\u00fablica cercana al balneario N\u00b05 de Mogotes. MAR DEL PLATA -\u00a0 Un hombre de avanzada edad falleci\u00f3 esta tarde ahogado en uno de los balnearios de Punta Mogotes en circunstancias que ahora investigan las autoridades judiciales y\u2026","rel":"","context":"En \u00abPOLICIALES\u00bb","block_context":{"text":"POLICIALES","link":"https:\/\/larevistadigital.com.ar\/blog\/category\/policiales\/"},"img":{"alt_text":"","src":"https:\/\/i0.wp.com\/larevistadigital.com.ar\/blog\/wp-content\/uploads\/punta-mogotes-1.jpg?fit=1010%2C615&ssl=1&resize=350%2C200","width":350,"height":200,"srcset":"https:\/\/i0.wp.com\/larevistadigital.com.ar\/blog\/wp-content\/uploads\/punta-mogotes-1.jpg?fit=1010%2C615&ssl=1&resize=350%2C200 1x, https:\/\/i0.wp.com\/larevistadigital.com.ar\/blog\/wp-content\/uploads\/punta-mogotes-1.jpg?fit=1010%2C615&ssl=1&resize=525%2C300 1.5x, https:\/\/i0.wp.com\/larevistadigital.com.ar\/blog\/wp-content\/uploads\/punta-mogotes-1.jpg?fit=1010%2C615&ssl=1&resize=700%2C400 2x"},"classes":[]},{"id":29763,"url":"https:\/\/larevistadigital.com.ar\/blog\/murio-el-hombre-que-cayo-del-acantilado-era-un-espanol\/","url_meta":{"origin":19730,"position":3},"title":"MURI\u00d3 EL HOMBRE QUE CAY\u00d3 DEL ACANTILADO. ERA UN ESPA\u00d1OL","author":"Alejandro Sosa Ruda","date":"16 enero, 2023","format":false,"excerpt":"El espa\u00f1ol Juan Florez Estrada muri\u00f3 el domingo a la noche tras haberse accidente en un acantilado, cerca de la Playa Escondida. El guardavida Marino Serafini lo asisti\u00f3 y estuvo en sus \u00faltimas horas con \u00e9l. MAR DEL PLATA -\u00a0 \"Me llamo Juan, soy de Madrid, tengo 39 a\u00f1os.\" Esas\u2026","rel":"","context":"En \u00abREGIONALES\u00bb","block_context":{"text":"REGIONALES","link":"https:\/\/larevistadigital.com.ar\/blog\/category\/regionales\/"},"img":{"alt_text":"","src":"https:\/\/i0.wp.com\/larevistadigital.com.ar\/blog\/wp-content\/uploads\/JUAN-FLOREz-ESTRADA-05.jpg?fit=698%2C567&ssl=1&resize=350%2C200","width":350,"height":200,"srcset":"https:\/\/i0.wp.com\/larevistadigital.com.ar\/blog\/wp-content\/uploads\/JUAN-FLOREz-ESTRADA-05.jpg?fit=698%2C567&ssl=1&resize=350%2C200 1x, https:\/\/i0.wp.com\/larevistadigital.com.ar\/blog\/wp-content\/uploads\/JUAN-FLOREz-ESTRADA-05.jpg?fit=698%2C567&ssl=1&resize=525%2C300 1.5x"},"classes":[]},{"id":16787,"url":"https:\/\/larevistadigital.com.ar\/blog\/mar-del-plata-rescataron-a-un-guardavidas-que-fue-arrastrado-por-la-corriente-mientras-surfeaba\/","url_meta":{"origin":19730,"position":4},"title":"MAR DEL PLATA: RESCATARON A UN GUARDAVIDAS QUE FUE ARRASTRADO POR LA CORRIENTE MIENTRAS SURFEABA","author":"Alejandro Sosa Ruda","date":"6 octubre, 2020","format":false,"excerpt":"Ocurri\u00f3 esta ma\u00f1ana en Los Acantilados, entre playa Los Lobos y Chapadmalal. Personal de Riesgos Especiales asisti\u00f3 al hombre, que luego de recuperar fuerzas pudo salir del mar por sus propios medios. Un guardavidas que practicaba surf en la zona de Los Acantilados tuvo que ser rescatado del mar luego\u2026","rel":"","context":"En \u00abREGIONALES\u00bb","block_context":{"text":"REGIONALES","link":"https:\/\/larevistadigital.com.ar\/blog\/category\/regionales\/"},"img":{"alt_text":"","src":"https:\/\/i0.wp.com\/larevistadigital.com.ar\/blog\/wp-content\/uploads\/Screenshot_1-156.jpg?fit=1008%2C570&ssl=1&resize=350%2C200","width":350,"height":200,"srcset":"https:\/\/i0.wp.com\/larevistadigital.com.ar\/blog\/wp-content\/uploads\/Screenshot_1-156.jpg?fit=1008%2C570&ssl=1&resize=350%2C200 1x, https:\/\/i0.wp.com\/larevistadigital.com.ar\/blog\/wp-content\/uploads\/Screenshot_1-156.jpg?fit=1008%2C570&ssl=1&resize=525%2C300 1.5x, https:\/\/i0.wp.com\/larevistadigital.com.ar\/blog\/wp-content\/uploads\/Screenshot_1-156.jpg?fit=1008%2C570&ssl=1&resize=700%2C400 2x"},"classes":[]},{"id":13230,"url":"https:\/\/larevistadigital.com.ar\/blog\/villa-gesell-lo-rescataron-los-guardavidas-y-los-bomberos-le-salvan-la-vida\/","url_meta":{"origin":19730,"position":5},"title":"VILLA GESELL: LO RESCATARON LOS GUARDAVIDAS Y LOS BOMBEROS LE SALVAN LA VIDA","author":"Alejandro Sosa Ruda","date":"17 noviembre, 2019","format":false,"excerpt":"Sucedi\u00f3 esta tarde luego de un rescate en el mar, en Villa Gesell. La persona fue trasladada al Hospital Municipal local. Este domingo de fin de semana largo muchos turistas se volcaron a las playas de la regi\u00f3n. Esta tarde en Villa Gesell, en la zona de playa y 306,\u2026","rel":"","context":"En \u00abREGIONALES\u00bb","block_context":{"text":"REGIONALES","link":"https:\/\/larevistadigital.com.ar\/blog\/category\/regionales\/"},"img":{"alt_text":"","src":"https:\/\/i0.wp.com\/larevistadigital.com.ar\/blog\/wp-content\/uploads\/0de2698ffbcf63b7d3e8a5a4fc5201577a1b6a1e.jpg?fit=1140%2C752&ssl=1&resize=350%2C200","width":350,"height":200,"srcset":"https:\/\/i0.wp.com\/larevistadigital.com.ar\/blog\/wp-content\/uploads\/0de2698ffbcf63b7d3e8a5a4fc5201577a1b6a1e.jpg?fit=1140%2C752&ssl=1&resize=350%2C200 1x, https:\/\/i0.wp.com\/larevistadigital.com.ar\/blog\/wp-content\/uploads\/0de2698ffbcf63b7d3e8a5a4fc5201577a1b6a1e.jpg?fit=1140%2C752&ssl=1&resize=525%2C300 1.5x, https:\/\/i0.wp.com\/larevistadigital.com.ar\/blog\/wp-content\/uploads\/0de2698ffbcf63b7d3e8a5a4fc5201577a1b6a1e.jpg?fit=1140%2C752&ssl=1&resize=700%2C400 2x, https:\/\/i0.wp.com\/larevistadigital.com.ar\/blog\/wp-content\/uploads\/0de2698ffbcf63b7d3e8a5a4fc5201577a1b6a1e.jpg?fit=1140%2C752&ssl=1&resize=1050%2C600 3x"},"classes":[]}],"_links":{"self":[{"href":"https:\/\/larevistadigital.com.ar\/blog\/wp-json\/wp\/v2\/posts\/19730","targetHints":{"allow":["GET"]}}],"collection":[{"href":"https:\/\/larevistadigital.com.ar\/blog\/wp-json\/wp\/v2\/posts"}],"about":[{"href":"https:\/\/larevistadigital.com.ar\/blog\/wp-json\/wp\/v2\/types\/post"}],"author":[{"embeddable":true,"href":"https:\/\/larevistadigital.com.ar\/blog\/wp-json\/wp\/v2\/users\/3"}],"replies":[{"embeddable":true,"href":"https:\/\/larevistadigital.com.ar\/blog\/wp-json\/wp\/v2\/comments?post=19730"}],"version-history":[{"count":1,"href":"https:\/\/larevistadigital.com.ar\/blog\/wp-json\/wp\/v2\/posts\/19730\/revisions"}],"predecessor-version":[{"id":19732,"href":"https:\/\/larevistadigital.com.ar\/blog\/wp-json\/wp\/v2\/posts\/19730\/revisions\/19732"}],"wp:featuredmedia":[{"embeddable":true,"href":"https:\/\/larevistadigital.com.ar\/blog\/wp-json\/wp\/v2\/media\/19731"}],"wp:attachment":[{"href":"https:\/\/larevistadigital.com.ar\/blog\/wp-json\/wp\/v2\/media?parent=19730"}],"wp:term":[{"taxonomy":"category","embeddable":true,"href":"https:\/\/larevistadigital.com.ar\/blog\/wp-json\/wp\/v2\/categories?post=19730"},{"taxonomy":"post_tag","embeddable":true,"href":"https:\/\/larevistadigital.com.ar\/blog\/wp-json\/wp\/v2\/tags?post=19730"}],"curies":[{"name":"wp","href":"https:\/\/api.w.org\/{rel}","templated":true}]}}