{"id":19735,"date":"2021-04-19T13:09:35","date_gmt":"2021-04-19T13:09:35","guid":{"rendered":"https:\/\/larevistadigital.com.ar\/blog\/?p=19735"},"modified":"2021-04-19T13:09:35","modified_gmt":"2021-04-19T13:09:35","slug":"quienes-jugaran-la-superliga-europea-y-como-sera-el-formato","status":"publish","type":"post","link":"https:\/\/larevistadigital.com.ar\/blog\/quienes-jugaran-la-superliga-europea-y-como-sera-el-formato\/","title":{"rendered":"QUIENES JUGAR\u00c1N LA SUPERLIGA EUROPEA, Y COMO SER\u00c1 EL FORMATO"},"content":{"rendered":"<h2 class=\"excerpt\">Doce de los clubes m\u00e1s poderosos del mundo anunciaron la creaci\u00f3n del nuevo certamen. Qu\u00e9 pasa con la Champions League.<\/h2>\n<section class=\"detail-body first-paragraph\">\n<section id=\"note-body\" class=\"body-content note-body content-protected-false\" data-twitter-link=\"https:\/\/twitter.com\/intent\/tweet?url=https:\/\/www.minutouno.com\/c5185608&amp;v\u00eda=Ambitocom&amp;related=MinutoUno&amp;text=\">La Superliga europea llevaba a\u00f1os trabaj\u00e1ndose en la sombra impulsada por Andrea Agnelli o Florentino P\u00e9rez y se concret\u00f3 este domingo de manera definitiva, tras hacerse oficial el lanzamiento de un comunicado. La noticia caus\u00f3 terremoto en el f\u00fatbol de Europa, dado que provoc\u00f3 el rechazo r\u00e1pido de la FIFA, la <a class=\"agrupador\" href=\"https:\/\/www.minutouno.com\/uefa-a6307\" rel=\"6307\">UEFA<\/a>, federaciones y ligas nacionales e incluso autoridades de Estado.<\/p>\n<\/section>\n<\/section>\n<section class=\"detail-body second-paragraph\">\n<section class=\"body-content note-body content-protected-false\">\n<h3>\u00bfQui\u00e9nes participar\u00e1n?<\/h3>\n<p><strong>Mil\u00e1n, Arsenal, Atl\u00e9tico de Madrid, Chelsea, FC. Barcelona, Inter de Mil\u00e1n, Juventus, Liverpool, Manchester City, Manchester United, Real Madrid y Tottenham Hotspur<\/strong>\u00a0son los doce equipos que se adhirieron a la iniciativa de crear un torneo\u00a0<a href=\"https:\/\/www.minutouno.com\/deportes\/uefa\/lanzaron-la-superliga-europea-lionel-messi-se-queda-jugar-el-mundial-n5185505\" target=\"_self\" rel=\"follow noopener\">fuera de las competiciones locales y las continentales<\/a>\u00a0que son manejadas por los entes reguladores del f\u00fatbol profesional.<\/p>\n<p>Del otro lado, se quedaron los clubes alemanes y franceses, cuyos principales exponentes son el<strong>\u00a0Bayern M\u00fanich y el Par\u00eds Saint-Germain (PSG).<\/strong>\u00a0Sin embargo, varias versiones de la prensa Europea insisten en que la puerta para ambos sigue abierta, por lo que no es seguro que sus posturas sigan firmes.<\/p>\n<h3 class=\"bbc-bm53ic e1cc2ql70\">\u00bfC\u00f3mo ser\u00e1 el sistema de competici\u00f3n?<\/h3>\n<p>El formato tiende a ser mucho m\u00e1s atractivo que el de la Champions League. \u00bfPor qu\u00e9? Porque solo jugar\u00e1n los mejores 20 equipos y adem\u00e1s habr\u00e1 m\u00e1s jornadas que en el certamen reinante de la actualidad. A los 15 fundadores se sumar\u00e1n otros cinco que se decidir\u00e1n en funci\u00f3n de sus desempe\u00f1os en sus ligas y entonces comenzar\u00e1 la acci\u00f3n.<\/p>\n<p><span id=\"saysCMSEmphasisqnt1dfczir\" class=\"saysCMSEmphasis\">La temporada comenzar\u00e1 en agosto con la participaci\u00f3n de los clubes en dos grupos de diez, que jugar\u00e1n partidos de ida y vuelta<\/span>; los tres primeros de cada grupo se clasificar\u00e1n autom\u00e1ticamente para los cuartos de final. Los equipos que terminen en cuarta y quinta posici\u00f3n jugar\u00e1n un playoff adicional a doble partido. Posteriormente\u00a0<strong>s<\/strong><span id=\"saysCMSEmphasisdrx1hrmd37q\" class=\"saysCMSEmphasis\">e jugar\u00e1n playoffs de doble partido a partir de cuartos para llegar a la final, que se disputar\u00e1 a partido \u00fanico, a finales de mayo, en una sede neutral.<\/span><\/p>\n<p>Tan pronto como sea posible, tras el inicio de la competici\u00f3n masculina,<span id=\"saysCMSEmphasisaubaqfv2in9\" class=\"saysCMSEmphasis\">\u00a0se pondr\u00e1 en marcha la correspondiente liga femenina, lo que contribuir\u00e1 al avance y desarrollo del f\u00fatbol femenino.<\/span><\/p>\n<h3>\u00bfC\u00f3mo se sostendr\u00e1 econ\u00f3micamente?<\/h3>\n<p>Los pagos de solidaridad ser\u00e1n mayores que los actualmente generados por el sistema europeo de competici\u00f3n y\u00a0<span id=\"saysCMSEmphasis5tico61ny73\" class=\"saysCMSEmphasis\">se prev\u00e9 que superen los 10 000 millones de euros a lo largo del periodo de compromiso de los clubes<\/span>. Por otra parte, la nueva competici\u00f3n se construir\u00e1 con criterios financieros de sostenibilidad, ya que todos los clubes fundadores se comprometen a adoptar un marco de gasto. A cambio de su compromiso,\u00a0<span id=\"saysCMSEmphasisnbzxhd4f0n\" class=\"saysCMSEmphasis\">los clubes fundadores recibir\u00e1n, en conjunto, un pago de una sola vez de 3.500 millones de euros dedicado \u00fanicamente a acometer planes de inversi\u00f3n en infraestructuras y compensar el impacto de la pandemia del Covid<\/span>.<\/p>\n<h3>Qu\u00e9 pasa con la Champions League y LaLiga<\/h3>\n<p><strong>Javier Tebas\u00a0<\/strong>ya hab\u00eda criticado duramente este proyecto que podr\u00eda poner en peligro la viabilidad del campeonato espa\u00f1ol y las otras grandes ligas europeas dom\u00e9sticas si no participan los grandes clubes de cada pa\u00eds. En otra entrevista a\u00a0<em>Goal<\/em>, el dirigente espa\u00f1ol calificaba el proyecto como<span id=\"saysCMSEmphasisumbblvuthha\" class=\"saysCMSEmphasis\">\u00a0\u00abde barra de bar a las cinco de la ma\u00f1ana\u00bb\u00a0<\/span>y criticaba duramente a Bartomeu por anunciar que el Barcelona apoyar\u00eda la nueva competici\u00f3n:\u00a0<span id=\"saysCMSEmphasisxxtg7h1gp3m\" class=\"saysCMSEmphasis\">\u00abDesafortunado Josep Mar\u00eda Bartomeu, anunciando el \u00faltimo d\u00eda la participaci\u00f3n en una competici\u00f3n \u00abfantasma\u00bb, que ser\u00eda la ruina para el FC Barcelona, y que ratifica su ignorancia en la industria del futbol. Triste final de un presidente que tuvo aciertos y \u00faltimamente errores\u00bb<\/span>.<\/p>\n<p><strong>La amenaza de la FIFA para quienes integren la Superliga Europea<\/strong><\/p>\n<p>La casa madre del f\u00fatbol advirti\u00f3 en enero, mediante un comunicado firmado por Gianni Infantino, que\u00a0<span id=\"saysCMSEmphasisqg9b332vpv\" class=\"saysCMSEmphasis\">impondr\u00e1 duras sanciones para los futbolistas o instituciones que formen parte del nuevo torneo<\/span>. Los jugadores ser\u00e1n excluidos de la Copa del Mundo y adem\u00e1s no podr\u00e1n formar parte de ning\u00fan torneo que sea organizado por FIFA y las seis confederaciones:<strong>\u00a0AFC, CAF, CONCACAF, CONMEBOL, OFC y UEFA<\/strong>. Es decir, quedar\u00e1n apartados de la<strong>\u00a0Copa Am\u00e9rica, Eurocopa, Champions, Europa League e incluso la Libertadores y Sudamericana.<\/strong><\/p>\n<\/section>\n<\/section>\n","protected":false},"excerpt":{"rendered":"<div class=\"mh-excerpt\"><p>Doce de los clubes m\u00e1s poderosos del mundo anunciaron la creaci\u00f3n del nuevo certamen. Qu\u00e9 pasa con la Champions League. La Superliga europea llevaba a\u00f1os trabaj\u00e1ndose en la sombra impulsada por Andrea Agnelli o Florentino <a class=\"mh-excerpt-more\" href=\"https:\/\/larevistadigital.com.ar\/blog\/quienes-jugaran-la-superliga-europea-y-como-sera-el-formato\/\" title=\"QUIENES JUGAR\u00c1N LA SUPERLIGA EUROPEA, Y COMO SER\u00c1 EL FORMATO\">[Leer M\u00e1s]<\/a><\/p>\n<\/div>","protected":false},"author":3,"featured_media":19736,"comment_status":"open","ping_status":"open","sticky":false,"template":"","format":"standard","meta":{"_jetpack_memberships_contains_paid_content":false,"footnotes":"","jetpack_publicize_message":"","jetpack_publicize_feature_enabled":true,"jetpack_social_post_already_shared":true,"jetpack_social_options":{"image_generator_settings":{"template":"highway","default_image_id":0,"font":"","enabled":false},"version":2}},"categories":[8,50],"tags":[],"class_list":{"0":"post-19735","1":"post","2":"type-post","3":"status-publish","4":"format-standard","5":"has-post-thumbnail","7":"category-deportes","8":"category-interes-general"},"jetpack_publicize_connections":[],"jetpack_featured_media_url":"https:\/\/i0.wp.com\/larevistadigital.com.ar\/blog\/wp-content\/uploads\/nace-superliga-europea-interior.jpg?fit=1200%2C675&ssl=1","jetpack_sharing_enabled":true,"jetpack_shortlink":"https:\/\/wp.me\/p8qtrQ-58j","jetpack-related-posts":[{"id":12586,"url":"https:\/\/larevistadigital.com.ar\/blog\/los-partidos-de-river-y-boca-por-la-superliga-previos-al-superclasico-cambiaran-de-fecha\/","url_meta":{"origin":19735,"position":0},"title":"LOS PARTIDOS DE RIVER Y BOCA POR LA SUPERLIGA, PREVIOS AL SUPERCL\u00c1SICO, CAMBIAR\u00c1N DE FECHA","author":"Alejandro Sosa Ruda","date":"10 octubre, 2019","format":false,"excerpt":"El cambio se dar\u00eda por cuestiones de seguridad: el s\u00e1bado 19, cuando estaban pautados los encuentros, en Capital se desarrollar\u00e1 una de las marchas en apoyo al presidente Mauricio Macri. La \u00faltima prueba de Boca y de River previa a la segunda semifinal de la Copa Libertadores cambiar\u00eda de d\u00eda\u2026","rel":"","context":"En \u00abDEPORTES\u00bb","block_context":{"text":"DEPORTES","link":"https:\/\/larevistadigital.com.ar\/blog\/category\/deportes\/"},"img":{"alt_text":"","src":"https:\/\/i0.wp.com\/larevistadigital.com.ar\/blog\/wp-content\/uploads\/Screenshot_3-18.jpg?fit=931%2C610&ssl=1&resize=350%2C200","width":350,"height":200,"srcset":"https:\/\/i0.wp.com\/larevistadigital.com.ar\/blog\/wp-content\/uploads\/Screenshot_3-18.jpg?fit=931%2C610&ssl=1&resize=350%2C200 1x, https:\/\/i0.wp.com\/larevistadigital.com.ar\/blog\/wp-content\/uploads\/Screenshot_3-18.jpg?fit=931%2C610&ssl=1&resize=525%2C300 1.5x, https:\/\/i0.wp.com\/larevistadigital.com.ar\/blog\/wp-content\/uploads\/Screenshot_3-18.jpg?fit=931%2C610&ssl=1&resize=700%2C400 2x"},"classes":[]},{"id":9470,"url":"https:\/\/larevistadigital.com.ar\/blog\/racing-campeon-del-futbol-argentino\/","url_meta":{"origin":19735,"position":1},"title":"\u00a1RACING CAMPE\u00d3N DEL F\u00daTBOL ARGENTINO!","author":"Alejandro Sosa Ruda","date":"31 marzo, 2019","format":false,"excerpt":"En un final de campeonato para el infarto, Racing Club de Avellaneda se consagr\u00f3 Campe\u00f3n de la Superliga, despu\u00e9s de cinco a\u00f1os y sufriendo al final, porque luego de ir ganando durante casi todo el encuentro, Tigre pudo empatar en tiempo de descuento. De todas maneras, logr\u00f3 consagrarse porque Defensa\u2026","rel":"","context":"En \u00abDEPORTES\u00bb","block_context":{"text":"DEPORTES","link":"https:\/\/larevistadigital.com.ar\/blog\/category\/deportes\/"},"img":{"alt_text":"","src":"https:\/\/i0.wp.com\/larevistadigital.com.ar\/blog\/wp-content\/uploads\/2019\/03\/Screenshot_2-18.jpg?fit=1200%2C520&ssl=1&resize=350%2C200","width":350,"height":200,"srcset":"https:\/\/i0.wp.com\/larevistadigital.com.ar\/blog\/wp-content\/uploads\/2019\/03\/Screenshot_2-18.jpg?fit=1200%2C520&ssl=1&resize=350%2C200 1x, https:\/\/i0.wp.com\/larevistadigital.com.ar\/blog\/wp-content\/uploads\/2019\/03\/Screenshot_2-18.jpg?fit=1200%2C520&ssl=1&resize=525%2C300 1.5x, https:\/\/i0.wp.com\/larevistadigital.com.ar\/blog\/wp-content\/uploads\/2019\/03\/Screenshot_2-18.jpg?fit=1200%2C520&ssl=1&resize=700%2C400 2x, https:\/\/i0.wp.com\/larevistadigital.com.ar\/blog\/wp-content\/uploads\/2019\/03\/Screenshot_2-18.jpg?fit=1200%2C520&ssl=1&resize=1050%2C600 3x"},"classes":[]},{"id":5787,"url":"https:\/\/larevistadigital.com.ar\/blog\/mascherano-le-contesto-a-caruso-lombardi-es-una-persona-nefasta\/","url_meta":{"origin":19735,"position":2},"title":"MASCHERANO LE CONTEST\u00d3 A CARUSO LOMBARDI: \u00abES UNA PERSONA NEFASTA\u00bb","author":"Alejandro Sosa Ruda","date":"24 junio, 2018","format":false,"excerpt":"El mediocampista de la selecci\u00f3n, respondi\u00f3 con dureza a\u00a0\u00a0Ricardo Caruso Lombardi\u00a0luego de que se filtrara un video en el que se ve al entrenador argentino lanzando\u00a0acusaciones graves contra algunos integrantes del plantel argentino.\u00a0\"Es nefasto\",\u00a0consider\u00f3. Mascherano, que se mostr\u00f3 calmo a pesar de los \u00faltimos hechos, dijo que\u00a0\"Hay un video con\u2026","rel":"","context":"En \u00abDEPORTES\u00bb","block_context":{"text":"DEPORTES","link":"https:\/\/larevistadigital.com.ar\/blog\/category\/deportes\/"},"img":{"alt_text":"","src":"https:\/\/i0.wp.com\/larevistadigital.com.ar\/blog\/wp-content\/uploads\/2018\/06\/mascherano-kjqD-620x349%40abc.jpg?fit=619%2C349&ssl=1&resize=350%2C200","width":350,"height":200,"srcset":"https:\/\/i0.wp.com\/larevistadigital.com.ar\/blog\/wp-content\/uploads\/2018\/06\/mascherano-kjqD-620x349%40abc.jpg?fit=619%2C349&ssl=1&resize=350%2C200 1x, https:\/\/i0.wp.com\/larevistadigital.com.ar\/blog\/wp-content\/uploads\/2018\/06\/mascherano-kjqD-620x349%40abc.jpg?fit=619%2C349&ssl=1&resize=525%2C300 1.5x"},"classes":[]},{"id":13129,"url":"https:\/\/larevistadigital.com.ar\/blog\/ademas-del-barcelona-otro-gigante-europeo-tiene-a-marcelo-gallardo-en-la-mira\/","url_meta":{"origin":19735,"position":3},"title":"ADEM\u00c1S DEL BARCELONA, OTRO GIGANTE EUROPEO TIENE A MARCELO GALLARDO EN LA MIRA","author":"Alejandro Sosa Ruda","date":"8 noviembre, 2019","format":false,"excerpt":"El gran trabajo de Marcelo \"El Mu\u00f1eco\" Gallardo en River, dio sus frutos y est\u00e1 muy bien visto en el mundo del f\u00fatbol. Tal es as\u00ed que su nombre son\u00f3 como posible reemplazante de\u00a0Ernesto Valverde\u00a0en el\u00a0Barcelona. En Europa saben de su calidad como entrenador y el\u00a0Bayern Munich\u00a0es otro de los\u2026","rel":"","context":"En \u00abDEPORTES\u00bb","block_context":{"text":"DEPORTES","link":"https:\/\/larevistadigital.com.ar\/blog\/category\/deportes\/"},"img":{"alt_text":"","src":"https:\/\/i0.wp.com\/larevistadigital.com.ar\/blog\/wp-content\/uploads\/0228_marcelo_gallardo_g_fb.jpg?fit=650%2C446&ssl=1&resize=350%2C200","width":350,"height":200,"srcset":"https:\/\/i0.wp.com\/larevistadigital.com.ar\/blog\/wp-content\/uploads\/0228_marcelo_gallardo_g_fb.jpg?fit=650%2C446&ssl=1&resize=350%2C200 1x, https:\/\/i0.wp.com\/larevistadigital.com.ar\/blog\/wp-content\/uploads\/0228_marcelo_gallardo_g_fb.jpg?fit=650%2C446&ssl=1&resize=525%2C300 1.5x"},"classes":[]},{"id":38362,"url":"https:\/\/larevistadigital.com.ar\/blog\/javier-gaston-se-reunio-con-autoridades-del-ministerio-de-asuntos-exteriores-espanol\/","url_meta":{"origin":19735,"position":4},"title":"Javier Gast\u00f3n se reuni\u00f3 con autoridades del Ministerio de Asuntos Exteriores espa\u00f1ol","author":"Alejandro Sosa Ruda","date":"21 diciembre, 2024","format":false,"excerpt":"En el marco de su gira institucional, el intendente llev\u00f3 adelante una serie de reuniones en Madrid, Espa\u00f1a. 21 de Diciembre de 2024 CHASCOM\u00daS -\u00a0 El intendente Javier Gast\u00f3n dialog\u00f3 con Luis S\u00e1nchez-Vellisco, integrante del gabinete del ministro de Asuntos Exteriores, Uni\u00f3n Europea y Cooperaci\u00f3n del gobierno espa\u00f1ol, a quien\u2026","rel":"","context":"En \u00abCHASCOM\u00daS\u00bb","block_context":{"text":"CHASCOM\u00daS","link":"https:\/\/larevistadigital.com.ar\/blog\/category\/chascomus\/"},"img":{"alt_text":"","src":"https:\/\/i0.wp.com\/larevistadigital.com.ar\/blog\/wp-content\/uploads\/6765cd5092a79.png?fit=668%2C445&ssl=1&resize=350%2C200","width":350,"height":200,"srcset":"https:\/\/i0.wp.com\/larevistadigital.com.ar\/blog\/wp-content\/uploads\/6765cd5092a79.png?fit=668%2C445&ssl=1&resize=350%2C200 1x, https:\/\/i0.wp.com\/larevistadigital.com.ar\/blog\/wp-content\/uploads\/6765cd5092a79.png?fit=668%2C445&ssl=1&resize=525%2C300 1.5x"},"classes":[]},{"id":31474,"url":"https:\/\/larevistadigital.com.ar\/blog\/la-imagen-mas-nitida-de-la-tierra-captada-por-un-satelite-europeo\/","url_meta":{"origin":19735,"position":5},"title":"LA IMAGEN M\u00c1S N\u00cdTIDA DE LA TIERRA, CAPTADA POR UN SAT\u00c9LITE EUROPEO","author":"Alejandro Sosa Ruda","date":"10 mayo, 2023","format":false,"excerpt":"El sat\u00e9lite meteorol\u00f3gico m\u00e1s nuevo de la Agencia Espacial Europea fotografi\u00f3 en alta definici\u00f3n a nuestro planeta cubierto de nubes. Cu\u00e1les ser\u00e1n sus funciones. 9 de Mayo de 2023 El Meteosat Third Generation - Imager 1 (MTG-I1) es el nuevo sat\u00e9lite meteorol\u00f3gico de Europa que ha logrado capturar una imagen\u2026","rel":"","context":"En \u00abINTERES GENERAL\u00bb","block_context":{"text":"INTERES GENERAL","link":"https:\/\/larevistadigital.com.ar\/blog\/category\/interes-general\/"},"img":{"alt_text":"","src":"https:\/\/i0.wp.com\/larevistadigital.com.ar\/blog\/wp-content\/uploads\/tierra.jpg?fit=700%2C396&ssl=1&resize=350%2C200","width":350,"height":200,"srcset":"https:\/\/i0.wp.com\/larevistadigital.com.ar\/blog\/wp-content\/uploads\/tierra.jpg?fit=700%2C396&ssl=1&resize=350%2C200 1x, https:\/\/i0.wp.com\/larevistadigital.com.ar\/blog\/wp-content\/uploads\/tierra.jpg?fit=700%2C396&ssl=1&resize=525%2C300 1.5x, https:\/\/i0.wp.com\/larevistadigital.com.ar\/blog\/wp-content\/uploads\/tierra.jpg?fit=700%2C396&ssl=1&resize=700%2C400 2x"},"classes":[]}],"_links":{"self":[{"href":"https:\/\/larevistadigital.com.ar\/blog\/wp-json\/wp\/v2\/posts\/19735","targetHints":{"allow":["GET"]}}],"collection":[{"href":"https:\/\/larevistadigital.com.ar\/blog\/wp-json\/wp\/v2\/posts"}],"about":[{"href":"https:\/\/larevistadigital.com.ar\/blog\/wp-json\/wp\/v2\/types\/post"}],"author":[{"embeddable":true,"href":"https:\/\/larevistadigital.com.ar\/blog\/wp-json\/wp\/v2\/users\/3"}],"replies":[{"embeddable":true,"href":"https:\/\/larevistadigital.com.ar\/blog\/wp-json\/wp\/v2\/comments?post=19735"}],"version-history":[{"count":1,"href":"https:\/\/larevistadigital.com.ar\/blog\/wp-json\/wp\/v2\/posts\/19735\/revisions"}],"predecessor-version":[{"id":19737,"href":"https:\/\/larevistadigital.com.ar\/blog\/wp-json\/wp\/v2\/posts\/19735\/revisions\/19737"}],"wp:featuredmedia":[{"embeddable":true,"href":"https:\/\/larevistadigital.com.ar\/blog\/wp-json\/wp\/v2\/media\/19736"}],"wp:attachment":[{"href":"https:\/\/larevistadigital.com.ar\/blog\/wp-json\/wp\/v2\/media?parent=19735"}],"wp:term":[{"taxonomy":"category","embeddable":true,"href":"https:\/\/larevistadigital.com.ar\/blog\/wp-json\/wp\/v2\/categories?post=19735"},{"taxonomy":"post_tag","embeddable":true,"href":"https:\/\/larevistadigital.com.ar\/blog\/wp-json\/wp\/v2\/tags?post=19735"}],"curies":[{"name":"wp","href":"https:\/\/api.w.org\/{rel}","templated":true}]}}