{"id":19757,"date":"2021-04-20T11:29:53","date_gmt":"2021-04-20T11:29:53","guid":{"rendered":"https:\/\/larevistadigital.com.ar\/blog\/?p=19757"},"modified":"2021-04-20T11:29:53","modified_gmt":"2021-04-20T11:29:53","slug":"la-plata-muere-empleado-municipal-en-un-choque-de-camiones","status":"publish","type":"post","link":"https:\/\/larevistadigital.com.ar\/blog\/la-plata-muere-empleado-municipal-en-un-choque-de-camiones\/","title":{"rendered":"LA PLATA: MUERE EMPLEADO MUNICIPAL EN UN CHOQUE DE CAMIONES"},"content":{"rendered":"<h2>El siniestro vial sucedi\u00f3 esta ma\u00f1ana en la Ruta 2 a la altura del kilometro 46<\/h2>\n<p><strong>LA PLATA &#8211;<\/strong> Este lunes, un cami\u00f3n con acoplado que circulaba por la ruta 2 desde San Pedro hasta La Plata<strong>\u00a0choc\u00f3 contra otro rodado de gran porte a la altura del kil\u00f3metro 46<\/strong>, en la localidad del Peligro.<\/p>\n<p>El hecho sucedi\u00f3 esta ma\u00f1ana y\u00a0<strong>se investigan los motivos del accidente que dej\u00f3 un saldo de un fallecido y tres heridos, que fueron trasladados por SAME al hospital San Mart\u00edn.<\/strong>\u00a0En el lugar trabajaron efectivos de la comisar\u00eda Decimocuarta, Bomberos Voluntarios de El Peligro.<\/p>\n<p>Seg\u00fan informaron fuentes policiales, uno de los camiones pertenece a la delegaci\u00f3n local y era manejado por un empleado municipal.\u00a0<strong>El hombre se encontraba internado en grave estado pero, finalmente, muri\u00f3 horas m\u00e1s tarde por un paro cardiorrespiratorio.<\/strong><\/p>\n<p>Interviene en la causa de\u00a0<strong>\u201chomicidio culposo\u201d<\/strong>\u00a0la UFI N\u00ba 12.<\/p>\n","protected":false},"excerpt":{"rendered":"<div class=\"mh-excerpt\"><p>El siniestro vial sucedi\u00f3 esta ma\u00f1ana en la Ruta 2 a la altura del kilometro 46 LA PLATA &#8211; Este lunes, un cami\u00f3n con acoplado que circulaba por la ruta 2 desde San Pedro hasta <a class=\"mh-excerpt-more\" href=\"https:\/\/larevistadigital.com.ar\/blog\/la-plata-muere-empleado-municipal-en-un-choque-de-camiones\/\" title=\"LA PLATA: MUERE EMPLEADO MUNICIPAL EN UN CHOQUE DE CAMIONES\">[Leer M\u00e1s]<\/a><\/p>\n<\/div>","protected":false},"author":3,"featured_media":19758,"comment_status":"open","ping_status":"open","sticky":false,"template":"","format":"standard","meta":{"_jetpack_memberships_contains_paid_content":false,"footnotes":"","jetpack_publicize_message":"","jetpack_publicize_feature_enabled":true,"jetpack_social_post_already_shared":true,"jetpack_social_options":{"image_generator_settings":{"template":"highway","default_image_id":0,"font":"","enabled":false},"version":2}},"categories":[44,51],"tags":[],"class_list":{"0":"post-19757","1":"post","2":"type-post","3":"status-publish","4":"format-standard","5":"has-post-thumbnail","7":"category-policiales","8":"category-regionales"},"jetpack_publicize_connections":[],"jetpack_featured_media_url":"https:\/\/i0.wp.com\/larevistadigital.com.ar\/blog\/wp-content\/uploads\/camion.jpg?fit=1040%2C780&ssl=1","jetpack_sharing_enabled":true,"jetpack_shortlink":"https:\/\/wp.me\/p8qtrQ-58F","jetpack-related-posts":[{"id":10410,"url":"https:\/\/larevistadigital.com.ar\/blog\/ruta-2-tres-muertos-en-fatal-accidente-un-bebe-entre-las-victimas\/","url_meta":{"origin":19757,"position":0},"title":"RUTA 2: TRES MUERTOS EN FATAL ACCIDENTE. UN BEB\u00c9 ENTRE LAS V\u00cdCTIMAS","author":"Alejandro Sosa Ruda","date":"3 junio, 2019","format":false,"excerpt":"Al menos tres fallecidos dej\u00f3 como saldo un tr\u00e1gico accidente que ocurri\u00f3 anoche en el kil\u00f3metro 46 de la autov\u00eda 2. El siniestro fue protagonizado por dos veh\u00edculos a la altura de la localidad de El Peligro, mano de circulaci\u00f3n hacia Mar del Plata. Lamentablemente, entre las v\u00edctimas fatales hubo\u2026","rel":"","context":"En \u00abPOLICIALES\u00bb","block_context":{"text":"POLICIALES","link":"https:\/\/larevistadigital.com.ar\/blog\/category\/policiales\/"},"img":{"alt_text":"","src":"https:\/\/i0.wp.com\/larevistadigital.com.ar\/blog\/wp-content\/uploads\/Screenshot_2-3.jpg?fit=928%2C555&ssl=1&resize=350%2C200","width":350,"height":200,"srcset":"https:\/\/i0.wp.com\/larevistadigital.com.ar\/blog\/wp-content\/uploads\/Screenshot_2-3.jpg?fit=928%2C555&ssl=1&resize=350%2C200 1x, https:\/\/i0.wp.com\/larevistadigital.com.ar\/blog\/wp-content\/uploads\/Screenshot_2-3.jpg?fit=928%2C555&ssl=1&resize=525%2C300 1.5x, https:\/\/i0.wp.com\/larevistadigital.com.ar\/blog\/wp-content\/uploads\/Screenshot_2-3.jpg?fit=928%2C555&ssl=1&resize=700%2C400 2x"},"classes":[]},{"id":22846,"url":"https:\/\/larevistadigital.com.ar\/blog\/fatal-accidente-en-la-ruta-11-acceso-a-mar-del-plata\/","url_meta":{"origin":19757,"position":1},"title":"FATAL ACCIDENTE EN LA RUTA 11, ACCESO A MAR DEL PLATA","author":"Alejandro Sosa Ruda","date":"5 diciembre, 2021","format":false,"excerpt":"El conductor de un Fiat Palio, falleci\u00f3 en el siniestro que ocurri\u00f3 este domingo 5\/12 aproximadamente a las 5 de la madrugada. Sucedi\u00f3 a la altura del kil\u00f3metro 503 MAR DEL PLATA -\u00a0 El conductor de un Fiat Palio\u00a0negro falleci\u00f3 este domingo a la madrugada como consecuencia de un fuerte\u2026","rel":"","context":"En \u00abPOLICIALES\u00bb","block_context":{"text":"POLICIALES","link":"https:\/\/larevistadigital.com.ar\/blog\/category\/policiales\/"},"img":{"alt_text":"","src":"https:\/\/i0.wp.com\/larevistadigital.com.ar\/blog\/wp-content\/uploads\/Captura-de-pantalla-2021-12-05-125429.jpg?fit=1016%2C670&ssl=1&resize=350%2C200","width":350,"height":200,"srcset":"https:\/\/i0.wp.com\/larevistadigital.com.ar\/blog\/wp-content\/uploads\/Captura-de-pantalla-2021-12-05-125429.jpg?fit=1016%2C670&ssl=1&resize=350%2C200 1x, https:\/\/i0.wp.com\/larevistadigital.com.ar\/blog\/wp-content\/uploads\/Captura-de-pantalla-2021-12-05-125429.jpg?fit=1016%2C670&ssl=1&resize=525%2C300 1.5x, https:\/\/i0.wp.com\/larevistadigital.com.ar\/blog\/wp-content\/uploads\/Captura-de-pantalla-2021-12-05-125429.jpg?fit=1016%2C670&ssl=1&resize=700%2C400 2x"},"classes":[]},{"id":18128,"url":"https:\/\/larevistadigital.com.ar\/blog\/ruta-2-interceptan-auto-que-llevaba-93-kg-de-marihuana\/","url_meta":{"origin":19757,"position":2},"title":"RUTA 2: INTERCEPTAN AUTO QUE LLEVABA 93 KG. DE MARIHUANA","author":"Alejandro Sosa Ruda","date":"14 diciembre, 2020","format":false,"excerpt":"Ocurri\u00f3 esta ma\u00f1ana a la altura del kil\u00f3metro 386, en la entrada a Mar del Plata. El conductor del veh\u00edculo, de 45 a\u00f1os, intent\u00f3 escapar y tras una intensa persecuci\u00f3n qued\u00f3 detenido. MAR DEL PLATA - Un auto que\u00a0transportaba 93 kilos de marihuana\u00a0fue interceptado este lunes por la ma\u00f1ana en\u2026","rel":"","context":"En \u00abPOLICIALES\u00bb","block_context":{"text":"POLICIALES","link":"https:\/\/larevistadigital.com.ar\/blog\/category\/policiales\/"},"img":{"alt_text":"","src":"https:\/\/i0.wp.com\/larevistadigital.com.ar\/blog\/wp-content\/uploads\/Screenshot_1-177.jpg?fit=1010%2C754&ssl=1&resize=350%2C200","width":350,"height":200,"srcset":"https:\/\/i0.wp.com\/larevistadigital.com.ar\/blog\/wp-content\/uploads\/Screenshot_1-177.jpg?fit=1010%2C754&ssl=1&resize=350%2C200 1x, https:\/\/i0.wp.com\/larevistadigital.com.ar\/blog\/wp-content\/uploads\/Screenshot_1-177.jpg?fit=1010%2C754&ssl=1&resize=525%2C300 1.5x, https:\/\/i0.wp.com\/larevistadigital.com.ar\/blog\/wp-content\/uploads\/Screenshot_1-177.jpg?fit=1010%2C754&ssl=1&resize=700%2C400 2x"},"classes":[]},{"id":32813,"url":"https:\/\/larevistadigital.com.ar\/blog\/atropellaron-a-un-hombre-que-caminaba-por-la-ruta-2-esta-en-grave-estado\/","url_meta":{"origin":19757,"position":3},"title":"ATROPELLARON A UN HOMBRE QUE CAMINABA POR LA RUTA 2. EST\u00c1 EN GRAVE ESTADO","author":"Alejandro Sosa Ruda","date":"8 agosto, 2023","format":false,"excerpt":"Sucedi\u00f3 mientras la persona hac\u00eda ejercicios, durante la ma\u00f1ana de ayer. 8 de agosto de 2023 MAR CHIQUITA -\u00a0 Una persona de sexo masculino de 58 a\u00f1os de edad,\u00a0 fue atropellado en la ruta 2, en jurisdicci\u00f3n del partido de Mar Chiquita, y se encuentra en grave estado. El lamentable\u2026","rel":"","context":"En \u00abPOLICIALES\u00bb","block_context":{"text":"POLICIALES","link":"https:\/\/larevistadigital.com.ar\/blog\/category\/policiales\/"},"img":{"alt_text":"","src":"https:\/\/i0.wp.com\/larevistadigital.com.ar\/blog\/wp-content\/uploads\/2019\/02\/ambulancia.jpg?fit=800%2C454&ssl=1&resize=350%2C200","width":350,"height":200,"srcset":"https:\/\/i0.wp.com\/larevistadigital.com.ar\/blog\/wp-content\/uploads\/2019\/02\/ambulancia.jpg?fit=800%2C454&ssl=1&resize=350%2C200 1x, https:\/\/i0.wp.com\/larevistadigital.com.ar\/blog\/wp-content\/uploads\/2019\/02\/ambulancia.jpg?fit=800%2C454&ssl=1&resize=525%2C300 1.5x, https:\/\/i0.wp.com\/larevistadigital.com.ar\/blog\/wp-content\/uploads\/2019\/02\/ambulancia.jpg?fit=800%2C454&ssl=1&resize=700%2C400 2x"},"classes":[]},{"id":24798,"url":"https:\/\/larevistadigital.com.ar\/blog\/ruta-2-choque-de-camiones-en-castelli\/","url_meta":{"origin":19757,"position":4},"title":"RUTA 2: CHOQUE DE CAMIONES EN CASTELLI","author":"Alejandro Sosa Ruda","date":"25 marzo, 2022","format":false,"excerpt":"CASTELLI -\u00a0 Un camionero result\u00f3 herido tras colisionar con el cami\u00f3n que manejaba marca Iveco, en la parte trasera de otro Mercedes Benz. El accidente fue a la altura del kil\u00f3metro 181 de la Ruta, en jurisdicci\u00f3n del partido de Castelli, en sentido hacia la Capital Federal. Debido al impacto,\u2026","rel":"","context":"En \u00abCASTELLI\u00bb","block_context":{"text":"CASTELLI","link":"https:\/\/larevistadigital.com.ar\/blog\/category\/castelli\/"},"img":{"alt_text":"","src":"https:\/\/i0.wp.com\/larevistadigital.com.ar\/blog\/wp-content\/uploads\/df98fe399fc709c80bb4f1d3a67d7a99d228ce86.jpg?fit=1140%2C642&ssl=1&resize=350%2C200","width":350,"height":200,"srcset":"https:\/\/i0.wp.com\/larevistadigital.com.ar\/blog\/wp-content\/uploads\/df98fe399fc709c80bb4f1d3a67d7a99d228ce86.jpg?fit=1140%2C642&ssl=1&resize=350%2C200 1x, https:\/\/i0.wp.com\/larevistadigital.com.ar\/blog\/wp-content\/uploads\/df98fe399fc709c80bb4f1d3a67d7a99d228ce86.jpg?fit=1140%2C642&ssl=1&resize=525%2C300 1.5x, https:\/\/i0.wp.com\/larevistadigital.com.ar\/blog\/wp-content\/uploads\/df98fe399fc709c80bb4f1d3a67d7a99d228ce86.jpg?fit=1140%2C642&ssl=1&resize=700%2C400 2x, https:\/\/i0.wp.com\/larevistadigital.com.ar\/blog\/wp-content\/uploads\/df98fe399fc709c80bb4f1d3a67d7a99d228ce86.jpg?fit=1140%2C642&ssl=1&resize=1050%2C600 3x"},"classes":[]},{"id":26167,"url":"https:\/\/larevistadigital.com.ar\/blog\/ruta-2-accidente-en-el-kilometro-57-dos-autos-uno-volco\/","url_meta":{"origin":19757,"position":5},"title":"RUTA 2: ACCIDENTE EN EL KIL\u00d3METRO 57. DOS AUTOS. UNO VOLC\u00d3","author":"Alejandro Sosa Ruda","date":"28 junio, 2022","format":false,"excerpt":"(Por Juan Lemik) El periodista Juan Lemik, nos hace llegar material de un hecho que sucedi\u00f3 hoy por la ma\u00f1ana,\u00a0 aproximadamente a las 10 hs. se produjo un accidente entre dos veh\u00edculos en la ruta 2 a la altura del Km 51, por la mano a Mar del Plata. Se\u2026","rel":"","context":"En \u00abINTERES GENERAL\u00bb","block_context":{"text":"INTERES GENERAL","link":"https:\/\/larevistadigital.com.ar\/blog\/category\/interes-general\/"},"img":{"alt_text":"","src":"https:\/\/i0.wp.com\/larevistadigital.com.ar\/blog\/wp-content\/uploads\/2-2.jpg?fit=900%2C790&ssl=1&resize=350%2C200","width":350,"height":200,"srcset":"https:\/\/i0.wp.com\/larevistadigital.com.ar\/blog\/wp-content\/uploads\/2-2.jpg?fit=900%2C790&ssl=1&resize=350%2C200 1x, https:\/\/i0.wp.com\/larevistadigital.com.ar\/blog\/wp-content\/uploads\/2-2.jpg?fit=900%2C790&ssl=1&resize=525%2C300 1.5x, https:\/\/i0.wp.com\/larevistadigital.com.ar\/blog\/wp-content\/uploads\/2-2.jpg?fit=900%2C790&ssl=1&resize=700%2C400 2x"},"classes":[]}],"_links":{"self":[{"href":"https:\/\/larevistadigital.com.ar\/blog\/wp-json\/wp\/v2\/posts\/19757","targetHints":{"allow":["GET"]}}],"collection":[{"href":"https:\/\/larevistadigital.com.ar\/blog\/wp-json\/wp\/v2\/posts"}],"about":[{"href":"https:\/\/larevistadigital.com.ar\/blog\/wp-json\/wp\/v2\/types\/post"}],"author":[{"embeddable":true,"href":"https:\/\/larevistadigital.com.ar\/blog\/wp-json\/wp\/v2\/users\/3"}],"replies":[{"embeddable":true,"href":"https:\/\/larevistadigital.com.ar\/blog\/wp-json\/wp\/v2\/comments?post=19757"}],"version-history":[{"count":1,"href":"https:\/\/larevistadigital.com.ar\/blog\/wp-json\/wp\/v2\/posts\/19757\/revisions"}],"predecessor-version":[{"id":19759,"href":"https:\/\/larevistadigital.com.ar\/blog\/wp-json\/wp\/v2\/posts\/19757\/revisions\/19759"}],"wp:featuredmedia":[{"embeddable":true,"href":"https:\/\/larevistadigital.com.ar\/blog\/wp-json\/wp\/v2\/media\/19758"}],"wp:attachment":[{"href":"https:\/\/larevistadigital.com.ar\/blog\/wp-json\/wp\/v2\/media?parent=19757"}],"wp:term":[{"taxonomy":"category","embeddable":true,"href":"https:\/\/larevistadigital.com.ar\/blog\/wp-json\/wp\/v2\/categories?post=19757"},{"taxonomy":"post_tag","embeddable":true,"href":"https:\/\/larevistadigital.com.ar\/blog\/wp-json\/wp\/v2\/tags?post=19757"}],"curies":[{"name":"wp","href":"https:\/\/api.w.org\/{rel}","templated":true}]}}