{"id":19760,"date":"2021-04-20T11:37:37","date_gmt":"2021-04-20T11:37:37","guid":{"rendered":"https:\/\/larevistadigital.com.ar\/blog\/?p=19760"},"modified":"2021-04-20T11:37:37","modified_gmt":"2021-04-20T11:37:37","slug":"ayacucho-incendio-de-vehiculo-que-seria-intencional","status":"publish","type":"post","link":"https:\/\/larevistadigital.com.ar\/blog\/ayacucho-incendio-de-vehiculo-que-seria-intencional\/","title":{"rendered":"AYACUCHO: INCENDIO DE VEH\u00cdCULO QUE SER\u00cdA INTENCIONAL"},"content":{"rendered":"<p><strong>AYACUCHO &#8211;<\/strong> Pasadas las 5,30 de la ma\u00f1ana de este lunes se produjo el incendio de un auto que estaba estacionado en calle Alem y que habr\u00eda sido intencional. A ra\u00edz de ello, fueron convocados los Bomberos Voluntarios quienes prontamente controlaron el siniestro.<\/p>\n<p>El auto que tom\u00f3 fuego por completo fue un Fiat Siena que se encontraba estacionado sobre Alem al 600, pasando unos metros su cruce con Murgier. Polic\u00eda buscaba esclarecer el motivo que origin\u00f3 el fuego y que extraoficialmente habr\u00eda sido provocado.<\/p>\n<p>fuente:ayacuchoald\u00eda<\/p>\n<p>Foto gentileza Sergio Silva<\/p>\n","protected":false},"excerpt":{"rendered":"<div class=\"mh-excerpt\"><p>AYACUCHO &#8211; Pasadas las 5,30 de la ma\u00f1ana de este lunes se produjo el incendio de un auto que estaba estacionado en calle Alem y que habr\u00eda sido intencional. A ra\u00edz de ello, fueron convocados <a class=\"mh-excerpt-more\" href=\"https:\/\/larevistadigital.com.ar\/blog\/ayacucho-incendio-de-vehiculo-que-seria-intencional\/\" title=\"AYACUCHO: INCENDIO DE VEH\u00cdCULO QUE SER\u00cdA INTENCIONAL\">[Leer M\u00e1s]<\/a><\/p>\n<\/div>","protected":false},"author":3,"featured_media":19761,"comment_status":"open","ping_status":"open","sticky":false,"template":"","format":"standard","meta":{"_jetpack_memberships_contains_paid_content":false,"footnotes":"","jetpack_publicize_message":"","jetpack_publicize_feature_enabled":true,"jetpack_social_post_already_shared":true,"jetpack_social_options":{"image_generator_settings":{"template":"highway","default_image_id":0,"font":"","enabled":false},"version":2}},"categories":[44,51],"tags":[],"class_list":{"0":"post-19760","1":"post","2":"type-post","3":"status-publish","4":"format-standard","5":"has-post-thumbnail","7":"category-policiales","8":"category-regionales"},"jetpack_publicize_connections":[],"jetpack_featured_media_url":"https:\/\/i0.wp.com\/larevistadigital.com.ar\/blog\/wp-content\/uploads\/incendio-fiat-abril-2021.jpeg?fit=1280%2C578&ssl=1","jetpack_sharing_enabled":true,"jetpack_shortlink":"https:\/\/wp.me\/p8qtrQ-58I","jetpack-related-posts":[{"id":23350,"url":"https:\/\/larevistadigital.com.ar\/blog\/imagenes-lamentables-habria-sido-intencional-el-incendio-frente-al-aeroclub-se-volvio-casi-incontrolable\/","url_meta":{"origin":19760,"position":0},"title":"IM\u00c1GENES LAMENTABLES&#8230; HABR\u00cdA SIDO  INTENCIONAL EL INCENDIO FRENTE AL AEROCLUB. SE VOLVI\u00d3 CASI INCONTROLABLE.","author":"Alejandro Sosa Ruda","date":"14 enero, 2022","format":false,"excerpt":"Seg\u00fan nos han informado, el incendio de pastos producido\u00a0 hoy pasadas las 10 horas frente al Aeroclub de Chascom\u00fas, habr\u00eda sido intencional, ya que se habr\u00eda observado como unas personas lo iniciaban en las cercan\u00edas. Ac\u00e1 compartimos im\u00e1genes que realmente son tristes y que dejan de manifiesto lo que puede\u2026","rel":"","context":"En \u00abDESTACADAS\u00bb","block_context":{"text":"DESTACADAS","link":"https:\/\/larevistadigital.com.ar\/blog\/category\/destacadas\/"},"img":{"alt_text":"","src":"https:\/\/i0.wp.com\/larevistadigital.com.ar\/blog\/wp-content\/uploads\/WhatsApp-Image-2022-01-13-at-19.45.10-1.jpeg?fit=1024%2C768&ssl=1&resize=350%2C200","width":350,"height":200,"srcset":"https:\/\/i0.wp.com\/larevistadigital.com.ar\/blog\/wp-content\/uploads\/WhatsApp-Image-2022-01-13-at-19.45.10-1.jpeg?fit=1024%2C768&ssl=1&resize=350%2C200 1x, https:\/\/i0.wp.com\/larevistadigital.com.ar\/blog\/wp-content\/uploads\/WhatsApp-Image-2022-01-13-at-19.45.10-1.jpeg?fit=1024%2C768&ssl=1&resize=525%2C300 1.5x, https:\/\/i0.wp.com\/larevistadigital.com.ar\/blog\/wp-content\/uploads\/WhatsApp-Image-2022-01-13-at-19.45.10-1.jpeg?fit=1024%2C768&ssl=1&resize=700%2C400 2x"},"classes":[]},{"id":30912,"url":"https:\/\/larevistadigital.com.ar\/blog\/incendio-en-la-mutual-de-villa-del-sur-el-presidente-realizo-una-denuncia-policial-por-incendio-intencional-aqui-la-denuncia-completa\/","url_meta":{"origin":19760,"position":1},"title":"INCENDIO EN LA MUTUAL DE VILLA DEL SUR: EL PRESIDENTE REALIZ\u00d3 UNA DENUNCIA POLICIAL POR \u00abINCENDIO INTENCIONAL\u00bb AQU\u00cd LA DENUNCIA COMPLETA","author":"Alejandro Sosa Ruda","date":"6 abril, 2023","format":false,"excerpt":"El Presidente de la Asociaci\u00f3n Mutual de Villa del Sur, hizo efectiva la denuncia policial por el incendio de ayar al mediod\u00eda, del que seg\u00fan testimonios sostiene que habr\u00eda sido intencional. 6 de abril de 2023 CHASCOM\u00daS -\u00a0 Ayer en horas del mediod\u00eda, ocurri\u00f3 un incendio en la Mutual de\u2026","rel":"","context":"En \u00abDESTACADAS\u00bb","block_context":{"text":"DESTACADAS","link":"https:\/\/larevistadigital.com.ar\/blog\/category\/destacadas\/"},"img":{"alt_text":"","src":"https:\/\/i0.wp.com\/larevistadigital.com.ar\/blog\/wp-content\/uploads\/1-13-e1680793909470.jpg?fit=960%2C886&ssl=1&resize=350%2C200","width":350,"height":200,"srcset":"https:\/\/i0.wp.com\/larevistadigital.com.ar\/blog\/wp-content\/uploads\/1-13-e1680793909470.jpg?fit=960%2C886&ssl=1&resize=350%2C200 1x, https:\/\/i0.wp.com\/larevistadigital.com.ar\/blog\/wp-content\/uploads\/1-13-e1680793909470.jpg?fit=960%2C886&ssl=1&resize=525%2C300 1.5x, https:\/\/i0.wp.com\/larevistadigital.com.ar\/blog\/wp-content\/uploads\/1-13-e1680793909470.jpg?fit=960%2C886&ssl=1&resize=700%2C400 2x"},"classes":[]},{"id":44797,"url":"https:\/\/larevistadigital.com.ar\/blog\/escuela-destruida-por-un-incendio-intencional-acusan-a-un-chico-de-13-anos\/","url_meta":{"origin":19760,"position":2},"title":"Escuela destruida por un incendio intencional: acusan a un chico de 13 a\u00f1os","author":"Alejandro Sosa Ruda","date":"30 marzo, 2026","format":false,"excerpt":"El fuego arras\u00f3 por completo la Escuela N\u00b0102 en Misiones. La Justicia investiga el hecho y el menor qued\u00f3 a disposici\u00f3n del Juzgado. 30 de marzo de 2026 MISIONES -\u00a0 \u00a0Un hecho conmocionante sacude a la localidad de San Antonio, en Misiones. Un adolescente de 13 a\u00f1os fue acusado de\u2026","rel":"","context":"En \u00abINTERES GENERAL\u00bb","block_context":{"text":"INTERES GENERAL","link":"https:\/\/larevistadigital.com.ar\/blog\/category\/interes-general\/"},"img":{"alt_text":"","src":"https:\/\/i0.wp.com\/larevistadigital.com.ar\/blog\/wp-content\/uploads\/Captura-de-pantalla-2026-03-30-002559.jpg?fit=915%2C394&ssl=1&resize=350%2C200","width":350,"height":200,"srcset":"https:\/\/i0.wp.com\/larevistadigital.com.ar\/blog\/wp-content\/uploads\/Captura-de-pantalla-2026-03-30-002559.jpg?fit=915%2C394&ssl=1&resize=350%2C200 1x, https:\/\/i0.wp.com\/larevistadigital.com.ar\/blog\/wp-content\/uploads\/Captura-de-pantalla-2026-03-30-002559.jpg?fit=915%2C394&ssl=1&resize=525%2C300 1.5x, https:\/\/i0.wp.com\/larevistadigital.com.ar\/blog\/wp-content\/uploads\/Captura-de-pantalla-2026-03-30-002559.jpg?fit=915%2C394&ssl=1&resize=700%2C400 2x"},"classes":[]},{"id":30895,"url":"https:\/\/larevistadigital.com.ar\/blog\/incendio-intencional-sucedio-en-la-mutual-de-villa-del-sur-y-sospechan-que-fue-intencional-algo-que-despierta-dudas-luego-de-los-despidos-y-persecucion-gremial-denunciadas-por-el-presidente-d\/","url_meta":{"origin":19760,"position":3},"title":"\u00bfINCENDIO INTENCIONAL? SUCEDI\u00d3 EN LA MUTUAL DE VILLA DEL SUR, Y SOSPECHAN QUE FUE INTENCIONAL, ALGO QUE DESPIERTA DUDAS LUEGO DE LOS DESPIDOS Y PERSECUCI\u00d3N GREMIAL DENUNCIADAS POR EL PRESIDENTE DE LA MUTUAL","author":"Alejandro Sosa Ruda","date":"5 abril, 2023","format":false,"excerpt":"Todo (incluso el off the record de algunos indicar\u00eda que fue intencional. Crecen las sospechas de un acto mafioso con transfondo gremial. 5 de abril de 2023 CHASCOM\u00daS -\u00a0 Hace un rato, aproximadamente a las 12:30 horas nos lleg\u00f3 una alerta de los Bomberos Voluntarios que se dirig\u00edan a sofocar\u2026","rel":"","context":"En \u00abDESTACADAS\u00bb","block_context":{"text":"DESTACADAS","link":"https:\/\/larevistadigital.com.ar\/blog\/category\/destacadas\/"},"img":{"alt_text":"","src":"https:\/\/i0.wp.com\/larevistadigital.com.ar\/blog\/wp-content\/uploads\/6-5.jpg?fit=900%2C1200&ssl=1&resize=350%2C200","width":350,"height":200,"srcset":"https:\/\/i0.wp.com\/larevistadigital.com.ar\/blog\/wp-content\/uploads\/6-5.jpg?fit=900%2C1200&ssl=1&resize=350%2C200 1x, https:\/\/i0.wp.com\/larevistadigital.com.ar\/blog\/wp-content\/uploads\/6-5.jpg?fit=900%2C1200&ssl=1&resize=525%2C300 1.5x, https:\/\/i0.wp.com\/larevistadigital.com.ar\/blog\/wp-content\/uploads\/6-5.jpg?fit=900%2C1200&ssl=1&resize=700%2C400 2x"},"classes":[]},{"id":30376,"url":"https:\/\/larevistadigital.com.ar\/blog\/mar-del-plata-muere-en-un-incendio-en-su-casa-pero-se-descubrio-que-fue-intencional-hay-un-detenido\/","url_meta":{"origin":19760,"position":4},"title":"MAR DEL PLATA: MUERE EN UN INCENDIO EN SU CASA, PERO SE DESCUBRIO QUE FUE INTENCIONAL. HAY UN DETENIDO","author":"Alejandro Sosa Ruda","date":"4 marzo, 2023","format":false,"excerpt":"El hecho ocurri\u00f3 hace una semana en el barrio Don Emilio. La v\u00edctima hab\u00eda sido amenazada horas antes. Im\u00e1genes de c\u00e1maras de seguridad captaron al supuesto autor del incendio. 4 de marzo de 2023 La investigaci\u00f3n por la muerte de un hombre tras incendio en su casa en el Barrio\u2026","rel":"","context":"En \u00abPOLICIALES\u00bb","block_context":{"text":"POLICIALES","link":"https:\/\/larevistadigital.com.ar\/blog\/category\/policiales\/"},"img":{"alt_text":"","src":"https:\/\/i0.wp.com\/larevistadigital.com.ar\/blog\/wp-content\/uploads\/Captura-de-pantalla-2023-03-03-231827.png?fit=803%2C441&ssl=1&resize=350%2C200","width":350,"height":200,"srcset":"https:\/\/i0.wp.com\/larevistadigital.com.ar\/blog\/wp-content\/uploads\/Captura-de-pantalla-2023-03-03-231827.png?fit=803%2C441&ssl=1&resize=350%2C200 1x, https:\/\/i0.wp.com\/larevistadigital.com.ar\/blog\/wp-content\/uploads\/Captura-de-pantalla-2023-03-03-231827.png?fit=803%2C441&ssl=1&resize=525%2C300 1.5x, https:\/\/i0.wp.com\/larevistadigital.com.ar\/blog\/wp-content\/uploads\/Captura-de-pantalla-2023-03-03-231827.png?fit=803%2C441&ssl=1&resize=700%2C400 2x"},"classes":[]},{"id":41055,"url":"https:\/\/larevistadigital.com.ar\/blog\/conmocion-una-mujer-de-83-anos-murio-en-el-incendio-de-su-vivienda\/","url_meta":{"origin":19760,"position":5},"title":"Conmoci\u00f3n: Una mujer de 83 a\u00f1os muri\u00f3 en el incendio de su vivienda","author":"Alejandro Sosa Ruda","date":"22 agosto, 2025","format":false,"excerpt":"El siniestro ocurri\u00f3 durante la madrugada del mi\u00e9rcoles en Ayacucho. Se incendi\u00f3 una casa de la calle San Mart\u00edn al 300. Una trabajadora que se encontraba en el lugar logr\u00f3 salvar su vida y fue asistida por personal m\u00e9dico. Las causas del fuego a\u00fan se investigan. 22 de agosto de\u2026","rel":"","context":"En \u00abDESTACADAS\u00bb","block_context":{"text":"DESTACADAS","link":"https:\/\/larevistadigital.com.ar\/blog\/category\/destacadas\/"},"img":{"alt_text":"","src":"https:\/\/i0.wp.com\/larevistadigital.com.ar\/blog\/wp-content\/uploads\/7854de0b00c8af3f3086d7f46f5e99f9d44e37d2.png?fit=1140%2C641&ssl=1&resize=350%2C200","width":350,"height":200,"srcset":"https:\/\/i0.wp.com\/larevistadigital.com.ar\/blog\/wp-content\/uploads\/7854de0b00c8af3f3086d7f46f5e99f9d44e37d2.png?fit=1140%2C641&ssl=1&resize=350%2C200 1x, https:\/\/i0.wp.com\/larevistadigital.com.ar\/blog\/wp-content\/uploads\/7854de0b00c8af3f3086d7f46f5e99f9d44e37d2.png?fit=1140%2C641&ssl=1&resize=525%2C300 1.5x, https:\/\/i0.wp.com\/larevistadigital.com.ar\/blog\/wp-content\/uploads\/7854de0b00c8af3f3086d7f46f5e99f9d44e37d2.png?fit=1140%2C641&ssl=1&resize=700%2C400 2x, https:\/\/i0.wp.com\/larevistadigital.com.ar\/blog\/wp-content\/uploads\/7854de0b00c8af3f3086d7f46f5e99f9d44e37d2.png?fit=1140%2C641&ssl=1&resize=1050%2C600 3x"},"classes":[]}],"_links":{"self":[{"href":"https:\/\/larevistadigital.com.ar\/blog\/wp-json\/wp\/v2\/posts\/19760","targetHints":{"allow":["GET"]}}],"collection":[{"href":"https:\/\/larevistadigital.com.ar\/blog\/wp-json\/wp\/v2\/posts"}],"about":[{"href":"https:\/\/larevistadigital.com.ar\/blog\/wp-json\/wp\/v2\/types\/post"}],"author":[{"embeddable":true,"href":"https:\/\/larevistadigital.com.ar\/blog\/wp-json\/wp\/v2\/users\/3"}],"replies":[{"embeddable":true,"href":"https:\/\/larevistadigital.com.ar\/blog\/wp-json\/wp\/v2\/comments?post=19760"}],"version-history":[{"count":1,"href":"https:\/\/larevistadigital.com.ar\/blog\/wp-json\/wp\/v2\/posts\/19760\/revisions"}],"predecessor-version":[{"id":19762,"href":"https:\/\/larevistadigital.com.ar\/blog\/wp-json\/wp\/v2\/posts\/19760\/revisions\/19762"}],"wp:featuredmedia":[{"embeddable":true,"href":"https:\/\/larevistadigital.com.ar\/blog\/wp-json\/wp\/v2\/media\/19761"}],"wp:attachment":[{"href":"https:\/\/larevistadigital.com.ar\/blog\/wp-json\/wp\/v2\/media?parent=19760"}],"wp:term":[{"taxonomy":"category","embeddable":true,"href":"https:\/\/larevistadigital.com.ar\/blog\/wp-json\/wp\/v2\/categories?post=19760"},{"taxonomy":"post_tag","embeddable":true,"href":"https:\/\/larevistadigital.com.ar\/blog\/wp-json\/wp\/v2\/tags?post=19760"}],"curies":[{"name":"wp","href":"https:\/\/api.w.org\/{rel}","templated":true}]}}