{"id":19763,"date":"2021-04-20T11:45:27","date_gmt":"2021-04-20T11:45:27","guid":{"rendered":"https:\/\/larevistadigital.com.ar\/blog\/?p=19763"},"modified":"2021-04-20T11:45:27","modified_gmt":"2021-04-20T11:45:27","slug":"mar-del-plata-hoy-paran-los-municipales-tras-no-llegar-a-un-acuerdo-salarial","status":"publish","type":"post","link":"https:\/\/larevistadigital.com.ar\/blog\/mar-del-plata-hoy-paran-los-municipales-tras-no-llegar-a-un-acuerdo-salarial\/","title":{"rendered":"MAR DEL PLATA: HOY PARAN LOS MUNICIPALES TRAS NO LLEGAR A UN ACUERDO SALARIAL"},"content":{"rendered":"<p><strong><span style=\"color: #ff0000\">MAR DEL PLATA &#8211;<\/span><\/strong> Rige desde la primera hora de hoy un paro de los trabajadores municipales por lo que s\u00f3lo funcionan guardias m\u00ednimas y los servicios esenciales en el \u00e1mbito de la comuna.<\/p>\n<p>El Sindicato de Trabajadores Municipales dispuso para hoy una medida de fuerza por 24 tras no llegar a un acuerdo con el Ejecutivo por el aumento salarial.<\/p>\n<blockquote>\n<h3>La medida paralizar\u00e1 casi toda la actividad del municipio y abarcar\u00e1 el \u00e1mbito educativo por lo que no se dictar\u00e1n clases en los establecimientos del Sistema Educativo municipal.<\/h3>\n<\/blockquote>\n<p>El sindicato garantiz\u00f3 la permanencia de las guardias y la continuidad de los servicios esenciales. De esta manera, se mantendr\u00e1n la guardias en los Centros de Salud, en hogares de ni\u00f1os y ancianos y cementerios entre otros \u00e1mbitos.<\/p>\n<p>Adem\u00e1s, se sostendr\u00e1 sin alteraciones las actividades vinculadas a la pandemia de coronavirus como los testeos y procesamientos en laboratorios.<\/p>\n<p>El paro finalizar\u00e1 hoy a la medianoche y se espera que el mi\u00e9rcoles haya un reuni\u00f3n entre las partes en el Ministerio de Trabajo de la Provincia.<\/p>\n<blockquote>\n<h3>La medida de fuerza fue anunciada el viernes por el Sindicato en una nota dirigida al secretario de Gobierno, Santiago Bonifatti, en la que expres\u00f3 \u201cdisconformidad\u201d por la \u00faltima propuesta de recomposici\u00f3n de haberes presentada por el municipio.<\/h3>\n<\/blockquote>\n<p>El sindicato revel\u00f3 que consiste en un incremento de 29% pagadero en abril (10%), agosto (10%) y diciembre (9%), y sostuvo que \u201cresulta insuficiente dado que genera mayor una depreciaci\u00f3n del poder adquisitivo del salario del trabajador\u201d.<\/p>\n<p>Tambi\u00e9n se\u00f1ala que en las negociaciones el secretario de Gobierno no reconoci\u00f3 \u201clo adeudado en 2020, a lo que debe sumarse tambi\u00e9n el \u00edndice inflacionario del primer trimestre de 2021, que ya alcanza un 13%\u201d.<\/p>\n<blockquote>\n<h3>Por su parte, Bonifatti, consider\u00f3 que el paro es \u201cdesacertado\u201d y llega \u201ca destiempo\u201d.<\/h3>\n<\/blockquote>\n<p>\u201cLamentamos mucho que el sindicato considere que es necesaria la realizaci\u00f3n de una medida de fuerza en medio de una negociaci\u00f3n paritaria, no solo por lo que implica un paro sino por el momento tan cr\u00edtico que vivimos por la pandemia\u201d, dijo el funcionario y agreg\u00f3 que \u201cesto no le hace bien a nadie\u201d.<\/p>\n<p>\u2013 Comenz\u00f3 la vacunaci\u00f3n antigripal pero hoy se suspende por la huelga<\/p>\n","protected":false},"excerpt":{"rendered":"<div class=\"mh-excerpt\"><p>MAR DEL PLATA &#8211; Rige desde la primera hora de hoy un paro de los trabajadores municipales por lo que s\u00f3lo funcionan guardias m\u00ednimas y los servicios esenciales en el \u00e1mbito de la comuna. El <a class=\"mh-excerpt-more\" href=\"https:\/\/larevistadigital.com.ar\/blog\/mar-del-plata-hoy-paran-los-municipales-tras-no-llegar-a-un-acuerdo-salarial\/\" title=\"MAR DEL PLATA: HOY PARAN LOS MUNICIPALES TRAS NO LLEGAR A UN ACUERDO SALARIAL\">[Leer M\u00e1s]<\/a><\/p>\n<\/div>","protected":false},"author":3,"featured_media":19764,"comment_status":"open","ping_status":"open","sticky":false,"template":"","format":"standard","meta":{"_jetpack_memberships_contains_paid_content":false,"footnotes":"","jetpack_publicize_message":"","jetpack_publicize_feature_enabled":true,"jetpack_social_post_already_shared":true,"jetpack_social_options":{"image_generator_settings":{"template":"highway","default_image_id":0,"font":"","enabled":false},"version":2}},"categories":[12,51],"tags":[],"class_list":{"0":"post-19763","1":"post","2":"type-post","3":"status-publish","4":"format-standard","5":"has-post-thumbnail","7":"category-politica","8":"category-regionales"},"jetpack_publicize_connections":[],"jetpack_featured_media_url":"https:\/\/i0.wp.com\/larevistadigital.com.ar\/blog\/wp-content\/uploads\/MUNICIPALIDAD-DE-GENERAL-PUEYRREDON.png?fit=1013%2C713&ssl=1","jetpack_sharing_enabled":true,"jetpack_shortlink":"https:\/\/wp.me\/p8qtrQ-58L","jetpack-related-posts":[{"id":17789,"url":"https:\/\/larevistadigital.com.ar\/blog\/municipales-de-mar-del-plata-inician-retencion-de-tarea-por-no-acordar-con-el-ejecutivo\/","url_meta":{"origin":19763,"position":0},"title":"MUNICIPALES DE MAR DEL PLATA INICIAN RETENCI\u00d3N DE TAREA, POR NO ACORDAR CON EL EJECUTIVO","author":"Alejandro Sosa Ruda","date":"20 noviembre, 2020","format":false,"excerpt":"El Sindicato de Trabajadores municipales rechaz\u00f3 el ofrecimiento de aumento que consiste en un 10% a partir de diciembre, un 5% para marzo y un 5% para junio. El Sindicato de Trabajadores Municipales anunci\u00f3 una retenci\u00f3n de tareas\u00a0a partir del martes\u00a0luego de no aceptar la propuesta salarial del Ejecutivo. En\u2026","rel":"","context":"En \u00abGREMIALES\u00bb","block_context":{"text":"GREMIALES","link":"https:\/\/larevistadigital.com.ar\/blog\/category\/gremiales\/"},"img":{"alt_text":"","src":"https:\/\/i0.wp.com\/larevistadigital.com.ar\/blog\/wp-content\/uploads\/Screenshot_6-7.jpg?fit=1009%2C674&ssl=1&resize=350%2C200","width":350,"height":200,"srcset":"https:\/\/i0.wp.com\/larevistadigital.com.ar\/blog\/wp-content\/uploads\/Screenshot_6-7.jpg?fit=1009%2C674&ssl=1&resize=350%2C200 1x, https:\/\/i0.wp.com\/larevistadigital.com.ar\/blog\/wp-content\/uploads\/Screenshot_6-7.jpg?fit=1009%2C674&ssl=1&resize=525%2C300 1.5x, https:\/\/i0.wp.com\/larevistadigital.com.ar\/blog\/wp-content\/uploads\/Screenshot_6-7.jpg?fit=1009%2C674&ssl=1&resize=700%2C400 2x"},"classes":[]},{"id":9224,"url":"https:\/\/larevistadigital.com.ar\/blog\/chascomus-hubo-acuerdo-en-la-mesa-de-negociacion-salarial\/","url_meta":{"origin":19763,"position":1},"title":"CHASCOM\u00daS: HUBO ACUERDO EN LA MESA DE NEGOCIACI\u00d3N SALARIAL","author":"Alejandro Sosa Ruda","date":"20 marzo, 2019","format":false,"excerpt":"El Departamento Ejecutivo y los representantes de los tres gremios municipales acordaron, ayer el pago de la cl\u00e1usula gatillo y un nuevo aumento, logrando, de esta manera, una mejora para los trabajadores municipales de un 30.54 por ciento. El acuerdo, que incluye la aplicaci\u00f3n de la cl\u00e1usula gatillo del 22%,\u2026","rel":"","context":"En \u00abCHASCOM\u00daS\u00bb","block_context":{"text":"CHASCOM\u00daS","link":"https:\/\/larevistadigital.com.ar\/blog\/category\/chascomus\/"},"img":{"alt_text":"","src":"https:\/\/i0.wp.com\/larevistadigital.com.ar\/blog\/wp-content\/uploads\/2019\/03\/54516566_2340908479263357_1947239288974344192_o.jpg?fit=1200%2C801&ssl=1&resize=350%2C200","width":350,"height":200,"srcset":"https:\/\/i0.wp.com\/larevistadigital.com.ar\/blog\/wp-content\/uploads\/2019\/03\/54516566_2340908479263357_1947239288974344192_o.jpg?fit=1200%2C801&ssl=1&resize=350%2C200 1x, https:\/\/i0.wp.com\/larevistadigital.com.ar\/blog\/wp-content\/uploads\/2019\/03\/54516566_2340908479263357_1947239288974344192_o.jpg?fit=1200%2C801&ssl=1&resize=525%2C300 1.5x, https:\/\/i0.wp.com\/larevistadigital.com.ar\/blog\/wp-content\/uploads\/2019\/03\/54516566_2340908479263357_1947239288974344192_o.jpg?fit=1200%2C801&ssl=1&resize=700%2C400 2x, https:\/\/i0.wp.com\/larevistadigital.com.ar\/blog\/wp-content\/uploads\/2019\/03\/54516566_2340908479263357_1947239288974344192_o.jpg?fit=1200%2C801&ssl=1&resize=1050%2C600 3x"},"classes":[]},{"id":33236,"url":"https:\/\/larevistadigital.com.ar\/blog\/municipio-peronista-sube-la-apuesta-de-massa-y-pagara-a-los-municipales-un-bono-de-80-000\/","url_meta":{"origin":19763,"position":2},"title":"MUNICIPIO PERONISTA SUBE LA APUESTA DE MASSA Y PAGAR\u00c1 A LOS MUNICIPALES UN BONO DE $80.000.-","author":"Alejandro Sosa Ruda","date":"3 septiembre, 2023","format":false,"excerpt":"El Departamento Ejecutivo del Municipio de Benito Ju\u00e1rez, junto con los sindicatos del consejo de empleo, anunciaron el acuerdo que beneficia a las y los trabajadores municipales. \u201cDespu\u00e9s de constructivas y fruct\u00edferas negociaciones, ambas partes han llegado a un consenso un\u00e1nime que respalda y fortalece las condiciones laborales de los\u2026","rel":"","context":"En \u00abGREMIALES\u00bb","block_context":{"text":"GREMIALES","link":"https:\/\/larevistadigital.com.ar\/blog\/category\/gremiales\/"},"img":{"alt_text":"","src":"https:\/\/i0.wp.com\/larevistadigital.com.ar\/blog\/wp-content\/uploads\/20230903120523_julio-cesar-marini.jpg?fit=880%2C512&ssl=1&resize=350%2C200","width":350,"height":200,"srcset":"https:\/\/i0.wp.com\/larevistadigital.com.ar\/blog\/wp-content\/uploads\/20230903120523_julio-cesar-marini.jpg?fit=880%2C512&ssl=1&resize=350%2C200 1x, https:\/\/i0.wp.com\/larevistadigital.com.ar\/blog\/wp-content\/uploads\/20230903120523_julio-cesar-marini.jpg?fit=880%2C512&ssl=1&resize=525%2C300 1.5x, https:\/\/i0.wp.com\/larevistadigital.com.ar\/blog\/wp-content\/uploads\/20230903120523_julio-cesar-marini.jpg?fit=880%2C512&ssl=1&resize=700%2C400 2x"},"classes":[]},{"id":953,"url":"https:\/\/larevistadigital.com.ar\/blog\/primicia-de-lrd-los-gremios-municipales-llegaron-a-un-acuerdo-por-el-aumento-salarial\/","url_meta":{"origin":19763,"position":3},"title":"PRIMICIA DE LRD: LOS GREMIOS MUNICIPALES LLEGARON A UN ACUERDO POR EL AUMENTO SALARIAL","author":"Alejandro Sosa Ruda","date":"10 marzo, 2017","format":false,"excerpt":"LRD dialog\u00f3 en exclusiva con la Secretaria general de ATE, Mar\u00eda Alicia Barletta, qui\u00e9n confirm\u00f3 que luego de una larga reuni\u00f3n pudieron llegar a un acuerdo sobre el monto del aumento salarial con el ejecutivo municipal. En el d\u00eda de hoy, se produjo la reuni\u00f3n pactada entre funcionarios del ejecutivo\u2026","rel":"","context":"En \u00abCHASCOM\u00daS\u00bb","block_context":{"text":"CHASCOM\u00daS","link":"https:\/\/larevistadigital.com.ar\/blog\/category\/chascomus\/"},"img":{"alt_text":"","src":"https:\/\/i0.wp.com\/larevistadigital.com.ar\/blog\/wp-content\/uploads\/2017\/03\/barleta_Alicia-Copy.jpg?fit=1024%2C768&ssl=1&resize=350%2C200","width":350,"height":200,"srcset":"https:\/\/i0.wp.com\/larevistadigital.com.ar\/blog\/wp-content\/uploads\/2017\/03\/barleta_Alicia-Copy.jpg?fit=1024%2C768&ssl=1&resize=350%2C200 1x, https:\/\/i0.wp.com\/larevistadigital.com.ar\/blog\/wp-content\/uploads\/2017\/03\/barleta_Alicia-Copy.jpg?fit=1024%2C768&ssl=1&resize=525%2C300 1.5x, https:\/\/i0.wp.com\/larevistadigital.com.ar\/blog\/wp-content\/uploads\/2017\/03\/barleta_Alicia-Copy.jpg?fit=1024%2C768&ssl=1&resize=700%2C400 2x"},"classes":[]},{"id":36632,"url":"https:\/\/larevistadigital.com.ar\/blog\/ejecutivo-y-sindicatos-acuerdan-un-nuevo-aumento-salarial-para-trabajadores-municipales\/","url_meta":{"origin":19763,"position":4},"title":"EJECUTIVO Y SINDICATOS ACUERDAN UN NUEVO AUMENTO SALARIAL PARA TRABAJADORES MUNICIPALES","author":"Alejandro Sosa Ruda","date":"10 julio, 2024","format":false,"excerpt":"El incremento beneficiar\u00e1 a toda la planta municipal en dos etapas y actualizar\u00e1 las asignaciones familiares. 10 de Julio de 2024 CHASCOM\u00daS -\u00a0 El secretario de Recursos Humanos y Modernizaci\u00f3n del Estado, Jos\u00e9 Yezza Ross, y el de Gobierno, Cipriano P\u00e9rez del Cerro se reunieron con representantes gremiales con quienes\u2026","rel":"","context":"En \u00abCHASCOM\u00daS\u00bb","block_context":{"text":"CHASCOM\u00daS","link":"https:\/\/larevistadigital.com.ar\/blog\/category\/chascomus\/"},"img":{"alt_text":"","src":"https:\/\/i0.wp.com\/larevistadigital.com.ar\/blog\/wp-content\/uploads\/2024_07_11_01_30_23_4218651.jpg?fit=600%2C401&ssl=1&resize=350%2C200","width":350,"height":200,"srcset":"https:\/\/i0.wp.com\/larevistadigital.com.ar\/blog\/wp-content\/uploads\/2024_07_11_01_30_23_4218651.jpg?fit=600%2C401&ssl=1&resize=350%2C200 1x, https:\/\/i0.wp.com\/larevistadigital.com.ar\/blog\/wp-content\/uploads\/2024_07_11_01_30_23_4218651.jpg?fit=600%2C401&ssl=1&resize=525%2C300 1.5x"},"classes":[]},{"id":43237,"url":"https:\/\/larevistadigital.com.ar\/blog\/chascomus-aumento-salarial-del-13-para-trabajadores-municipales\/","url_meta":{"origin":19763,"position":5},"title":"Chascom\u00fas: Aumento salarial del 13% para trabajadores municipales","author":"Alejandro Sosa Ruda","date":"10 enero, 2026","format":false,"excerpt":"Las autoridades del Departamento Ejecutivo y representantes de los sindicatos municipales alcanzaron un acuerdo un\u00e1nime que establece aumentos salariales en dos tramos y mantiene el di\u00e1logo permanente con los gremios. 10 de enero de 2026 CHASCOM\u00daS -\u00a0 \u00a0El encuentro de la Mesa Salarial tuvo lugar en el Palacio Municipal, donde\u2026","rel":"","context":"En \u00abINTERES GENERAL\u00bb","block_context":{"text":"INTERES GENERAL","link":"https:\/\/larevistadigital.com.ar\/blog\/category\/interes-general\/"},"img":{"alt_text":"","src":"https:\/\/i0.wp.com\/larevistadigital.com.ar\/blog\/wp-content\/uploads\/69615a06816dc.png?fit=668%2C445&ssl=1&resize=350%2C200","width":350,"height":200,"srcset":"https:\/\/i0.wp.com\/larevistadigital.com.ar\/blog\/wp-content\/uploads\/69615a06816dc.png?fit=668%2C445&ssl=1&resize=350%2C200 1x, https:\/\/i0.wp.com\/larevistadigital.com.ar\/blog\/wp-content\/uploads\/69615a06816dc.png?fit=668%2C445&ssl=1&resize=525%2C300 1.5x"},"classes":[]}],"_links":{"self":[{"href":"https:\/\/larevistadigital.com.ar\/blog\/wp-json\/wp\/v2\/posts\/19763","targetHints":{"allow":["GET"]}}],"collection":[{"href":"https:\/\/larevistadigital.com.ar\/blog\/wp-json\/wp\/v2\/posts"}],"about":[{"href":"https:\/\/larevistadigital.com.ar\/blog\/wp-json\/wp\/v2\/types\/post"}],"author":[{"embeddable":true,"href":"https:\/\/larevistadigital.com.ar\/blog\/wp-json\/wp\/v2\/users\/3"}],"replies":[{"embeddable":true,"href":"https:\/\/larevistadigital.com.ar\/blog\/wp-json\/wp\/v2\/comments?post=19763"}],"version-history":[{"count":1,"href":"https:\/\/larevistadigital.com.ar\/blog\/wp-json\/wp\/v2\/posts\/19763\/revisions"}],"predecessor-version":[{"id":19765,"href":"https:\/\/larevistadigital.com.ar\/blog\/wp-json\/wp\/v2\/posts\/19763\/revisions\/19765"}],"wp:featuredmedia":[{"embeddable":true,"href":"https:\/\/larevistadigital.com.ar\/blog\/wp-json\/wp\/v2\/media\/19764"}],"wp:attachment":[{"href":"https:\/\/larevistadigital.com.ar\/blog\/wp-json\/wp\/v2\/media?parent=19763"}],"wp:term":[{"taxonomy":"category","embeddable":true,"href":"https:\/\/larevistadigital.com.ar\/blog\/wp-json\/wp\/v2\/categories?post=19763"},{"taxonomy":"post_tag","embeddable":true,"href":"https:\/\/larevistadigital.com.ar\/blog\/wp-json\/wp\/v2\/tags?post=19763"}],"curies":[{"name":"wp","href":"https:\/\/api.w.org\/{rel}","templated":true}]}}