{"id":19767,"date":"2021-04-20T14:09:35","date_gmt":"2021-04-20T14:09:35","guid":{"rendered":"https:\/\/larevistadigital.com.ar\/blog\/?p=19767"},"modified":"2021-04-20T14:09:35","modified_gmt":"2021-04-20T14:09:35","slug":"cientifico-revelo-cuando-los-extraterrestres-contactaran-a-los-seres-humanos","status":"publish","type":"post","link":"https:\/\/larevistadigital.com.ar\/blog\/cientifico-revelo-cuando-los-extraterrestres-contactaran-a-los-seres-humanos\/","title":{"rendered":"CIENT\u00cdFICO REVEL\u00d3 CUANDO LOS EXTRATERRESTRES CONTACTAR\u00c1N A LOS SERES HUMANOS"},"content":{"rendered":"<h2>El f\u00edsico<strong>\u00a0Michio Kaku<\/strong>\u00a0realiz\u00f3 la afirmaci\u00f3n luego que el Pent\u00e1gono validara un video\u00a0de avistamiento de\u00a0ovnis. Adem\u00e1s, sostuvo los seres de otros mundos\u00a0<em>\u201cest\u00e1n miles de a\u00f1os por delante en tecnolog\u00eda\u00bb<\/em>\u00a0en comparaci\u00f3n con el humano.<\/h2>\n<p>El doctor\u00a0<strong>Michio Kaku<\/strong>, f\u00edsico y una de las estrellas del programa documental estadounidense\u00a0Ancient Aliens,\u00a0asegur\u00f3 que<strong>\u00a0pronto el ser humano\u00a0entrar\u00e1 en contacto con\u00a0extraterrestres.<\/strong><\/p>\n<div id=\"lx_646461\" class=\"__lxG__multi __lxG__multi_lx_646461 __lxG__not_empty_block\" data-cnt=\"1\" data-width=\"728\" data-height=\"90\">\n<div id=\"div-gpt-ad-21813399579-1\" data-google-query-id=\"CL7Gt7b-jPACFQkDuQYdsigGmA\">\n<p><strong>Kaku<\/strong>\u00a0dialog\u00f3 con TMZ luego que el\u00a0<strong>Pent\u00e1gono confirmara\u00a0que era aut\u00e9ntico un video<\/strong>\u00a0que circulaba en las redes, en el que se proyectaba el\u00a0<strong>avistamiento de un\u00a0objeto volador en forma de pir\u00e1mide<\/strong>\u00a0por parte de un destructor de la Armada estadounidense.<\/p>\n<blockquote>\n<h3>El video, que fue difundido por el documentalista\u00a0<strong>Jeremy Corbell,<\/strong>\u00a0mostraba c\u00f3mo por el cielo nocturno deambulan varios elementos luminosos en forma de tri\u00e1ngulo que, a simple vista, no se corresponden con\u00a0objetos voladores\u00a0conocidos.<\/h3>\n<\/blockquote>\n<p><strong>Kaku<\/strong>,\u00a0de 74 a\u00f1os, dijo que las im\u00e1genes tienen dos posibles explicaciones: o se trata de una prueba de armamento secreto del ej\u00e9rcito, o se trata de la comprobaci\u00f3n de que existe vida m\u00e1s all\u00e1 de la\u00a0Tierra.<\/p>\n<p><em><strong>\u201cCreo que ya no se puede descartar la cuesti\u00f3n de las visitas extraterrestres. Sol\u00eda ser algo que solo ve\u00edan los chiflados y los borrachos. Esas eran las personas que narraban encuentros con platos voladores\u201d<\/strong><\/em>, expres\u00f3 el cient\u00edfico, que dedic\u00f3 su vida al estudio de la teor\u00eda de los campos de cuerdas.<\/p>\n<p><em>\u201c<strong>Creo que ahora tenemos que tomarlos en serio.\u00a0Soy f\u00edsico. Creemos en cosas que son comprobables y reproducibles<\/strong><\/em><strong>\u201d<\/strong>, agreg\u00f3.<\/p>\n<blockquote>\n<h3><em>\u00abEn el pasado no se pod\u00eda probar esa existencia, eran solos relatos de un testigo ocular, pero ahora tenemos cintas de video\u00a0del ej\u00e9rcito de los\u00a0Estados Unidos.\u00a0Los f\u00edsicos ahora analizamos los videos, fotograma a fotograma, y nos damos cuenta de que ning\u00fan veh\u00edculo militar puede reproducir los giros y la velocidad de estos objetos\u201d, se\u00f1al\u00f3 el autor de varios bets-sellers.<\/em><\/h3>\n<\/blockquote>\n<h2><u><strong>\u00bfCu\u00e1ndo ser\u00e1 posible el contacto?<\/strong><\/u><\/h2>\n<p>Kaku\u00a0agreg\u00f3 que, por la tecnolog\u00eda que aparentemente tendr\u00edan estos seres de otros mundos, algo que se vislumbra en los avistamientos, estar\u00edan mucho m\u00e1s avanzada que la de los terr\u00edcolas.<\/p>\n<p><em><strong>\u201cProbablemente ellos est\u00e9n miles de a\u00f1os por delante de nosotros en\u00a0tecnolog\u00eda, en cuyo caso\u00a0somos como ardillas para ellos<\/strong>\u201d,<\/em>\u00a0explic\u00f3.<\/p>\n<p><strong><em>\u201c\u00bfQu\u00e9 tenemos para ofrecer? \u00bfOro? No, el oro es un metal bastante in\u00fatil para un extraterrestre -agreg\u00f3-. Realmente no tenemos nada que ofrecerles y, en todo caso, nos han estado observando durante muchos a\u00f1os, y si quisieran hacer contacto, lo habr\u00edan hecho hace d\u00e9cadas \u201c.<\/em><\/strong><\/p>\n<p>Finalmente, el cient\u00edfico dijo que los avances de la tecnolog\u00eda humana posibilitar\u00e1n que, en poco tiempo, sea posible el contacto con seres de otros planetas. \u201c<strong>Nuestra especie se est\u00e1 volviendo m\u00e1s h\u00e1bil para reconocer signos de vida, es solo cuesti\u00f3n de tiempo antes de entrar en contacto con una\u00a0civilizaci\u00f3n extraterrestre\u201d<\/strong>, asegur\u00f3.<\/p>\n<p><em><strong>\u201c<\/strong><strong>Creo que hay una buena probabilidad de que en este siglo hagamos contacto con una\u00a0civilizaci\u00f3n alien\u00edgena. \u00bfY c\u00f3mo sabemos esto?\u00a0Porque estamos mejorando en la exploraci\u00f3n de planetas en el espacio exterior en busca de se\u00f1ales de radio\u201d<\/strong>,<\/em>\u00a0precis\u00f3.<\/p>\n<\/div>\n<\/div>\n","protected":false},"excerpt":{"rendered":"<div class=\"mh-excerpt\"><p>El f\u00edsico\u00a0Michio Kaku\u00a0realiz\u00f3 la afirmaci\u00f3n luego que el Pent\u00e1gono validara un video\u00a0de avistamiento de\u00a0ovnis. Adem\u00e1s, sostuvo los seres de otros mundos\u00a0\u201cest\u00e1n miles de a\u00f1os por delante en tecnolog\u00eda\u00bb\u00a0en comparaci\u00f3n con el humano. El doctor\u00a0Michio Kaku, <a class=\"mh-excerpt-more\" href=\"https:\/\/larevistadigital.com.ar\/blog\/cientifico-revelo-cuando-los-extraterrestres-contactaran-a-los-seres-humanos\/\" title=\"CIENT\u00cdFICO REVEL\u00d3 CUANDO LOS EXTRATERRESTRES CONTACTAR\u00c1N A LOS SERES HUMANOS\">[Leer M\u00e1s]<\/a><\/p>\n<\/div>","protected":false},"author":3,"featured_media":19768,"comment_status":"open","ping_status":"open","sticky":false,"template":"","format":"standard","meta":{"_jetpack_memberships_contains_paid_content":false,"footnotes":"","jetpack_publicize_message":"","jetpack_publicize_feature_enabled":true,"jetpack_social_post_already_shared":true,"jetpack_social_options":{"image_generator_settings":{"template":"highway","default_image_id":0,"font":"","enabled":false},"version":2}},"categories":[50],"tags":[],"class_list":{"0":"post-19767","1":"post","2":"type-post","3":"status-publish","4":"format-standard","5":"has-post-thumbnail","7":"category-interes-general"},"jetpack_publicize_connections":[],"jetpack_featured_media_url":"https:\/\/i0.wp.com\/larevistadigital.com.ar\/blog\/wp-content\/uploads\/CONTACTO-EXTRATERRESTRE.png?fit=1211%2C717&ssl=1","jetpack_sharing_enabled":true,"jetpack_shortlink":"https:\/\/wp.me\/p8qtrQ-58P","jetpack-related-posts":[{"id":15178,"url":"https:\/\/larevistadigital.com.ar\/blog\/video-ovni-emerge-del-mar-y-queda-registrado-en-camara\/","url_meta":{"origin":19767,"position":0},"title":"[VIDEO] OVNI EMERGE DEL MAR, Y QUEDA REGISTRADO EN C\u00c1MARA!","author":"Alejandro Sosa Ruda","date":"12 mayo, 2020","format":false,"excerpt":"En el estado ha registrado m\u00e1s de 15.000 avistamientos de objetos voladores no identificados, seg\u00fan el\u00a0National UFO Reporting Center\u00a0y el\u00a0UFO Sightings Desk Reference, un libro innovador que analiza tales episodios. La curiosidad y fascinaci\u00f3n por los extraterrestres y ovnis ha creado un fen\u00f3meno cultural plasmado en libros, programas de televisi\u00f3n\u2026","rel":"","context":"En \u00abCURIOSAS\u00bb","block_context":{"text":"CURIOSAS","link":"https:\/\/larevistadigital.com.ar\/blog\/category\/curiosas\/"},"img":{"alt_text":"","src":"https:\/\/i0.wp.com\/larevistadigital.com.ar\/blog\/wp-content\/uploads\/Screenshot_1-110.jpg?fit=836%2C699&ssl=1&resize=350%2C200","width":350,"height":200,"srcset":"https:\/\/i0.wp.com\/larevistadigital.com.ar\/blog\/wp-content\/uploads\/Screenshot_1-110.jpg?fit=836%2C699&ssl=1&resize=350%2C200 1x, https:\/\/i0.wp.com\/larevistadigital.com.ar\/blog\/wp-content\/uploads\/Screenshot_1-110.jpg?fit=836%2C699&ssl=1&resize=525%2C300 1.5x, https:\/\/i0.wp.com\/larevistadigital.com.ar\/blog\/wp-content\/uploads\/Screenshot_1-110.jpg?fit=836%2C699&ssl=1&resize=700%2C400 2x"},"classes":[]},{"id":18038,"url":"https:\/\/larevistadigital.com.ar\/blog\/ex-jefe-se-seguridad-espacial-de-israel-aseguro-que-los-extraterrestres-existen-y-que-una-suerte-de-federacion-intergalactica-pidio-por-ahora-mantener-el-secreto\/","url_meta":{"origin":19767,"position":1},"title":"EX JEFE SE SEGURIDAD ESPACIAL DE ISRAEL, ASEGUR\u00d3 QUE LOS EXTRATERRESTRES EXISTEN Y QUE UNA SUERTE DE \u00abFEDERACI\u00d3N INTERGAL\u00c1CTICA PIDI\u00d3 POR AHORA MANTENER EL SECRETO","author":"Alejandro Sosa Ruda","date":"10 diciembre, 2020","format":false,"excerpt":"Haim Eshed asegur\u00f3 que existe \u201cuna base subterr\u00e1nea en Marte\u201d donde trabajan juntos \u201calien\u00edgenas y representantes del gobierno de Estados Unidos\u201d y que Donald Trump estuvo a punto de revelar esta informaci\u00f3n Los extraterrestres son reales, Donald Trump lo sabe y no solo eso, tiene un pacto con una \u201cFederaci\u00f3n\u2026","rel":"","context":"En \u00abINTERES GENERAL\u00bb","block_context":{"text":"INTERES GENERAL","link":"https:\/\/larevistadigital.com.ar\/blog\/category\/interes-general\/"},"img":{"alt_text":"","src":"https:\/\/i0.wp.com\/larevistadigital.com.ar\/blog\/wp-content\/uploads\/alien.jpg?fit=1200%2C849&ssl=1&resize=350%2C200","width":350,"height":200,"srcset":"https:\/\/i0.wp.com\/larevistadigital.com.ar\/blog\/wp-content\/uploads\/alien.jpg?fit=1200%2C849&ssl=1&resize=350%2C200 1x, https:\/\/i0.wp.com\/larevistadigital.com.ar\/blog\/wp-content\/uploads\/alien.jpg?fit=1200%2C849&ssl=1&resize=525%2C300 1.5x, https:\/\/i0.wp.com\/larevistadigital.com.ar\/blog\/wp-content\/uploads\/alien.jpg?fit=1200%2C849&ssl=1&resize=700%2C400 2x, https:\/\/i0.wp.com\/larevistadigital.com.ar\/blog\/wp-content\/uploads\/alien.jpg?fit=1200%2C849&ssl=1&resize=1050%2C600 3x"},"classes":[]},{"id":21148,"url":"https:\/\/larevistadigital.com.ar\/blog\/ex-trabajador-del-area-51-revela-secretos-sobre-aliens-y-la-posible-extincion-de-la-humanidad\/","url_meta":{"origin":19767,"position":2},"title":"EX TRABAJADOR DEL \u00ab\u00c1REA 51\u00bb REVELA SECRETOS SOBRE ALIENS Y LA POSIBLE EXTINCI\u00d3N DE LA HUMANIDAD","author":"Alejandro Sosa Ruda","date":"19 julio, 2021","format":false,"excerpt":"Un ex trabajador del \u00c1rea 51 ha divulgado una gran cantidad de informaci\u00f3n reveladora sobre los extraterrestres, m\u00e1quinas del tiempo, los planes de la \u00e9lite y una posible extinci\u00f3n de la humanidad. Dan Burisch, es un\u00a0Ex trabajador de las fuerzas militares\u00a0de Estados Unidos. Posee un doctorado en microbiolog\u00eda y estuvo\u2026","rel":"","context":"En \u00abCURIOSAS\u00bb","block_context":{"text":"CURIOSAS","link":"https:\/\/larevistadigital.com.ar\/blog\/category\/curiosas\/"},"img":{"alt_text":"","src":"https:\/\/i0.wp.com\/larevistadigital.com.ar\/blog\/wp-content\/uploads\/hipertextual-replica-stargate-que-se-mueve-y-suena-original-2020977715.jpg?fit=1200%2C800&ssl=1&resize=350%2C200","width":350,"height":200,"srcset":"https:\/\/i0.wp.com\/larevistadigital.com.ar\/blog\/wp-content\/uploads\/hipertextual-replica-stargate-que-se-mueve-y-suena-original-2020977715.jpg?fit=1200%2C800&ssl=1&resize=350%2C200 1x, https:\/\/i0.wp.com\/larevistadigital.com.ar\/blog\/wp-content\/uploads\/hipertextual-replica-stargate-que-se-mueve-y-suena-original-2020977715.jpg?fit=1200%2C800&ssl=1&resize=525%2C300 1.5x, https:\/\/i0.wp.com\/larevistadigital.com.ar\/blog\/wp-content\/uploads\/hipertextual-replica-stargate-que-se-mueve-y-suena-original-2020977715.jpg?fit=1200%2C800&ssl=1&resize=700%2C400 2x, https:\/\/i0.wp.com\/larevistadigital.com.ar\/blog\/wp-content\/uploads\/hipertextual-replica-stargate-que-se-mueve-y-suena-original-2020977715.jpg?fit=1200%2C800&ssl=1&resize=1050%2C600 3x"},"classes":[]},{"id":32647,"url":"https:\/\/larevistadigital.com.ar\/blog\/llego-el-momento-de-la-verdad-ex-piloto-de-eeuu-afirmo-que-rescataron-restos-biologicos-no-humanos-de-ovnis\/","url_meta":{"origin":19767,"position":3},"title":"\u00bfLLEG\u00d3 EL MOMENTO DE LA VERDAD? EX PILOTO DE EEUU AFIRM\u00d3 QUE RESCATARON RESTOS BIOL\u00d3GICOS \u00abNO HUMANOS\u00bb DE OVNIS.","author":"Alejandro Sosa Ruda","date":"28 julio, 2023","format":false,"excerpt":"La declaraci\u00f3n del expiloto de la Marina estadounidense y ex oficial de inteligencia David Grusch se dio en el marco de la audiencia del Comit\u00e9 de Supervisi\u00f3n del Senado. 28 de julio de 2023 El expiloto de la Marina estadounidense y ex oficial de inteligencia David Grusch declar\u00f3 este mi\u00e9rcoles\u2026","rel":"","context":"En \u00abINTERES GENERAL\u00bb","block_context":{"text":"INTERES GENERAL","link":"https:\/\/larevistadigital.com.ar\/blog\/category\/interes-general\/"},"img":{"alt_text":"","src":"https:\/\/i0.wp.com\/larevistadigital.com.ar\/blog\/wp-content\/uploads\/64c177180f1bf_1200.jpg?fit=1200%2C675&ssl=1&resize=350%2C200","width":350,"height":200,"srcset":"https:\/\/i0.wp.com\/larevistadigital.com.ar\/blog\/wp-content\/uploads\/64c177180f1bf_1200.jpg?fit=1200%2C675&ssl=1&resize=350%2C200 1x, https:\/\/i0.wp.com\/larevistadigital.com.ar\/blog\/wp-content\/uploads\/64c177180f1bf_1200.jpg?fit=1200%2C675&ssl=1&resize=525%2C300 1.5x, https:\/\/i0.wp.com\/larevistadigital.com.ar\/blog\/wp-content\/uploads\/64c177180f1bf_1200.jpg?fit=1200%2C675&ssl=1&resize=700%2C400 2x, https:\/\/i0.wp.com\/larevistadigital.com.ar\/blog\/wp-content\/uploads\/64c177180f1bf_1200.jpg?fit=1200%2C675&ssl=1&resize=1050%2C600 3x"},"classes":[]},{"id":29952,"url":"https:\/\/larevistadigital.com.ar\/blog\/29952-2\/","url_meta":{"origin":19767,"position":4},"title":"EEUU DESCUBRI\u00d3 UN \u00abGLOBO\u00bb ESP\u00cdA DE ORIGEN CHINO SOBRE SU ESPACIO A\u00c9REO","author":"Alejandro Sosa Ruda","date":"3 febrero, 2023","format":false,"excerpt":"El gobierno estadounidense ha estado monitoreando un presunto globo de vigilancia chino que ha sido visto en los cielos del norte del pa\u00eds norteamericano esta semana. 3 de febrero de 2023 Funcionarios del Pent\u00e1gono dijeron en una sesi\u00f3n informativa que est\u00e1n \"seguros de que este globo de vigilancia a gran\u2026","rel":"","context":"En \u00abINTERES GENERAL\u00bb","block_context":{"text":"INTERES GENERAL","link":"https:\/\/larevistadigital.com.ar\/blog\/category\/interes-general\/"},"img":{"alt_text":"","src":"https:\/\/i0.wp.com\/larevistadigital.com.ar\/blog\/wp-content\/uploads\/globo.png?fit=671%2C372&ssl=1&resize=350%2C200","width":350,"height":200,"srcset":"https:\/\/i0.wp.com\/larevistadigital.com.ar\/blog\/wp-content\/uploads\/globo.png?fit=671%2C372&ssl=1&resize=350%2C200 1x, https:\/\/i0.wp.com\/larevistadigital.com.ar\/blog\/wp-content\/uploads\/globo.png?fit=671%2C372&ssl=1&resize=525%2C300 1.5x"},"classes":[]},{"id":8563,"url":"https:\/\/larevistadigital.com.ar\/blog\/video-ninos-en-colegio-fueron-visitados-por-alienigenas\/","url_meta":{"origin":19767,"position":5},"title":"VIDEO: NI\u00d1OS EN COLEGIO FUERON VISITADOS POR ALIEN\u00cdGENAS","author":"Alejandro Sosa Ruda","date":"18 febrero, 2019","format":false,"excerpt":"El hecho ocurri\u00f3 en Zimbawe, cuando un grupo de chicos fue \"visitado\" en un colegio, e inclusive tuvieron un encuentro con extraterrestres, que contaron con lujo de detalles. Un psiquiatra estadounidense se hizo presente en el lugar y se entrevist\u00f3 con los ni\u00f1os que declararon c\u00f3mo fueron los hechos. Ac\u00e1\u2026","rel":"","context":"En \u00abLO V\u00cd EN INTERNET\u00bb","block_context":{"text":"LO V\u00cd EN INTERNET","link":"https:\/\/larevistadigital.com.ar\/blog\/category\/lo-vi-en-internet\/"},"img":{"alt_text":"","src":"https:\/\/i0.wp.com\/larevistadigital.com.ar\/blog\/wp-content\/uploads\/2019\/02\/images.jpg?fit=600%2C300&ssl=1&resize=350%2C200","width":350,"height":200,"srcset":"https:\/\/i0.wp.com\/larevistadigital.com.ar\/blog\/wp-content\/uploads\/2019\/02\/images.jpg?fit=600%2C300&ssl=1&resize=350%2C200 1x, https:\/\/i0.wp.com\/larevistadigital.com.ar\/blog\/wp-content\/uploads\/2019\/02\/images.jpg?fit=600%2C300&ssl=1&resize=525%2C300 1.5x"},"classes":[]}],"_links":{"self":[{"href":"https:\/\/larevistadigital.com.ar\/blog\/wp-json\/wp\/v2\/posts\/19767","targetHints":{"allow":["GET"]}}],"collection":[{"href":"https:\/\/larevistadigital.com.ar\/blog\/wp-json\/wp\/v2\/posts"}],"about":[{"href":"https:\/\/larevistadigital.com.ar\/blog\/wp-json\/wp\/v2\/types\/post"}],"author":[{"embeddable":true,"href":"https:\/\/larevistadigital.com.ar\/blog\/wp-json\/wp\/v2\/users\/3"}],"replies":[{"embeddable":true,"href":"https:\/\/larevistadigital.com.ar\/blog\/wp-json\/wp\/v2\/comments?post=19767"}],"version-history":[{"count":1,"href":"https:\/\/larevistadigital.com.ar\/blog\/wp-json\/wp\/v2\/posts\/19767\/revisions"}],"predecessor-version":[{"id":19769,"href":"https:\/\/larevistadigital.com.ar\/blog\/wp-json\/wp\/v2\/posts\/19767\/revisions\/19769"}],"wp:featuredmedia":[{"embeddable":true,"href":"https:\/\/larevistadigital.com.ar\/blog\/wp-json\/wp\/v2\/media\/19768"}],"wp:attachment":[{"href":"https:\/\/larevistadigital.com.ar\/blog\/wp-json\/wp\/v2\/media?parent=19767"}],"wp:term":[{"taxonomy":"category","embeddable":true,"href":"https:\/\/larevistadigital.com.ar\/blog\/wp-json\/wp\/v2\/categories?post=19767"},{"taxonomy":"post_tag","embeddable":true,"href":"https:\/\/larevistadigital.com.ar\/blog\/wp-json\/wp\/v2\/tags?post=19767"}],"curies":[{"name":"wp","href":"https:\/\/api.w.org\/{rel}","templated":true}]}}