{"id":19771,"date":"2021-04-20T18:21:26","date_gmt":"2021-04-20T18:21:26","guid":{"rendered":"https:\/\/larevistadigital.com.ar\/blog\/?p=19771"},"modified":"2021-04-20T18:21:26","modified_gmt":"2021-04-20T18:21:26","slug":"comunicado-del-municipio-chascomus-a-fase-3-que-se-puede-y-que-no","status":"publish","type":"post","link":"https:\/\/larevistadigital.com.ar\/blog\/comunicado-del-municipio-chascomus-a-fase-3-que-se-puede-y-que-no\/","title":{"rendered":"COMUNICADO DEL MUNICIPIO: CHASCOM\u00daS A FASE 3 (QUE SE PUEDE Y QUE NO)"},"content":{"rendered":"<p><strong>CHASCOM\u00daS &#8211;\u00a0<\/strong>Desde la oficina de prensa de la Municipalidad de Chascom\u00fas, se dio a conocer oficialmente lo que ya circulaba en redes,\u00a0 y que fuera primicia de <strong>Sergio Tony Peralta<\/strong>, que temprano anunciaba y compart\u00eda con vecinos y colegas la noticia: Chascom\u00fas vuelve a \u00abfase 3\u00bb.<\/p>\n<p>As\u00ed, hace un rato,\u00a0 se emiti\u00f3 un comunicado que anuncia el retroceso, y brinda algunos detalles que a continuaci\u00f3n reproducimos:<\/p>\n<p><strong>MUNICIPALIDAD DE CHASCOM\u00daS<\/strong><br \/>\n<strong>Secretar\u00eda de Salud P\u00fablica<\/strong><\/p>\n<p><strong>CHASCOM\u00daS EN FASE 3<\/strong><br \/>\nEstas medidas ser\u00e1n implementadas desde este mi\u00e9rcoles 21 de abril de 2021, en el marco de lo establecido por el gobierno nacional y provincial, tras considerar a Chascom\u00fas como zona de riesgo epidemiol\u00f3gico alto. &#x1f447;&#x1f3fc;<\/p>\n<p>&#x1f4cd;Restricci\u00f3n de circulaci\u00f3n entre las 0&#xfe0f;&#x20e3; y 6&#xfe0f;&#x20e3;hs &#x1f55b;*. (Los remises &#x1f697; podr\u00e1n circular en ese horario s\u00f3lo para esenciales y urgencias)<br \/>\n&#x1f4cd;Bares y Restaurantes deber\u00e1n cumplir con el aforo del 3&#xfe0f;&#x20e3;0&#xfe0f;&#x20e3;% y cerrar\u00e1n a las 2&#xfe0f;&#x20e3;3&#xfe0f;&#x20e3;hs &#x1f35d;&#x1f355;&#x1f37a;<br \/>\n&#x1f4cd;Actividad comercial permanecer\u00e1 hasta las 2&#xfe0f;&#x20e3;0&#xfe0f;&#x20e3;hs.<br \/>\n&#x1f4cd;Actividades deportivas podr\u00e1n desarrollarse hasta 1&#xfe0f;&#x20e3;0&#xfe0f;&#x20e3; personas &#x26f9;&#x1f3fb;&#x2640;&#xfe0f;&#x26bd;&#x1f3cc;&#x1f3fe;&#x1f6b4;&#x1f3fb;&#x2640;&#xfe0f; .<br \/>\n&#x1f4cd;Las reuniones sociales en casas particulares contin\u00faan SUSPENDIDAS.<br \/>\n&#x1f4cd;Eventos culturales, sociales y recreativos en espacios p\u00fablicos al aire libre con un m\u00e1ximo de hasta 3&#xfe0f;&#x20e3;0&#xfe0f;&#x20e3; personas.<br \/>\n&#x1f4cd;La celebraci\u00f3n de ritos religiosos en espacios cerrados con ventilaci\u00f3n natural se desarrollar\u00e1n con un m\u00e1ximo de 20 personas.<br \/>\n&#x1f4e3; \u201cDe continuar el incremento sostenido ingresar\u00edamos a la FASE 2 que contempla la restricci\u00f3n de circulaci\u00f3n de 20 a 6 hs., clases exclusivamente virtuales para todos los niveles educativos y suspensi\u00f3n de mayores actividades\u201d (Marcela Arias, Secretaria de Salud P\u00fablica).<br \/>\n#SigamosCuid\u00e1ndonos #M\u00e1sQueNunca<\/p>\n","protected":false},"excerpt":{"rendered":"<div class=\"mh-excerpt\"><p>CHASCOM\u00daS &#8211;\u00a0Desde la oficina de prensa de la Municipalidad de Chascom\u00fas, se dio a conocer oficialmente lo que ya circulaba en redes,\u00a0 y que fuera primicia de Sergio Tony Peralta, que temprano anunciaba y compart\u00eda <a class=\"mh-excerpt-more\" href=\"https:\/\/larevistadigital.com.ar\/blog\/comunicado-del-municipio-chascomus-a-fase-3-que-se-puede-y-que-no\/\" title=\"COMUNICADO DEL MUNICIPIO: CHASCOM\u00daS A FASE 3 (QUE SE PUEDE Y QUE NO)\">[Leer M\u00e1s]<\/a><\/p>\n<\/div>","protected":false},"author":3,"featured_media":19772,"comment_status":"open","ping_status":"open","sticky":false,"template":"","format":"standard","meta":{"_jetpack_memberships_contains_paid_content":false,"footnotes":"","jetpack_publicize_message":"","jetpack_publicize_feature_enabled":true,"jetpack_social_post_already_shared":true,"jetpack_social_options":{"image_generator_settings":{"template":"highway","default_image_id":0,"font":"","enabled":false},"version":2}},"categories":[41],"tags":[],"class_list":{"0":"post-19771","1":"post","2":"type-post","3":"status-publish","4":"format-standard","5":"has-post-thumbnail","7":"category-destacadas"},"jetpack_publicize_connections":[],"jetpack_featured_media_url":"https:\/\/i0.wp.com\/larevistadigital.com.ar\/blog\/wp-content\/uploads\/fase-3.jpeg?fit=1200%2C1200&ssl=1","jetpack_sharing_enabled":true,"jetpack_shortlink":"https:\/\/wp.me\/p8qtrQ-58T","jetpack-related-posts":[{"id":20075,"url":"https:\/\/larevistadigital.com.ar\/blog\/chascomus-el-municipio-difundio-los-alcances-de-las-nuevas-restricciones\/","url_meta":{"origin":19771,"position":0},"title":"CHASCOMUS: EL MUNICIPIO DIFUNDI\u00d3 LOS ALCANCES DE LAS NUEVAS RESTRICCIONES","author":"Alejandro Sosa Ruda","date":"4 mayo, 2021","format":false,"excerpt":"CHASCOM\u00daS - Desde el \u00e1rea de Prensa de la Municipalidad de Chascom\u00fas,\u00a0 nos hacen llegar las nuevas disposiciones que entran en vigencia por la Fase 3 en que est\u00e1 encuadrada la ciudad. AQU\u00cd EL MATERIAL COMPARTIDO:","rel":"","context":"En \u00abDESTACADAS\u00bb","block_context":{"text":"DESTACADAS","link":"https:\/\/larevistadigital.com.ar\/blog\/category\/destacadas\/"},"img":{"alt_text":"","src":"https:\/\/i0.wp.com\/larevistadigital.com.ar\/blog\/wp-content\/uploads\/1-1.jpeg?fit=1200%2C1200&ssl=1&resize=350%2C200","width":350,"height":200,"srcset":"https:\/\/i0.wp.com\/larevistadigital.com.ar\/blog\/wp-content\/uploads\/1-1.jpeg?fit=1200%2C1200&ssl=1&resize=350%2C200 1x, https:\/\/i0.wp.com\/larevistadigital.com.ar\/blog\/wp-content\/uploads\/1-1.jpeg?fit=1200%2C1200&ssl=1&resize=525%2C300 1.5x, https:\/\/i0.wp.com\/larevistadigital.com.ar\/blog\/wp-content\/uploads\/1-1.jpeg?fit=1200%2C1200&ssl=1&resize=700%2C400 2x, https:\/\/i0.wp.com\/larevistadigital.com.ar\/blog\/wp-content\/uploads\/1-1.jpeg?fit=1200%2C1200&ssl=1&resize=1050%2C600 3x"},"classes":[]},{"id":14600,"url":"https:\/\/larevistadigital.com.ar\/blog\/aviso-importante-la-municipalidad-de-chascomus-informo-que-se-suspenden-los-turnos-programados-en-el-hospital-municipal\/","url_meta":{"origin":19771,"position":1},"title":"AVISO IMPORTANTE: LA MUNICIPALIDAD DE CHASCOM\u00daS INFORM\u00d3 QUE SE SUSPENDEN LOS TURNOS PROGRAMADOS EN EL HOSPITAL MUNICIPAL","author":"Alejandro Sosa Ruda","date":"4 febrero, 2020","format":false,"excerpt":"Hace instantes, la Municipalidad de Chascom\u00fas a trav\u00e9s del grupo de \"Prensa\" en whatsapp, inform\u00f3 que con motivo del accidente ocurrido a la ma\u00f1ana en el que un micro volc\u00f3 a la altura del puente Samboromb\u00f3n se suspenden los turnos programados. EL COMUNICADO: Desde la Municipalidad de Chascom\u00fas, queremos informar\u2026","rel":"","context":"En \u00abCHASCOM\u00daS\u00bb","block_context":{"text":"CHASCOM\u00daS","link":"https:\/\/larevistadigital.com.ar\/blog\/category\/chascomus\/"},"img":{"alt_text":"","src":"https:\/\/i0.wp.com\/larevistadigital.com.ar\/blog\/wp-content\/uploads\/municipalidad-de-chascomus.jpg?fit=1200%2C800&ssl=1&resize=350%2C200","width":350,"height":200,"srcset":"https:\/\/i0.wp.com\/larevistadigital.com.ar\/blog\/wp-content\/uploads\/municipalidad-de-chascomus.jpg?fit=1200%2C800&ssl=1&resize=350%2C200 1x, https:\/\/i0.wp.com\/larevistadigital.com.ar\/blog\/wp-content\/uploads\/municipalidad-de-chascomus.jpg?fit=1200%2C800&ssl=1&resize=525%2C300 1.5x, https:\/\/i0.wp.com\/larevistadigital.com.ar\/blog\/wp-content\/uploads\/municipalidad-de-chascomus.jpg?fit=1200%2C800&ssl=1&resize=700%2C400 2x, https:\/\/i0.wp.com\/larevistadigital.com.ar\/blog\/wp-content\/uploads\/municipalidad-de-chascomus.jpg?fit=1200%2C800&ssl=1&resize=1050%2C600 3x"},"classes":[]},{"id":13112,"url":"https:\/\/larevistadigital.com.ar\/blog\/chascomus-manana-8-11-no-habra-recoleccion-de-residuos\/","url_meta":{"origin":19771,"position":2},"title":"CHASCOM\u00daS: MA\u00d1ANA 8\/11 NO HABR\u00c1 RECOLECCI\u00d3N DE RESIDUOS","author":"Alejandro Sosa Ruda","date":"7 noviembre, 2019","format":false,"excerpt":"La municipalidad de Chascom\u00fas, dio a conocer mediante un comunicado que ma\u00f1ana, viernes 8 de noviembre no habr\u00e1 servicio de recolecci\u00f3n de residuos, por lo que se solicita que se tomen los recaudos del caso.","rel":"","context":"En \u00abINTERES GENERAL\u00bb","block_context":{"text":"INTERES GENERAL","link":"https:\/\/larevistadigital.com.ar\/blog\/category\/interes-general\/"},"img":{"alt_text":"","src":"https:\/\/i0.wp.com\/larevistadigital.com.ar\/blog\/wp-content\/uploads\/WhatsApp-Image-2019-11-07-at-12.44.20.jpeg?fit=1200%2C1199&ssl=1&resize=350%2C200","width":350,"height":200,"srcset":"https:\/\/i0.wp.com\/larevistadigital.com.ar\/blog\/wp-content\/uploads\/WhatsApp-Image-2019-11-07-at-12.44.20.jpeg?fit=1200%2C1199&ssl=1&resize=350%2C200 1x, https:\/\/i0.wp.com\/larevistadigital.com.ar\/blog\/wp-content\/uploads\/WhatsApp-Image-2019-11-07-at-12.44.20.jpeg?fit=1200%2C1199&ssl=1&resize=525%2C300 1.5x, https:\/\/i0.wp.com\/larevistadigital.com.ar\/blog\/wp-content\/uploads\/WhatsApp-Image-2019-11-07-at-12.44.20.jpeg?fit=1200%2C1199&ssl=1&resize=700%2C400 2x, https:\/\/i0.wp.com\/larevistadigital.com.ar\/blog\/wp-content\/uploads\/WhatsApp-Image-2019-11-07-at-12.44.20.jpeg?fit=1200%2C1199&ssl=1&resize=1050%2C600 3x"},"classes":[]},{"id":9752,"url":"https:\/\/larevistadigital.com.ar\/blog\/chascomus-el-municipio-brindo-el-cronograma-de-recoleccion-de-residuos\/","url_meta":{"origin":19771,"position":3},"title":"CHASCOM\u00daS: EL MUNICIPIO BRIND\u00d3 EL CRONOGRAMA DE RECOLECCI\u00d3N DE RESIDUOS","author":"Alejandro Sosa Ruda","date":"18 abril, 2019","format":false,"excerpt":"Mediante un comunicado de prensa, la Municipalidad de Chascom\u00fas dio a conocer el cronograma de recolecci\u00f3n de residuos durante la semana santa.","rel":"","context":"En \u00abCHASCOM\u00daS\u00bb","block_context":{"text":"CHASCOM\u00daS","link":"https:\/\/larevistadigital.com.ar\/blog\/category\/chascomus\/"},"img":{"alt_text":"","src":"https:\/\/i0.wp.com\/larevistadigital.com.ar\/blog\/wp-content\/uploads\/2019\/04\/57044314_1256998194441293_795894054544998400_n.jpg?fit=900%2C900&ssl=1&resize=350%2C200","width":350,"height":200,"srcset":"https:\/\/i0.wp.com\/larevistadigital.com.ar\/blog\/wp-content\/uploads\/2019\/04\/57044314_1256998194441293_795894054544998400_n.jpg?fit=900%2C900&ssl=1&resize=350%2C200 1x, https:\/\/i0.wp.com\/larevistadigital.com.ar\/blog\/wp-content\/uploads\/2019\/04\/57044314_1256998194441293_795894054544998400_n.jpg?fit=900%2C900&ssl=1&resize=525%2C300 1.5x, https:\/\/i0.wp.com\/larevistadigital.com.ar\/blog\/wp-content\/uploads\/2019\/04\/57044314_1256998194441293_795894054544998400_n.jpg?fit=900%2C900&ssl=1&resize=700%2C400 2x"},"classes":[]},{"id":20532,"url":"https:\/\/larevistadigital.com.ar\/blog\/nuevas-medidas-chascomus-a-fase-2-te-contamos-cuales-son-las-restricciones\/","url_meta":{"origin":19771,"position":4},"title":"NUEVAS MEDIDAS: CHASCOM\u00daS A FASE 2. TE CONTAMOS CUALES SON LAS RESTRICCIONES","author":"Alejandro Sosa Ruda","date":"29 mayo, 2021","format":false,"excerpt":"Desde el \u00e1rea de Prensa de la Municipalidad de Chascom\u00fas, hicieron llegar a nuestra redacci\u00f3n, una comunicaci\u00f3n donde explica los alcances de las nuevas medidas en raz\u00f3n de haber pasado la ciudad a FASE 2. EL COMUNICADO A partir de los anuncios del gobierno provincial se estableci\u00f3 un sistema de\u2026","rel":"","context":"En \u00abCHASCOM\u00daS\u00bb","block_context":{"text":"CHASCOM\u00daS","link":"https:\/\/larevistadigital.com.ar\/blog\/category\/chascomus\/"},"img":{"alt_text":"","src":"https:\/\/i0.wp.com\/larevistadigital.com.ar\/blog\/wp-content\/uploads\/a-fase-2.jpg?fit=900%2C599&ssl=1&resize=350%2C200","width":350,"height":200,"srcset":"https:\/\/i0.wp.com\/larevistadigital.com.ar\/blog\/wp-content\/uploads\/a-fase-2.jpg?fit=900%2C599&ssl=1&resize=350%2C200 1x, https:\/\/i0.wp.com\/larevistadigital.com.ar\/blog\/wp-content\/uploads\/a-fase-2.jpg?fit=900%2C599&ssl=1&resize=525%2C300 1.5x, https:\/\/i0.wp.com\/larevistadigital.com.ar\/blog\/wp-content\/uploads\/a-fase-2.jpg?fit=900%2C599&ssl=1&resize=700%2C400 2x"},"classes":[]},{"id":15773,"url":"https:\/\/larevistadigital.com.ar\/blog\/gaston-anuncio-que-chascomus-pasa-a-fase-5\/","url_meta":{"origin":19771,"position":5},"title":"GAST\u00d3N ANUNCI\u00d3 QUE CHASCOM\u00daS PASA A FASE 5","author":"Alejandro Sosa Ruda","date":"22 junio, 2020","format":false,"excerpt":"El intendente de Chascom\u00fas, Javier Gast\u00f3n inform\u00f3 que la Provincia de Buenos Aires autoriz\u00f3 a Chascom\u00fas a ingresar a la fase 5 de la cuarentena, lo que permitir\u00e1 ceder un poco en las restricciones de la cuarentena. Asimismo, dijo que estar\u00e1n enviando informaci\u00f3n acerca de los alcances de esta nueva\u2026","rel":"","context":"En \u00abDESTACADAS\u00bb","block_context":{"text":"DESTACADAS","link":"https:\/\/larevistadigital.com.ar\/blog\/category\/destacadas\/"},"img":{"alt_text":"","src":"https:\/\/i0.wp.com\/larevistadigital.com.ar\/blog\/wp-content\/uploads\/gaston_javier.jpg?fit=1200%2C665&ssl=1&resize=350%2C200","width":350,"height":200,"srcset":"https:\/\/i0.wp.com\/larevistadigital.com.ar\/blog\/wp-content\/uploads\/gaston_javier.jpg?fit=1200%2C665&ssl=1&resize=350%2C200 1x, https:\/\/i0.wp.com\/larevistadigital.com.ar\/blog\/wp-content\/uploads\/gaston_javier.jpg?fit=1200%2C665&ssl=1&resize=525%2C300 1.5x, https:\/\/i0.wp.com\/larevistadigital.com.ar\/blog\/wp-content\/uploads\/gaston_javier.jpg?fit=1200%2C665&ssl=1&resize=700%2C400 2x, https:\/\/i0.wp.com\/larevistadigital.com.ar\/blog\/wp-content\/uploads\/gaston_javier.jpg?fit=1200%2C665&ssl=1&resize=1050%2C600 3x"},"classes":[]}],"_links":{"self":[{"href":"https:\/\/larevistadigital.com.ar\/blog\/wp-json\/wp\/v2\/posts\/19771","targetHints":{"allow":["GET"]}}],"collection":[{"href":"https:\/\/larevistadigital.com.ar\/blog\/wp-json\/wp\/v2\/posts"}],"about":[{"href":"https:\/\/larevistadigital.com.ar\/blog\/wp-json\/wp\/v2\/types\/post"}],"author":[{"embeddable":true,"href":"https:\/\/larevistadigital.com.ar\/blog\/wp-json\/wp\/v2\/users\/3"}],"replies":[{"embeddable":true,"href":"https:\/\/larevistadigital.com.ar\/blog\/wp-json\/wp\/v2\/comments?post=19771"}],"version-history":[{"count":2,"href":"https:\/\/larevistadigital.com.ar\/blog\/wp-json\/wp\/v2\/posts\/19771\/revisions"}],"predecessor-version":[{"id":19774,"href":"https:\/\/larevistadigital.com.ar\/blog\/wp-json\/wp\/v2\/posts\/19771\/revisions\/19774"}],"wp:featuredmedia":[{"embeddable":true,"href":"https:\/\/larevistadigital.com.ar\/blog\/wp-json\/wp\/v2\/media\/19772"}],"wp:attachment":[{"href":"https:\/\/larevistadigital.com.ar\/blog\/wp-json\/wp\/v2\/media?parent=19771"}],"wp:term":[{"taxonomy":"category","embeddable":true,"href":"https:\/\/larevistadigital.com.ar\/blog\/wp-json\/wp\/v2\/categories?post=19771"},{"taxonomy":"post_tag","embeddable":true,"href":"https:\/\/larevistadigital.com.ar\/blog\/wp-json\/wp\/v2\/tags?post=19771"}],"curies":[{"name":"wp","href":"https:\/\/api.w.org\/{rel}","templated":true}]}}