{"id":19776,"date":"2021-04-20T22:11:27","date_gmt":"2021-04-20T22:11:27","guid":{"rendered":"https:\/\/larevistadigital.com.ar\/blog\/?p=19776"},"modified":"2021-04-20T22:11:27","modified_gmt":"2021-04-20T22:11:27","slug":"diputado-juan-aicega-es-momento-que-comencemos-a-hablar-de-trombofilia","status":"publish","type":"post","link":"https:\/\/larevistadigital.com.ar\/blog\/diputado-juan-aicega-es-momento-que-comencemos-a-hablar-de-trombofilia\/","title":{"rendered":"DIPUTADO JUAN AICEGA: \u00abES MOMENTO QUE COMENCEMOS A HABLAR DE TROMBOFILIA\u00bb"},"content":{"rendered":"<h2>Desde la jefatura de Prensa del Diputado Nacional Aicega, nos hicieron llega informaci\u00f3n, donde explican los alcances de un proyecto de resoluci\u00f3n que es de suma importancia,\u00a0 y que una vez m\u00e1s deja en evidencia el destacado trabajo del Diputado, que suele ocuparse de temas que muchas veces de no ser por su intervenci\u00f3n, quedar\u00edan en el olvido.<\/h2>\n<p>El Diputado Nacional de Juntos por el Cambio, <strong>Juan Aicega<\/strong>, present\u00f3 un proyecto de Resoluci\u00f3n para que se declare de inter\u00e9s de la Honorable C\u00e1mara de Diputados de la Naci\u00f3n, las actividades realizadas por la Asociaci\u00f3n Civil \u201cTrombofilia y Embarazo Argentina\u201d.<\/p>\n<blockquote>\n<h3>La Asociaci\u00f3n Civil \u201cTrombofilia y Embarazo Argentina\u201d naci\u00f3 en Mar del Plata el 28 de Marzo de 2017 gracias a la necesidad de un grupo de 12 mujeres de transformar el dolor compartido por las p\u00e9rdidas gestacionales a causa de las trombofilias en un trabajo solidario de difusi\u00f3n para la prevenci\u00f3n y asistencia a aquellas personas que padecen la enfermedad junto a sus familias.<\/h3>\n<\/blockquote>\n<p>Hoy, gracias al deseo inigualable de ayudar que tuvieron aquellas mujeres, la Asociaci\u00f3n cuenta con 18.000 familias que tienen el compromiso y la solidaridad de seguir ayudando y acompa\u00f1ando a las personas que necesitan de ayuda ante tan delicada situaci\u00f3n que deben atravesar con la enfermedad.<\/p>\n<p>El protocolo m\u00e9dico actual, exige que las mujeres gestantes pierdan dos o m\u00e1s embarazos o sufran una muerte fetal intrauterina para que puedan realizar alg\u00fan estudio que permita diagn\u00f3stico y tratamiento del trastorno sangu\u00edneo de la trombofilia; la medicaci\u00f3n llamada heparina, se la deben aplicar las mujeres gestante cada 24 horas, durante los 9 meses embarazo.<\/p>\n<blockquote>\n<h3>\u201cLa Asociaci\u00f3n civil \u201c Trombofilia y Embarazo Argentina\u201d se dedic\u00f3 a ampliar su tejido territorial creando grupos de acci\u00f3n en todo el pa\u00eds, que permiten<br \/>\nllegar a cada persona que necesita la medicaci\u00f3n de forma urgente cuando las obras sociales, las prepagas o la salud p\u00fablica no las asisten. Se realizan en promedio 100 donaciones mensuales de m\u00ednimo 3 cajas de heparina por embarazada.<\/h3>\n<\/blockquote>\n<p>Las donaciones se realizan por zonas y dosis o en casos m\u00e1s urgentes mediante env\u00edos por correo. Esto evita muertes\u201d, explic\u00f3 el legislador Aicega.<\/p>\n<p>Adem\u00e1s de proveer la medicaci\u00f3n, brindan asistencia psicol\u00f3gica y para este fin, la Asociaci\u00f3n Civil, cuenta con una red de duelo perinatal llevada adelante por<br \/>\nprofesionales psic\u00f3logas especializadas en el tema. Tambi\u00e9n, mediante redes sociales brindan informaci\u00f3n y difusi\u00f3n sobre este trastorno en la coagulaci\u00f3n para prevenir as\u00ed p\u00e9rdidas de embarazos y muertes tempranas en hombres y mujeres a causa de una trombosis.<\/p>\n<blockquote>\n<h3>\u201cComo Diputado nacional, creo que es mi deber darle valor a este tipo de acciones solidarias incomparables con otras. Es un camino legislativo que hoy empezamos junto a la Asociaci\u00f3n Civil, y que terminar\u00e1 cuando logremos que en Argentina la trombofilia se declare una enfermedad, y ya no una condici\u00f3n. Sin dudas la Asociaci\u00f3n Civil \u201cTrombofilia y Embarazo Argentina\u201d le hacen bien al pa\u00eds, es momento que comencemos a hablar de trombosis y tomemos carta sobre el asunto\u201d, asegur\u00f3 el marplatense Juan Aicega.<\/h3>\n<\/blockquote>\n<p><em><strong>\u201cFrancamente, siento orgullo y admiraci\u00f3n por todas esas personas que desde el dolor pudieron transformar la realidad de muchas familias, evitando muertes y<\/strong><\/em><br \/>\n<strong><em>brindando contenci\u00f3n a lo largo y ancho de la Naci\u00f3n. Seg\u00fan la OMS 1 de cada 4 personas en el mundo fallece a causa de una trombosis, por eso es imperioso que se hable<\/em> de la enfermedad, que los estudios donde se identifica el padecimiento se incorpore a todos los chequeos de rutina y que el Estado garantice la medicaci\u00f3n a aquellas personas que no cuentan con obra social\u201d<\/strong>, sentenci\u00f3 <strong>Aicega<\/strong>.<\/p>\n<blockquote>\n<h3><strong>El proyecto ingresado bajo el Expediente 1545-D-2021 tiene el acompa\u00f1amiento d los diputados: Joury; El Sukaria; Schiavoni; Rey; Rezinovsky; Grande; Amaya; <\/strong><strong>Cornejo; S\u00e1nchez F.; Schlereth; Berisso; Hein; Frizza; C\u00e1ceres; Enriquez, y Morales Gorleri.<\/strong><\/h3>\n<\/blockquote>\n","protected":false},"excerpt":{"rendered":"<div class=\"mh-excerpt\"><p>Desde la jefatura de Prensa del Diputado Nacional Aicega, nos hicieron llega informaci\u00f3n, donde explican los alcances de un proyecto de resoluci\u00f3n que es de suma importancia,\u00a0 y que una vez m\u00e1s deja en evidencia <a class=\"mh-excerpt-more\" href=\"https:\/\/larevistadigital.com.ar\/blog\/diputado-juan-aicega-es-momento-que-comencemos-a-hablar-de-trombofilia\/\" title=\"DIPUTADO JUAN AICEGA: \u00abES MOMENTO QUE COMENCEMOS A HABLAR DE TROMBOFILIA\u00bb\">[Leer M\u00e1s]<\/a><\/p>\n<\/div>","protected":false},"author":3,"featured_media":19777,"comment_status":"open","ping_status":"open","sticky":false,"template":"","format":"standard","meta":{"_jetpack_memberships_contains_paid_content":false,"footnotes":"","jetpack_publicize_message":"","jetpack_publicize_feature_enabled":true,"jetpack_social_post_already_shared":true,"jetpack_social_options":{"image_generator_settings":{"template":"highway","default_image_id":0,"font":"","enabled":false},"version":2}},"categories":[50],"tags":[],"class_list":{"0":"post-19776","1":"post","2":"type-post","3":"status-publish","4":"format-standard","5":"has-post-thumbnail","7":"category-interes-general"},"jetpack_publicize_connections":[],"jetpack_featured_media_url":"https:\/\/i0.wp.com\/larevistadigital.com.ar\/blog\/wp-content\/uploads\/2e83d7bc595a142d5b8cc7504455fc0e_L.jpg?fit=1366%2C1025&ssl=1","jetpack_sharing_enabled":true,"jetpack_shortlink":"https:\/\/wp.me\/p8qtrQ-58Y","jetpack-related-posts":[{"id":18070,"url":"https:\/\/larevistadigital.com.ar\/blog\/diputado-juan-aciega-sobre-el-aborto-no-es-un-tema-prioritario-para-los-argentinos\/","url_meta":{"origin":19776,"position":0},"title":"DIPUTADO JUAN ACIEGA SOBRE EL ABORTO: \u00abNO ES UN TEMA PRIORITARIO PARA LOS ARGENTINOS\u00bb","author":"Alejandro Sosa Ruda","date":"11 diciembre, 2020","format":false,"excerpt":"En el extenso debate que se celebra, Juan Aicega, del PRO, consider\u00f3 que \"este tema no es prioritario en la agenda de los argentinos\" e insisti\u00f3 en su rechazo a la Interrupci\u00f3n Voluntaria del Embarazo (IVE). El diputado marplatense del PRO, Juan Aicega, expuso este jueves por la tarde en\u2026","rel":"","context":"En \u00abINTERES GENERAL\u00bb","block_context":{"text":"INTERES GENERAL","link":"https:\/\/larevistadigital.com.ar\/blog\/category\/interes-general\/"},"img":{"alt_text":"","src":"https:\/\/i0.wp.com\/larevistadigital.com.ar\/blog\/wp-content\/uploads\/Sin-titulo-8.jpg?fit=1200%2C800&ssl=1&resize=350%2C200","width":350,"height":200,"srcset":"https:\/\/i0.wp.com\/larevistadigital.com.ar\/blog\/wp-content\/uploads\/Sin-titulo-8.jpg?fit=1200%2C800&ssl=1&resize=350%2C200 1x, https:\/\/i0.wp.com\/larevistadigital.com.ar\/blog\/wp-content\/uploads\/Sin-titulo-8.jpg?fit=1200%2C800&ssl=1&resize=525%2C300 1.5x, https:\/\/i0.wp.com\/larevistadigital.com.ar\/blog\/wp-content\/uploads\/Sin-titulo-8.jpg?fit=1200%2C800&ssl=1&resize=700%2C400 2x, https:\/\/i0.wp.com\/larevistadigital.com.ar\/blog\/wp-content\/uploads\/Sin-titulo-8.jpg?fit=1200%2C800&ssl=1&resize=1050%2C600 3x"},"classes":[]},{"id":19330,"url":"https:\/\/larevistadigital.com.ar\/blog\/diputado-juan-aicega-es-hora-de-que-se-haga-un-homenaje-a-todos-los-soldados-que-defendieron-la-democracia-en-el-ataque-a-la-tablada\/","url_meta":{"origin":19776,"position":1},"title":"DIPUTADO JUAN AICEGA: \u00abES HORA DE QUE SE HAGA UN HOMENAJE A TODOS LOS SOLDADOS QUE DEFENDIERON LA DEMOCRACIA EN EL ATAQUE A LA TABLADA","author":"Alejandro Sosa Ruda","date":"18 marzo, 2021","format":false,"excerpt":"Con el objetivo de garantizar la preservaci\u00f3n del Sitio de Memoria y homenajear a aquellos soldados conscriptos que combatieron a quienes agredieron a la democracia en las memorables jornadas de enero de 1989, el Diputado Nacional Juan Aicega present\u00f3 un proyecto de Ley en el que se declara de utilidad\u2026","rel":"","context":"En \u00abINTERES GENERAL\u00bb","block_context":{"text":"INTERES GENERAL","link":"https:\/\/larevistadigital.com.ar\/blog\/category\/interes-general\/"},"img":{"alt_text":"","src":"https:\/\/i0.wp.com\/larevistadigital.com.ar\/blog\/wp-content\/uploads\/WhatsApp-Image-2021-03-18-at-18.02.11.jpeg?fit=696%2C392&ssl=1&resize=350%2C200","width":350,"height":200,"srcset":"https:\/\/i0.wp.com\/larevistadigital.com.ar\/blog\/wp-content\/uploads\/WhatsApp-Image-2021-03-18-at-18.02.11.jpeg?fit=696%2C392&ssl=1&resize=350%2C200 1x, https:\/\/i0.wp.com\/larevistadigital.com.ar\/blog\/wp-content\/uploads\/WhatsApp-Image-2021-03-18-at-18.02.11.jpeg?fit=696%2C392&ssl=1&resize=525%2C300 1.5x"},"classes":[]},{"id":18841,"url":"https:\/\/larevistadigital.com.ar\/blog\/diputado-aicega-sobre-el-ara-san-juanla-pension-es-el-resultado-del-dialogo-y-conscenso-politico\/","url_meta":{"origin":19776,"position":2},"title":"DIPUTADO AICEGA SOBRE EL ARA SAN JUAN:\u00bbLA PENSI\u00d3N ES EL RESULTADO DEL DI\u00c1LOGO Y CONSCENSO POL\u00cdTICO\u00bb","author":"Alejandro Sosa Ruda","date":"12 febrero, 2021","format":false,"excerpt":"Con 233 votos a favor la C\u00e1mara de Diputados aprob\u00f3 otorgarle un beneficio extraordinario a los familiares de los Tripulantes del Submarino A.R.A \u201cSan Juan \u201d. El derecho ganado por las familias significa percibir, por \u00fanica vez, una ayuda econ\u00f3mica equivalente a la remuneraci\u00f3n mensual de agentes de Nivel A,\u2026","rel":"","context":"En \u00abINTERES GENERAL\u00bb","block_context":{"text":"INTERES GENERAL","link":"https:\/\/larevistadigital.com.ar\/blog\/category\/interes-general\/"},"img":{"alt_text":"","src":"https:\/\/i0.wp.com\/larevistadigital.com.ar\/blog\/wp-content\/uploads\/Sin-titulo-8-1.jpg?fit=1200%2C800&ssl=1&resize=350%2C200","width":350,"height":200,"srcset":"https:\/\/i0.wp.com\/larevistadigital.com.ar\/blog\/wp-content\/uploads\/Sin-titulo-8-1.jpg?fit=1200%2C800&ssl=1&resize=350%2C200 1x, https:\/\/i0.wp.com\/larevistadigital.com.ar\/blog\/wp-content\/uploads\/Sin-titulo-8-1.jpg?fit=1200%2C800&ssl=1&resize=525%2C300 1.5x, https:\/\/i0.wp.com\/larevistadigital.com.ar\/blog\/wp-content\/uploads\/Sin-titulo-8-1.jpg?fit=1200%2C800&ssl=1&resize=700%2C400 2x, https:\/\/i0.wp.com\/larevistadigital.com.ar\/blog\/wp-content\/uploads\/Sin-titulo-8-1.jpg?fit=1200%2C800&ssl=1&resize=1050%2C600 3x"},"classes":[]},{"id":18998,"url":"https:\/\/larevistadigital.com.ar\/blog\/de-la-mano-del-diputado-juan-aicega-el-monzoismo-arranco-los-motores-en-la-provincia\/","url_meta":{"origin":19776,"position":3},"title":"DE LA MANO DEL DIPUTADO JUAN AICEGA, EL MONZO\u00cdSMO ARRANC\u00d3 LOS MOTORES EN LA PROVINCIA","author":"Alejandro Sosa Ruda","date":"23 febrero, 2021","format":false,"excerpt":"D\u00edas pasados, en la localidad de Dolores se realiz\u00f3 una reuni\u00f3n de distintos dirigentes y referentes del \"Monzo\u00edsmo\" que cada vez cuenta con m\u00e1s adherentes entre sus filas. La reuni\u00f3n se llev\u00f3 a cabo en el Hotel Howard Jonhson, donde se juntaron distintos referentes de casi los 27 distritos de\u2026","rel":"","context":"En \u00abINTERES GENERAL\u00bb","block_context":{"text":"INTERES GENERAL","link":"https:\/\/larevistadigital.com.ar\/blog\/category\/interes-general\/"},"img":{"alt_text":"","src":"https:\/\/i0.wp.com\/larevistadigital.com.ar\/blog\/wp-content\/uploads\/REUNION-HOJO-AICEGA.jpg?fit=1200%2C692&ssl=1&resize=350%2C200","width":350,"height":200,"srcset":"https:\/\/i0.wp.com\/larevistadigital.com.ar\/blog\/wp-content\/uploads\/REUNION-HOJO-AICEGA.jpg?fit=1200%2C692&ssl=1&resize=350%2C200 1x, https:\/\/i0.wp.com\/larevistadigital.com.ar\/blog\/wp-content\/uploads\/REUNION-HOJO-AICEGA.jpg?fit=1200%2C692&ssl=1&resize=525%2C300 1.5x, https:\/\/i0.wp.com\/larevistadigital.com.ar\/blog\/wp-content\/uploads\/REUNION-HOJO-AICEGA.jpg?fit=1200%2C692&ssl=1&resize=700%2C400 2x, https:\/\/i0.wp.com\/larevistadigital.com.ar\/blog\/wp-content\/uploads\/REUNION-HOJO-AICEGA.jpg?fit=1200%2C692&ssl=1&resize=1050%2C600 3x"},"classes":[]},{"id":18415,"url":"https:\/\/larevistadigital.com.ar\/blog\/diputado-aicega-no-debemos-tirarnos-piedras-por-la-cabeza-si-tirarnos-ideas-debatirlas-y-discutirlas\/","url_meta":{"origin":19776,"position":4},"title":"DIPUTADO AICEGA: \u00abNO DEBEMOS TIRARNOS PIEDRAS POR LA CABEZA, SI TIRARNOS IDEAS, DEBATIRLAS Y DISCUTIRLAS\u00bb","author":"Alejandro Sosa Ruda","date":"30 diciembre, 2020","format":false,"excerpt":"El diputado Monzo\u00edsta de Juntos por el Cambio, Juan Aicega, tuvo una destacada alocuci\u00f3n, en donde con la claridad que lo caracteriza se refiri\u00f3 a la pol\u00e9mica reforma de la movilidad jubilatoria que pretende aprobar el gobierno. Comenz\u00f3 diciendo que \"es incre\u00edble la jornada de violencia que se vivi\u00f3 tanto\u2026","rel":"","context":"En \u00abINTERES GENERAL\u00bb","block_context":{"text":"INTERES GENERAL","link":"https:\/\/larevistadigital.com.ar\/blog\/category\/interes-general\/"},"img":{"alt_text":"","src":"https:\/\/i0.wp.com\/larevistadigital.com.ar\/blog\/wp-content\/uploads\/Screenshot_1-186.jpg?fit=1200%2C582&ssl=1&resize=350%2C200","width":350,"height":200,"srcset":"https:\/\/i0.wp.com\/larevistadigital.com.ar\/blog\/wp-content\/uploads\/Screenshot_1-186.jpg?fit=1200%2C582&ssl=1&resize=350%2C200 1x, https:\/\/i0.wp.com\/larevistadigital.com.ar\/blog\/wp-content\/uploads\/Screenshot_1-186.jpg?fit=1200%2C582&ssl=1&resize=525%2C300 1.5x, https:\/\/i0.wp.com\/larevistadigital.com.ar\/blog\/wp-content\/uploads\/Screenshot_1-186.jpg?fit=1200%2C582&ssl=1&resize=700%2C400 2x, https:\/\/i0.wp.com\/larevistadigital.com.ar\/blog\/wp-content\/uploads\/Screenshot_1-186.jpg?fit=1200%2C582&ssl=1&resize=1050%2C600 3x"},"classes":[]},{"id":27858,"url":"https:\/\/larevistadigital.com.ar\/blog\/fallecio-hector-polino-defensor-de-los-consumidores-y-ex-diputado-del-partido-socialista\/","url_meta":{"origin":19776,"position":5},"title":"FALLECI\u00d3 H\u00c9CTOR POLINO, DEFENSOR DE LOS CONSUMIDORES Y EX DIPUTADO DEL PARTIDO SOCIALISTA","author":"Alejandro Sosa Ruda","date":"19 septiembre, 2022","format":false,"excerpt":"El responsable legal de la asociaci\u00f3n Consumidores Libres, H\u00e9ctor Polino, falleci\u00f3 este domingo a los 89 a\u00f1os, confirmaron colaboradores de quien fuera diputado nacional por el Partido Socialista. El conocido dirigente, estaba internado desde hace varios d\u00edas a causa de una bacteria que complic\u00f3 su estado de salud. 18 de\u2026","rel":"","context":"En \u00abINTERES GENERAL\u00bb","block_context":{"text":"INTERES GENERAL","link":"https:\/\/larevistadigital.com.ar\/blog\/category\/interes-general\/"},"img":{"alt_text":"","src":"https:\/\/i0.wp.com\/larevistadigital.com.ar\/blog\/wp-content\/uploads\/WhatsApp-Image-2022-09-18-at-19.44.20-e1663546023151.jpeg?fit=720%2C976&ssl=1&resize=350%2C200","width":350,"height":200,"srcset":"https:\/\/i0.wp.com\/larevistadigital.com.ar\/blog\/wp-content\/uploads\/WhatsApp-Image-2022-09-18-at-19.44.20-e1663546023151.jpeg?fit=720%2C976&ssl=1&resize=350%2C200 1x, https:\/\/i0.wp.com\/larevistadigital.com.ar\/blog\/wp-content\/uploads\/WhatsApp-Image-2022-09-18-at-19.44.20-e1663546023151.jpeg?fit=720%2C976&ssl=1&resize=525%2C300 1.5x, https:\/\/i0.wp.com\/larevistadigital.com.ar\/blog\/wp-content\/uploads\/WhatsApp-Image-2022-09-18-at-19.44.20-e1663546023151.jpeg?fit=720%2C976&ssl=1&resize=700%2C400 2x"},"classes":[]}],"_links":{"self":[{"href":"https:\/\/larevistadigital.com.ar\/blog\/wp-json\/wp\/v2\/posts\/19776","targetHints":{"allow":["GET"]}}],"collection":[{"href":"https:\/\/larevistadigital.com.ar\/blog\/wp-json\/wp\/v2\/posts"}],"about":[{"href":"https:\/\/larevistadigital.com.ar\/blog\/wp-json\/wp\/v2\/types\/post"}],"author":[{"embeddable":true,"href":"https:\/\/larevistadigital.com.ar\/blog\/wp-json\/wp\/v2\/users\/3"}],"replies":[{"embeddable":true,"href":"https:\/\/larevistadigital.com.ar\/blog\/wp-json\/wp\/v2\/comments?post=19776"}],"version-history":[{"count":1,"href":"https:\/\/larevistadigital.com.ar\/blog\/wp-json\/wp\/v2\/posts\/19776\/revisions"}],"predecessor-version":[{"id":19778,"href":"https:\/\/larevistadigital.com.ar\/blog\/wp-json\/wp\/v2\/posts\/19776\/revisions\/19778"}],"wp:featuredmedia":[{"embeddable":true,"href":"https:\/\/larevistadigital.com.ar\/blog\/wp-json\/wp\/v2\/media\/19777"}],"wp:attachment":[{"href":"https:\/\/larevistadigital.com.ar\/blog\/wp-json\/wp\/v2\/media?parent=19776"}],"wp:term":[{"taxonomy":"category","embeddable":true,"href":"https:\/\/larevistadigital.com.ar\/blog\/wp-json\/wp\/v2\/categories?post=19776"},{"taxonomy":"post_tag","embeddable":true,"href":"https:\/\/larevistadigital.com.ar\/blog\/wp-json\/wp\/v2\/tags?post=19776"}],"curies":[{"name":"wp","href":"https:\/\/api.w.org\/{rel}","templated":true}]}}