{"id":19779,"date":"2021-04-21T14:28:04","date_gmt":"2021-04-21T14:28:04","guid":{"rendered":"https:\/\/larevistadigital.com.ar\/blog\/?p=19779"},"modified":"2021-04-21T14:28:04","modified_gmt":"2021-04-21T14:28:04","slug":"dolores-buscan-a-adolescente-desaparecida","status":"publish","type":"post","link":"https:\/\/larevistadigital.com.ar\/blog\/dolores-buscan-a-adolescente-desaparecida\/","title":{"rendered":"DOLORES: BUSCAN A ADOLESCENTE DESAPARECIDA"},"content":{"rendered":"<h2 class=\"nota__hero__summary\">Tiene 15 a\u00f1os y falta desde ayer a las 14:30. Se agradece cualquier dato.<\/h2>\n<p><strong>DOLORES &#8211; Agustina Camila Guzm\u00e1n<\/strong>, una adolescente de 15 a\u00f1os, es intensamente buscada desde ayer a las 14:30 cuando se ausent\u00f3 del Hogar San Jos\u00e9 de Dolores.<\/p>\n<blockquote>\n<h3>La adolescente tiene contextura delgada, mide 1.63, tiene tez blanca\u00a0pelo lacio a la altura del hombro y ojos marrones. Cuando la vieron por \u00faltima vez llevaba pantal\u00f3n de jean oscuro, campera de jean azul oscura, remera negra, zapatillas blancas y mochila gris.<\/h3>\n<\/blockquote>\n<p><strong>Por cualquier informaci\u00f3n se pide a la comunidad comunicarse al 911 con la polic\u00eda o al 2245 446543.<\/strong><\/p>\n","protected":false},"excerpt":{"rendered":"<div class=\"mh-excerpt\"><p>Tiene 15 a\u00f1os y falta desde ayer a las 14:30. Se agradece cualquier dato. DOLORES &#8211; Agustina Camila Guzm\u00e1n, una adolescente de 15 a\u00f1os, es intensamente buscada desde ayer a las 14:30 cuando se ausent\u00f3 <a class=\"mh-excerpt-more\" href=\"https:\/\/larevistadigital.com.ar\/blog\/dolores-buscan-a-adolescente-desaparecida\/\" title=\"DOLORES: BUSCAN A ADOLESCENTE DESAPARECIDA\">[Leer M\u00e1s]<\/a><\/p>\n<\/div>","protected":false},"author":3,"featured_media":19780,"comment_status":"open","ping_status":"open","sticky":false,"template":"","format":"standard","meta":{"_jetpack_memberships_contains_paid_content":false,"footnotes":"","jetpack_publicize_message":"","jetpack_publicize_feature_enabled":true,"jetpack_social_post_already_shared":true,"jetpack_social_options":{"image_generator_settings":{"template":"highway","default_image_id":0,"font":"","enabled":false},"version":2}},"categories":[43,51],"tags":[],"class_list":{"0":"post-19779","1":"post","2":"type-post","3":"status-publish","4":"format-standard","5":"has-post-thumbnail","7":"category-dolores","8":"category-regionales"},"jetpack_publicize_connections":[],"jetpack_featured_media_url":"https:\/\/i0.wp.com\/larevistadigital.com.ar\/blog\/wp-content\/uploads\/940283eba20b1b7ba8dfe02331ade3a432044a0d.jpg?fit=1140%2C759&ssl=1","jetpack_sharing_enabled":true,"jetpack_shortlink":"https:\/\/wp.me\/p8qtrQ-591","jetpack-related-posts":[{"id":12153,"url":"https:\/\/larevistadigital.com.ar\/blog\/tambien-en-dolores-se-manifestaron-por-el-crimen-de-navila\/","url_meta":{"origin":19779,"position":0},"title":"TAMBI\u00c9N EN DOLORES SE MANIFESTARON POR EL CRIMEN DE NAVILA","author":"Alejandro Sosa Ruda","date":"17 septiembre, 2019","format":false,"excerpt":"Salimos a la calle por Navila y todas las que ya no est\u00e1n\u201d. Mujeres Dolorenses se manifestaron frente a la DDI de dicha localidad pidiendo justicia por el femicidio de la adolescente. Navila, de 15 a\u00f1os que estaba desaparecida desde el martes de la semana pasada, fue encontrada asesinada y\u2026","rel":"","context":"En \u00abDOLORES\u00bb","block_context":{"text":"DOLORES","link":"https:\/\/larevistadigital.com.ar\/blog\/category\/dolores\/"},"img":{"alt_text":"","src":"https:\/\/i0.wp.com\/larevistadigital.com.ar\/blog\/wp-content\/uploads\/dolores1_18deseptiembrede2019_elfuerte.jpg?fit=737%2C415&ssl=1&resize=350%2C200","width":350,"height":200,"srcset":"https:\/\/i0.wp.com\/larevistadigital.com.ar\/blog\/wp-content\/uploads\/dolores1_18deseptiembrede2019_elfuerte.jpg?fit=737%2C415&ssl=1&resize=350%2C200 1x, https:\/\/i0.wp.com\/larevistadigital.com.ar\/blog\/wp-content\/uploads\/dolores1_18deseptiembrede2019_elfuerte.jpg?fit=737%2C415&ssl=1&resize=525%2C300 1.5x, https:\/\/i0.wp.com\/larevistadigital.com.ar\/blog\/wp-content\/uploads\/dolores1_18deseptiembrede2019_elfuerte.jpg?fit=737%2C415&ssl=1&resize=700%2C400 2x"},"classes":[]},{"id":19810,"url":"https:\/\/larevistadigital.com.ar\/blog\/aparecio-camila-la-adolescente-que-era-intensamente-buscada\/","url_meta":{"origin":19779,"position":1},"title":"APARECI\u00d3 CAMILA, LA ADOLESCENTE QUE ERA INTENSAMENTE BUSCADA","author":"Alejandro Sosa Ruda","date":"22 abril, 2021","format":false,"excerpt":"La chica de 15 fue encontrada en Mar del Plata, en buenas condiciones salud. DOLORES - Esta ma\u00f1ana se conoci\u00f3 la noticia de que Camila, quien hab\u00eda desaparecido de Dolores, fue encontrada en Mar del Plata. Afortunadamente, la joven de 15 a\u00f1os estaba en buenas condiciones salud, seg\u00fan consta en\u2026","rel":"","context":"En \u00abDOLORES\u00bb","block_context":{"text":"DOLORES","link":"https:\/\/larevistadigital.com.ar\/blog\/category\/dolores\/"},"img":{"alt_text":"","src":"https:\/\/i0.wp.com\/larevistadigital.com.ar\/blog\/wp-content\/uploads\/daea03f4e9fb10cde2ec9b8e53b9acfcbec84a7d-1.jpg?fit=1140%2C759&ssl=1&resize=350%2C200","width":350,"height":200,"srcset":"https:\/\/i0.wp.com\/larevistadigital.com.ar\/blog\/wp-content\/uploads\/daea03f4e9fb10cde2ec9b8e53b9acfcbec84a7d-1.jpg?fit=1140%2C759&ssl=1&resize=350%2C200 1x, https:\/\/i0.wp.com\/larevistadigital.com.ar\/blog\/wp-content\/uploads\/daea03f4e9fb10cde2ec9b8e53b9acfcbec84a7d-1.jpg?fit=1140%2C759&ssl=1&resize=525%2C300 1.5x, https:\/\/i0.wp.com\/larevistadigital.com.ar\/blog\/wp-content\/uploads\/daea03f4e9fb10cde2ec9b8e53b9acfcbec84a7d-1.jpg?fit=1140%2C759&ssl=1&resize=700%2C400 2x, https:\/\/i0.wp.com\/larevistadigital.com.ar\/blog\/wp-content\/uploads\/daea03f4e9fb10cde2ec9b8e53b9acfcbec84a7d-1.jpg?fit=1140%2C759&ssl=1&resize=1050%2C600 3x"},"classes":[]},{"id":41393,"url":"https:\/\/larevistadigital.com.ar\/blog\/violencia-juvenil-en-dolores-una-adolescente-detenida-por-incendiar-el-auto-de-su-ex-novio\/","url_meta":{"origin":19779,"position":2},"title":"Violencia juvenil en Dolores: una adolescente detenida por incendiar el auto de su ex novio","author":"Alejandro Sosa Ruda","date":"10 septiembre, 2025","format":false,"excerpt":"Una chica de 16 a\u00f1os fue acusada de prender fuego el auto de su ex pareja en medio de un conflicto sentimental. El veh\u00edculo sufri\u00f3 graves da\u00f1os y la joven qued\u00f3 detenida tras un operativo policial. 10 de septiembre de 2025 DOLORES\u00a0 -\u00a0 \u00a0Un grave episodio de violencia juvenil sacudi\u00f3\u2026","rel":"","context":"En \u00abDOLORES\u00bb","block_context":{"text":"DOLORES","link":"https:\/\/larevistadigital.com.ar\/blog\/category\/dolores\/"},"img":{"alt_text":"","src":"https:\/\/i0.wp.com\/larevistadigital.com.ar\/blog\/wp-content\/uploads\/POLICIA-4.jpg?fit=880%2C512&ssl=1&resize=350%2C200","width":350,"height":200,"srcset":"https:\/\/i0.wp.com\/larevistadigital.com.ar\/blog\/wp-content\/uploads\/POLICIA-4.jpg?fit=880%2C512&ssl=1&resize=350%2C200 1x, https:\/\/i0.wp.com\/larevistadigital.com.ar\/blog\/wp-content\/uploads\/POLICIA-4.jpg?fit=880%2C512&ssl=1&resize=525%2C300 1.5x, https:\/\/i0.wp.com\/larevistadigital.com.ar\/blog\/wp-content\/uploads\/POLICIA-4.jpg?fit=880%2C512&ssl=1&resize=700%2C400 2x"},"classes":[]},{"id":24008,"url":"https:\/\/larevistadigital.com.ar\/blog\/pila-detienen-a-un-adolescente-por-una-causa-de-abuso-sexual\/","url_meta":{"origin":19779,"position":3},"title":"PILA: DETIENEN A UN ADOLESCENTE POR UNA CAUSA DE ABUSO SEXUAL","author":"Alejandro Sosa Ruda","date":"16 febrero, 2022","format":false,"excerpt":"PILA -\u00a0 Durante la jornada de hoy, se detuvo a un muchacho de 18 a\u00f1os de edad, en el marco de una\u00a0 causa por abuso sexual. Todo comenz\u00f3 con motivo de una denuncia de un presunto abuso sexual, del que habr\u00eda participado el joven implicado. La denuncia fue realizada el\u2026","rel":"","context":"En \u00abPILA\u00bb","block_context":{"text":"PILA","link":"https:\/\/larevistadigital.com.ar\/blog\/category\/pila\/"},"img":{"alt_text":"","src":"https:\/\/i0.wp.com\/larevistadigital.com.ar\/blog\/wp-content\/uploads\/1620734311775.jpg?fit=1200%2C777&ssl=1&resize=350%2C200","width":350,"height":200,"srcset":"https:\/\/i0.wp.com\/larevistadigital.com.ar\/blog\/wp-content\/uploads\/1620734311775.jpg?fit=1200%2C777&ssl=1&resize=350%2C200 1x, https:\/\/i0.wp.com\/larevistadigital.com.ar\/blog\/wp-content\/uploads\/1620734311775.jpg?fit=1200%2C777&ssl=1&resize=525%2C300 1.5x, https:\/\/i0.wp.com\/larevistadigital.com.ar\/blog\/wp-content\/uploads\/1620734311775.jpg?fit=1200%2C777&ssl=1&resize=700%2C400 2x, https:\/\/i0.wp.com\/larevistadigital.com.ar\/blog\/wp-content\/uploads\/1620734311775.jpg?fit=1200%2C777&ssl=1&resize=1050%2C600 3x"},"classes":[]},{"id":43795,"url":"https:\/\/larevistadigital.com.ar\/blog\/crimen-de-nicolas-riccardi-en-septiembre-juzgaran-al-acusado-en-dolores\/","url_meta":{"origin":19779,"position":4},"title":"Crimen de Nicol\u00e1s Riccardi: en septiembre juzgar\u00e1n al acusado en Dolores","author":"Alejandro Sosa Ruda","date":"5 febrero, 2026","format":false,"excerpt":"El adolescente de 16 a\u00f1os fue asesinado cerca de la laguna de Chascom\u00fas. El caso conmovi\u00f3 a toda la ciudad. 05 de febrero de 2026 En septiembre de 2026 se realizar\u00e1 en la ciudad de Dolores el juicio por el asesinato de Nicol\u00e1s Riccardi, el adolescente de 16 a\u00f1os que\u2026","rel":"","context":"En \u00abDESTACADAS\u00bb","block_context":{"text":"DESTACADAS","link":"https:\/\/larevistadigital.com.ar\/blog\/category\/destacadas\/"},"img":{"alt_text":"","src":"https:\/\/i0.wp.com\/larevistadigital.com.ar\/blog\/wp-content\/uploads\/Nico-Riccardi.jpg?fit=1140%2C738&ssl=1&resize=350%2C200","width":350,"height":200,"srcset":"https:\/\/i0.wp.com\/larevistadigital.com.ar\/blog\/wp-content\/uploads\/Nico-Riccardi.jpg?fit=1140%2C738&ssl=1&resize=350%2C200 1x, https:\/\/i0.wp.com\/larevistadigital.com.ar\/blog\/wp-content\/uploads\/Nico-Riccardi.jpg?fit=1140%2C738&ssl=1&resize=525%2C300 1.5x, https:\/\/i0.wp.com\/larevistadigital.com.ar\/blog\/wp-content\/uploads\/Nico-Riccardi.jpg?fit=1140%2C738&ssl=1&resize=700%2C400 2x, https:\/\/i0.wp.com\/larevistadigital.com.ar\/blog\/wp-content\/uploads\/Nico-Riccardi.jpg?fit=1140%2C738&ssl=1&resize=1050%2C600 3x"},"classes":[]},{"id":7402,"url":"https:\/\/larevistadigital.com.ar\/blog\/dolores-intensa-busqueda-de-una-vecina-perdida\/","url_meta":{"origin":19779,"position":5},"title":"DOLORES: INTENSA B\u00daSQUEDA DE UNA VECINA PERDIDA","author":"Alejandro Sosa Ruda","date":"27 diciembre, 2018","format":false,"excerpt":"Una vecina de Dolores identificada como Isabel, a la que le dicen Chabela, es intensamente\u00a0 buscada por sus familiares desde ayer. La mujer est\u00e1 perdida y fue vista por \u00faltima vez en inmediaciones de la pileta del Club Sarmiento. Por cualquier informaci\u00f3n comunicarse a: 2245 - 422836 Marta D\u00e1vila 2245\u2026","rel":"","context":"En \u00abDOLORES\u00bb","block_context":{"text":"DOLORES","link":"https:\/\/larevistadigital.com.ar\/blog\/category\/dolores\/"},"img":{"alt_text":"","src":"https:\/\/i0.wp.com\/larevistadigital.com.ar\/blog\/wp-content\/uploads\/2018\/12\/2f0674e7eb8ac29ea3c291edf3e94fc1077fcc56.jpg?fit=1140%2C759&ssl=1&resize=350%2C200","width":350,"height":200,"srcset":"https:\/\/i0.wp.com\/larevistadigital.com.ar\/blog\/wp-content\/uploads\/2018\/12\/2f0674e7eb8ac29ea3c291edf3e94fc1077fcc56.jpg?fit=1140%2C759&ssl=1&resize=350%2C200 1x, https:\/\/i0.wp.com\/larevistadigital.com.ar\/blog\/wp-content\/uploads\/2018\/12\/2f0674e7eb8ac29ea3c291edf3e94fc1077fcc56.jpg?fit=1140%2C759&ssl=1&resize=525%2C300 1.5x, https:\/\/i0.wp.com\/larevistadigital.com.ar\/blog\/wp-content\/uploads\/2018\/12\/2f0674e7eb8ac29ea3c291edf3e94fc1077fcc56.jpg?fit=1140%2C759&ssl=1&resize=700%2C400 2x, https:\/\/i0.wp.com\/larevistadigital.com.ar\/blog\/wp-content\/uploads\/2018\/12\/2f0674e7eb8ac29ea3c291edf3e94fc1077fcc56.jpg?fit=1140%2C759&ssl=1&resize=1050%2C600 3x"},"classes":[]}],"_links":{"self":[{"href":"https:\/\/larevistadigital.com.ar\/blog\/wp-json\/wp\/v2\/posts\/19779","targetHints":{"allow":["GET"]}}],"collection":[{"href":"https:\/\/larevistadigital.com.ar\/blog\/wp-json\/wp\/v2\/posts"}],"about":[{"href":"https:\/\/larevistadigital.com.ar\/blog\/wp-json\/wp\/v2\/types\/post"}],"author":[{"embeddable":true,"href":"https:\/\/larevistadigital.com.ar\/blog\/wp-json\/wp\/v2\/users\/3"}],"replies":[{"embeddable":true,"href":"https:\/\/larevistadigital.com.ar\/blog\/wp-json\/wp\/v2\/comments?post=19779"}],"version-history":[{"count":1,"href":"https:\/\/larevistadigital.com.ar\/blog\/wp-json\/wp\/v2\/posts\/19779\/revisions"}],"predecessor-version":[{"id":19781,"href":"https:\/\/larevistadigital.com.ar\/blog\/wp-json\/wp\/v2\/posts\/19779\/revisions\/19781"}],"wp:featuredmedia":[{"embeddable":true,"href":"https:\/\/larevistadigital.com.ar\/blog\/wp-json\/wp\/v2\/media\/19780"}],"wp:attachment":[{"href":"https:\/\/larevistadigital.com.ar\/blog\/wp-json\/wp\/v2\/media?parent=19779"}],"wp:term":[{"taxonomy":"category","embeddable":true,"href":"https:\/\/larevistadigital.com.ar\/blog\/wp-json\/wp\/v2\/categories?post=19779"},{"taxonomy":"post_tag","embeddable":true,"href":"https:\/\/larevistadigital.com.ar\/blog\/wp-json\/wp\/v2\/tags?post=19779"}],"curies":[{"name":"wp","href":"https:\/\/api.w.org\/{rel}","templated":true}]}}