{"id":19782,"date":"2021-04-21T15:05:32","date_gmt":"2021-04-21T15:05:32","guid":{"rendered":"https:\/\/larevistadigital.com.ar\/blog\/?p=19782"},"modified":"2021-04-21T15:05:32","modified_gmt":"2021-04-21T15:05:32","slug":"covid-en-tordillo-no-creemos-que-podamos-escapar-dijo-olivera","status":"publish","type":"post","link":"https:\/\/larevistadigital.com.ar\/blog\/covid-en-tordillo-no-creemos-que-podamos-escapar-dijo-olivera\/","title":{"rendered":"COVID EN TORDILLO: \u00abNO CREEMOS QUE PODAMOS ESCAPAR\u00bb, DIJO OLIVERA"},"content":{"rendered":"<div class=\"col-xs-24 col-md-18 col-md-offset-3\">\n<h2 class=\"nota__hero__summary\">El intendente del \u00fanico de los 135 municipios de la provincia de Buenos Aires que se encuentra en fase 5 y que solo tiene 1 caso activo se\u00f1al\u00f3 que \u201cesto lo atribuimos a que tenemos una poblaci\u00f3n chica\u201d pero \u201cen alg\u00fan momento nos va a agarrar\u201d el Covid-19.<\/h2>\n<\/div>\n<div class=\"col-xs-24\">\n<div class=\"nota__hero__photo\">\n<div class=\"photo\"><strong>TORDILLO &#8211; H\u00e9ctor Olivera<\/strong>, el intendente de Tordillo, el \u00fanico municipio de la provincia de Buenos Aires que se mantiene en fase 5, pidi\u00f3 hoy no relajarse ante el aumento de casos de coronavirus y destac\u00f3 que en el distrito <strong><em>\u201cya hay un porcentaje alto de vacunados\u201d<\/em><\/strong>.En el sistema de fases implementado por la provincia de Buenos Aires, que se actualiza semanalmente en base a la cantidad de contagios que se registren, Tordillo es el \u00fanico de los 135 municipios que se encuentra en fase 5, con la mayor\u00eda de las actividades liberadas.<\/p>\n<blockquote>\n<h3>En declaraciones formuladas a Radio Provincia, H\u00e9ctor Olivera, el jefe comunal del municipio con menos habitantes de todo el territorio bonaerense, explic\u00f3 que \u00abesto lo atribuimos a que tenemos una poblaci\u00f3n chica, pero no creemos que podamos escapar, en alg\u00fan momento nos va a agarrar\u201d el coronavirus.<\/h3>\n<\/blockquote>\n<p>Agreg\u00f3 que <strong><em>\u201cno hay que relajarse\u00bb<\/em><\/strong>, destac\u00f3 que en ese distrito <em><strong>\u00abhay respeto por las autoridades\u00bb<\/strong> <\/em>y grafic\u00f3 que all\u00ed <em><strong>\u00abno hay fiestas clandestinas, aunque siempre hay alg\u00fan desorejado al que hay que estarle arriba\u00bb.<\/strong><\/em><\/p>\n<p><em><strong>En ese sentido, resalt\u00f3 que \u00aba las 0 horas se corta la circulaci\u00f3n hasta las 6 de la ma\u00f1ana y desde l<\/strong><\/em>as 7 la polic\u00eda controla el ingreso a la ciudad\u00bb.<\/p>\n<p>Finalmente, <strong>Olivera<\/strong> indic\u00f3 que <strong><em>\u00abesta es una situaci\u00f3n fortuita, no creo que podamos escapar. Hay un caso positivo de un polic\u00eda que ahora est\u00e1 haciendo el aislamiento en su domicilio. Cada vez que hay un caso positivo uno debe declarar sus contactos, es todo una cadena\u00bb<\/em><\/strong>.<\/p>\n<p>publicado en entrelineas<\/p>\n<p>&nbsp;<\/p>\n<\/div>\n<\/div>\n<\/div>\n","protected":false},"excerpt":{"rendered":"<div class=\"mh-excerpt\"><p>El intendente del \u00fanico de los 135 municipios de la provincia de Buenos Aires que se encuentra en fase 5 y que solo tiene 1 caso activo se\u00f1al\u00f3 que \u201cesto lo atribuimos a que tenemos <a class=\"mh-excerpt-more\" href=\"https:\/\/larevistadigital.com.ar\/blog\/covid-en-tordillo-no-creemos-que-podamos-escapar-dijo-olivera\/\" title=\"COVID EN TORDILLO: \u00abNO CREEMOS QUE PODAMOS ESCAPAR\u00bb, DIJO OLIVERA\">[Leer M\u00e1s]<\/a><\/p>\n<\/div>","protected":false},"author":3,"featured_media":19783,"comment_status":"open","ping_status":"open","sticky":false,"template":"","format":"standard","meta":{"_jetpack_memberships_contains_paid_content":false,"footnotes":"","jetpack_publicize_message":"","jetpack_publicize_feature_enabled":true,"jetpack_social_post_already_shared":true,"jetpack_social_options":{"image_generator_settings":{"template":"highway","default_image_id":0,"font":"","enabled":false},"version":2}},"categories":[51],"tags":[],"class_list":{"0":"post-19782","1":"post","2":"type-post","3":"status-publish","4":"format-standard","5":"has-post-thumbnail","7":"category-regionales"},"jetpack_publicize_connections":[],"jetpack_featured_media_url":"https:\/\/i0.wp.com\/larevistadigital.com.ar\/blog\/wp-content\/uploads\/Hector-Olivera.png?fit=1200%2C628&ssl=1","jetpack_sharing_enabled":true,"jetpack_shortlink":"https:\/\/wp.me\/p8qtrQ-594","jetpack-related-posts":[{"id":19061,"url":"https:\/\/larevistadigital.com.ar\/blog\/tordillo-reflotan-el-plan-de-viviendas\/","url_meta":{"origin":19782,"position":0},"title":"TORDILLO: REFLOTAN EL PLAN DE VIVIENDAS","author":"Alejandro Sosa Ruda","date":"26 febrero, 2021","format":false,"excerpt":"Lo anunci\u00f3 el intendente H\u00e9ctor Olivera luego de reunirse con el ministro de Infraestructura, Agust\u00edn Simone. TORDILLO - El intendente de Tordillo, H\u00e9ctor Olivera, dijo que se activ\u00f3 un convenio con la provincia para la realizaci\u00f3n de un plan de viviendas, luego de reunirse con el ministro de Infraestructura y\u2026","rel":"","context":"En \u00abREGIONALES\u00bb","block_context":{"text":"REGIONALES","link":"https:\/\/larevistadigital.com.ar\/blog\/category\/regionales\/"},"img":{"alt_text":"","src":"https:\/\/i0.wp.com\/larevistadigital.com.ar\/blog\/wp-content\/uploads\/04d5429c7cef1d22872400a83423a208be05de3a.jpg?fit=1140%2C759&ssl=1&resize=350%2C200","width":350,"height":200,"srcset":"https:\/\/i0.wp.com\/larevistadigital.com.ar\/blog\/wp-content\/uploads\/04d5429c7cef1d22872400a83423a208be05de3a.jpg?fit=1140%2C759&ssl=1&resize=350%2C200 1x, https:\/\/i0.wp.com\/larevistadigital.com.ar\/blog\/wp-content\/uploads\/04d5429c7cef1d22872400a83423a208be05de3a.jpg?fit=1140%2C759&ssl=1&resize=525%2C300 1.5x, https:\/\/i0.wp.com\/larevistadigital.com.ar\/blog\/wp-content\/uploads\/04d5429c7cef1d22872400a83423a208be05de3a.jpg?fit=1140%2C759&ssl=1&resize=700%2C400 2x, https:\/\/i0.wp.com\/larevistadigital.com.ar\/blog\/wp-content\/uploads\/04d5429c7cef1d22872400a83423a208be05de3a.jpg?fit=1140%2C759&ssl=1&resize=1050%2C600 3x"},"classes":[]},{"id":19858,"url":"https:\/\/larevistadigital.com.ar\/blog\/debido-al-aumento-de-casos-la-provincia-bajo-a-fase-3-a-pinamar-dolores-maipu-y-belgrano\/","url_meta":{"origin":19782,"position":1},"title":"DEBIDO AL AUMENTO DE CASOS, LA PROVINCIA BAJ\u00d3 A FASE 3 A PINAMAR, DOLORES, MAIPU Y BELGRANO","author":"Alejandro Sosa Ruda","date":"27 abril, 2021","format":false,"excerpt":"Lo anunci\u00f3 el jefe de Gabinete del gobierno bonaerense, Carlos Bianco. Comenzar\u00e1 a regir a partir de ma\u00f1ana mi\u00e9rcoles. Tordillo tambi\u00e9n retrocedi\u00f3 a fase 4. Dolores, Pinamar, General Belgrano y Maip\u00fa son los 4 distritos de la Quinta Secci\u00f3n que pasaron a fase 3, al igual que otros 11 municipios.\u2026","rel":"","context":"En \u00abINTERES GENERAL\u00bb","block_context":{"text":"INTERES GENERAL","link":"https:\/\/larevistadigital.com.ar\/blog\/category\/interes-general\/"},"img":{"alt_text":"","src":"https:\/\/i0.wp.com\/larevistadigital.com.ar\/blog\/wp-content\/uploads\/semaforo-fase3-1.jpg?fit=1201%2C740&ssl=1&resize=350%2C200","width":350,"height":200,"srcset":"https:\/\/i0.wp.com\/larevistadigital.com.ar\/blog\/wp-content\/uploads\/semaforo-fase3-1.jpg?fit=1201%2C740&ssl=1&resize=350%2C200 1x, https:\/\/i0.wp.com\/larevistadigital.com.ar\/blog\/wp-content\/uploads\/semaforo-fase3-1.jpg?fit=1201%2C740&ssl=1&resize=525%2C300 1.5x, https:\/\/i0.wp.com\/larevistadigital.com.ar\/blog\/wp-content\/uploads\/semaforo-fase3-1.jpg?fit=1201%2C740&ssl=1&resize=700%2C400 2x, https:\/\/i0.wp.com\/larevistadigital.com.ar\/blog\/wp-content\/uploads\/semaforo-fase3-1.jpg?fit=1201%2C740&ssl=1&resize=1050%2C600 3x"},"classes":[]},{"id":16274,"url":"https:\/\/larevistadigital.com.ar\/blog\/covid-19-en-provincia-de-bs-as-en-que-etapa-se-encuentra-cada-municipio\/","url_meta":{"origin":19782,"position":2},"title":"COVID 19 EN PROVINCIA DE BS. AS.: EN QU\u00c9 ETAPA SE ENCUENTRA CADA MUNICIPIO&#8230;","author":"Alejandro Sosa Ruda","date":"7 septiembre, 2020","format":false,"excerpt":"25 municipios del interior de la provincia de Buenos Aires,\u00a0 transitan la fase 5 del aislamiento social,\u00a0con la mayor\u00eda de sus actividades habilitadas, mientras que otros 67 permanecen en la etapa 4 y\u00a0los restantes 43 siguen en la fase 3 por registrarse all\u00ed la mayor cantidad de casos de coronavirus.\u2026","rel":"","context":"En \u00abINTERES GENERAL\u00bb","block_context":{"text":"INTERES GENERAL","link":"https:\/\/larevistadigital.com.ar\/blog\/category\/interes-general\/"},"img":{"alt_text":"","src":"https:\/\/i0.wp.com\/larevistadigital.com.ar\/blog\/wp-content\/uploads\/corona.jpg?fit=800%2C553&ssl=1&resize=350%2C200","width":350,"height":200,"srcset":"https:\/\/i0.wp.com\/larevistadigital.com.ar\/blog\/wp-content\/uploads\/corona.jpg?fit=800%2C553&ssl=1&resize=350%2C200 1x, https:\/\/i0.wp.com\/larevistadigital.com.ar\/blog\/wp-content\/uploads\/corona.jpg?fit=800%2C553&ssl=1&resize=525%2C300 1.5x, https:\/\/i0.wp.com\/larevistadigital.com.ar\/blog\/wp-content\/uploads\/corona.jpg?fit=800%2C553&ssl=1&resize=700%2C400 2x"},"classes":[]},{"id":27526,"url":"https:\/\/larevistadigital.com.ar\/blog\/pesar-por-el-fallecimiento-del-ex-intendente-de-tordillo-juan-ismael-ferrari\/","url_meta":{"origin":19782,"position":3},"title":"PESAR POR EL FALLECIMIENTO DEL EX INTENDENTE DE TORDILLO JUAN ISMAEL FERRARI","author":"Alejandro Sosa Ruda","date":"3 septiembre, 2022","format":false,"excerpt":"Este viernes falleci\u00f3 el ex intendente del municipio de Tordillo\u00a0Juan Ismael Ferrari. 03 de septiembre de 2022 Hab\u00eda desempe\u00f1ado su cargo\u00a0durante 12 a\u00f1os -entre 1983 y 1995-\u00a0elegido por la Uni\u00f3n C\u00edvica Radical. La noticia fue confirmada por el Municipio de Tordillo desde donde lamentaron su fallecimiento y manifestaron: \u201cElevamos una\u2026","rel":"","context":"En \u00abREGIONALES\u00bb","block_context":{"text":"REGIONALES","link":"https:\/\/larevistadigital.com.ar\/blog\/category\/regionales\/"},"img":{"alt_text":"","src":"https:\/\/i0.wp.com\/larevistadigital.com.ar\/blog\/wp-content\/uploads\/caa8f9771c3bed3bcfdeb8e996ecc58173e436d8.jpg?fit=1140%2C760&ssl=1&resize=350%2C200","width":350,"height":200,"srcset":"https:\/\/i0.wp.com\/larevistadigital.com.ar\/blog\/wp-content\/uploads\/caa8f9771c3bed3bcfdeb8e996ecc58173e436d8.jpg?fit=1140%2C760&ssl=1&resize=350%2C200 1x, https:\/\/i0.wp.com\/larevistadigital.com.ar\/blog\/wp-content\/uploads\/caa8f9771c3bed3bcfdeb8e996ecc58173e436d8.jpg?fit=1140%2C760&ssl=1&resize=525%2C300 1.5x, https:\/\/i0.wp.com\/larevistadigital.com.ar\/blog\/wp-content\/uploads\/caa8f9771c3bed3bcfdeb8e996ecc58173e436d8.jpg?fit=1140%2C760&ssl=1&resize=700%2C400 2x, https:\/\/i0.wp.com\/larevistadigital.com.ar\/blog\/wp-content\/uploads\/caa8f9771c3bed3bcfdeb8e996ecc58173e436d8.jpg?fit=1140%2C760&ssl=1&resize=1050%2C600 3x"},"classes":[]},{"id":41837,"url":"https:\/\/larevistadigital.com.ar\/blog\/finalizaron-las-obras-de-mejoras-y-repavimentacion-de-la-ruta-provincial-63\/","url_meta":{"origin":19782,"position":4},"title":"Finalizaron las obras de mejoras y repavimentaci\u00f3n de la Ruta Provincial 63","author":"Alejandro Sosa Ruda","date":"8 octubre, 2025","format":false,"excerpt":"El Ministerio de Infraestructura y Servicios P\u00fablicos de la Provincia de Buenos Aires concluy\u00f3 los trabajos de mejora y repavimentaci\u00f3n en un tramo de 29,5 kil\u00f3metros de la Ruta Provincial 63, que conecta las localidades de Tordillo y Dolores. Estas obras optimizan la circulaci\u00f3n y la seguridad vial de miles\u2026","rel":"","context":"En \u00abREGIONALES\u00bb","block_context":{"text":"REGIONALES","link":"https:\/\/larevistadigital.com.ar\/blog\/category\/regionales\/"},"img":{"alt_text":"","src":"https:\/\/i0.wp.com\/larevistadigital.com.ar\/blog\/wp-content\/uploads\/20251008191548_repavimentacion-ruta-provincial-63-dolores-tordillo.jpg?fit=880%2C512&ssl=1&resize=350%2C200","width":350,"height":200,"srcset":"https:\/\/i0.wp.com\/larevistadigital.com.ar\/blog\/wp-content\/uploads\/20251008191548_repavimentacion-ruta-provincial-63-dolores-tordillo.jpg?fit=880%2C512&ssl=1&resize=350%2C200 1x, https:\/\/i0.wp.com\/larevistadigital.com.ar\/blog\/wp-content\/uploads\/20251008191548_repavimentacion-ruta-provincial-63-dolores-tordillo.jpg?fit=880%2C512&ssl=1&resize=525%2C300 1.5x, https:\/\/i0.wp.com\/larevistadigital.com.ar\/blog\/wp-content\/uploads\/20251008191548_repavimentacion-ruta-provincial-63-dolores-tordillo.jpg?fit=880%2C512&ssl=1&resize=700%2C400 2x"},"classes":[]},{"id":33031,"url":"https:\/\/larevistadigital.com.ar\/blog\/alerta-por-frio-extremo-del-servicio-meteorologico-naciolal\/","url_meta":{"origin":19782,"position":5},"title":"ALERTA POR \u00abFR\u00cdO EXTREMO\u00bb DEL SERVICIO METEOROL\u00d3GICO NACIOLAL","author":"Alejandro Sosa Ruda","date":"26 agosto, 2023","format":false,"excerpt":"Rige hasta ma\u00f1ana por la tarde. abarca 15 distritos. 26 de agosto de 2023 El Servicio Meteorol\u00f3gico Nacional (SMN) lanz\u00f3 una\u00a0alerta \u201camarilla\u201d por temperaturas extremas de fr\u00edo\u00a0para unos 15 distritos de la zona este de la provincia de Buenos Aires. El aviso rige hasta el domingo por la tarde inclusive\u2026","rel":"","context":"En \u00abSin categor\u00eda\u00bb","block_context":{"text":"Sin categor\u00eda","link":"https:\/\/larevistadigital.com.ar\/blog\/category\/sin-categoria\/"},"img":{"alt_text":"","src":"https:\/\/i0.wp.com\/larevistadigital.com.ar\/blog\/wp-content\/uploads\/descarga-26.jpg?fit=700%2C393&ssl=1&resize=350%2C200","width":350,"height":200,"srcset":"https:\/\/i0.wp.com\/larevistadigital.com.ar\/blog\/wp-content\/uploads\/descarga-26.jpg?fit=700%2C393&ssl=1&resize=350%2C200 1x, https:\/\/i0.wp.com\/larevistadigital.com.ar\/blog\/wp-content\/uploads\/descarga-26.jpg?fit=700%2C393&ssl=1&resize=525%2C300 1.5x, https:\/\/i0.wp.com\/larevistadigital.com.ar\/blog\/wp-content\/uploads\/descarga-26.jpg?fit=700%2C393&ssl=1&resize=700%2C400 2x"},"classes":[]}],"_links":{"self":[{"href":"https:\/\/larevistadigital.com.ar\/blog\/wp-json\/wp\/v2\/posts\/19782","targetHints":{"allow":["GET"]}}],"collection":[{"href":"https:\/\/larevistadigital.com.ar\/blog\/wp-json\/wp\/v2\/posts"}],"about":[{"href":"https:\/\/larevistadigital.com.ar\/blog\/wp-json\/wp\/v2\/types\/post"}],"author":[{"embeddable":true,"href":"https:\/\/larevistadigital.com.ar\/blog\/wp-json\/wp\/v2\/users\/3"}],"replies":[{"embeddable":true,"href":"https:\/\/larevistadigital.com.ar\/blog\/wp-json\/wp\/v2\/comments?post=19782"}],"version-history":[{"count":1,"href":"https:\/\/larevistadigital.com.ar\/blog\/wp-json\/wp\/v2\/posts\/19782\/revisions"}],"predecessor-version":[{"id":19784,"href":"https:\/\/larevistadigital.com.ar\/blog\/wp-json\/wp\/v2\/posts\/19782\/revisions\/19784"}],"wp:featuredmedia":[{"embeddable":true,"href":"https:\/\/larevistadigital.com.ar\/blog\/wp-json\/wp\/v2\/media\/19783"}],"wp:attachment":[{"href":"https:\/\/larevistadigital.com.ar\/blog\/wp-json\/wp\/v2\/media?parent=19782"}],"wp:term":[{"taxonomy":"category","embeddable":true,"href":"https:\/\/larevistadigital.com.ar\/blog\/wp-json\/wp\/v2\/categories?post=19782"},{"taxonomy":"post_tag","embeddable":true,"href":"https:\/\/larevistadigital.com.ar\/blog\/wp-json\/wp\/v2\/tags?post=19782"}],"curies":[{"name":"wp","href":"https:\/\/api.w.org\/{rel}","templated":true}]}}