{"id":19785,"date":"2021-04-21T16:50:41","date_gmt":"2021-04-21T16:50:41","guid":{"rendered":"https:\/\/larevistadigital.com.ar\/blog\/?p=19785"},"modified":"2021-04-21T16:50:41","modified_gmt":"2021-04-21T16:50:41","slug":"murio-el-ex-jugador-de-boca-el-murcielago-alfredo-graciani","status":"publish","type":"post","link":"https:\/\/larevistadigital.com.ar\/blog\/murio-el-ex-jugador-de-boca-el-murcielago-alfredo-graciani\/","title":{"rendered":"MURI\u00d3 EL EX JUGADOR DE BOCA \u00abEL MURCI\u00c9LAGO\u00bb ALFREDO GRACIANI"},"content":{"rendered":"<p>El ex futbolista\u00a0<strong>Alfredo Graciani<\/strong>, conocido popularmente como \u201c<strong>El Murci\u00e9lago<\/strong>\u201d, muri\u00f3 este mi\u00e9rcoles a los 56 a\u00f1os tras sufrir un paro card\u00edaco.<\/p>\n<p>La noticia caus\u00f3 conmoci\u00f3n en el mundo del f\u00fatbol, ya que el ex delantero fue un destacado animador del f\u00fatbol argentino en la d\u00e9cada del 80.<\/p>\n<p>Graciani defendi\u00f3 distintas camisetas a lo largo de su carrera, pero se lo identifica mayormente con Boca, donde disput\u00f3 250 partidos, gan\u00f3 dos t\u00edtulos y convirti\u00f3 83 goles, siendo as\u00ed el 14\u00b0 m\u00e1ximo goleador de la historia del club.<\/p>\n<div id=\"attachment_560392\"><img data-recalc-dims=\"1\" loading=\"lazy\" decoding=\"async\" class=\"wp-image-560392 size-full\" src=\"https:\/\/i0.wp.com\/storage.lacapitalmdp.com\/2021\/04\/graciani.jpg?resize=247%2C320&#038;ssl=1\" alt=\"graciani\" width=\"247\" height=\"320\" \/><strong>Graciani en la tapa de \u201cEl Gr\u00e1fico\u201d.<\/strong><\/p>\n<\/div>\n<p>Adem\u00e1s de en el conjunto \u201cXeneize\u201d, el \u201cMurci\u00e9lago\u201d jug\u00f3 en Racing, Deportivo Espa\u00f1ol, Atl\u00e9tico Tucum\u00e1n, Argentinos Juniors, FC Lugano (Suiza) y Caracas FC (Venezuela).<\/p>\n<blockquote>\n<h3>Esta ma\u00f1ana, Graciani hab\u00eda publicado un video de Boca en su cuenta de la red Social Twitter, alentando al Xeneize en la previa de su estreno de una nueva edici\u00f3n de la Copa Libertadores.<\/h3>\n<\/blockquote>\n<p><em><strong>\u201cVamos Boca Carajo hoy comienza un nuevo sue\u00f1o!\u201d<\/strong><\/em>, escribi\u00f3 poco antes de fallecer.<\/p>\n<p>Conocida la noticia del fallecimiento del ex delantero, distintos clubes y personalidades del mundo del f\u00fatbol brindaron sus condolencias a trav\u00e9s de las redes sociales.<\/p>\n","protected":false},"excerpt":{"rendered":"<div class=\"mh-excerpt\"><p>El ex futbolista\u00a0Alfredo Graciani, conocido popularmente como \u201cEl Murci\u00e9lago\u201d, muri\u00f3 este mi\u00e9rcoles a los 56 a\u00f1os tras sufrir un paro card\u00edaco. La noticia caus\u00f3 conmoci\u00f3n en el mundo del f\u00fatbol, ya que el ex delantero <a class=\"mh-excerpt-more\" href=\"https:\/\/larevistadigital.com.ar\/blog\/murio-el-ex-jugador-de-boca-el-murcielago-alfredo-graciani\/\" title=\"MURI\u00d3 EL EX JUGADOR DE BOCA \u00abEL MURCI\u00c9LAGO\u00bb ALFREDO GRACIANI\">[Leer M\u00e1s]<\/a><\/p>\n<\/div>","protected":false},"author":3,"featured_media":19786,"comment_status":"open","ping_status":"open","sticky":false,"template":"","format":"standard","meta":{"_jetpack_memberships_contains_paid_content":false,"footnotes":"","jetpack_publicize_message":"","jetpack_publicize_feature_enabled":true,"jetpack_social_post_already_shared":true,"jetpack_social_options":{"image_generator_settings":{"template":"highway","default_image_id":0,"font":"","enabled":false},"version":2}},"categories":[8,50],"tags":[],"class_list":{"0":"post-19785","1":"post","2":"type-post","3":"status-publish","4":"format-standard","5":"has-post-thumbnail","7":"category-deportes","8":"category-interes-general"},"jetpack_publicize_connections":[],"jetpack_featured_media_url":"https:\/\/i0.wp.com\/larevistadigital.com.ar\/blog\/wp-content\/uploads\/Alfredo-Graciani.jpeg?fit=1222%2C900&ssl=1","jetpack_sharing_enabled":true,"jetpack_shortlink":"https:\/\/wp.me\/p8qtrQ-597","jetpack-related-posts":[{"id":42447,"url":"https:\/\/larevistadigital.com.ar\/blog\/alarma-en-mar-del-plata-por-un-murcielago-con-rabia-advierten-que-menos-del-20-de-las-mascotas-esta-vacunada\/","url_meta":{"origin":19785,"position":0},"title":"Alarma en Mar del Plata por un murci\u00e9lago con rabia: advierten que menos del 20% de las mascotas est\u00e1 vacunada","author":"Alejandro Sosa Ruda","date":"10 noviembre, 2025","format":false,"excerpt":"El hallazgo de un murci\u00e9lago con rabia en el barrio Estrada encendi\u00f3 las alertas sanitarias. Desde el Colegio de Veterinarios bonaerense alertan sobre la baja vacunaci\u00f3n en perros y gatos y explican c\u00f3mo actuar ante un caso sospechoso. 10 de Noviembre de 2025 MAR DEL PLATA -\u00a0 La detecci\u00f3n de\u2026","rel":"","context":"En \u00abREGIONALES\u00bb","block_context":{"text":"REGIONALES","link":"https:\/\/larevistadigital.com.ar\/blog\/category\/regionales\/"},"img":{"alt_text":"","src":"https:\/\/i0.wp.com\/larevistadigital.com.ar\/blog\/wp-content\/uploads\/Captura-de-pantalla-2025-11-10-112710.jpg?fit=577%2C434&ssl=1&resize=350%2C200","width":350,"height":200,"srcset":"https:\/\/i0.wp.com\/larevistadigital.com.ar\/blog\/wp-content\/uploads\/Captura-de-pantalla-2025-11-10-112710.jpg?fit=577%2C434&ssl=1&resize=350%2C200 1x, https:\/\/i0.wp.com\/larevistadigital.com.ar\/blog\/wp-content\/uploads\/Captura-de-pantalla-2025-11-10-112710.jpg?fit=577%2C434&ssl=1&resize=525%2C300 1.5x"},"classes":[]},{"id":14780,"url":"https:\/\/larevistadigital.com.ar\/blog\/saladillo-hallan-murcielago-con-rabia-y-montan-operativo-preventivo\/","url_meta":{"origin":19785,"position":1},"title":"SALADILLO: HALLAN MURCI\u00c9LAGO CON RABIA Y MONTAN OPERATIVO PREVENTIVO","author":"Alejandro Sosa Ruda","date":"12 febrero, 2020","format":false,"excerpt":"Ser\u00e1 para vacunar perros y gatos. Un murci\u00e9lago afectado de rabia fue hallado en la ciudad bonaerense de Saladillo, cuyas autoridades sanitarias convocaron a la poblaci\u00f3n a concurrir el pr\u00f3ximo viernes a la plaza principal donde se montar\u00e1 un operativo\u00a0para vacunar perros y gatos contra esa enfermedad, inform\u00f3 una fuente\u2026","rel":"","context":"En \u00abREGIONALES\u00bb","block_context":{"text":"REGIONALES","link":"https:\/\/larevistadigital.com.ar\/blog\/category\/regionales\/"},"img":{"alt_text":"","src":"https:\/\/i0.wp.com\/larevistadigital.com.ar\/blog\/wp-content\/uploads\/1581540924845.jpg?fit=1200%2C645&ssl=1&resize=350%2C200","width":350,"height":200,"srcset":"https:\/\/i0.wp.com\/larevistadigital.com.ar\/blog\/wp-content\/uploads\/1581540924845.jpg?fit=1200%2C645&ssl=1&resize=350%2C200 1x, https:\/\/i0.wp.com\/larevistadigital.com.ar\/blog\/wp-content\/uploads\/1581540924845.jpg?fit=1200%2C645&ssl=1&resize=525%2C300 1.5x, https:\/\/i0.wp.com\/larevistadigital.com.ar\/blog\/wp-content\/uploads\/1581540924845.jpg?fit=1200%2C645&ssl=1&resize=700%2C400 2x, https:\/\/i0.wp.com\/larevistadigital.com.ar\/blog\/wp-content\/uploads\/1581540924845.jpg?fit=1200%2C645&ssl=1&resize=1050%2C600 3x"},"classes":[]},{"id":10683,"url":"https:\/\/larevistadigital.com.ar\/blog\/dolor-en-el-futbol-y-luto-en-boca-murio-ruben-sune\/","url_meta":{"origin":19785,"position":2},"title":"DOLOR EN EL F\u00daTBOL Y LUTO EN BOCA: MURI\u00d3 RUBEN SU\u00d1\u00c9","author":"Alejandro Sosa Ruda","date":"21 junio, 2019","format":false,"excerpt":"Uno de los grandes \u00eddolos\u00a0xeneizes, campe\u00f3n en ocho oportunidades,\u00a0muri\u00f3 a los 72 a\u00f1os.\u00a0 Rub\u00e9n \"El Chapa\" Su\u00f1\u00e9, una de las glorias de Boca J\u00faniors falleci\u00f3 este jueves a los 72 a\u00f1os, seg\u00fan dieron a conocer medios cercanos al club xeneize. Su\u00f1\u00e9, considerado un \u00eddolo por los hinchas de Boca, se\u2026","rel":"","context":"En \u00abDEPORTES\u00bb","block_context":{"text":"DEPORTES","link":"https:\/\/larevistadigital.com.ar\/blog\/category\/deportes\/"},"img":{"alt_text":"","src":"https:\/\/i0.wp.com\/larevistadigital.com.ar\/blog\/wp-content\/uploads\/sune_g.jpg?fit=650%2C446&ssl=1&resize=350%2C200","width":350,"height":200,"srcset":"https:\/\/i0.wp.com\/larevistadigital.com.ar\/blog\/wp-content\/uploads\/sune_g.jpg?fit=650%2C446&ssl=1&resize=350%2C200 1x, https:\/\/i0.wp.com\/larevistadigital.com.ar\/blog\/wp-content\/uploads\/sune_g.jpg?fit=650%2C446&ssl=1&resize=525%2C300 1.5x"},"classes":[]},{"id":23537,"url":"https:\/\/larevistadigital.com.ar\/blog\/villa-gesell-detectan-caso-positivo-de-rabia-en-el-analisis-de-un-murcielago\/","url_meta":{"origin":19785,"position":3},"title":"VILLA GESELL: DETECTAN CASO POSITIVO DE RABIA, EN EL AN\u00c1LISIS DE UN MURCI\u00c9LAGO","author":"Alejandro Sosa Ruda","date":"24 enero, 2022","format":false,"excerpt":"Fue confirmado por el \u00e1rea municipal de Zoonosis. Se realiza un control de la zona del foco para reforzar la vacunaci\u00f3n antirr\u00e1bica. Desde el \u00e1rea municipal de Zoonosis de Villa Gesell informaron que se detect\u00f3\u00a0un caso positivo de rabia\u00a0en el an\u00e1lisis realizado a un murci\u00e9lago encontrado en\u00a0Paseo 137 y Avenida\u2026","rel":"","context":"En \u00abREGIONALES\u00bb","block_context":{"text":"REGIONALES","link":"https:\/\/larevistadigital.com.ar\/blog\/category\/regionales\/"},"img":{"alt_text":"","src":"https:\/\/i0.wp.com\/larevistadigital.com.ar\/blog\/wp-content\/uploads\/4c1c206c0603fc770bce801b0e05af3f51686b51.jpg?fit=1140%2C697&ssl=1&resize=350%2C200","width":350,"height":200,"srcset":"https:\/\/i0.wp.com\/larevistadigital.com.ar\/blog\/wp-content\/uploads\/4c1c206c0603fc770bce801b0e05af3f51686b51.jpg?fit=1140%2C697&ssl=1&resize=350%2C200 1x, https:\/\/i0.wp.com\/larevistadigital.com.ar\/blog\/wp-content\/uploads\/4c1c206c0603fc770bce801b0e05af3f51686b51.jpg?fit=1140%2C697&ssl=1&resize=525%2C300 1.5x, https:\/\/i0.wp.com\/larevistadigital.com.ar\/blog\/wp-content\/uploads\/4c1c206c0603fc770bce801b0e05af3f51686b51.jpg?fit=1140%2C697&ssl=1&resize=700%2C400 2x, https:\/\/i0.wp.com\/larevistadigital.com.ar\/blog\/wp-content\/uploads\/4c1c206c0603fc770bce801b0e05af3f51686b51.jpg?fit=1140%2C697&ssl=1&resize=1050%2C600 3x"},"classes":[]},{"id":30403,"url":"https:\/\/larevistadigital.com.ar\/blog\/chascomus-operativo-de-bloqueo-sanitario-tras-el-hallazgo-de-un-murcielago-con-rabia\/","url_meta":{"origin":19785,"position":4},"title":"CHASCOM\u00daS: OPERATIVO DE \u00abBLOQUEO SANITARIO\u00bb TRAS EL HALLAZGO DE UN MURCI\u00c9LAGO CON RABIA.","author":"Alejandro Sosa Ruda","date":"6 marzo, 2023","format":false,"excerpt":"El equipo de Bromatolog\u00eda y Zoonosis trabaj\u00f3 en el sector de Juli\u00e1n Quintana e\/Scalabrini Ortiz y Las Acacias, completando la vacunaci\u00f3n antirr\u00e1bica de mascotas en un radio de 200mts a la redonda del lugar del hallazgo. 6 de marzo de 2023 CHASCOM\u00daS\u00a0 - Tras la notificaci\u00f3n a los respectivos domicilios,\u2026","rel":"","context":"En \u00abCHASCOM\u00daS\u00bb","block_context":{"text":"CHASCOM\u00daS","link":"https:\/\/larevistadigital.com.ar\/blog\/category\/chascomus\/"},"img":{"alt_text":"","src":"https:\/\/i0.wp.com\/larevistadigital.com.ar\/blog\/wp-content\/uploads\/descarga-18.jpg?fit=1200%2C900&ssl=1&resize=350%2C200","width":350,"height":200,"srcset":"https:\/\/i0.wp.com\/larevistadigital.com.ar\/blog\/wp-content\/uploads\/descarga-18.jpg?fit=1200%2C900&ssl=1&resize=350%2C200 1x, https:\/\/i0.wp.com\/larevistadigital.com.ar\/blog\/wp-content\/uploads\/descarga-18.jpg?fit=1200%2C900&ssl=1&resize=525%2C300 1.5x, https:\/\/i0.wp.com\/larevistadigital.com.ar\/blog\/wp-content\/uploads\/descarga-18.jpg?fit=1200%2C900&ssl=1&resize=700%2C400 2x, https:\/\/i0.wp.com\/larevistadigital.com.ar\/blog\/wp-content\/uploads\/descarga-18.jpg?fit=1200%2C900&ssl=1&resize=1050%2C600 3x"},"classes":[]},{"id":4976,"url":"https:\/\/larevistadigital.com.ar\/blog\/murcielago-rabia-mordio-nene-6-anos\/","url_meta":{"origin":19785,"position":5},"title":"MURCIELAGO CON RABIA MORDI\u00d3 A UN NENE DE 6 A\u00d1OS","author":"Alejandro Sosa Ruda","date":"23 febrero, 2018","format":false,"excerpt":"Un ni\u00f1o de 6 a\u00f1os fue mordido por un murci\u00e9lago con rabia en Mar del Plata, cuando se encontraba en la pileta de una casa en la zona de Playa grande. Su padre fue de inmediato a la Direcci\u00f3n de Zoonosis local donde se le realizaron las pruebas al animal\u2026","rel":"","context":"En \u00abSOCIEDAD\u00bb","block_context":{"text":"SOCIEDAD","link":"https:\/\/larevistadigital.com.ar\/blog\/category\/sociedad\/"},"img":{"alt_text":"","src":"https:\/\/i0.wp.com\/larevistadigital.com.ar\/blog\/wp-content\/uploads\/2018\/02\/descarga-11.jpg?fit=650%2C487&ssl=1&resize=350%2C200","width":350,"height":200,"srcset":"https:\/\/i0.wp.com\/larevistadigital.com.ar\/blog\/wp-content\/uploads\/2018\/02\/descarga-11.jpg?fit=650%2C487&ssl=1&resize=350%2C200 1x, https:\/\/i0.wp.com\/larevistadigital.com.ar\/blog\/wp-content\/uploads\/2018\/02\/descarga-11.jpg?fit=650%2C487&ssl=1&resize=525%2C300 1.5x"},"classes":[]}],"_links":{"self":[{"href":"https:\/\/larevistadigital.com.ar\/blog\/wp-json\/wp\/v2\/posts\/19785","targetHints":{"allow":["GET"]}}],"collection":[{"href":"https:\/\/larevistadigital.com.ar\/blog\/wp-json\/wp\/v2\/posts"}],"about":[{"href":"https:\/\/larevistadigital.com.ar\/blog\/wp-json\/wp\/v2\/types\/post"}],"author":[{"embeddable":true,"href":"https:\/\/larevistadigital.com.ar\/blog\/wp-json\/wp\/v2\/users\/3"}],"replies":[{"embeddable":true,"href":"https:\/\/larevistadigital.com.ar\/blog\/wp-json\/wp\/v2\/comments?post=19785"}],"version-history":[{"count":1,"href":"https:\/\/larevistadigital.com.ar\/blog\/wp-json\/wp\/v2\/posts\/19785\/revisions"}],"predecessor-version":[{"id":19787,"href":"https:\/\/larevistadigital.com.ar\/blog\/wp-json\/wp\/v2\/posts\/19785\/revisions\/19787"}],"wp:featuredmedia":[{"embeddable":true,"href":"https:\/\/larevistadigital.com.ar\/blog\/wp-json\/wp\/v2\/media\/19786"}],"wp:attachment":[{"href":"https:\/\/larevistadigital.com.ar\/blog\/wp-json\/wp\/v2\/media?parent=19785"}],"wp:term":[{"taxonomy":"category","embeddable":true,"href":"https:\/\/larevistadigital.com.ar\/blog\/wp-json\/wp\/v2\/categories?post=19785"},{"taxonomy":"post_tag","embeddable":true,"href":"https:\/\/larevistadigital.com.ar\/blog\/wp-json\/wp\/v2\/tags?post=19785"}],"curies":[{"name":"wp","href":"https:\/\/api.w.org\/{rel}","templated":true}]}}