{"id":19788,"date":"2021-04-21T22:50:55","date_gmt":"2021-04-21T22:50:55","guid":{"rendered":"https:\/\/larevistadigital.com.ar\/blog\/?p=19788"},"modified":"2021-04-22T13:28:41","modified_gmt":"2021-04-22T13:28:41","slug":"desde-el-proximo-juever-se-aplicara-la-vacuna-antigripal-aca-los-lugares-donde-presentarse","status":"publish","type":"post","link":"https:\/\/larevistadigital.com.ar\/blog\/desde-el-proximo-juever-se-aplicara-la-vacuna-antigripal-aca-los-lugares-donde-presentarse\/","title":{"rendered":"DESDE EL PR\u00d3XIMO JUEVES SE APLICAR\u00c1 LA VACUNA ANTIGRIPAL: AC\u00c1 LOS LUGARES DONDE PRESENTARSE"},"content":{"rendered":"<p>Con el fin de brindar el acceso de la salud a toda la comunidad y en este contexto, evitar la circulaci\u00f3n y aglomeraci\u00f3n de las personas se dispuso descentralizar la vacunaci\u00f3n en distintos puntos estrat\u00e9gicos de la ciudad.<\/p>\n<p>En el marco de la pandemia, la descentralizaci\u00f3n de la salud cumple un rol fundamental ya que permite adecuar mejor la provisi\u00f3n de bienes p\u00fablicos a las necesidades de la poblaci\u00f3n, mejora la calidad, la equidad y la eficiencia del sistema de salud.<\/p>\n<p><img data-recalc-dims=\"1\" loading=\"lazy\" decoding=\"async\" class=\"alignnone size-full wp-image-19789\" src=\"https:\/\/i0.wp.com\/larevistadigital.com.ar\/blog\/wp-content\/uploads\/VACUNACION-GRIPE.jpeg?resize=1204%2C1202&#038;ssl=1\" alt=\"\" width=\"1204\" height=\"1202\" srcset=\"https:\/\/i0.wp.com\/larevistadigital.com.ar\/blog\/wp-content\/uploads\/VACUNACION-GRIPE.jpeg?w=1204&amp;ssl=1 1204w, https:\/\/i0.wp.com\/larevistadigital.com.ar\/blog\/wp-content\/uploads\/VACUNACION-GRIPE.jpeg?resize=300%2C300&amp;ssl=1 300w, https:\/\/i0.wp.com\/larevistadigital.com.ar\/blog\/wp-content\/uploads\/VACUNACION-GRIPE.jpeg?resize=1024%2C1022&amp;ssl=1 1024w, https:\/\/i0.wp.com\/larevistadigital.com.ar\/blog\/wp-content\/uploads\/VACUNACION-GRIPE.jpeg?resize=150%2C150&amp;ssl=1 150w, https:\/\/i0.wp.com\/larevistadigital.com.ar\/blog\/wp-content\/uploads\/VACUNACION-GRIPE.jpeg?resize=768%2C767&amp;ssl=1 768w\" sizes=\"auto, (max-width: 1000px) 100vw, 1000px\" \/><\/p>\n<p>En este sentido, en dichas postas se aplicar\u00e1n las dosis destinadas a los grupos de mayores de 65 a\u00f1os, personas de 2 a 64 a\u00f1os con factores de riesgo con enfermedades card\u00edacas, respiratorias, inmunodepresi\u00f3n cong\u00e9nitas o adquiridas, diabetes, obesidad, pacientes oncohematol\u00f3gicos, trasplantados y\/o personas con insuficiencia renal cr\u00f3nica en di\u00e1lisis, entre otros. Cabe mencionar que por este a\u00f1o no ser\u00e1 necesario acompa\u00f1ar la orden m\u00e9dica.<\/p>\n<p>Adem\u00e1s, se aplicar\u00e1n a ni\u00f1os y ni\u00f1as de entre 6 y 24 meses de edad inclusive, las embarazadas en cualquier trimestre de gestaci\u00f3n y las pu\u00e9rperas dentro de los 10 d\u00edas posteriores al parto si no la recibieron durante el embarazo.<\/p>\n<p>Por su parte, recibir\u00e1n una dosis anual, el personal estrat\u00e9gico, en funci\u00f3n de la disponibilidad de dosis y la din\u00e1mica habitual de la vacunaci\u00f3n antigripal. Podr\u00e1n incorporarse a esta categor\u00eda, los mismos grupos establecidos y alcanzados por la vacuna contra Covid-19.<\/p>\n<p>La atenci\u00f3n ser\u00e1 de lunes a viernes de 9 a 12.30 hs para personas de 60 a\u00f1os o m\u00e1s y de 12.30 a 15.30 hs para personas de 13 a 59 a\u00f1os en los siguientes centros:<br \/>\n\u2013 Zona Norte: Sociedad de Fomento Barrio Jard\u00edn (Juli\u00e1n Quintana N\u00ba 866)<br \/>\n\u2013 Zona Este: Cooperativa Nuevos Horizontes (Garay y Florencio Chappa)<br \/>\n\u2013 Zona Oeste: Sede Socia CONARCO (Chubut N\u00ba 637 esq. Bartolom\u00e9 Correa)<br \/>\n\u2013 Zona Sur: Sociedad de Fomento B.F. Moreno (EEUU entre Miramar y Las Flores)<br \/>\n\u2013 Servicio de Vacunaci\u00f3n \u201cSal\u00f3n de Fiestas Sindicato Empleados de Comercio\u201d (Casalins 447 esquina Caseros). Adem\u00e1s de todas las vacunas del Calendario Nacional de Vacunaci\u00f3n, aqu\u00ed se vacunar\u00e1 con antigripal exclusivamente ni\u00f1os\/as de 6 meses hasta los 12 a\u00f1os, embarazadas y pu\u00e9rperas. De lunes a viernes de 9 a 15 hs<\/p>\n<blockquote>\n<h3>Cabe mencionar que las personas que hayan recibido o est\u00e9n por recibir la vacuna de Covid-19 deben separar por 14 d\u00edas la aplicaci\u00f3n de la vacuna antigripal.<\/h3>\n<\/blockquote>\n","protected":false},"excerpt":{"rendered":"<div class=\"mh-excerpt\"><p>Con el fin de brindar el acceso de la salud a toda la comunidad y en este contexto, evitar la circulaci\u00f3n y aglomeraci\u00f3n de las personas se dispuso descentralizar la vacunaci\u00f3n en distintos puntos estrat\u00e9gicos <a class=\"mh-excerpt-more\" href=\"https:\/\/larevistadigital.com.ar\/blog\/desde-el-proximo-juever-se-aplicara-la-vacuna-antigripal-aca-los-lugares-donde-presentarse\/\" title=\"DESDE EL PR\u00d3XIMO JUEVES SE APLICAR\u00c1 LA VACUNA ANTIGRIPAL: AC\u00c1 LOS LUGARES DONDE PRESENTARSE\">[Leer M\u00e1s]<\/a><\/p>\n<\/div>","protected":false},"author":3,"featured_media":19789,"comment_status":"open","ping_status":"open","sticky":false,"template":"","format":"standard","meta":{"_jetpack_memberships_contains_paid_content":false,"footnotes":"","jetpack_publicize_message":"","jetpack_publicize_feature_enabled":true,"jetpack_social_post_already_shared":true,"jetpack_social_options":{"image_generator_settings":{"template":"highway","default_image_id":0,"font":"","enabled":false},"version":2}},"categories":[6],"tags":[],"class_list":{"0":"post-19788","1":"post","2":"type-post","3":"status-publish","4":"format-standard","5":"has-post-thumbnail","7":"category-chascomus"},"jetpack_publicize_connections":[],"jetpack_featured_media_url":"https:\/\/i0.wp.com\/larevistadigital.com.ar\/blog\/wp-content\/uploads\/VACUNACION-GRIPE.jpeg?fit=1204%2C1202&ssl=1","jetpack_sharing_enabled":true,"jetpack_shortlink":"https:\/\/wp.me\/p8qtrQ-59a","jetpack-related-posts":[{"id":18254,"url":"https:\/\/larevistadigital.com.ar\/blog\/lanzan-recomendaciones-para-evitar-contagios-de-covid-en-las-fiestas\/","url_meta":{"origin":19788,"position":0},"title":"LANZAN RECOMENDACIONES PARA EVITAR CONTAGIOS DE COVID EN LAS FIESTAS","author":"Alejandro Sosa Ruda","date":"21 diciembre, 2020","format":false,"excerpt":"Las indicaciones fueron difundidas por el Ministerio de salud de La Naci\u00f3n. Durante este a\u00f1o, todos, y especialmente las personas mayores o con factores de riesgo, han realizado esfuerzos significativos tomando medidas de prevenci\u00f3n para frenar la propagaci\u00f3n del coronavirus. M\u00e1s all\u00e1 de estos cuidados, aun as\u00ed, el 83% de\u2026","rel":"","context":"En \u00abINTERES GENERAL\u00bb","block_context":{"text":"INTERES GENERAL","link":"https:\/\/larevistadigital.com.ar\/blog\/category\/interes-general\/"},"img":{"alt_text":"","src":"https:\/\/i0.wp.com\/larevistadigital.com.ar\/blog\/wp-content\/uploads\/Family-Christmas.jpg?fit=860%2C603&ssl=1&resize=350%2C200","width":350,"height":200,"srcset":"https:\/\/i0.wp.com\/larevistadigital.com.ar\/blog\/wp-content\/uploads\/Family-Christmas.jpg?fit=860%2C603&ssl=1&resize=350%2C200 1x, https:\/\/i0.wp.com\/larevistadigital.com.ar\/blog\/wp-content\/uploads\/Family-Christmas.jpg?fit=860%2C603&ssl=1&resize=525%2C300 1.5x, https:\/\/i0.wp.com\/larevistadigital.com.ar\/blog\/wp-content\/uploads\/Family-Christmas.jpg?fit=860%2C603&ssl=1&resize=700%2C400 2x"},"classes":[]},{"id":35790,"url":"https:\/\/larevistadigital.com.ar\/blog\/comenzo-la-campana-de-vacunacion-antigripal-2024-2\/","url_meta":{"origin":19788,"position":1},"title":"COMENZ\u00d3 LA CAMPA\u00d1A DE VACUNACI\u00d3N ANTIGRIPAL 2024","author":"Alejandro Sosa Ruda","date":"9 abril, 2024","format":false,"excerpt":"Para una mejor organizaci\u00f3n, se habilitar\u00e1n dos sedes simult\u00e1neas de aplicaci\u00f3n . 9 de abril de 2024 CHASCOM\u00daS -\u00a0 Este lunes se inici\u00f3 la inoculaci\u00f3n de la vacuna antigripal para los grupos de riesgo, luego de haberse completado la inmunizaci\u00f3n para el personal de salud. Se administra de manera gratuita\u2026","rel":"","context":"En \u00abCHASCOM\u00daS\u00bb","block_context":{"text":"CHASCOM\u00daS","link":"https:\/\/larevistadigital.com.ar\/blog\/category\/chascomus\/"},"img":{"alt_text":"","src":"https:\/\/i0.wp.com\/larevistadigital.com.ar\/blog\/wp-content\/uploads\/2024_04_09_00_52_46_7413260.jpg?fit=600%2C400&ssl=1&resize=350%2C200","width":350,"height":200,"srcset":"https:\/\/i0.wp.com\/larevistadigital.com.ar\/blog\/wp-content\/uploads\/2024_04_09_00_52_46_7413260.jpg?fit=600%2C400&ssl=1&resize=350%2C200 1x, https:\/\/i0.wp.com\/larevistadigital.com.ar\/blog\/wp-content\/uploads\/2024_04_09_00_52_46_7413260.jpg?fit=600%2C400&ssl=1&resize=525%2C300 1.5x"},"classes":[]},{"id":39112,"url":"https:\/\/larevistadigital.com.ar\/blog\/la-provincia-comienza-a-aplicar-la-vacuna-antigripal-a-mayores-de-65\/","url_meta":{"origin":19788,"position":2},"title":"La Provincia comienza a aplicar la vacuna antigripal a mayores de 65","author":"Alejandro Sosa Ruda","date":"24 marzo, 2025","format":false,"excerpt":"La primera etapa est\u00e1 dirigida tambi\u00e9n al personal de salud. A partir del 7 de abril, se ampliar\u00e1 la convocatoria para todos los grupos poblacionales de riesgo. 24 de Marzo de 2025 BUENOS AIRES -\u00a0 El ministerio de Salud de la Provincia pone en marcha la Campa\u00f1a Nacional de Vacunaci\u00f3n\u2026","rel":"","context":"En \u00abREGIONALES\u00bb","block_context":{"text":"REGIONALES","link":"https:\/\/larevistadigital.com.ar\/blog\/category\/regionales\/"},"img":{"alt_text":"","src":"https:\/\/i0.wp.com\/larevistadigital.com.ar\/blog\/wp-content\/uploads\/vacuna-antigripal.jpg?fit=700%2C467&ssl=1&resize=350%2C200","width":350,"height":200,"srcset":"https:\/\/i0.wp.com\/larevistadigital.com.ar\/blog\/wp-content\/uploads\/vacuna-antigripal.jpg?fit=700%2C467&ssl=1&resize=350%2C200 1x, https:\/\/i0.wp.com\/larevistadigital.com.ar\/blog\/wp-content\/uploads\/vacuna-antigripal.jpg?fit=700%2C467&ssl=1&resize=525%2C300 1.5x, https:\/\/i0.wp.com\/larevistadigital.com.ar\/blog\/wp-content\/uploads\/vacuna-antigripal.jpg?fit=700%2C467&ssl=1&resize=700%2C400 2x"},"classes":[]},{"id":24645,"url":"https:\/\/larevistadigital.com.ar\/blog\/mar-del-plata-contara-con-un-centro-municipal-para-personas-con-discapacidad\/","url_meta":{"origin":19788,"position":3},"title":"MAR DEL PLATA CONTAR\u00c1 CON UN CENTRO MUNICIPAL PARA PERSONAS CON DISCAPACIDAD","author":"Alejandro Sosa Ruda","date":"18 marzo, 2022","format":false,"excerpt":"Por unanimidad el Concejo Deliberante aprob\u00f3 la iniciativa. El espacio estar\u00e1 destinado al diagn\u00f3stico, tratamiento y seguimiento para j\u00f3venes entre 4 y 18 a\u00f1os\u00a0que padezcan alg\u00fan tipo de discapacidad. El\u00a0 Concejo Deliberante aprob\u00f3 por unanimidad la creaci\u00f3n de un Centro Municipal de Estimulaci\u00f3n y Rehabilitaci\u00f3n\u00a0destinado a j\u00f3venes entre los 4\u2026","rel":"","context":"En \u00abREGIONALES\u00bb","block_context":{"text":"REGIONALES","link":"https:\/\/larevistadigital.com.ar\/blog\/category\/regionales\/"},"img":{"alt_text":"","src":"https:\/\/i0.wp.com\/larevistadigital.com.ar\/blog\/wp-content\/uploads\/Captura-de-pantalla-2022-03-18-093417.jpg?fit=921%2C493&ssl=1&resize=350%2C200","width":350,"height":200,"srcset":"https:\/\/i0.wp.com\/larevistadigital.com.ar\/blog\/wp-content\/uploads\/Captura-de-pantalla-2022-03-18-093417.jpg?fit=921%2C493&ssl=1&resize=350%2C200 1x, https:\/\/i0.wp.com\/larevistadigital.com.ar\/blog\/wp-content\/uploads\/Captura-de-pantalla-2022-03-18-093417.jpg?fit=921%2C493&ssl=1&resize=525%2C300 1.5x, https:\/\/i0.wp.com\/larevistadigital.com.ar\/blog\/wp-content\/uploads\/Captura-de-pantalla-2022-03-18-093417.jpg?fit=921%2C493&ssl=1&resize=700%2C400 2x"},"classes":[]},{"id":38578,"url":"https:\/\/larevistadigital.com.ar\/blog\/reunion-sobre-salud-mental\/","url_meta":{"origin":19788,"position":4},"title":"Reuni\u00f3n sobre salud mental","author":"Alejandro Sosa Ruda","date":"29 enero, 2025","format":false,"excerpt":"El equipo interdisciplinario se reuni\u00f3 hoy con el objetivo de poner en com\u00fan experiencias y progresos 29 DE ENERO DE 2025 CHASCOM\u00daS -\u00a0 Como cada mes, profesionales pertenecientes a los distintos efectores de salud municipales que intervienen en el abordaje de la salud mental, mantuvieron hoy por la ma\u00f1ana una\u2026","rel":"","context":"En \u00abCHASCOM\u00daS\u00bb","block_context":{"text":"CHASCOM\u00daS","link":"https:\/\/larevistadigital.com.ar\/blog\/category\/chascomus\/"},"img":{"alt_text":"","src":"https:\/\/i0.wp.com\/larevistadigital.com.ar\/blog\/wp-content\/uploads\/679917ff04faf.png?fit=668%2C445&ssl=1&resize=350%2C200","width":350,"height":200,"srcset":"https:\/\/i0.wp.com\/larevistadigital.com.ar\/blog\/wp-content\/uploads\/679917ff04faf.png?fit=668%2C445&ssl=1&resize=350%2C200 1x, https:\/\/i0.wp.com\/larevistadigital.com.ar\/blog\/wp-content\/uploads\/679917ff04faf.png?fit=668%2C445&ssl=1&resize=525%2C300 1.5x"},"classes":[]},{"id":35672,"url":"https:\/\/larevistadigital.com.ar\/blog\/comenzo-la-campana-de-vacunacion-antigripal-2024\/","url_meta":{"origin":19788,"position":5},"title":"COMENZ\u00d3 LA CAMPA\u00d1A DE VACUNACI\u00d3N ANTIGRIPAL 2024","author":"Alejandro Sosa Ruda","date":"23 marzo, 2024","format":false,"excerpt":"La vacunaci\u00f3n antigripal estar\u00e1 disponible desde el 21 de marzo y estar\u00e1 disponible en todos los vacunatorios de la Provincia de Buenos Aires. 23 de marzo de 2024 BUENOS AIRES -\u00a0 Desde el 21 de marzo, la vacuna antigripal est\u00e1 disponible y su aplicaci\u00f3n gratuita se realizar\u00e1 en forma escalonada,\u2026","rel":"","context":"En \u00abPOLITICA PROVINCIAL\u00bb","block_context":{"text":"POLITICA PROVINCIAL","link":"https:\/\/larevistadigital.com.ar\/blog\/category\/politica\/politica-provincial\/"},"img":{"alt_text":"","src":"https:\/\/i0.wp.com\/larevistadigital.com.ar\/blog\/wp-content\/uploads\/Captura-de-pantalla-2024-03-23-115147.png?fit=800%2C256&ssl=1&resize=350%2C200","width":350,"height":200,"srcset":"https:\/\/i0.wp.com\/larevistadigital.com.ar\/blog\/wp-content\/uploads\/Captura-de-pantalla-2024-03-23-115147.png?fit=800%2C256&ssl=1&resize=350%2C200 1x, https:\/\/i0.wp.com\/larevistadigital.com.ar\/blog\/wp-content\/uploads\/Captura-de-pantalla-2024-03-23-115147.png?fit=800%2C256&ssl=1&resize=525%2C300 1.5x, https:\/\/i0.wp.com\/larevistadigital.com.ar\/blog\/wp-content\/uploads\/Captura-de-pantalla-2024-03-23-115147.png?fit=800%2C256&ssl=1&resize=700%2C400 2x"},"classes":[]}],"_links":{"self":[{"href":"https:\/\/larevistadigital.com.ar\/blog\/wp-json\/wp\/v2\/posts\/19788","targetHints":{"allow":["GET"]}}],"collection":[{"href":"https:\/\/larevistadigital.com.ar\/blog\/wp-json\/wp\/v2\/posts"}],"about":[{"href":"https:\/\/larevistadigital.com.ar\/blog\/wp-json\/wp\/v2\/types\/post"}],"author":[{"embeddable":true,"href":"https:\/\/larevistadigital.com.ar\/blog\/wp-json\/wp\/v2\/users\/3"}],"replies":[{"embeddable":true,"href":"https:\/\/larevistadigital.com.ar\/blog\/wp-json\/wp\/v2\/comments?post=19788"}],"version-history":[{"count":3,"href":"https:\/\/larevistadigital.com.ar\/blog\/wp-json\/wp\/v2\/posts\/19788\/revisions"}],"predecessor-version":[{"id":19802,"href":"https:\/\/larevistadigital.com.ar\/blog\/wp-json\/wp\/v2\/posts\/19788\/revisions\/19802"}],"wp:featuredmedia":[{"embeddable":true,"href":"https:\/\/larevistadigital.com.ar\/blog\/wp-json\/wp\/v2\/media\/19789"}],"wp:attachment":[{"href":"https:\/\/larevistadigital.com.ar\/blog\/wp-json\/wp\/v2\/media?parent=19788"}],"wp:term":[{"taxonomy":"category","embeddable":true,"href":"https:\/\/larevistadigital.com.ar\/blog\/wp-json\/wp\/v2\/categories?post=19788"},{"taxonomy":"post_tag","embeddable":true,"href":"https:\/\/larevistadigital.com.ar\/blog\/wp-json\/wp\/v2\/tags?post=19788"}],"curies":[{"name":"wp","href":"https:\/\/api.w.org\/{rel}","templated":true}]}}