{"id":19792,"date":"2021-04-21T23:07:49","date_gmt":"2021-04-21T23:07:49","guid":{"rendered":"https:\/\/larevistadigital.com.ar\/blog\/?p=19792"},"modified":"2021-04-21T23:07:49","modified_gmt":"2021-04-21T23:07:49","slug":"mar-del-plata-aprehenden-a-acusado-de-violar-a-su-pareja-y-su-hijastra","status":"publish","type":"post","link":"https:\/\/larevistadigital.com.ar\/blog\/mar-del-plata-aprehenden-a-acusado-de-violar-a-su-pareja-y-su-hijastra\/","title":{"rendered":"MAR DEL PLATA: APREHENDEN A ACUSADO DE VIOLAR A SU PAREJA Y SU HIJASTRA"},"content":{"rendered":"<h2>La v\u00edctima es una adolescente de 17 a\u00f1os que estaba deambulando a metros del departamento donde fue aprehendida la pareja.<\/h2>\n<p>El hallazgo esta madrugada de una adolescente de 17 a\u00f1os que deambulaba desnuda en la calle con apenas un cubrecama cubri\u00e9ndola fue el inicio de una investigaci\u00f3n a cargo del fiscal\u00a0<strong>Leandro Ar\u00e9valo\u00a0<\/strong>que termin\u00f3 con la aprehensi\u00f3n del padrastro y de la madre de la joven. Ambos deber\u00e1n declarar en las pr\u00f3ximas horas en Tribunales.<\/p>\n<p>A partir de un llamado al 911 personal del Comando de Patrullas hall\u00f3 en la zona de\u00a0<strong>Arenales y Col\u00f3n\u00a0<\/strong>a la adolescente que no pudo dar mayores datos sobre su identidad y que ten\u00eda signos de desorientaci\u00f3n. <em><strong>\u201cLa chica estaba en la v\u00eda p\u00fablica y deambulaba desnuda con apenas un cubre cama tap\u00e1ndola\u201d,<\/strong><\/em> dijeron fuentes oficiales a este medio.<\/p>\n<blockquote>\n<h3>Una ambulancia del SAME la traslad\u00f3 al hospital donde confirmaron que ten\u00eda signos de violencia, por lo que se le dio intervenci\u00f3n a la Comisar\u00eda de la Mujer y la Familia y a la Unidad Fiscal de Instrucci\u00f3n 7.<\/h3>\n<\/blockquote>\n<div class=\"publiamp\" data-tipo=\"tipo_desktop \" data-pos=\"AMP_P1_cuerpo\">\n<p>Con los datos recabados por personal policial, esta tarde fue aprehendido en un departamento en\u00a0<strong>Boulevard Mar\u00edtimo casi Arenales\u00a0<\/strong>el padrastro de la v\u00edctima, de 52 a\u00f1os. En el marco de una causa por abuso sexual, el fiscal solicit\u00f3 tambi\u00e9n la aprehensi\u00f3n de la madre de la v\u00edctima, de 47 a\u00f1os.<\/p>\n<p>Ambos ser\u00e1n trasladados este jueves a Tribunales y podr\u00edan prestar declaraci\u00f3n.<\/p>\n<p>fuente 0223<\/p>\n<\/div>\n","protected":false},"excerpt":{"rendered":"<div class=\"mh-excerpt\"><p>La v\u00edctima es una adolescente de 17 a\u00f1os que estaba deambulando a metros del departamento donde fue aprehendida la pareja. El hallazgo esta madrugada de una adolescente de 17 a\u00f1os que deambulaba desnuda en la <a class=\"mh-excerpt-more\" href=\"https:\/\/larevistadigital.com.ar\/blog\/mar-del-plata-aprehenden-a-acusado-de-violar-a-su-pareja-y-su-hijastra\/\" title=\"MAR DEL PLATA: APREHENDEN A ACUSADO DE VIOLAR A SU PAREJA Y SU HIJASTRA\">[Leer M\u00e1s]<\/a><\/p>\n<\/div>","protected":false},"author":3,"featured_media":19793,"comment_status":"open","ping_status":"open","sticky":false,"template":"","format":"standard","meta":{"_jetpack_memberships_contains_paid_content":false,"footnotes":"","jetpack_publicize_message":"","jetpack_publicize_feature_enabled":true,"jetpack_social_post_already_shared":true,"jetpack_social_options":{"image_generator_settings":{"template":"highway","default_image_id":0,"font":"","enabled":false},"version":2}},"categories":[44,51],"tags":[],"class_list":{"0":"post-19792","1":"post","2":"type-post","3":"status-publish","4":"format-standard","5":"has-post-thumbnail","7":"category-policiales","8":"category-regionales"},"jetpack_publicize_connections":[],"jetpack_featured_media_url":"https:\/\/i0.wp.com\/larevistadigital.com.ar\/blog\/wp-content\/uploads\/VIOLADOR.png?fit=982%2C558&ssl=1","jetpack_sharing_enabled":true,"jetpack_shortlink":"https:\/\/wp.me\/p8qtrQ-59e","jetpack-related-posts":[{"id":40351,"url":"https:\/\/larevistadigital.com.ar\/blog\/conmocion-en-santa-teresita-una-adolescente-de-14-anos-fue-hallada-sin-vida\/","url_meta":{"origin":19792,"position":0},"title":"Conmoci\u00f3n en Santa Teresita: una adolescente de 14 a\u00f1os fue hallada sin vida","author":"Alejandro Sosa Ruda","date":"6 julio, 2025","format":false,"excerpt":"La joven era madre de un beb\u00e9 de 8 meses y atravesaba un tratamiento psiqui\u00e1trico. La justicia investiga el caso. 06 de Julio de 2025 SANTA TERESITA -\u00a0 Una profunda tristeza envuelve por estas horas a la comunidad de Santa Teresita, en el Partido de La Costa, tras conocerse la\u2026","rel":"","context":"En \u00abPOLICIALES\u00bb","block_context":{"text":"POLICIALES","link":"https:\/\/larevistadigital.com.ar\/blog\/category\/policiales\/"},"img":{"alt_text":"","src":"https:\/\/i0.wp.com\/larevistadigital.com.ar\/blog\/wp-content\/uploads\/Captura-de-pantalla-2021-12-29-203210.jpg?fit=1013%2C675&ssl=1&resize=350%2C200","width":350,"height":200,"srcset":"https:\/\/i0.wp.com\/larevistadigital.com.ar\/blog\/wp-content\/uploads\/Captura-de-pantalla-2021-12-29-203210.jpg?fit=1013%2C675&ssl=1&resize=350%2C200 1x, https:\/\/i0.wp.com\/larevistadigital.com.ar\/blog\/wp-content\/uploads\/Captura-de-pantalla-2021-12-29-203210.jpg?fit=1013%2C675&ssl=1&resize=525%2C300 1.5x, https:\/\/i0.wp.com\/larevistadigital.com.ar\/blog\/wp-content\/uploads\/Captura-de-pantalla-2021-12-29-203210.jpg?fit=1013%2C675&ssl=1&resize=700%2C400 2x"},"classes":[]},{"id":34873,"url":"https:\/\/larevistadigital.com.ar\/blog\/pinamar-condenan-a-ex-concejal-por-abuso-agravado-contra-una-menor-a-16-anos-de-carcel\/","url_meta":{"origin":19792,"position":1},"title":"PINAMAR: CONDENAN A EX CONCEJAL POR ABUSO AGRAVADO CONTRA UNA MENOR A 16 A\u00d1OS DE CARCEL","author":"Alejandro Sosa Ruda","date":"18 diciembre, 2023","format":false,"excerpt":"Claudio Galarza estaba detenido desde 2018. Roc\u00edo Ayel\u00e9n Salazar, su pareja, fue sentenciada a 10 a\u00f1os de prisi\u00f3n por facilitar el abuso. 18 de diciembre de 2023 PINAMAR -\u00a0\u00a0Claudio Marcelo Galarza, ex concejal de Pinamar, fue condenado a 16 a\u00f1os de prisi\u00f3n por abuso sexual agravado en perjuicio de una\u2026","rel":"","context":"En \u00abPOLICIALES\u00bb","block_context":{"text":"POLICIALES","link":"https:\/\/larevistadigital.com.ar\/blog\/category\/policiales\/"},"img":{"alt_text":"","src":"https:\/\/i0.wp.com\/larevistadigital.com.ar\/blog\/wp-content\/uploads\/20231215150651_whatsapp-image-2023-12-15-at-15-04-30.jpg?fit=880%2C512&ssl=1&resize=350%2C200","width":350,"height":200,"srcset":"https:\/\/i0.wp.com\/larevistadigital.com.ar\/blog\/wp-content\/uploads\/20231215150651_whatsapp-image-2023-12-15-at-15-04-30.jpg?fit=880%2C512&ssl=1&resize=350%2C200 1x, https:\/\/i0.wp.com\/larevistadigital.com.ar\/blog\/wp-content\/uploads\/20231215150651_whatsapp-image-2023-12-15-at-15-04-30.jpg?fit=880%2C512&ssl=1&resize=525%2C300 1.5x, https:\/\/i0.wp.com\/larevistadigital.com.ar\/blog\/wp-content\/uploads\/20231215150651_whatsapp-image-2023-12-15-at-15-04-30.jpg?fit=880%2C512&ssl=1&resize=700%2C400 2x"},"classes":[]},{"id":15103,"url":"https:\/\/larevistadigital.com.ar\/blog\/acusan-a-pareja-de-intentar-secuestrar-a-una-adolescente-y-robar-un-celular\/","url_meta":{"origin":19792,"position":2},"title":"ACUSAN A PAREJA DE INTENTAR SECUESTRAR A UNA ADOLESCENTE Y ROBAR UN CELULAR","author":"Alejandro Sosa Ruda","date":"1 mayo, 2020","format":false,"excerpt":"Los dos hechos son investigados por el fiscal Juan Pablo L\u00f3dola y ocurrieron el jueves por la tarde. Fueron identificados y quedaron imputados por ambos hechos. MAR DEL PLATA - Un llamado al 911 que alert\u00f3 sobre un intento de secuestro de una adolescente en el barrio Belisario Rold\u00e1n gener\u00f3\u2026","rel":"","context":"En \u00abPOLICIALES\u00bb","block_context":{"text":"POLICIALES","link":"https:\/\/larevistadigital.com.ar\/blog\/category\/policiales\/"},"img":{"alt_text":"","src":"https:\/\/i0.wp.com\/larevistadigital.com.ar\/blog\/wp-content\/uploads\/1588296145456.jpeg?fit=581%2C327&ssl=1&resize=350%2C200","width":350,"height":200,"srcset":"https:\/\/i0.wp.com\/larevistadigital.com.ar\/blog\/wp-content\/uploads\/1588296145456.jpeg?fit=581%2C327&ssl=1&resize=350%2C200 1x, https:\/\/i0.wp.com\/larevistadigital.com.ar\/blog\/wp-content\/uploads\/1588296145456.jpeg?fit=581%2C327&ssl=1&resize=525%2C300 1.5x"},"classes":[]},{"id":27934,"url":"https:\/\/larevistadigital.com.ar\/blog\/sangre-y-horror-en-arroyo-seco-adolescente-de-13-anos-mato-a-punaladas-a-su-hermanastro-de-5-anos\/","url_meta":{"origin":19792,"position":3},"title":"SANGRE Y HORROR EN ARROYO SECO: ADOLESCENTE DE 13 A\u00d1OS MAT\u00d3 A PU\u00d1ALADAS A SU HERMANASTRO DE 5 A\u00d1OS","author":"Alejandro Sosa Ruda","date":"21 septiembre, 2022","format":false,"excerpt":"La madre se hab\u00eda ausentado y al llegar encontr\u00f3 el horroroso panorama. La nena de 12 a\u00f1os estaba bajo tratamiento psiqui\u00e1trico. 21 de septiembre de 2022 ARROYO SECO -\u00a0 \u00a0Una mujer de 32 a\u00f1os llam\u00f3 desesperada a la Polic\u00eda de Santa Fe. Ella se hab\u00eda ausentado unos minutos de su\u2026","rel":"","context":"En \u00abINTERES GENERAL\u00bb","block_context":{"text":"INTERES GENERAL","link":"https:\/\/larevistadigital.com.ar\/blog\/category\/interes-general\/"},"img":{"alt_text":"","src":"https:\/\/i0.wp.com\/larevistadigital.com.ar\/blog\/wp-content\/uploads\/Captura-de-pantalla-2022-09-21-002403.jpg?fit=702%2C383&ssl=1&resize=350%2C200","width":350,"height":200,"srcset":"https:\/\/i0.wp.com\/larevistadigital.com.ar\/blog\/wp-content\/uploads\/Captura-de-pantalla-2022-09-21-002403.jpg?fit=702%2C383&ssl=1&resize=350%2C200 1x, https:\/\/i0.wp.com\/larevistadigital.com.ar\/blog\/wp-content\/uploads\/Captura-de-pantalla-2022-09-21-002403.jpg?fit=702%2C383&ssl=1&resize=525%2C300 1.5x, https:\/\/i0.wp.com\/larevistadigital.com.ar\/blog\/wp-content\/uploads\/Captura-de-pantalla-2022-09-21-002403.jpg?fit=702%2C383&ssl=1&resize=700%2C400 2x"},"classes":[]},{"id":41393,"url":"https:\/\/larevistadigital.com.ar\/blog\/violencia-juvenil-en-dolores-una-adolescente-detenida-por-incendiar-el-auto-de-su-ex-novio\/","url_meta":{"origin":19792,"position":4},"title":"Violencia juvenil en Dolores: una adolescente detenida por incendiar el auto de su ex novio","author":"Alejandro Sosa Ruda","date":"10 septiembre, 2025","format":false,"excerpt":"Una chica de 16 a\u00f1os fue acusada de prender fuego el auto de su ex pareja en medio de un conflicto sentimental. El veh\u00edculo sufri\u00f3 graves da\u00f1os y la joven qued\u00f3 detenida tras un operativo policial. 10 de septiembre de 2025 DOLORES\u00a0 -\u00a0 \u00a0Un grave episodio de violencia juvenil sacudi\u00f3\u2026","rel":"","context":"En \u00abDOLORES\u00bb","block_context":{"text":"DOLORES","link":"https:\/\/larevistadigital.com.ar\/blog\/category\/dolores\/"},"img":{"alt_text":"","src":"https:\/\/i0.wp.com\/larevistadigital.com.ar\/blog\/wp-content\/uploads\/POLICIA-4.jpg?fit=880%2C512&ssl=1&resize=350%2C200","width":350,"height":200,"srcset":"https:\/\/i0.wp.com\/larevistadigital.com.ar\/blog\/wp-content\/uploads\/POLICIA-4.jpg?fit=880%2C512&ssl=1&resize=350%2C200 1x, https:\/\/i0.wp.com\/larevistadigital.com.ar\/blog\/wp-content\/uploads\/POLICIA-4.jpg?fit=880%2C512&ssl=1&resize=525%2C300 1.5x, https:\/\/i0.wp.com\/larevistadigital.com.ar\/blog\/wp-content\/uploads\/POLICIA-4.jpg?fit=880%2C512&ssl=1&resize=700%2C400 2x"},"classes":[]},{"id":7979,"url":"https:\/\/larevistadigital.com.ar\/blog\/mar-del-plata-detienen-a-hombre-acusado-de-violar-a-su-sobrina-de-13-anos\/","url_meta":{"origin":19792,"position":5},"title":"MAR DEL PLATA: DETIENEN A HOMBRE ACUSADO DE VIOLAR A SU SOBRINA DE 13 A\u00d1OS","author":"Alejandro Sosa Ruda","date":"26 enero, 2019","format":false,"excerpt":"El sujeto, de 58 a\u00f1os, se neg\u00f3 a declarar y qued\u00f3 alojado en la Unidad Penal 44 de Bat\u00e1n. Adem\u00e1s, la menor denunci\u00f3 que su t\u00eda ya la hab\u00eda violado, hace unas semanas, cuando estaban en Misiones. El mi\u00e9rcoles la v\u00edctima declarar\u00e1 en C\u00e1mara Gesell. Un hombre de 58 a\u00f1os\u2026","rel":"","context":"En \u00abPOLICIALES\u00bb","block_context":{"text":"POLICIALES","link":"https:\/\/larevistadigital.com.ar\/blog\/category\/policiales\/"},"img":{"alt_text":"","src":"","width":0,"height":0},"classes":[]}],"_links":{"self":[{"href":"https:\/\/larevistadigital.com.ar\/blog\/wp-json\/wp\/v2\/posts\/19792","targetHints":{"allow":["GET"]}}],"collection":[{"href":"https:\/\/larevistadigital.com.ar\/blog\/wp-json\/wp\/v2\/posts"}],"about":[{"href":"https:\/\/larevistadigital.com.ar\/blog\/wp-json\/wp\/v2\/types\/post"}],"author":[{"embeddable":true,"href":"https:\/\/larevistadigital.com.ar\/blog\/wp-json\/wp\/v2\/users\/3"}],"replies":[{"embeddable":true,"href":"https:\/\/larevistadigital.com.ar\/blog\/wp-json\/wp\/v2\/comments?post=19792"}],"version-history":[{"count":1,"href":"https:\/\/larevistadigital.com.ar\/blog\/wp-json\/wp\/v2\/posts\/19792\/revisions"}],"predecessor-version":[{"id":19794,"href":"https:\/\/larevistadigital.com.ar\/blog\/wp-json\/wp\/v2\/posts\/19792\/revisions\/19794"}],"wp:featuredmedia":[{"embeddable":true,"href":"https:\/\/larevistadigital.com.ar\/blog\/wp-json\/wp\/v2\/media\/19793"}],"wp:attachment":[{"href":"https:\/\/larevistadigital.com.ar\/blog\/wp-json\/wp\/v2\/media?parent=19792"}],"wp:term":[{"taxonomy":"category","embeddable":true,"href":"https:\/\/larevistadigital.com.ar\/blog\/wp-json\/wp\/v2\/categories?post=19792"},{"taxonomy":"post_tag","embeddable":true,"href":"https:\/\/larevistadigital.com.ar\/blog\/wp-json\/wp\/v2\/tags?post=19792"}],"curies":[{"name":"wp","href":"https:\/\/api.w.org\/{rel}","templated":true}]}}