{"id":19851,"date":"2021-04-26T12:51:04","date_gmt":"2021-04-26T12:51:04","guid":{"rendered":"https:\/\/larevistadigital.com.ar\/blog\/?p=19851"},"modified":"2021-04-26T13:05:53","modified_gmt":"2021-04-26T13:05:53","slug":"mar-del-plata-acondicionan-camas-en-hoteles-para-pacientes-con-covid-19","status":"publish","type":"post","link":"https:\/\/larevistadigital.com.ar\/blog\/mar-del-plata-acondicionan-camas-en-hoteles-para-pacientes-con-covid-19\/","title":{"rendered":"MAR DEL PLATA: ACONDICIONAN CAMAS EN HOTELES PARA PACIENTES CON COVID-19"},"content":{"rendered":"<h2 class=\"nota__hero__summary\">La decisi\u00f3n la tom\u00f3 el municipio ante el aumento de internaciones. No ser\u00e1n solo para cuadros leves.<\/h2>\n<p><strong>MAR DEL PLATA &#8211;<\/strong> Los hoteles que se prepararon son el Tierra del Fuego y el 13 de Julio, ambos ubicados en la zona del centro de la ciudad.<\/p>\n<p>Seg\u00fan inform\u00f3 el diario La Capital, est\u00e1 prevista la instalaci\u00f3n de camas de hospital con ox\u00edgeno, que puedan recibir a pacientes de complejidad intermedia y con todo un equipo m\u00e9dico y de enfermer\u00eda para brindar una atenci\u00f3n adecuada.<\/p>\n<blockquote>\n<h3>Desde el Hospital Interzonal General de Agudos (HIGA) , el m\u00e1s grande de toda la Regi\u00f3n Sanitaria VIII, ya avisaron que est\u00e1n muy cerca del lleno total y comenzaron a derivar pacientes a los hoteles.<\/h3>\n<\/blockquote>\n<p>La Secretar\u00eda de Salud del municipio inform\u00f3 que en las \u00faltimas 24 horas se sumaron 361 nuevos cosos, la cifra m\u00e1s altas de los \u00faltimos siete meses, llegando a los 51.933 contagios por covid y se produjeron 1.567 fallecimientos desde el inicio de la pandemia.<\/p>\n","protected":false},"excerpt":{"rendered":"<div class=\"mh-excerpt\"><p>La decisi\u00f3n la tom\u00f3 el municipio ante el aumento de internaciones. No ser\u00e1n solo para cuadros leves. MAR DEL PLATA &#8211; Los hoteles que se prepararon son el Tierra del Fuego y el 13 de <a class=\"mh-excerpt-more\" href=\"https:\/\/larevistadigital.com.ar\/blog\/mar-del-plata-acondicionan-camas-en-hoteles-para-pacientes-con-covid-19\/\" title=\"MAR DEL PLATA: ACONDICIONAN CAMAS EN HOTELES PARA PACIENTES CON COVID-19\">[Leer M\u00e1s]<\/a><\/p>\n<\/div>","protected":false},"author":3,"featured_media":19852,"comment_status":"open","ping_status":"open","sticky":false,"template":"","format":"standard","meta":{"_jetpack_memberships_contains_paid_content":false,"footnotes":"","jetpack_publicize_message":"","jetpack_publicize_feature_enabled":true,"jetpack_social_post_already_shared":true,"jetpack_social_options":{"image_generator_settings":{"template":"highway","default_image_id":0,"font":"","enabled":false},"version":2}},"categories":[51],"tags":[],"class_list":{"0":"post-19851","1":"post","2":"type-post","3":"status-publish","4":"format-standard","5":"has-post-thumbnail","7":"category-regionales"},"jetpack_publicize_connections":[],"jetpack_featured_media_url":"https:\/\/i0.wp.com\/larevistadigital.com.ar\/blog\/wp-content\/uploads\/Mar-del-Plata-playa-dia.jpg?fit=1881%2C1268&ssl=1","jetpack_sharing_enabled":true,"jetpack_shortlink":"https:\/\/wp.me\/p8qtrQ-5ab","jetpack-related-posts":[{"id":20756,"url":"https:\/\/larevistadigital.com.ar\/blog\/dato-lamentable-cerca-de-300-hoteles-cerraron-en-mar-del-plata-desde-el-comienzo-de-la-pandemia\/","url_meta":{"origin":19851,"position":0},"title":"DATO LAMENTABLE: CERCA DE 300 HOTELES CERRARON EN MAR DEL PLATA DESDE EL COMIENZO DE LA PANDEMIA","author":"Alejandro Sosa Ruda","date":"16 junio, 2021","format":false,"excerpt":"La informaci\u00f3n, fue confirmada desde la Asociaci\u00f3n de Empresarios Hoteleros. \u201cEl Estado no toma dimensi\u00f3n del problema que se est\u00e1 generando\u201d, afirman. MAR DEL PLATA -\u00a0 El\u00a0sector hotelero\u00a0es uno de los m\u00e1s golpeados desde el inicio de la panedmia y aseguran que pese a los diferentes anuncios, no encuentran una\u2026","rel":"","context":"En \u00abREGIONALES\u00bb","block_context":{"text":"REGIONALES","link":"https:\/\/larevistadigital.com.ar\/blog\/category\/regionales\/"},"img":{"alt_text":"","src":"https:\/\/i0.wp.com\/larevistadigital.com.ar\/blog\/wp-content\/uploads\/HOTELES.png?fit=997%2C555&ssl=1&resize=350%2C200","width":350,"height":200,"srcset":"https:\/\/i0.wp.com\/larevistadigital.com.ar\/blog\/wp-content\/uploads\/HOTELES.png?fit=997%2C555&ssl=1&resize=350%2C200 1x, https:\/\/i0.wp.com\/larevistadigital.com.ar\/blog\/wp-content\/uploads\/HOTELES.png?fit=997%2C555&ssl=1&resize=525%2C300 1.5x, https:\/\/i0.wp.com\/larevistadigital.com.ar\/blog\/wp-content\/uploads\/HOTELES.png?fit=997%2C555&ssl=1&resize=700%2C400 2x"},"classes":[]},{"id":20609,"url":"https:\/\/larevistadigital.com.ar\/blog\/mar-del-plata-juntos-por-el-cambio-pide-informes-por-la-desaparicion-de-21-camas-de-terapia-intensiva\/","url_meta":{"origin":19851,"position":1},"title":"MAR DEL PLATA: JUNTOS POR EL CAMBIO PIDE \u00abINFORMES\u00bb POR LA DESAPARICI\u00d3N DE 21 CAMAS DE TERAPIA INTENSIVA","author":"Alejandro Sosa Ruda","date":"2 junio, 2021","format":false,"excerpt":"La semana pasada el sistema de gesti\u00f3n de camas del Ministerio de Salud indicaba que hab\u00eda 196 en General Pueyrredon. Esta semana figuran 175. MAR DEL PLATA - La pol\u00e9mica por el cambio establecido por el gobierno nacional de los criterios para determinar qu\u00e9 municipio se encuentra en situaci\u00f3n de\u2026","rel":"","context":"En \u00abREGIONALES\u00bb","block_context":{"text":"REGIONALES","link":"https:\/\/larevistadigital.com.ar\/blog\/category\/regionales\/"},"img":{"alt_text":"","src":"https:\/\/i0.wp.com\/larevistadigital.com.ar\/blog\/wp-content\/uploads\/CAMAS-TERAPIA.png?fit=996%2C483&ssl=1&resize=350%2C200","width":350,"height":200,"srcset":"https:\/\/i0.wp.com\/larevistadigital.com.ar\/blog\/wp-content\/uploads\/CAMAS-TERAPIA.png?fit=996%2C483&ssl=1&resize=350%2C200 1x, https:\/\/i0.wp.com\/larevistadigital.com.ar\/blog\/wp-content\/uploads\/CAMAS-TERAPIA.png?fit=996%2C483&ssl=1&resize=525%2C300 1.5x, https:\/\/i0.wp.com\/larevistadigital.com.ar\/blog\/wp-content\/uploads\/CAMAS-TERAPIA.png?fit=996%2C483&ssl=1&resize=700%2C400 2x"},"classes":[]},{"id":22723,"url":"https:\/\/larevistadigital.com.ar\/blog\/buen-augurio-las-reservas-para-el-fin-de-semana-largo-en-mar-del-plata-ya-superan-el-70\/","url_meta":{"origin":19851,"position":2},"title":"BUEN AUGURIO: LAS RESERVAS PARA EL FIN DE SEMANA LARGO EN MAR DEL PLATA YA SUPERAN EL 70%","author":"Alejandro Sosa Ruda","date":"19 noviembre, 2021","format":false,"excerpt":"La ciudad ofrecer\u00e1 4 mil plazas hoteleras m\u00e1s a diferencia del \u00faltimo fin de semana largo del 12 de octubre, por lo que llegar\u00e1 a 35 mil camas disponibles, una cifra que implica volver a niveles previos a la pandemia de Coronavirus. Para el \u00faltimo fin de semana largo del\u2026","rel":"","context":"En \u00abREGIONALES\u00bb","block_context":{"text":"REGIONALES","link":"https:\/\/larevistadigital.com.ar\/blog\/category\/regionales\/"},"img":{"alt_text":"","src":"https:\/\/i0.wp.com\/larevistadigital.com.ar\/blog\/wp-content\/uploads\/Mar_del_plata_mar.jpg?fit=900%2C1200&ssl=1&resize=350%2C200","width":350,"height":200,"srcset":"https:\/\/i0.wp.com\/larevistadigital.com.ar\/blog\/wp-content\/uploads\/Mar_del_plata_mar.jpg?fit=900%2C1200&ssl=1&resize=350%2C200 1x, https:\/\/i0.wp.com\/larevistadigital.com.ar\/blog\/wp-content\/uploads\/Mar_del_plata_mar.jpg?fit=900%2C1200&ssl=1&resize=525%2C300 1.5x, https:\/\/i0.wp.com\/larevistadigital.com.ar\/blog\/wp-content\/uploads\/Mar_del_plata_mar.jpg?fit=900%2C1200&ssl=1&resize=700%2C400 2x"},"classes":[]},{"id":16739,"url":"https:\/\/larevistadigital.com.ar\/blog\/comunicado-del-higa-sobre-el-traslado-del-paciente-con-covid-que-encendio-la-polemica-entre-montenegro-y-la-provincia\/","url_meta":{"origin":19851,"position":3},"title":"COMUNICADO DEL HIGA SOBRE EL TRASLADO DEL PACIENTE CON COVID QUE ENCENDI\u00d3 LA POL\u00c9MICA ENTRE MONTENEGRO Y LA PROVINCIA","author":"Alejandro Sosa Ruda","date":"5 octubre, 2020","format":false,"excerpt":"En el comunicado oficial informa que hubo una comunicaci\u00f3n con el Servicio de Emergencias Sanitarias de la Provincia de Buenos Aires. Adem\u00e1s, alerta que actualmente s\u00f3lo hay dos respiradores disponibles. \u201cJam\u00e1s se va a especular con la salud de los pacientes que se atienden en la instituci\u00f3n\u201d, asegur\u00f3 el\u00a0HIGA\u00a0mediante un\u2026","rel":"","context":"En \u00abPOLITICA PROVINCIAL\u00bb","block_context":{"text":"POLITICA PROVINCIAL","link":"https:\/\/larevistadigital.com.ar\/blog\/category\/politica\/politica-provincial\/"},"img":{"alt_text":"","src":"https:\/\/i0.wp.com\/larevistadigital.com.ar\/blog\/wp-content\/uploads\/higa.jpg?fit=1140%2C708&ssl=1&resize=350%2C200","width":350,"height":200,"srcset":"https:\/\/i0.wp.com\/larevistadigital.com.ar\/blog\/wp-content\/uploads\/higa.jpg?fit=1140%2C708&ssl=1&resize=350%2C200 1x, https:\/\/i0.wp.com\/larevistadigital.com.ar\/blog\/wp-content\/uploads\/higa.jpg?fit=1140%2C708&ssl=1&resize=525%2C300 1.5x, https:\/\/i0.wp.com\/larevistadigital.com.ar\/blog\/wp-content\/uploads\/higa.jpg?fit=1140%2C708&ssl=1&resize=700%2C400 2x, https:\/\/i0.wp.com\/larevistadigital.com.ar\/blog\/wp-content\/uploads\/higa.jpg?fit=1140%2C708&ssl=1&resize=1050%2C600 3x"},"classes":[]},{"id":14485,"url":"https:\/\/larevistadigital.com.ar\/blog\/mardel-2020-las-reservas-hoteleras-para-el-1-fin-de-semana-de-febrero-llegan-al-75\/","url_meta":{"origin":19851,"position":4},"title":"MARDEL 2020: LAS RESERVAS HOTELERAS PARA EL 1\u00b0 FIN DE SEMANA DE FEBRERO, LLEGAN AL 75%","author":"Alejandro Sosa Ruda","date":"31 enero, 2020","format":false,"excerpt":"Lo adelantaron desde la Asociaci\u00f3n Empresaria Hotelera Gastron\u00f3mica de Mar del Plata. Tambi\u00e9n vaticinaron que para el fin de semana largo de carnaval los hoteles estar\u00e1n \"llenos\". La\u00a0Asociaci\u00f3n Empresaria Hotelera Gastron\u00f3mica de Mar del Plata\u00a0adelant\u00f3 que el primer fin de semana de febrero llega a Mar del Plata con un\u2026","rel":"","context":"En \u00abREGIONALES\u00bb","block_context":{"text":"REGIONALES","link":"https:\/\/larevistadigital.com.ar\/blog\/category\/regionales\/"},"img":{"alt_text":"","src":"https:\/\/i0.wp.com\/larevistadigital.com.ar\/blog\/wp-content\/uploads\/1579557480521.jpeg?fit=790%2C445&ssl=1&resize=350%2C200","width":350,"height":200,"srcset":"https:\/\/i0.wp.com\/larevistadigital.com.ar\/blog\/wp-content\/uploads\/1579557480521.jpeg?fit=790%2C445&ssl=1&resize=350%2C200 1x, https:\/\/i0.wp.com\/larevistadigital.com.ar\/blog\/wp-content\/uploads\/1579557480521.jpeg?fit=790%2C445&ssl=1&resize=525%2C300 1.5x, https:\/\/i0.wp.com\/larevistadigital.com.ar\/blog\/wp-content\/uploads\/1579557480521.jpeg?fit=790%2C445&ssl=1&resize=700%2C400 2x"},"classes":[]},{"id":20400,"url":"https:\/\/larevistadigital.com.ar\/blog\/transforman-consultorios-en-habitaciones-por-la-casi-total-ocupacion-de-camas-de-terapia-en-el-hospital\/","url_meta":{"origin":19851,"position":5},"title":"TRANSFORMAN CONSULTORIOS EN HABITACIONES, POR LA CASI TOTAL OCUPACI\u00d3N DE CAMAS DE TERAPIA EN EL HOSPITAL","author":"Alejandro Sosa Ruda","date":"21 mayo, 2021","format":false,"excerpt":"La situaci\u00f3n es complicada, pero la falta de informaci\u00f3n no contribuye. Cada d\u00eda se suman casos, y otros que se comentan pero que no terminan de informarse con claridad, como el caso del Hogar Municipal de Ancianos, donde se asegura que son muchos los afectados. Luego del aumento cada d\u00eda\u2026","rel":"","context":"En \u00abDESTACADAS\u00bb","block_context":{"text":"DESTACADAS","link":"https:\/\/larevistadigital.com.ar\/blog\/category\/destacadas\/"},"img":{"alt_text":"","src":"https:\/\/i0.wp.com\/larevistadigital.com.ar\/blog\/wp-content\/uploads\/HOSPITAL-DE-CHASCOMUS-1.jpg?fit=1200%2C675&ssl=1&resize=350%2C200","width":350,"height":200,"srcset":"https:\/\/i0.wp.com\/larevistadigital.com.ar\/blog\/wp-content\/uploads\/HOSPITAL-DE-CHASCOMUS-1.jpg?fit=1200%2C675&ssl=1&resize=350%2C200 1x, https:\/\/i0.wp.com\/larevistadigital.com.ar\/blog\/wp-content\/uploads\/HOSPITAL-DE-CHASCOMUS-1.jpg?fit=1200%2C675&ssl=1&resize=525%2C300 1.5x, https:\/\/i0.wp.com\/larevistadigital.com.ar\/blog\/wp-content\/uploads\/HOSPITAL-DE-CHASCOMUS-1.jpg?fit=1200%2C675&ssl=1&resize=700%2C400 2x, https:\/\/i0.wp.com\/larevistadigital.com.ar\/blog\/wp-content\/uploads\/HOSPITAL-DE-CHASCOMUS-1.jpg?fit=1200%2C675&ssl=1&resize=1050%2C600 3x"},"classes":[]}],"_links":{"self":[{"href":"https:\/\/larevistadigital.com.ar\/blog\/wp-json\/wp\/v2\/posts\/19851","targetHints":{"allow":["GET"]}}],"collection":[{"href":"https:\/\/larevistadigital.com.ar\/blog\/wp-json\/wp\/v2\/posts"}],"about":[{"href":"https:\/\/larevistadigital.com.ar\/blog\/wp-json\/wp\/v2\/types\/post"}],"author":[{"embeddable":true,"href":"https:\/\/larevistadigital.com.ar\/blog\/wp-json\/wp\/v2\/users\/3"}],"replies":[{"embeddable":true,"href":"https:\/\/larevistadigital.com.ar\/blog\/wp-json\/wp\/v2\/comments?post=19851"}],"version-history":[{"count":1,"href":"https:\/\/larevistadigital.com.ar\/blog\/wp-json\/wp\/v2\/posts\/19851\/revisions"}],"predecessor-version":[{"id":19853,"href":"https:\/\/larevistadigital.com.ar\/blog\/wp-json\/wp\/v2\/posts\/19851\/revisions\/19853"}],"wp:featuredmedia":[{"embeddable":true,"href":"https:\/\/larevistadigital.com.ar\/blog\/wp-json\/wp\/v2\/media\/19852"}],"wp:attachment":[{"href":"https:\/\/larevistadigital.com.ar\/blog\/wp-json\/wp\/v2\/media?parent=19851"}],"wp:term":[{"taxonomy":"category","embeddable":true,"href":"https:\/\/larevistadigital.com.ar\/blog\/wp-json\/wp\/v2\/categories?post=19851"},{"taxonomy":"post_tag","embeddable":true,"href":"https:\/\/larevistadigital.com.ar\/blog\/wp-json\/wp\/v2\/tags?post=19851"}],"curies":[{"name":"wp","href":"https:\/\/api.w.org\/{rel}","templated":true}]}}