{"id":19854,"date":"2021-04-26T16:49:50","date_gmt":"2021-04-26T16:49:50","guid":{"rendered":"https:\/\/larevistadigital.com.ar\/blog\/?p=19854"},"modified":"2021-04-26T16:49:50","modified_gmt":"2021-04-26T16:49:50","slug":"emilio-monzo-hace-mucho-tiempo-que-se-hace-mas-campana-politica-que-gobierno","status":"publish","type":"post","link":"https:\/\/larevistadigital.com.ar\/blog\/emilio-monzo-hace-mucho-tiempo-que-se-hace-mas-campana-politica-que-gobierno\/","title":{"rendered":"EMILIO MONZ\u00d3: \u00abHACE MUCHO TIEMPO QUE SE HACE M\u00c1S CAMPA\u00d1A POL\u00cdTICA QUE GOBIERNO\u00bb"},"content":{"rendered":"<p>El Titular del \u00abPartido del Di\u00e1logo\u00bb, referente de Juntos Por el Cambio y pre candidato a Diputado, <strong>Emilio Monz\u00f3<\/strong>, mantuvo un muy interesante di\u00e1logo con el periodista <strong>Antonio Laje<\/strong>, en su programa del canal Am\u00e9rica, donde abordaron diversos temas de actualidad en una charla amena e interesante, en la que inclusive <strong>Laje<\/strong> (que no suele hacerlo) manifest\u00f3 al t\u00e9rmino de la nota, lo agradable que hab\u00eda sido, y su gran valoraci\u00f3n por el dirigente oriundo de Carlos Tejedor, mencionando que<strong><em> \u00abSe lo dije fuera de aire, pero quiero mencionar, que nunca entend\u00ed porqu\u00e9 el Macrismo alej\u00f3 a un gran dirigente como usted\u00bb.<\/em><\/strong><\/p>\n<blockquote>\n<h3>Y en realidad, ten\u00eda raz\u00f3n <strong>Laje<\/strong>. Fue una entrevista agradable, pero completa donde se abordaron todos los temas de inter\u00e9s. Y donde <strong>Monz\u00f3<\/strong> se mostr\u00f3 como es \u00e9l, calmo, reflexivo y propenso a dialogar y consensuar en funci\u00f3n de un futuro distinto, lejos de grietas y rencillas que solo son \u00fatiles a quienes mediante intereses mezquinos pretenden sacar alg\u00fan beneficio.<\/h3>\n<\/blockquote>\n<p>Respecto de la pandemia,<em><strong> Monz\u00f3<\/strong><\/em> asegur\u00f3 que<em><strong> \u00abEl AMBA es una situaci\u00f3n y el resto de la provincia es otra. La experiencia de un a\u00f1o, mas la capacidad instalada y la conciencia social son los puntos importantes a tener en cuenta\u00bb.<\/strong><\/em><\/p>\n<p>Luego, hablando de la historia de las formas de comunicaci\u00f3n, dijo que <strong>\u00abHoy pasa a ser la EMOCI\u00d3N el elemento m\u00e1s importante en la comunicaci\u00f3n\u00bb,<\/strong> <strong><em>\u00abCuando vos apelas a la emoci\u00f3n se elige en diez segundos, y no se reflexiona\u00bb\u00a0<\/em><\/strong>, reflexion\u00f3<\/p>\n<blockquote>\n<h3>Respecto de la disputa entre CABA y Provincia de Buenos Aires por los distintos enfoques respecto de la pandemia, Monz\u00f3 asegur\u00f3 que <em><strong>\u00abYo partir\u00eda de una concepci\u00f3n m\u00e1s federal: Quien conoce m\u00e1s los datos, es quien gobierna en su ciudad, el que conoce mejor los datos de la ciudad de Buenos Aires es su ministro y lo mismo pasa en la Provincia. Lo que no pueden hacer es acusarse unos a otros. Y el Presidente lo que debe hacer es mediar entre los dos y llegar a una soluci\u00f3n\u00bb, <\/strong><\/em>y agreg\u00f3 que<em><strong> \u00abPor favor pido como bonaerense, que si se toman medidas de m\u00e1s restricciones en la provincia de Buenos Aires, que el interior no sea involucrado. En mi pueblo, no hubo clases durante todo el a\u00f1o y reci\u00e9n hubo un solo caso en noviembre. Entiendo que no hab\u00eda experiencia, pero ahora que la hay, en distritos del interior que ya son una \u00abburbuja per se\u00bb, ah\u00ed es el intendente el que debe decidir, porque es el que conoce los datos, es quien debe tomar la decisi\u00f3n\u00bb.<\/strong><\/em><\/h3>\n<\/blockquote>\n<p>Luego, continu\u00f3 diciendo que el intendente debe tener las normas, de acuerdo a la cantidad de habitantes y casos que tiene en su localidad.<\/p>\n<p>Consultado respecto del incumplimiento de la sociedad en muchas de los cuidados esenciales para combatir la pandemia, y la dificultad para que la gente realmente lo entienda y lo cumpla, <strong>Monz\u00f3<\/strong> respondi\u00f3 que eso llevar\u00e1 tiempo. <strong>Laje<\/strong> agreg\u00f3 que ese tiempo como consecuencia de no hacer las cosas bien, puede traer m\u00e1s restricciones.<\/p>\n<blockquote>\n<h3><strong><em>\u00abMe imagino al presidente llamando a Larreta y a Kicillof en las pr\u00f3ximas horas, ya que si no lo hace ser\u00eda un absurdo. Terminemos de una vez con lo que pas\u00f3 la semana pasada,\u00a0 ya que la situaci\u00f3n es muy grave y merece que los tres actores se sienten en las pr\u00f3ximas horas\u00bb,<\/em><\/strong> sentenci\u00f3.<\/h3>\n<\/blockquote>\n<p>Luego, asegur\u00f3 que <strong><em>\u00abHace mucho tiempo que se hace m\u00e1s campa\u00f1a pol\u00edtica que gobierno. No es el caso de Horacio. Larreta es un verdadero estadista, y no va a entrar en el juego de la grieta, ni se va a dejar llevar por quienes quieran llevarlo a ese terreno. Creo que esta que pas\u00f3 fue la \u00e9poca m\u00e1s improductiva, por la polarizaci\u00f3n. Me parece que lo que tenemos que terminar es con esto, y apelo a los tres actores que deben reunirse que el esp\u00edritu sea este, y no el ansia electoral\u00bb<\/em><\/strong><\/p>\n<blockquote>\n<h3>Agreg\u00f3 que <em>\u00abEl Covid desnuda muchas cosas de la sociedad que est\u00e1n atrasadas. La provincia de Buenos Aires, hay que volverla a parir. Lo que est\u00e1 mal ac\u00e1 es la Provincia de Buenos Aires. El Conurbano, el Amba, esto est\u00e1 mal y hay que volverlo a parir. La Provincia de Buenos Aires pas\u00f3 a ser una oficina administrativa, y esto no es de ahora es de hace mucho tiempo. Hay que volverla a parir quiere decir que hay que cambiar el sistema electoral. Nosotros tenemos 70 diputados y si me dicen que hay 5\u00a0 que est\u00e1n dedicados a esto es mucho. Diputados Nacionales, Senadores Provinciales, se ha alejado el sistema pol\u00edtico de la gente, no conocemos a nuestros representantes\u00bb.<\/em><\/h3>\n<\/blockquote>\n<p>En referencia a esto,<strong> Monz\u00f3<\/strong> dijo que <em><strong>\u00abEmpecemos con la boleta \u00fanica, y basta de listas s\u00e1banas, que es un atraso total. \u00bfporqu\u00e9 no votamos con boletas electr\u00f3nicas? Eso cambiar\u00eda sustancialmente la Provincia de Buenos Aires. \u00bfpor qu\u00e9 no seguimos dividiendo los distritos grandes del conurbano?&#8230; Hay que brindar a los intendentes autonom\u00eda en cuanto a seguridad, educaci\u00f3n, porque sino pasa como siempre que tienen que ir a rogar al gobierno nacional que les de algo. Y cambiando esto, cambias la realidad del 50% del pa\u00eds\u00bb<\/strong><\/em>.<\/p>\n<p>Se lo consult\u00f3 acerca del \u00abnegocio de los planes\u00bb, y<strong> Monz\u00f3<\/strong> opin\u00f3 que\u00a0 <strong><em>\u00abdeber\u00eda ser manejado por los intendentes, ya que hoy se desconoce el destino de los planes y de esta manera, se podr\u00eda controlar por la gente, que ver\u00eda c\u00f3mo su intendencia maneja el tema de los planes y para qu\u00e9 se otorgan\u00bb.<\/em><\/strong><\/p>\n<blockquote>\n<h3>\u00abOtro problema de fondo es que todos los gobernadores que estamos votando en la provincia de Buenos Aires, no son de nuestra provincia. Y esto sucede porque pol\u00edticos de la Capital Federal por popularidad terminan siendo candidatos a gobernador en la Provincia de Buenos Aires. El \u00faltimo gobernador de la Provincia de Buenos Aires que era nativo de la misma fue Duhalde. Que equilibraba el poder, porque ah\u00ed surgi\u00f3 el fondo del conurbano bonaerense y hab\u00eda un equilibrio, porque era un hombre de la provincia de Buenos Aires. Ahora los que entran a la provincia tienen un desconocimiento total de la misma. No es que desconf\u00edan de los Intendentes: desconf\u00edan de todo, y a los diez d\u00edas los ves atendiendo en el edificio del Banco Provincia, porque ni quieren ir a la gobernaci\u00f3n. Y ah\u00ed es donde nos equivocamos, porque ponemos personas que no conocen a la provincia de Buenos Aires\u00bb, dispar\u00f3.<\/h3>\n<\/blockquote>\n<p>Cerr\u00f3 asegurando que el problema de Cambiemos, fue la decisi\u00f3n de utilizar el \u00abgradualismo\u00bb, cuando debieron implementar el plan que ten\u00edan cuando llegaron al poder. <em><strong>\u00abEste es el problema, que confiamos en los planes que se presentan y cuando asumen, hacen todo lo contrario. Administran la impotencia. Me han explicado todo en los \u00faltimos treinta a\u00f1os, y todos no lo han cumplido\u00bb.<\/strong><\/em><\/p>\n<p>Un <strong>Monz\u00f3<\/strong> directo, cre\u00edble y con una gran honestidad intelectual que no dej\u00f3 tema sin expedirse.<\/p>\n<p>&nbsp;<\/p>\n<p>&nbsp;<\/p>\n<p>&nbsp;<\/p>\n<p>&nbsp;<\/p>\n<p>&nbsp;<\/p>\n<p>&nbsp;<\/p>\n<p>&nbsp;<\/p>\n<p>&nbsp;<\/p>\n<p>&nbsp;<\/p>\n<p>&nbsp;<\/p>\n<p>&nbsp;<\/p>\n<p>&nbsp;<\/p>\n<p>&nbsp;<\/p>\n<p>&nbsp;<\/p>\n<p>&nbsp;<\/p>\n<p>&nbsp;<\/p>\n<p>&nbsp;<\/p>\n<p>&nbsp;<\/p>\n<p>&nbsp;<\/p>\n<p>&nbsp;<\/p>\n<p>&nbsp;<\/p>\n<p>&nbsp;<\/p>\n<p>&nbsp;<\/p>\n","protected":false},"excerpt":{"rendered":"<div class=\"mh-excerpt\"><p>El Titular del \u00abPartido del Di\u00e1logo\u00bb, referente de Juntos Por el Cambio y pre candidato a Diputado, Emilio Monz\u00f3, mantuvo un muy interesante di\u00e1logo con el periodista Antonio Laje, en su programa del canal Am\u00e9rica, <a class=\"mh-excerpt-more\" href=\"https:\/\/larevistadigital.com.ar\/blog\/emilio-monzo-hace-mucho-tiempo-que-se-hace-mas-campana-politica-que-gobierno\/\" title=\"EMILIO MONZ\u00d3: \u00abHACE MUCHO TIEMPO QUE SE HACE M\u00c1S CAMPA\u00d1A POL\u00cdTICA QUE GOBIERNO\u00bb\">[Leer M\u00e1s]<\/a><\/p>\n<\/div>","protected":false},"author":3,"featured_media":19855,"comment_status":"open","ping_status":"open","sticky":false,"template":"","format":"standard","meta":{"_jetpack_memberships_contains_paid_content":false,"footnotes":"","jetpack_publicize_message":"","jetpack_publicize_feature_enabled":true,"jetpack_social_post_already_shared":true,"jetpack_social_options":{"image_generator_settings":{"template":"highway","default_image_id":0,"font":"","enabled":false},"version":2}},"categories":[41],"tags":[],"class_list":{"0":"post-19854","1":"post","2":"type-post","3":"status-publish","4":"format-standard","5":"has-post-thumbnail","7":"category-destacadas"},"jetpack_publicize_connections":[],"jetpack_featured_media_url":"https:\/\/i0.wp.com\/larevistadigital.com.ar\/blog\/wp-content\/uploads\/MONZO-CON-LAJE.png?fit=1292%2C732&ssl=1","jetpack_sharing_enabled":true,"jetpack_shortlink":"https:\/\/wp.me\/p8qtrQ-5ae","jetpack-related-posts":[{"id":15867,"url":"https:\/\/larevistadigital.com.ar\/blog\/se-viene-monzo-en-la-provincia-de-buenos-aires\/","url_meta":{"origin":19854,"position":0},"title":"SE VIENE MONZ\u00d3 EN LA PROVINCIA DE BUENOS AIRES","author":"Alejandro Sosa Ruda","date":"10 agosto, 2020","format":false,"excerpt":"El respetado dirigente parece haber tomado la decisi\u00f3n que no pocos le ped\u00edan: Lanzarse con todo con su espacio propio, que se denominar\u00eda \"Vamos con Emilio\", y ya cuenta con referentes en las distintas secciones. Emilio Monz\u00f3. Peronista hist\u00f3rico que ha tomado gran relevancia por su destacado paso por la\u2026","rel":"","context":"En \u00abINTERES GENERAL\u00bb","block_context":{"text":"INTERES GENERAL","link":"https:\/\/larevistadigital.com.ar\/blog\/category\/interes-general\/"},"img":{"alt_text":"","src":"https:\/\/i0.wp.com\/larevistadigital.com.ar\/blog\/wp-content\/uploads\/unnamed-9.jpg?fit=512%2C352&ssl=1&resize=350%2C200","width":350,"height":200},"classes":[]},{"id":17559,"url":"https:\/\/larevistadigital.com.ar\/blog\/17559-2\/","url_meta":{"origin":19854,"position":1},"title":"MONZ\u00d3: UNA FIGURA TENTADORA QUE MUCHOS QUIEREN TENER EN SUS FILAS A EFECTOS DE SUMAR \u00abCAUDAL POL\u00cdTICO\u00bb","author":"Alejandro Sosa Ruda","date":"10 noviembre, 2020","format":false,"excerpt":"El reconocido referente peronista en Juntos por el Cambio, Emilio Monz\u00f3, mantuvo un encuentro con Diego Valenzuela,\u00a0 intendente de Tres de Febrero e integrante del \"Grupo Dorrego\" de intendentes del PRO. Son varios los que desear\u00edan sumarlo porque brindar\u00eda un importante caudal pol\u00edtico. Tambi\u00e9n es franco y notable el crecimiento\u2026","rel":"","context":"En \u00abINTERES GENERAL\u00bb","block_context":{"text":"INTERES GENERAL","link":"https:\/\/larevistadigital.com.ar\/blog\/category\/interes-general\/"},"img":{"alt_text":"","src":"https:\/\/i0.wp.com\/larevistadigital.com.ar\/blog\/wp-content\/uploads\/monzo.jpg?fit=887%2C512&ssl=1&resize=350%2C200","width":350,"height":200,"srcset":"https:\/\/i0.wp.com\/larevistadigital.com.ar\/blog\/wp-content\/uploads\/monzo.jpg?fit=887%2C512&ssl=1&resize=350%2C200 1x, https:\/\/i0.wp.com\/larevistadigital.com.ar\/blog\/wp-content\/uploads\/monzo.jpg?fit=887%2C512&ssl=1&resize=525%2C300 1.5x, https:\/\/i0.wp.com\/larevistadigital.com.ar\/blog\/wp-content\/uploads\/monzo.jpg?fit=887%2C512&ssl=1&resize=700%2C400 2x"},"classes":[]},{"id":23479,"url":"https:\/\/larevistadigital.com.ar\/blog\/largo-larreta-con-miras-al-2023-sumo-a-emilio-monzo-a-su-equipo-de-campana\/","url_meta":{"origin":19854,"position":2},"title":"LARG\u00d3 LARRETA: CON MIRAS AL 2023 SUM\u00d3 A EMILIO MONZ\u00d3 A SU EQUIPO DE CAMPA\u00d1A","author":"Alejandro Sosa Ruda","date":"20 enero, 2022","format":false,"excerpt":"Una de las noticias destacadas de la pol\u00edtica es sin dudas los primeros movimientos que el jefe de Gobierno de la Ciudad Aut\u00f3noma de Buenos Aires, Horacio Rodriguez Larreta en direcci\u00f3n a lo que ser\u00e1 la precandidatura a presidente de la naci\u00f3n en el pr\u00f3ximo 2023, manteniendo reuniones con distintos\u2026","rel":"","context":"En \u00abINTERES GENERAL\u00bb","block_context":{"text":"INTERES GENERAL","link":"https:\/\/larevistadigital.com.ar\/blog\/category\/interes-general\/"},"img":{"alt_text":"","src":"https:\/\/i0.wp.com\/larevistadigital.com.ar\/blog\/wp-content\/uploads\/horacio-rodriguez-larreta-quiere-a___TSa6AX4oe_930x525__1.jpg?fit=930%2C525&ssl=1&resize=350%2C200","width":350,"height":200,"srcset":"https:\/\/i0.wp.com\/larevistadigital.com.ar\/blog\/wp-content\/uploads\/horacio-rodriguez-larreta-quiere-a___TSa6AX4oe_930x525__1.jpg?fit=930%2C525&ssl=1&resize=350%2C200 1x, https:\/\/i0.wp.com\/larevistadigital.com.ar\/blog\/wp-content\/uploads\/horacio-rodriguez-larreta-quiere-a___TSa6AX4oe_930x525__1.jpg?fit=930%2C525&ssl=1&resize=525%2C300 1.5x, https:\/\/i0.wp.com\/larevistadigital.com.ar\/blog\/wp-content\/uploads\/horacio-rodriguez-larreta-quiere-a___TSa6AX4oe_930x525__1.jpg?fit=930%2C525&ssl=1&resize=700%2C400 2x"},"classes":[]},{"id":19438,"url":"https:\/\/larevistadigital.com.ar\/blog\/emilio-monzo-mas-de-2-millones-de-personas-necesitan-trabajo-y-no-lo-encuentran-debemos-dar-respuestas-urgentes\/","url_meta":{"origin":19854,"position":3},"title":"EMILIO MONZ\u00d3: \u00abMAS DE 2 MILLONES DE PERSONAS NECESITAN TRABAJO Y NO LO ENCUENTRAN. DEBEMOS DAR RESPUESTAS URGENTES\u00bb","author":"Alejandro Sosa Ruda","date":"25 marzo, 2021","format":false,"excerpt":"El precandidato a Diputado Nacional por Juntos por el Cambio, y creador del \"Partido del di\u00e1logo\", Emilio Monz\u00f3, hizo publico a trav\u00e9s de su cuenta de Twitter @monzoemilio su opini\u00f3n en relaci\u00f3n a la terrible situaci\u00f3n que viven las personas sin trabajo. Con dureza, pero con claridad, Monz\u00f3 expres\u00f3 que\u2026","rel":"","context":"En \u00abDESTACADAS\u00bb","block_context":{"text":"DESTACADAS","link":"https:\/\/larevistadigital.com.ar\/blog\/category\/destacadas\/"},"img":{"alt_text":"","src":"https:\/\/i0.wp.com\/larevistadigital.com.ar\/blog\/wp-content\/uploads\/WhatsApp-Image-2021-03-23-at-20.01.32-1.jpeg?fit=1200%2C800&ssl=1&resize=350%2C200","width":350,"height":200,"srcset":"https:\/\/i0.wp.com\/larevistadigital.com.ar\/blog\/wp-content\/uploads\/WhatsApp-Image-2021-03-23-at-20.01.32-1.jpeg?fit=1200%2C800&ssl=1&resize=350%2C200 1x, https:\/\/i0.wp.com\/larevistadigital.com.ar\/blog\/wp-content\/uploads\/WhatsApp-Image-2021-03-23-at-20.01.32-1.jpeg?fit=1200%2C800&ssl=1&resize=525%2C300 1.5x, https:\/\/i0.wp.com\/larevistadigital.com.ar\/blog\/wp-content\/uploads\/WhatsApp-Image-2021-03-23-at-20.01.32-1.jpeg?fit=1200%2C800&ssl=1&resize=700%2C400 2x, https:\/\/i0.wp.com\/larevistadigital.com.ar\/blog\/wp-content\/uploads\/WhatsApp-Image-2021-03-23-at-20.01.32-1.jpeg?fit=1200%2C800&ssl=1&resize=1050%2C600 3x"},"classes":[]},{"id":19916,"url":"https:\/\/larevistadigital.com.ar\/blog\/emilio-monzo-aseguro-que-se-postulara-en-juntos-por-el-cambio-le-guste-o-no-a-algun-sector-interno\/","url_meta":{"origin":19854,"position":4},"title":"EMILIO MONZ\u00d3 ASEGUR\u00d3 QUE SE POSTULAR\u00c1 EN JUNTOS POR EL CAMBIO, LE GUSTE O NO A ALG\u00daN SECTOR INTERNO","author":"Alejandro Sosa Ruda","date":"29 abril, 2021","format":false,"excerpt":"El destacado y prestigioso dirigente nacido en Carlos Tejedor, Emilio Monz\u00f3, dialog\u00f3 con varios medios entre otras cosas\u00a0 \"se puso el traje de candidato\". Emilio Monz\u00f3, es sin dudas uno de los pol\u00edticos m\u00e1s respetados y valorados por sus pares, si no el que m\u00e1s. Y ya ha confirmado que\u2026","rel":"","context":"En \u00abINTERES GENERAL\u00bb","block_context":{"text":"INTERES GENERAL","link":"https:\/\/larevistadigital.com.ar\/blog\/category\/interes-general\/"},"img":{"alt_text":"","src":"https:\/\/i0.wp.com\/larevistadigital.com.ar\/blog\/wp-content\/uploads\/104344-emilio-20monz-c3-b3.jpeg?fit=1200%2C1050&ssl=1&resize=350%2C200","width":350,"height":200,"srcset":"https:\/\/i0.wp.com\/larevistadigital.com.ar\/blog\/wp-content\/uploads\/104344-emilio-20monz-c3-b3.jpeg?fit=1200%2C1050&ssl=1&resize=350%2C200 1x, https:\/\/i0.wp.com\/larevistadigital.com.ar\/blog\/wp-content\/uploads\/104344-emilio-20monz-c3-b3.jpeg?fit=1200%2C1050&ssl=1&resize=525%2C300 1.5x, https:\/\/i0.wp.com\/larevistadigital.com.ar\/blog\/wp-content\/uploads\/104344-emilio-20monz-c3-b3.jpeg?fit=1200%2C1050&ssl=1&resize=700%2C400 2x, https:\/\/i0.wp.com\/larevistadigital.com.ar\/blog\/wp-content\/uploads\/104344-emilio-20monz-c3-b3.jpeg?fit=1200%2C1050&ssl=1&resize=1050%2C600 3x"},"classes":[]},{"id":17084,"url":"https:\/\/larevistadigital.com.ar\/blog\/posse-afirmo-que-a-macri-lo-prestigio-contar-con-monzo-y-frigerio\/","url_meta":{"origin":19854,"position":5},"title":"POSSE AFIRM\u00d3 QUE \u00abA MACRI LO PRESTIGI\u00d3 CONTAR CON MONZ\u00d3 Y FRIGERIO\u00bb","author":"Alejandro Sosa Ruda","date":"21 octubre, 2020","format":false,"excerpt":"Brind\u00f3 un reportaje al diario Perfil. Su padre y \u00e9l gobernaron San Isidro desde 1983. Cr\u00edtico de la gesti\u00f3n de Macri y Mar\u00eda Eugenia Vidal, se presentar\u00e1 como candidato para liderar al radicalismo de la Provincia. Cree que la UCR fue servil con el PRO, pero ve posible \"ensanchar el\u2026","rel":"","context":"En \u00abINTERES GENERAL\u00bb","block_context":{"text":"INTERES GENERAL","link":"https:\/\/larevistadigital.com.ar\/blog\/category\/interes-general\/"},"img":{"alt_text":"","src":"https:\/\/i0.wp.com\/larevistadigital.com.ar\/blog\/wp-content\/uploads\/31ab9add10fbfc0fcd2ca409a4405b92_L.jpg?fit=1200%2C672&ssl=1&resize=350%2C200","width":350,"height":200,"srcset":"https:\/\/i0.wp.com\/larevistadigital.com.ar\/blog\/wp-content\/uploads\/31ab9add10fbfc0fcd2ca409a4405b92_L.jpg?fit=1200%2C672&ssl=1&resize=350%2C200 1x, https:\/\/i0.wp.com\/larevistadigital.com.ar\/blog\/wp-content\/uploads\/31ab9add10fbfc0fcd2ca409a4405b92_L.jpg?fit=1200%2C672&ssl=1&resize=525%2C300 1.5x, https:\/\/i0.wp.com\/larevistadigital.com.ar\/blog\/wp-content\/uploads\/31ab9add10fbfc0fcd2ca409a4405b92_L.jpg?fit=1200%2C672&ssl=1&resize=700%2C400 2x, https:\/\/i0.wp.com\/larevistadigital.com.ar\/blog\/wp-content\/uploads\/31ab9add10fbfc0fcd2ca409a4405b92_L.jpg?fit=1200%2C672&ssl=1&resize=1050%2C600 3x"},"classes":[]}],"_links":{"self":[{"href":"https:\/\/larevistadigital.com.ar\/blog\/wp-json\/wp\/v2\/posts\/19854","targetHints":{"allow":["GET"]}}],"collection":[{"href":"https:\/\/larevistadigital.com.ar\/blog\/wp-json\/wp\/v2\/posts"}],"about":[{"href":"https:\/\/larevistadigital.com.ar\/blog\/wp-json\/wp\/v2\/types\/post"}],"author":[{"embeddable":true,"href":"https:\/\/larevistadigital.com.ar\/blog\/wp-json\/wp\/v2\/users\/3"}],"replies":[{"embeddable":true,"href":"https:\/\/larevistadigital.com.ar\/blog\/wp-json\/wp\/v2\/comments?post=19854"}],"version-history":[{"count":1,"href":"https:\/\/larevistadigital.com.ar\/blog\/wp-json\/wp\/v2\/posts\/19854\/revisions"}],"predecessor-version":[{"id":19856,"href":"https:\/\/larevistadigital.com.ar\/blog\/wp-json\/wp\/v2\/posts\/19854\/revisions\/19856"}],"wp:featuredmedia":[{"embeddable":true,"href":"https:\/\/larevistadigital.com.ar\/blog\/wp-json\/wp\/v2\/media\/19855"}],"wp:attachment":[{"href":"https:\/\/larevistadigital.com.ar\/blog\/wp-json\/wp\/v2\/media?parent=19854"}],"wp:term":[{"taxonomy":"category","embeddable":true,"href":"https:\/\/larevistadigital.com.ar\/blog\/wp-json\/wp\/v2\/categories?post=19854"},{"taxonomy":"post_tag","embeddable":true,"href":"https:\/\/larevistadigital.com.ar\/blog\/wp-json\/wp\/v2\/tags?post=19854"}],"curies":[{"name":"wp","href":"https:\/\/api.w.org\/{rel}","templated":true}]}}