{"id":19858,"date":"2021-04-27T14:32:46","date_gmt":"2021-04-27T14:32:46","guid":{"rendered":"https:\/\/larevistadigital.com.ar\/blog\/?p=19858"},"modified":"2021-04-27T14:32:46","modified_gmt":"2021-04-27T14:32:46","slug":"debido-al-aumento-de-casos-la-provincia-bajo-a-fase-3-a-pinamar-dolores-maipu-y-belgrano","status":"publish","type":"post","link":"https:\/\/larevistadigital.com.ar\/blog\/debido-al-aumento-de-casos-la-provincia-bajo-a-fase-3-a-pinamar-dolores-maipu-y-belgrano\/","title":{"rendered":"DEBIDO AL AUMENTO DE CASOS, LA PROVINCIA BAJ\u00d3 A FASE 3 A PINAMAR, DOLORES, MAIPU Y BELGRANO"},"content":{"rendered":"<h2 class=\"nota__hero__summary\">Lo anunci\u00f3 el jefe de Gabinete del gobierno bonaerense, Carlos Bianco. Comenzar\u00e1 a regir a partir de ma\u00f1ana mi\u00e9rcoles. Tordillo tambi\u00e9n retrocedi\u00f3 a fase 4.<\/h2>\n<p>Dolores, Pinamar, General Belgrano y Maip\u00fa son los 4 distritos de la Quinta Secci\u00f3n que pasaron a fase 3, al igual que otros 11 municipios. As\u00ed lo anunci\u00f3 el jefe de Gabinete, Carlos Bianco, en la habitual conferencia de prensa de los martes sobre la situaci\u00f3n epidemiol\u00f3gica de la provincia de Buenos Aires.<\/p>\n<p>Esto se suma a al hecho de que Tordillo haya dejado de ser el \u00fanico distrito del territorio bonaerense en fase 5, puesto que tambi\u00e9n retrocedi\u00f3, en este caso a fase 4. Por su parte, Castelli contin\u00faa en fase 2, a la ingres\u00f3 la semana pasada.<\/p>\n<blockquote>\n<h3>Seg\u00fan lo explic\u00f3 Bianco, estas medidas se toman en virtud de la cantidad de casos cada 100.000 habitantes, el incremento de contagios en las \u00faltimas dos semanas y la disponibilidad del sistema sanitario en cada una de las localidades.<\/h3>\n<\/blockquote>\n<p>El jefe de Gabinete analiz\u00f3 junto con el ministro de Salud, <strong>Daniel Goll\u00e1n<\/strong>, la situaci\u00f3n de la Provincia, donde la cantidad de casos se mantuvo igual a la de la semana anterior. Con una salvedad: los contagios disminuyeron levemente en el Gran Buenos Aires y aumentaron en el interior bonaerense. La ocupaci\u00f3n de camas de terapia intensiva es del 75,89 % en el GBA, en tanto que en el interior es del 55,88 %.<\/p>\n<p>Ambos funcionarios resaltaron la gravedad de la situaci\u00f3n por la virulencia de las nuevas cepas y la ocupaci\u00f3n del sistema sanitario. <em><strong>\u201cDe cada 10 personas que entran en terapia intensiva, 6 mueren y si tienen m\u00e1s de 60 a\u00f1os, 7 fallecen\u201d<\/strong><\/em>, dijo Bianco, para resaltar las caracter\u00edsticas de las nuevas cepas, en tanto que <strong>Goll\u00e1n <\/strong>insisti\u00f3 en que<strong> \u201cel pico de esta segunda ola es 2 veces \u00bd m\u00e1s alto que en la primera\u201d.<\/strong><\/p>\n<p><strong>Qu\u00e9 es la fase 3<\/strong><br \/>\nDe acuerdo a la prerrogativas del gobierno provincial, la fase 3 es para los municipios considerados lugares de \u201cAlto Riesgo Epidemiol\u00f3gico y Sanitario\u201d y para aquellos municipios en los cuales se haya producido un brote o un aumento significativo y repentino de casos positivos de COVID-19, cuando a partir de la identificaci\u00f3n de los primeros casos aut\u00f3ctonos, se observare un incremento en la velocidad de transmisi\u00f3n medida en t\u00e9rminos de tiempo de duplicaci\u00f3n o la ocurrencia de casos aut\u00f3ctonos en donde se verifique que la cadena de transmisi\u00f3n se corresponde con un escenario de transmisi\u00f3n comunitaria.<\/p>\n<p>En los municipios incluidos en fase 3, con el objetivo de proteger la salud p\u00fablica y evitar situaciones que puedan favorecer la circulaci\u00f3n del virus COVID-19, se establecen las siguientes restricciones horarias:<\/p>\n<p><strong>a). Las actividades comerciales de car\u00e1cter general previstas no podr\u00e1n desarrollarse entre las 20:00 y las 6:00.<\/strong><\/p>\n<p><strong>b). Las actividades desarrolladas en comercios gastron\u00f3micos no podr\u00e1n desarrollarse entre las 23:00 y las 6:00.<\/strong><\/p>\n<p><strong>c). Las personas no podr\u00e1n circular entre las 0:00 y las 6:00.horas de cada d\u00eda y no podr\u00e1 desarrollarse en ese horario ninguna actividad salvo las 4 excepciones contempladas.<\/strong><\/p>\n<p>Estas restricciones no ser\u00e1n aplicables a:<\/p>\n<p><strong>a. Las personas afectadas a las actividades y servicios esenciales, quienes podr\u00e1n utilizar a esos fines el servicio p\u00fablico de transporte de pasajeros.<\/strong><\/p>\n<p><strong>b. Las personas afectadas a las actividades industriales que se encuentren trabajando en horario nocturno, de conformidad con sus respectivos protocolos de funcionamiento.<\/strong><\/p>\n<p><strong>c. Las personas que deban retornar a su domicilio habitual desde su lugar de trabajo o concurrir al mismo. Dicha circunstancia deber\u00e1 ser debidamente acreditada.<\/strong><\/p>\n<p><strong>d. Todas las personas exceptuadas deber\u00e1n portar el \u201cCertificado \u00danico Habilitante para Circulaci\u00f3n &#8211; Emergencia COVID-19\u201d que las habilite a tal fin.<\/strong><\/p>\n<p>Los desplazamientos de las personas exceptuadas deber\u00e1n limitarse al estricto cumplimiento de la actividad autorizada.<\/p>\n<p><strong>Actividades restringidas durante la fase 3<\/strong><br \/>\n<strong>-En los natatorios la capacidad m\u00e1xima es de 10 personas a la vez.<\/strong><br \/>\n<strong>-En los eventos culturales, sociales, recreativos o religiosos en espacios p\u00fablicos al aire libre la concurrencia m\u00e1xima ser\u00e1 de 30 personas.<\/strong><br \/>\n<strong>-Deber\u00e1 respetarse el aforo del 30% de la capacidad original en el interior de los restaurantes y bares; en los gimnasios, siempre y cuando sean espacios cerrados y con amplia ventilaci\u00f3n natural; en los locales comerciales de los shoppings (sin patio de comidas ni espacios recreativos); en los museos.<\/strong><\/p>\n<p><strong>Actividades no permitidas y espacios no habilitados durante la fase 3<\/strong><br \/>\n<strong>-Actividades y reuniones sociales en domicilios particulares, salvo para la asistencia de personas que requieran especiales cuidados.<\/strong><br \/>\n<strong>-Casinos y Bingos.<\/strong><br \/>\n<strong>-Bibliotecas.<\/strong><br \/>\n<strong>&#8211; Mercados y ferias de artesan\u00edas o alimentos en espacios cerrados.<\/strong><br \/>\n<strong>&#8211; Actividades deportivas colectivas con o sin contacto, al aire libre o en espacios con amplia ventilaci\u00f3n natural, m\u00e1s de 10 personas<\/strong><\/p>\n<p><strong>EN QUE FASE EST\u00c1 CADA DISTRITO DE LA QUINTA SECCI\u00d3N<\/strong><\/p>\n<p>&gt;<strong>Fase 3<\/strong>\u00a0(15 distritos)<br \/>\nPinamar<br \/>\nDolores<br \/>\nGeneral Belgrano<br \/>\nMar del Plata<br \/>\nMaip\u00fa<br \/>\nLa Costa<br \/>\nRauch<br \/>\nSan Cayetano<br \/>\nTandil<br \/>\nVilla Gesell<br \/>\nMonte<br \/>\nBalcarce<br \/>\nMiramar<br \/>\nRanchos<br \/>\nNecochea<\/p>\n<p>&gt;<strong>Fase 4<\/strong>\u00a0(11 distritos)<br \/>\nGeneral Lavalle<br \/>\nGeneral Madariaga<br \/>\nAyacucho<br \/>\nChascom\u00fas<br \/>\nMar Chiquita<br \/>\nPila<br \/>\nGeneral Guido<br \/>\nLas Flores<br \/>\nLober\u00eda<br \/>\nLezama<br \/>\nTordillo<\/p>\n<p>&gt;<strong>Fase 2<\/strong>\u00a0(1 distrito)<br \/>\nCastelli<\/p>\n","protected":false},"excerpt":{"rendered":"<div class=\"mh-excerpt\"><p>Lo anunci\u00f3 el jefe de Gabinete del gobierno bonaerense, Carlos Bianco. Comenzar\u00e1 a regir a partir de ma\u00f1ana mi\u00e9rcoles. Tordillo tambi\u00e9n retrocedi\u00f3 a fase 4. Dolores, Pinamar, General Belgrano y Maip\u00fa son los 4 distritos <a class=\"mh-excerpt-more\" href=\"https:\/\/larevistadigital.com.ar\/blog\/debido-al-aumento-de-casos-la-provincia-bajo-a-fase-3-a-pinamar-dolores-maipu-y-belgrano\/\" title=\"DEBIDO AL AUMENTO DE CASOS, LA PROVINCIA BAJ\u00d3 A FASE 3 A PINAMAR, DOLORES, MAIPU Y BELGRANO\">[Leer M\u00e1s]<\/a><\/p>\n<\/div>","protected":false},"author":3,"featured_media":19859,"comment_status":"open","ping_status":"open","sticky":false,"template":"","format":"standard","meta":{"_jetpack_memberships_contains_paid_content":false,"footnotes":"","jetpack_publicize_message":"","jetpack_publicize_feature_enabled":true,"jetpack_social_post_already_shared":true,"jetpack_social_options":{"image_generator_settings":{"template":"highway","default_image_id":0,"font":"","enabled":false},"version":2}},"categories":[50],"tags":[],"class_list":{"0":"post-19858","1":"post","2":"type-post","3":"status-publish","4":"format-standard","5":"has-post-thumbnail","7":"category-interes-general"},"jetpack_publicize_connections":[],"jetpack_featured_media_url":"https:\/\/i0.wp.com\/larevistadigital.com.ar\/blog\/wp-content\/uploads\/semaforo-fase3-1.jpg?fit=1201%2C740&ssl=1","jetpack_sharing_enabled":true,"jetpack_shortlink":"https:\/\/wp.me\/p8qtrQ-5ai","jetpack-related-posts":[{"id":20837,"url":"https:\/\/larevistadigital.com.ar\/blog\/los-diez-municipios-bonaerenses-que-volveran-a-clases-presenciales\/","url_meta":{"origin":19858,"position":0},"title":"LOS DIEZ MUNICIPIOS BONAERENSES QUE VOLVER\u00c1N A CLASES PRESENCIALES","author":"Alejandro Sosa Ruda","date":"22 junio, 2021","format":false,"excerpt":"El gobierno bonaerense actualiz\u00f3 el sistema de Fases. Defini\u00f3 que Bah\u00eda Blanca, General Alvear, General Guido, General Pueyrred\u00f3n, Monte, Ramallo, Saavedra, San Antonio de Areco, San Pedro y Tandil abandonen la Fase 2 de restricciones por la baja de casos en los \u00faltimos 14 d\u00edas. A partir del lunes que\u2026","rel":"","context":"En \u00abINTERES GENERAL\u00bb","block_context":{"text":"INTERES GENERAL","link":"https:\/\/larevistadigital.com.ar\/blog\/category\/interes-general\/"},"img":{"alt_text":"","src":"https:\/\/i0.wp.com\/larevistadigital.com.ar\/blog\/wp-content\/uploads\/Captura-de-pantalla-2021-06-22-144122.png?fit=948%2C526&ssl=1&resize=350%2C200","width":350,"height":200,"srcset":"https:\/\/i0.wp.com\/larevistadigital.com.ar\/blog\/wp-content\/uploads\/Captura-de-pantalla-2021-06-22-144122.png?fit=948%2C526&ssl=1&resize=350%2C200 1x, https:\/\/i0.wp.com\/larevistadigital.com.ar\/blog\/wp-content\/uploads\/Captura-de-pantalla-2021-06-22-144122.png?fit=948%2C526&ssl=1&resize=525%2C300 1.5x, https:\/\/i0.wp.com\/larevistadigital.com.ar\/blog\/wp-content\/uploads\/Captura-de-pantalla-2021-06-22-144122.png?fit=948%2C526&ssl=1&resize=700%2C400 2x"},"classes":[]},{"id":15558,"url":"https:\/\/larevistadigital.com.ar\/blog\/dolores-pasa-a-fase-5\/","url_meta":{"origin":19858,"position":1},"title":"\u00bfDOLORES PASA A FASE 5?","author":"Alejandro Sosa Ruda","date":"8 junio, 2020","format":false,"excerpt":"Ayer, la Secretar\u00eda de Salud inform\u00f3 que dio negativo el resultado del estudio realizado a la paciente que fue trasladada a un Hospital de La Plata, para continuar con la atenci\u00f3n de una patolog\u00eda preexistente. Hasta este momento en Dolores no hay casos sospechosos ni positivos. Recordar que ante cualquier\u2026","rel":"","context":"En \u00abDOLORES\u00bb","block_context":{"text":"DOLORES","link":"https:\/\/larevistadigital.com.ar\/blog\/category\/dolores\/"},"img":{"alt_text":"","src":"https:\/\/i0.wp.com\/larevistadigital.com.ar\/blog\/wp-content\/uploads\/Plaza_Castelli_Dolores.jpg?fit=1200%2C675&ssl=1&resize=350%2C200","width":350,"height":200,"srcset":"https:\/\/i0.wp.com\/larevistadigital.com.ar\/blog\/wp-content\/uploads\/Plaza_Castelli_Dolores.jpg?fit=1200%2C675&ssl=1&resize=350%2C200 1x, https:\/\/i0.wp.com\/larevistadigital.com.ar\/blog\/wp-content\/uploads\/Plaza_Castelli_Dolores.jpg?fit=1200%2C675&ssl=1&resize=525%2C300 1.5x, https:\/\/i0.wp.com\/larevistadigital.com.ar\/blog\/wp-content\/uploads\/Plaza_Castelli_Dolores.jpg?fit=1200%2C675&ssl=1&resize=700%2C400 2x, https:\/\/i0.wp.com\/larevistadigital.com.ar\/blog\/wp-content\/uploads\/Plaza_Castelli_Dolores.jpg?fit=1200%2C675&ssl=1&resize=1050%2C600 3x"},"classes":[]},{"id":16274,"url":"https:\/\/larevistadigital.com.ar\/blog\/covid-19-en-provincia-de-bs-as-en-que-etapa-se-encuentra-cada-municipio\/","url_meta":{"origin":19858,"position":2},"title":"COVID 19 EN PROVINCIA DE BS. AS.: EN QU\u00c9 ETAPA SE ENCUENTRA CADA MUNICIPIO&#8230;","author":"Alejandro Sosa Ruda","date":"7 septiembre, 2020","format":false,"excerpt":"25 municipios del interior de la provincia de Buenos Aires,\u00a0 transitan la fase 5 del aislamiento social,\u00a0con la mayor\u00eda de sus actividades habilitadas, mientras que otros 67 permanecen en la etapa 4 y\u00a0los restantes 43 siguen en la fase 3 por registrarse all\u00ed la mayor cantidad de casos de coronavirus.\u2026","rel":"","context":"En \u00abINTERES GENERAL\u00bb","block_context":{"text":"INTERES GENERAL","link":"https:\/\/larevistadigital.com.ar\/blog\/category\/interes-general\/"},"img":{"alt_text":"","src":"https:\/\/i0.wp.com\/larevistadigital.com.ar\/blog\/wp-content\/uploads\/corona.jpg?fit=800%2C553&ssl=1&resize=350%2C200","width":350,"height":200,"srcset":"https:\/\/i0.wp.com\/larevistadigital.com.ar\/blog\/wp-content\/uploads\/corona.jpg?fit=800%2C553&ssl=1&resize=350%2C200 1x, https:\/\/i0.wp.com\/larevistadigital.com.ar\/blog\/wp-content\/uploads\/corona.jpg?fit=800%2C553&ssl=1&resize=525%2C300 1.5x, https:\/\/i0.wp.com\/larevistadigital.com.ar\/blog\/wp-content\/uploads\/corona.jpg?fit=800%2C553&ssl=1&resize=700%2C400 2x"},"classes":[]},{"id":21593,"url":"https:\/\/larevistadigital.com.ar\/blog\/los-bares-deberan-cerrar-a-las-3-de-la-manana-en-toda-la-provincia\/","url_meta":{"origin":19858,"position":3},"title":"LOS BARES DEBER\u00c1N CERRAR A LAS 3 DE LA MA\u00d1ANA EN TODA LA PROVINCIA","author":"Alejandro Sosa Ruda","date":"17 agosto, 2021","format":false,"excerpt":"La medida comenzar\u00e1 a regir ma\u00f1ana. Lo anunci\u00f3 el jefe de Gabinete bonaerense, Carlos Bianco, en la conferencia de prensa sobre la situaci\u00f3n epidemiol\u00f3gica. El gobierno bonaerense anunci\u00f3 este martes que desde ma\u00f1ana regir\u00e1 un horario de cierre obligatorio para las actividades nocturnas, con tope a las 3 de la\u2026","rel":"","context":"En \u00abINTERES GENERAL\u00bb","block_context":{"text":"INTERES GENERAL","link":"https:\/\/larevistadigital.com.ar\/blog\/category\/interes-general\/"},"img":{"alt_text":"","src":"https:\/\/i0.wp.com\/larevistadigital.com.ar\/blog\/wp-content\/uploads\/BARES-CIERRE-3-AM.png?fit=1011%2C672&ssl=1&resize=350%2C200","width":350,"height":200,"srcset":"https:\/\/i0.wp.com\/larevistadigital.com.ar\/blog\/wp-content\/uploads\/BARES-CIERRE-3-AM.png?fit=1011%2C672&ssl=1&resize=350%2C200 1x, https:\/\/i0.wp.com\/larevistadigital.com.ar\/blog\/wp-content\/uploads\/BARES-CIERRE-3-AM.png?fit=1011%2C672&ssl=1&resize=525%2C300 1.5x, https:\/\/i0.wp.com\/larevistadigital.com.ar\/blog\/wp-content\/uploads\/BARES-CIERRE-3-AM.png?fit=1011%2C672&ssl=1&resize=700%2C400 2x"},"classes":[]},{"id":19782,"url":"https:\/\/larevistadigital.com.ar\/blog\/covid-en-tordillo-no-creemos-que-podamos-escapar-dijo-olivera\/","url_meta":{"origin":19858,"position":4},"title":"COVID EN TORDILLO: \u00abNO CREEMOS QUE PODAMOS ESCAPAR\u00bb, DIJO OLIVERA","author":"Alejandro Sosa Ruda","date":"21 abril, 2021","format":false,"excerpt":"El intendente del \u00fanico de los 135 municipios de la provincia de Buenos Aires que se encuentra en fase 5 y que solo tiene 1 caso activo se\u00f1al\u00f3 que \u201cesto lo atribuimos a que tenemos una poblaci\u00f3n chica\u201d pero \u201cen alg\u00fan momento nos va a agarrar\u201d el Covid-19. TORDILLO -\u2026","rel":"","context":"En \u00abREGIONALES\u00bb","block_context":{"text":"REGIONALES","link":"https:\/\/larevistadigital.com.ar\/blog\/category\/regionales\/"},"img":{"alt_text":"","src":"https:\/\/i0.wp.com\/larevistadigital.com.ar\/blog\/wp-content\/uploads\/Hector-Olivera.png?fit=1200%2C628&ssl=1&resize=350%2C200","width":350,"height":200,"srcset":"https:\/\/i0.wp.com\/larevistadigital.com.ar\/blog\/wp-content\/uploads\/Hector-Olivera.png?fit=1200%2C628&ssl=1&resize=350%2C200 1x, https:\/\/i0.wp.com\/larevistadigital.com.ar\/blog\/wp-content\/uploads\/Hector-Olivera.png?fit=1200%2C628&ssl=1&resize=525%2C300 1.5x, https:\/\/i0.wp.com\/larevistadigital.com.ar\/blog\/wp-content\/uploads\/Hector-Olivera.png?fit=1200%2C628&ssl=1&resize=700%2C400 2x, https:\/\/i0.wp.com\/larevistadigital.com.ar\/blog\/wp-content\/uploads\/Hector-Olivera.png?fit=1200%2C628&ssl=1&resize=1050%2C600 3x"},"classes":[]},{"id":39407,"url":"https:\/\/larevistadigital.com.ar\/blog\/cierran-oficinas-de-arca-en-dolores-chascomus-y-pinamar-ajuste-con-impacto-local\/","url_meta":{"origin":19858,"position":5},"title":"Cierran oficinas de ARCA en Dolores, Chascom\u00fas y Pinamar: ajuste con impacto local","author":"Alejandro Sosa Ruda","date":"17 abril, 2025","format":false,"excerpt":"Con la reestructuraci\u00f3n del organismo de recaudaci\u00f3n, cierran varias sedes en todo el pa\u00eds. En la regi\u00f3n, empleados a\u00fan no saben con certeza a d\u00f3nde deber\u00e1n presentarse. 16 de Abril de 2025 BUENOS AIRES -\u00a0 En el marco de un fuerte ajuste en la estructura estatal, este viernes fue el\u2026","rel":"","context":"En \u00abDESTACADAS\u00bb","block_context":{"text":"DESTACADAS","link":"https:\/\/larevistadigital.com.ar\/blog\/category\/destacadas\/"},"img":{"alt_text":"","src":"https:\/\/i0.wp.com\/larevistadigital.com.ar\/blog\/wp-content\/uploads\/35.jpg?fit=1200%2C675&ssl=1&resize=350%2C200","width":350,"height":200,"srcset":"https:\/\/i0.wp.com\/larevistadigital.com.ar\/blog\/wp-content\/uploads\/35.jpg?fit=1200%2C675&ssl=1&resize=350%2C200 1x, https:\/\/i0.wp.com\/larevistadigital.com.ar\/blog\/wp-content\/uploads\/35.jpg?fit=1200%2C675&ssl=1&resize=525%2C300 1.5x, https:\/\/i0.wp.com\/larevistadigital.com.ar\/blog\/wp-content\/uploads\/35.jpg?fit=1200%2C675&ssl=1&resize=700%2C400 2x, https:\/\/i0.wp.com\/larevistadigital.com.ar\/blog\/wp-content\/uploads\/35.jpg?fit=1200%2C675&ssl=1&resize=1050%2C600 3x"},"classes":[]}],"_links":{"self":[{"href":"https:\/\/larevistadigital.com.ar\/blog\/wp-json\/wp\/v2\/posts\/19858","targetHints":{"allow":["GET"]}}],"collection":[{"href":"https:\/\/larevistadigital.com.ar\/blog\/wp-json\/wp\/v2\/posts"}],"about":[{"href":"https:\/\/larevistadigital.com.ar\/blog\/wp-json\/wp\/v2\/types\/post"}],"author":[{"embeddable":true,"href":"https:\/\/larevistadigital.com.ar\/blog\/wp-json\/wp\/v2\/users\/3"}],"replies":[{"embeddable":true,"href":"https:\/\/larevistadigital.com.ar\/blog\/wp-json\/wp\/v2\/comments?post=19858"}],"version-history":[{"count":1,"href":"https:\/\/larevistadigital.com.ar\/blog\/wp-json\/wp\/v2\/posts\/19858\/revisions"}],"predecessor-version":[{"id":19860,"href":"https:\/\/larevistadigital.com.ar\/blog\/wp-json\/wp\/v2\/posts\/19858\/revisions\/19860"}],"wp:featuredmedia":[{"embeddable":true,"href":"https:\/\/larevistadigital.com.ar\/blog\/wp-json\/wp\/v2\/media\/19859"}],"wp:attachment":[{"href":"https:\/\/larevistadigital.com.ar\/blog\/wp-json\/wp\/v2\/media?parent=19858"}],"wp:term":[{"taxonomy":"category","embeddable":true,"href":"https:\/\/larevistadigital.com.ar\/blog\/wp-json\/wp\/v2\/categories?post=19858"},{"taxonomy":"post_tag","embeddable":true,"href":"https:\/\/larevistadigital.com.ar\/blog\/wp-json\/wp\/v2\/tags?post=19858"}],"curies":[{"name":"wp","href":"https:\/\/api.w.org\/{rel}","templated":true}]}}