{"id":19861,"date":"2021-04-27T14:46:14","date_gmt":"2021-04-27T14:46:14","guid":{"rendered":"https:\/\/larevistadigital.com.ar\/blog\/?p=19861"},"modified":"2021-04-27T14:46:14","modified_gmt":"2021-04-27T14:46:14","slug":"los-peajes-de-las-rutas-2-y-11-ya-pueden-abonarse-con-mercadopago","status":"publish","type":"post","link":"https:\/\/larevistadigital.com.ar\/blog\/los-peajes-de-las-rutas-2-y-11-ya-pueden-abonarse-con-mercadopago\/","title":{"rendered":"LOS PEAJES DE LAS RUTAS 2 Y 11, YA PUEDEN ABONARSE CON \u00abMERCADOPAGO\u00bb"},"content":{"rendered":"<div class=\"col-xs-24 col-md-18 col-md-offset-3\">\n<h2 class=\"nota__hero__summary\">Las autoridades de Autopistas de Buenos Aires S.A. (AUBASA) informaron que quienes todav\u00eda no est\u00e9n adheridos a TelePASE podr\u00e1n hacerlo desde la App de Mercado Pago.<\/h2>\n<\/div>\n<div class=\"col-xs-24\">\n<div class=\"nota__hero__photo\">\n<div class=\"photo\">\n<p>Desde esta semana, los peajes de las autopistas y rutas administradas por AUBASA se podr\u00e1n pagar de una manera m\u00e1s \u00e1gil y simple a partir de la adhesi\u00f3n del TelePASE a la cuenta digital de Mercado Pago (MP).<\/p>\n<blockquote>\n<h3>Las autoridades de Autopistas de Buenos Aires S.A. informaron que quienes todav\u00eda no est\u00e9n adheridos a TelePASE podr\u00e1n hacerlo desde la App de Mercado Pago. Mientras que los usuarios que necesiten adquirir el dispositivo que va adherido al parabrisas (TAG) pueden tramitarlo desde la tienda oficial en Mercado Libre o a trav\u00e9s de la aplicaci\u00f3n de MP y lo recibir\u00e1n en su domicilio dentro de las 24 horas h\u00e1biles.<\/h3>\n<\/blockquote>\n<p>El sistema demorar\u00e1 entre 24 y 48 horas en dar de alta al usuario, y a partir de ese momento comenzar\u00e1 a descontar de la cuenta virtual cada pasada por una estaci\u00f3n de peaje de la Autopista Buenos Aires-La Plata y\/o del Sistema Vial Integrado del Atl\u00e1ntico.<\/p>\n<blockquote>\n<h3>Quienes ya cuenten con TelePASE y quieran abonarlo con MP podr\u00e1n hacerlo de manera simple desde la App, siguiendo las instrucciones detalladas.<\/h3>\n<\/blockquote>\n<p>Con la adhesi\u00f3n de TelePASE a una cuenta de Mercado Pago, los usuarios ahorrar\u00e1n tiempo, ya no necesitar\u00e1n tarjeta de cr\u00e9dito y podr\u00e1n controlar en tiempo real los movimientos con la informaci\u00f3n de sus pasadas por las estaciones de peaje.<\/p>\n<\/div>\n<\/div>\n<\/div>\n","protected":false},"excerpt":{"rendered":"<div class=\"mh-excerpt\"><p>Las autoridades de Autopistas de Buenos Aires S.A. (AUBASA) informaron que quienes todav\u00eda no est\u00e9n adheridos a TelePASE podr\u00e1n hacerlo desde la App de Mercado Pago. Desde esta semana, los peajes de las autopistas y <a class=\"mh-excerpt-more\" href=\"https:\/\/larevistadigital.com.ar\/blog\/los-peajes-de-las-rutas-2-y-11-ya-pueden-abonarse-con-mercadopago\/\" title=\"LOS PEAJES DE LAS RUTAS 2 Y 11, YA PUEDEN ABONARSE CON \u00abMERCADOPAGO\u00bb\">[Leer M\u00e1s]<\/a><\/p>\n<\/div>","protected":false},"author":3,"featured_media":19862,"comment_status":"open","ping_status":"open","sticky":false,"template":"","format":"standard","meta":{"_jetpack_memberships_contains_paid_content":false,"footnotes":"","jetpack_publicize_message":"","jetpack_publicize_feature_enabled":true,"jetpack_social_post_already_shared":true,"jetpack_social_options":{"image_generator_settings":{"template":"highway","default_image_id":0,"font":"","enabled":false},"version":2}},"categories":[50],"tags":[],"class_list":{"0":"post-19861","1":"post","2":"type-post","3":"status-publish","4":"format-standard","5":"has-post-thumbnail","7":"category-interes-general"},"jetpack_publicize_connections":[],"jetpack_featured_media_url":"https:\/\/i0.wp.com\/larevistadigital.com.ar\/blog\/wp-content\/uploads\/autopista-buenos-aires-la-plata-peaje-750x430-1.jpg?fit=750%2C430&ssl=1","jetpack_sharing_enabled":true,"jetpack_shortlink":"https:\/\/wp.me\/p8qtrQ-5al","jetpack-related-posts":[{"id":36594,"url":"https:\/\/larevistadigital.com.ar\/blog\/javier-gaston-recibio-a-autoridades-de-autopistas-de-buenos-aires\/","url_meta":{"origin":19861,"position":0},"title":"JAVIER GAST\u00d3N RECIBI\u00d3 A AUTORIDADES DE AUTOPISTAS DE BUENOS AIRES","author":"Alejandro Sosa Ruda","date":"4 julio, 2024","format":false,"excerpt":"En su visita mantuvieron una reuni\u00f3n de trabajo para avanzar en propuestas e iniciativas en com\u00fan. 04 de Julio de 2024 CHASCOM\u00daS\u00a0 -\u00a0 \u00a0El intendente Javier Gast\u00f3n recibi\u00f3 en su despacho a las autoridades de Autopistas de Buenos Aires S.A. (AUBASA), el presidente Jos\u00e9 Arteaga y el vice Walter Abarca,\u2026","rel":"","context":"En \u00abCHASCOM\u00daS\u00bb","block_context":{"text":"CHASCOM\u00daS","link":"https:\/\/larevistadigital.com.ar\/blog\/category\/chascomus\/"},"img":{"alt_text":"","src":"https:\/\/i0.wp.com\/larevistadigital.com.ar\/blog\/wp-content\/uploads\/2024_07_05_01_10_48_1264954.jpeg?fit=600%2C400&ssl=1&resize=350%2C200","width":350,"height":200,"srcset":"https:\/\/i0.wp.com\/larevistadigital.com.ar\/blog\/wp-content\/uploads\/2024_07_05_01_10_48_1264954.jpeg?fit=600%2C400&ssl=1&resize=350%2C200 1x, https:\/\/i0.wp.com\/larevistadigital.com.ar\/blog\/wp-content\/uploads\/2024_07_05_01_10_48_1264954.jpeg?fit=600%2C400&ssl=1&resize=525%2C300 1.5x"},"classes":[]},{"id":43352,"url":"https:\/\/larevistadigital.com.ar\/blog\/el-gobierno-dio-un-nuevo-paso-para-aumentar-los-peajes-en-rutas-y-autopistas-nacionales\/","url_meta":{"origin":19861,"position":1},"title":"El gobierno di\u00f3 un nuevo paso para aumentar los peajes en rutas y autopistas nacionales","author":"Alejandro Sosa Ruda","date":"14 enero, 2026","format":false,"excerpt":"El Gobierno de Javier Milei abri\u00f3 una consulta p\u00fablica para subir hasta 19% los peajes en rutas nacionales. Nuevas tarifas y sin descuento TelePASE. 14 de enero de 2026 En el marco del proceso de privatizaci\u00f3n de los corredores viales, el Gobierno nacional dio un nuevo paso para aumentar hasta\u2026","rel":"","context":"En \u00abINTERES GENERAL\u00bb","block_context":{"text":"INTERES GENERAL","link":"https:\/\/larevistadigital.com.ar\/blog\/category\/interes-general\/"},"img":{"alt_text":"","src":"https:\/\/i0.wp.com\/larevistadigital.com.ar\/blog\/wp-content\/uploads\/Captura-de-pantalla-2026-01-14-191553.jpg?fit=794%2C437&ssl=1&resize=350%2C200","width":350,"height":200,"srcset":"https:\/\/i0.wp.com\/larevistadigital.com.ar\/blog\/wp-content\/uploads\/Captura-de-pantalla-2026-01-14-191553.jpg?fit=794%2C437&ssl=1&resize=350%2C200 1x, https:\/\/i0.wp.com\/larevistadigital.com.ar\/blog\/wp-content\/uploads\/Captura-de-pantalla-2026-01-14-191553.jpg?fit=794%2C437&ssl=1&resize=525%2C300 1.5x, https:\/\/i0.wp.com\/larevistadigital.com.ar\/blog\/wp-content\/uploads\/Captura-de-pantalla-2026-01-14-191553.jpg?fit=794%2C437&ssl=1&resize=700%2C400 2x"},"classes":[]},{"id":13918,"url":"https:\/\/larevistadigital.com.ar\/blog\/el-gobierno-bonaerense-congelo-las-tarifas-de-los-peajes\/","url_meta":{"origin":19861,"position":2},"title":"EL GOBIERNO BONAERENSE CONGEL\u00d3 LAS TARIFAS DE LOS PEAJES","author":"Alejandro Sosa Ruda","date":"30 diciembre, 2019","format":false,"excerpt":"El gobierno de la provincia de Buenos Aires dispuso el congelamiento de las tarifas de los peajes en el distrito, con lo cual dej\u00f3 en suspenso la implementaci\u00f3n de un aumento del 25% que hab\u00eda sido dispuesto por la gesti\u00f3n anterior, encabezada por Mar\u00eda Eugenia Vidal. As\u00ed lo confirm\u00f3 esta\u2026","rel":"","context":"En \u00abINTERES GENERAL\u00bb","block_context":{"text":"INTERES GENERAL","link":"https:\/\/larevistadigital.com.ar\/blog\/category\/interes-general\/"},"img":{"alt_text":"","src":"https:\/\/i0.wp.com\/larevistadigital.com.ar\/blog\/wp-content\/uploads\/9d2d3b9705edf34c02902e2482614adfc0e5865b.jpg?fit=1140%2C641&ssl=1&resize=350%2C200","width":350,"height":200,"srcset":"https:\/\/i0.wp.com\/larevistadigital.com.ar\/blog\/wp-content\/uploads\/9d2d3b9705edf34c02902e2482614adfc0e5865b.jpg?fit=1140%2C641&ssl=1&resize=350%2C200 1x, https:\/\/i0.wp.com\/larevistadigital.com.ar\/blog\/wp-content\/uploads\/9d2d3b9705edf34c02902e2482614adfc0e5865b.jpg?fit=1140%2C641&ssl=1&resize=525%2C300 1.5x, https:\/\/i0.wp.com\/larevistadigital.com.ar\/blog\/wp-content\/uploads\/9d2d3b9705edf34c02902e2482614adfc0e5865b.jpg?fit=1140%2C641&ssl=1&resize=700%2C400 2x, https:\/\/i0.wp.com\/larevistadigital.com.ar\/blog\/wp-content\/uploads\/9d2d3b9705edf34c02902e2482614adfc0e5865b.jpg?fit=1140%2C641&ssl=1&resize=1050%2C600 3x"},"classes":[]},{"id":497,"url":"https:\/\/larevistadigital.com.ar\/blog\/aubasa-apelara-la-decision-judicial-dispone-retrotraer-los-valores-del-peaje\/","url_meta":{"origin":19861,"position":3},"title":"AUBASA apelar\u00e1 la decisi\u00f3n judicial que dispone retrotraer los valores del peaje","author":"Alejandro Sosa Ruda","date":"3 marzo, 2017","format":false,"excerpt":"Autoridades de AUBASA apelar\u00e1n la decisi\u00f3n del juez Carlos Cattogio, que hizo lugar a un recurso presentado por la Defensor\u00eda del Pueblo provincial. \u00a0 Con el fin de afrontar el costo de nuevas obras y el mantenimiento permanente de la Autopista Buenos Aires La Plata y otras rutas, autoridades del\u2026","rel":"","context":"En \u00abPOLITICA\u00bb","block_context":{"text":"POLITICA","link":"https:\/\/larevistadigital.com.ar\/blog\/category\/politica\/"},"img":{"alt_text":"","src":"https:\/\/i0.wp.com\/larevistadigital.com.ar\/blog\/wp-content\/uploads\/2017\/03\/peaje-samborombo.jpg?fit=1200%2C672&ssl=1&resize=350%2C200","width":350,"height":200,"srcset":"https:\/\/i0.wp.com\/larevistadigital.com.ar\/blog\/wp-content\/uploads\/2017\/03\/peaje-samborombo.jpg?fit=1200%2C672&ssl=1&resize=350%2C200 1x, https:\/\/i0.wp.com\/larevistadigital.com.ar\/blog\/wp-content\/uploads\/2017\/03\/peaje-samborombo.jpg?fit=1200%2C672&ssl=1&resize=525%2C300 1.5x, https:\/\/i0.wp.com\/larevistadigital.com.ar\/blog\/wp-content\/uploads\/2017\/03\/peaje-samborombo.jpg?fit=1200%2C672&ssl=1&resize=700%2C400 2x, https:\/\/i0.wp.com\/larevistadigital.com.ar\/blog\/wp-content\/uploads\/2017\/03\/peaje-samborombo.jpg?fit=1200%2C672&ssl=1&resize=1050%2C600 3x"},"classes":[]},{"id":5366,"url":"https:\/\/larevistadigital.com.ar\/blog\/semana-santa-operativo-de-seguridad-y-asistencia-vial-en-todas-las-rutas-a-la-costa-atlantica\/","url_meta":{"origin":19861,"position":4},"title":"SEMANA SANTA: Operativo de seguridad y asistencia vial en todas las rutas a la Costa Atl\u00e1ntica","author":"admin","date":"29 marzo, 2018","format":false,"excerpt":"Este fin de semana largo de Pascuas,\u00a0AUBASA\u00a0informa que desplegar\u00e1 un operativo de seguridad y asistencia vial en todas las rutas que van a a la Costa. Asi es que la empresa concesionaria de la autopista Buenos Aires La Plata, la Autov\u00eda2\u00a0 y las rutas 11, 63, 56 y 74 desplegar\u00e1\u2026","rel":"","context":"En \u00abCHASCOM\u00daS\u00bb","block_context":{"text":"CHASCOM\u00daS","link":"https:\/\/larevistadigital.com.ar\/blog\/category\/chascomus\/"},"img":{"alt_text":"","src":"https:\/\/i0.wp.com\/larevistadigital.com.ar\/blog\/wp-content\/uploads\/2018\/03\/DSC_0293a-1.jpg?fit=1200%2C634&ssl=1&resize=350%2C200","width":350,"height":200,"srcset":"https:\/\/i0.wp.com\/larevistadigital.com.ar\/blog\/wp-content\/uploads\/2018\/03\/DSC_0293a-1.jpg?fit=1200%2C634&ssl=1&resize=350%2C200 1x, https:\/\/i0.wp.com\/larevistadigital.com.ar\/blog\/wp-content\/uploads\/2018\/03\/DSC_0293a-1.jpg?fit=1200%2C634&ssl=1&resize=525%2C300 1.5x, https:\/\/i0.wp.com\/larevistadigital.com.ar\/blog\/wp-content\/uploads\/2018\/03\/DSC_0293a-1.jpg?fit=1200%2C634&ssl=1&resize=700%2C400 2x, https:\/\/i0.wp.com\/larevistadigital.com.ar\/blog\/wp-content\/uploads\/2018\/03\/DSC_0293a-1.jpg?fit=1200%2C634&ssl=1&resize=1050%2C600 3x"},"classes":[]},{"id":9266,"url":"https:\/\/larevistadigital.com.ar\/blog\/los-peajes-de-la-autopista-buenos-aires-la-plata-aumentaran-un-33\/","url_meta":{"origin":19861,"position":5},"title":"LOS PEAJES DE LA AUTOPISTA BUENOS AIRES-LA PLATA AUMENTAR\u00c1N UN 33%","author":"Alejandro Sosa Ruda","date":"22 marzo, 2019","format":false,"excerpt":"Parece de nunca acabar, pero lamentablemente ha vueltoa\u00a0 ocurrir: La\u00a0tarifa\u00a0de los\u00a0peajes de la Autopista Buenos Aires \u2013 La Plata\u00a0y el\u00a0Corredor del Atl\u00e1ntico\u00a0aumentar\u00e1n un 33%, seg\u00fan la actualizaci\u00f3n de precios que fue presentada en las audiencias p\u00fablicas que se llevaron a cabo en la ciudad de La Plata. Los autos pasar\u00e1n\u2026","rel":"","context":"En \u00abDESTACADAS\u00bb","block_context":{"text":"DESTACADAS","link":"https:\/\/larevistadigital.com.ar\/blog\/category\/destacadas\/"},"img":{"alt_text":"","src":"https:\/\/i0.wp.com\/larevistadigital.com.ar\/blog\/wp-content\/uploads\/2019\/03\/20181001105050_.0004956188.jpg?fit=780%2C440&ssl=1&resize=350%2C200","width":350,"height":200,"srcset":"https:\/\/i0.wp.com\/larevistadigital.com.ar\/blog\/wp-content\/uploads\/2019\/03\/20181001105050_.0004956188.jpg?fit=780%2C440&ssl=1&resize=350%2C200 1x, https:\/\/i0.wp.com\/larevistadigital.com.ar\/blog\/wp-content\/uploads\/2019\/03\/20181001105050_.0004956188.jpg?fit=780%2C440&ssl=1&resize=525%2C300 1.5x, https:\/\/i0.wp.com\/larevistadigital.com.ar\/blog\/wp-content\/uploads\/2019\/03\/20181001105050_.0004956188.jpg?fit=780%2C440&ssl=1&resize=700%2C400 2x"},"classes":[]}],"_links":{"self":[{"href":"https:\/\/larevistadigital.com.ar\/blog\/wp-json\/wp\/v2\/posts\/19861","targetHints":{"allow":["GET"]}}],"collection":[{"href":"https:\/\/larevistadigital.com.ar\/blog\/wp-json\/wp\/v2\/posts"}],"about":[{"href":"https:\/\/larevistadigital.com.ar\/blog\/wp-json\/wp\/v2\/types\/post"}],"author":[{"embeddable":true,"href":"https:\/\/larevistadigital.com.ar\/blog\/wp-json\/wp\/v2\/users\/3"}],"replies":[{"embeddable":true,"href":"https:\/\/larevistadigital.com.ar\/blog\/wp-json\/wp\/v2\/comments?post=19861"}],"version-history":[{"count":1,"href":"https:\/\/larevistadigital.com.ar\/blog\/wp-json\/wp\/v2\/posts\/19861\/revisions"}],"predecessor-version":[{"id":19863,"href":"https:\/\/larevistadigital.com.ar\/blog\/wp-json\/wp\/v2\/posts\/19861\/revisions\/19863"}],"wp:featuredmedia":[{"embeddable":true,"href":"https:\/\/larevistadigital.com.ar\/blog\/wp-json\/wp\/v2\/media\/19862"}],"wp:attachment":[{"href":"https:\/\/larevistadigital.com.ar\/blog\/wp-json\/wp\/v2\/media?parent=19861"}],"wp:term":[{"taxonomy":"category","embeddable":true,"href":"https:\/\/larevistadigital.com.ar\/blog\/wp-json\/wp\/v2\/categories?post=19861"},{"taxonomy":"post_tag","embeddable":true,"href":"https:\/\/larevistadigital.com.ar\/blog\/wp-json\/wp\/v2\/tags?post=19861"}],"curies":[{"name":"wp","href":"https:\/\/api.w.org\/{rel}","templated":true}]}}