{"id":19894,"date":"2021-04-28T15:34:01","date_gmt":"2021-04-28T15:34:01","guid":{"rendered":"https:\/\/larevistadigital.com.ar\/blog\/?p=19894"},"modified":"2021-04-28T15:34:01","modified_gmt":"2021-04-28T15:34:01","slug":"la-plata-la-dejo-el-novio-y-una-heladeria-le-envio-una-sorpresa-que-se-viralizo","status":"publish","type":"post","link":"https:\/\/larevistadigital.com.ar\/blog\/la-plata-la-dejo-el-novio-y-una-heladeria-le-envio-una-sorpresa-que-se-viralizo\/","title":{"rendered":"LA PLATA: LA DEJ\u00d3 EL NOVIO Y UNA HELADER\u00cdA LE ENVI\u00d3 UNA SORPRESA QUE SE VIRALIZ\u00d3"},"content":{"rendered":"<h2>Se hab\u00eda peleado con su pareja y una amiga intent\u00f3 \u201clevantarle el \u00e1nimo\u201d. A los trabajadores del negocio se les ocurri\u00f3 una gran idea.<\/h2>\n<p><strong>LA PLATA &#8211;<\/strong> En plena pandemia sin dudas que el env\u00edo de cualquier tipo de cosas a trav\u00e9s del delivery ha sido la forma predilecta de muchas personas para comunicarse. Esta vez se dio a conocer una particular historia que <b><strong>tiene como protagonista a dos amigas y la helader\u00eda\u00a0Vipentto<\/strong><\/b><b><strong>\u00a0de La Plata<\/strong><\/b>.<\/p>\n<p>Todo comenz\u00f3 cuando una de las j\u00f3venes decidi\u00f3 comprar un cuarto de helado para su amiga, quien estaba triste por haber terminado su relaci\u00f3n con el novio. Por eso fue que al realizar el pedido, puso como condici\u00f3n que pusieran dentro \u201cun mensaje de aliento\u201d.<\/p>\n<blockquote>\n<h3 style=\"font-weight: 400\">En la helader\u00eda Vipentto se sumaron a la misi\u00f3n, y el cuarto de helado lleg\u00f3 al domicilio con un cartel que dec\u00eda:\u00a0<b><strong>\u201cQuer\u00e9s ver como te hago m\u00e1s feliz que tu ex en apenas dos minutos? Abr\u00ed el pote! Arriba el \u00e1nimo!!\u201d<\/strong><\/b>.<\/h3>\n<\/blockquote>\n<p style=\"font-weight: 300 !important\">El comercio platense no se qued\u00f3 solamente con el mensaje y dedicatoria,\u00a0<strong>sino que adem\u00e1s envi\u00f3 de regalo un baucher por 1 kilo de helado<\/strong>, lo cual puso m\u00e1s contenta a\u00fan a la chica que se pele\u00f3 con su pareja.<\/p>\n<p><strong><img data-recalc-dims=\"1\" loading=\"lazy\" decoding=\"async\" class=\"size-full wp-image-19895 aligncenter\" src=\"https:\/\/i0.wp.com\/larevistadigital.com.ar\/blog\/wp-content\/uploads\/HELADERIA.png?resize=726%2C476&#038;ssl=1\" alt=\"\" width=\"726\" height=\"476\" srcset=\"https:\/\/i0.wp.com\/larevistadigital.com.ar\/blog\/wp-content\/uploads\/HELADERIA.png?w=726&amp;ssl=1 726w, https:\/\/i0.wp.com\/larevistadigital.com.ar\/blog\/wp-content\/uploads\/HELADERIA.png?resize=300%2C197&amp;ssl=1 300w\" sizes=\"auto, (max-width: 726px) 100vw, 726px\" \/><\/strong><\/p>\n<p><strong>Las fotos y la historia fueron publicadas en Twitter y se viralizaron de inmediato.<\/strong>\u00a0Muchos en las redes valoraron el regalo de la amiga y al mismo tiempo destacaron lo hecho por la helader\u00eda Vipentto.<\/p>\n","protected":false},"excerpt":{"rendered":"<div class=\"mh-excerpt\"><p>Se hab\u00eda peleado con su pareja y una amiga intent\u00f3 \u201clevantarle el \u00e1nimo\u201d. A los trabajadores del negocio se les ocurri\u00f3 una gran idea. LA PLATA &#8211; En plena pandemia sin dudas que el env\u00edo <a class=\"mh-excerpt-more\" href=\"https:\/\/larevistadigital.com.ar\/blog\/la-plata-la-dejo-el-novio-y-una-heladeria-le-envio-una-sorpresa-que-se-viralizo\/\" title=\"LA PLATA: LA DEJ\u00d3 EL NOVIO Y UNA HELADER\u00cdA LE ENVI\u00d3 UNA SORPRESA QUE SE VIRALIZ\u00d3\">[Leer M\u00e1s]<\/a><\/p>\n<\/div>","protected":false},"author":3,"featured_media":19896,"comment_status":"open","ping_status":"open","sticky":false,"template":"","format":"standard","meta":{"_jetpack_memberships_contains_paid_content":false,"footnotes":"","jetpack_publicize_message":"","jetpack_publicize_feature_enabled":true,"jetpack_social_post_already_shared":true,"jetpack_social_options":{"image_generator_settings":{"template":"highway","default_image_id":0,"font":"","enabled":false},"version":2}},"categories":[11,50],"tags":[],"class_list":{"0":"post-19894","1":"post","2":"type-post","3":"status-publish","4":"format-standard","5":"has-post-thumbnail","7":"category-curiosas","8":"category-interes-general"},"jetpack_publicize_connections":[],"jetpack_featured_media_url":"https:\/\/i0.wp.com\/larevistadigital.com.ar\/blog\/wp-content\/uploads\/REGALO.png?fit=642%2C367&ssl=1","jetpack_sharing_enabled":true,"jetpack_shortlink":"https:\/\/wp.me\/p8qtrQ-5aS","jetpack-related-posts":[{"id":14386,"url":"https:\/\/larevistadigital.com.ar\/blog\/mar-del-plata-asaltan-heladeria-a-mano-armada-fueron-detenidos\/","url_meta":{"origin":19894,"position":0},"title":"MAR DEL PLATA: ASALTAN HELADER\u00cdA A MANO ARMADA. FUERON DETENIDOS","author":"Alejandro Sosa Ruda","date":"26 enero, 2020","format":false,"excerpt":"Tres hombres, de entre 28 y 43 a\u00f1os, fueron detenidos esta madrugada acusados de haber robado a mano armada una helader\u00eda en\u00a0Col\u00f3n y Buenos Aires\u00a0y escapado en dos autos tras una persecuci\u00f3n que termin\u00f3 a metros del\u00a0Parque Camet. El hecho se registr\u00f3 cerca de las 4 de la madrugada, cuando\u2026","rel":"","context":"En \u00abPOLICIALES\u00bb","block_context":{"text":"POLICIALES","link":"https:\/\/larevistadigital.com.ar\/blog\/category\/policiales\/"},"img":{"alt_text":"","src":"https:\/\/i0.wp.com\/larevistadigital.com.ar\/blog\/wp-content\/uploads\/Screenshot_2-74.jpg?fit=1010%2C720&ssl=1&resize=350%2C200","width":350,"height":200,"srcset":"https:\/\/i0.wp.com\/larevistadigital.com.ar\/blog\/wp-content\/uploads\/Screenshot_2-74.jpg?fit=1010%2C720&ssl=1&resize=350%2C200 1x, https:\/\/i0.wp.com\/larevistadigital.com.ar\/blog\/wp-content\/uploads\/Screenshot_2-74.jpg?fit=1010%2C720&ssl=1&resize=525%2C300 1.5x, https:\/\/i0.wp.com\/larevistadigital.com.ar\/blog\/wp-content\/uploads\/Screenshot_2-74.jpg?fit=1010%2C720&ssl=1&resize=700%2C400 2x"},"classes":[]},{"id":35165,"url":"https:\/\/larevistadigital.com.ar\/blog\/la-plata-como-no-pudo-matar-con-veneno-a-su-novio-decidio-apunalarlo\/","url_meta":{"origin":19894,"position":1},"title":"LA PLATA: COMO NO PUDO MATAR CON VENENO A SU NOVIO, DECIDI\u00d3 APU\u00d1ALARLO","author":"Alejandro Sosa Ruda","date":"5 febrero, 2024","format":false,"excerpt":"La v\u00edctima tiene 45 a\u00f1os y lleg\u00f3 a un hospital de La Plata con una gran herida en su pecho y signos de intoxicaci\u00f3n. Culpa a su novia de 36. 5 de febrero de 2023 LA PLATA\u00a0 \u00a0-\u00a0 Fue detenida\u00a0una mujer de 36 a\u00f1os\u00a0acusada de apu\u00f1alar a su novio luego\u2026","rel":"","context":"En \u00abPOLICIALES\u00bb","block_context":{"text":"POLICIALES","link":"https:\/\/larevistadigital.com.ar\/blog\/category\/policiales\/"},"img":{"alt_text":"","src":"https:\/\/i0.wp.com\/larevistadigital.com.ar\/blog\/wp-content\/uploads\/Captura-de-pantalla-2024-02-05-202336.png?fit=906%2C508&ssl=1&resize=350%2C200","width":350,"height":200,"srcset":"https:\/\/i0.wp.com\/larevistadigital.com.ar\/blog\/wp-content\/uploads\/Captura-de-pantalla-2024-02-05-202336.png?fit=906%2C508&ssl=1&resize=350%2C200 1x, https:\/\/i0.wp.com\/larevistadigital.com.ar\/blog\/wp-content\/uploads\/Captura-de-pantalla-2024-02-05-202336.png?fit=906%2C508&ssl=1&resize=525%2C300 1.5x, https:\/\/i0.wp.com\/larevistadigital.com.ar\/blog\/wp-content\/uploads\/Captura-de-pantalla-2024-02-05-202336.png?fit=906%2C508&ssl=1&resize=700%2C400 2x"},"classes":[]},{"id":32899,"url":"https:\/\/larevistadigital.com.ar\/blog\/la-plata-conmocion-discutio-con-el-novio-de-su-hija-y-le-pego-un-tiro\/","url_meta":{"origin":19894,"position":2},"title":"LA PLATA: CONMOCI\u00d3N. DISCUTI\u00d3 CON EL NOVIO DE SU HIJA Y LE PEG\u00d3 UN TIRO.","author":"Alejandro Sosa Ruda","date":"16 agosto, 2023","format":false,"excerpt":"Las autoridades informaron que la bala impact\u00f3 en el muslo derecho de la v\u00edctima de 24 a\u00f1os. El joven fue trasladado a un hospital y est\u00e1 fuera de peligro. 16 de agosto de 2023 LA PLATA -\u00a0 La Polic\u00eda detuvo a un hombre que est\u00e1 acusado de\u00a0balear a la pareja\u2026","rel":"","context":"En \u00abPOLICIALES\u00bb","block_context":{"text":"POLICIALES","link":"https:\/\/larevistadigital.com.ar\/blog\/category\/policiales\/"},"img":{"alt_text":"","src":"https:\/\/i0.wp.com\/larevistadigital.com.ar\/blog\/wp-content\/uploads\/1586465615052.jpg?fit=1200%2C594&ssl=1&resize=350%2C200","width":350,"height":200,"srcset":"https:\/\/i0.wp.com\/larevistadigital.com.ar\/blog\/wp-content\/uploads\/1586465615052.jpg?fit=1200%2C594&ssl=1&resize=350%2C200 1x, https:\/\/i0.wp.com\/larevistadigital.com.ar\/blog\/wp-content\/uploads\/1586465615052.jpg?fit=1200%2C594&ssl=1&resize=525%2C300 1.5x, https:\/\/i0.wp.com\/larevistadigital.com.ar\/blog\/wp-content\/uploads\/1586465615052.jpg?fit=1200%2C594&ssl=1&resize=700%2C400 2x, https:\/\/i0.wp.com\/larevistadigital.com.ar\/blog\/wp-content\/uploads\/1586465615052.jpg?fit=1200%2C594&ssl=1&resize=1050%2C600 3x"},"classes":[]},{"id":13950,"url":"https:\/\/larevistadigital.com.ar\/blog\/mar-del-plata-video-salvaje-ataque-a-una-familia-en-el-paseo-jesus-de-galindez\/","url_meta":{"origin":19894,"position":3},"title":"MAR DEL PLATA: [VIDEO] SALVAJE ATAQUE A UNA FAMILIA EN EL PASEO JES\u00daS DE GALINDEZ","author":"Alejandro Sosa Ruda","date":"2 enero, 2020","format":false,"excerpt":"Un violento episodio se produjo durante la madrugada del 1\u00ba de enero. Una joven iba con su madre y su novio en el auto y se toparon con una \u201cfiesta\u201d. No los dejaron pasar, les destrozaron el auto y los hirieron. Una joven decidi\u00f3 salir a pasear en la madrugada\u2026","rel":"","context":"En \u00abPOLICIALES\u00bb","block_context":{"text":"POLICIALES","link":"https:\/\/larevistadigital.com.ar\/blog\/category\/policiales\/"},"img":{"alt_text":"","src":"https:\/\/i0.wp.com\/larevistadigital.com.ar\/blog\/wp-content\/uploads\/1577973740403.jpg?fit=756%2C426&ssl=1&resize=350%2C200","width":350,"height":200,"srcset":"https:\/\/i0.wp.com\/larevistadigital.com.ar\/blog\/wp-content\/uploads\/1577973740403.jpg?fit=756%2C426&ssl=1&resize=350%2C200 1x, https:\/\/i0.wp.com\/larevistadigital.com.ar\/blog\/wp-content\/uploads\/1577973740403.jpg?fit=756%2C426&ssl=1&resize=525%2C300 1.5x, https:\/\/i0.wp.com\/larevistadigital.com.ar\/blog\/wp-content\/uploads\/1577973740403.jpg?fit=756%2C426&ssl=1&resize=700%2C400 2x"},"classes":[]},{"id":8925,"url":"https:\/\/larevistadigital.com.ar\/blog\/chascomus-hoy-las-finales-de-papy-en-deportivo-con-entrada-libre-y-gratuita\/","url_meta":{"origin":19894,"position":4},"title":"CHASCOM\u00daS: HOY LAS FINALES DE PAPY EN DEPORTIVO, CON ENTRADA LIBRE Y GRATUITA","author":"Alejandro Sosa Ruda","date":"8 marzo, 2019","format":false,"excerpt":"Las finales del papy \u201cCopa Automotores Avenida\u201d se juegan hoy viernes 8 de marzo en el Club Deportivo.\u00a0Habr\u00e1 dos finales, torneos Tradicional y Mixto, y otro partido por el tercer y cuarto puesto del campeonato Mixto. Finalmente parece que el tiempo permitir\u00e1 definir este apasionante y tradicional torneo de f\u00fatbol\u2026","rel":"","context":"En \u00abDEPORTES\u00bb","block_context":{"text":"DEPORTES","link":"https:\/\/larevistadigital.com.ar\/blog\/category\/deportes\/"},"img":{"alt_text":"","src":"https:\/\/i0.wp.com\/larevistadigital.com.ar\/blog\/wp-content\/uploads\/2019\/03\/Screenshot_3-1.jpg?fit=740%2C650&ssl=1&resize=350%2C200","width":350,"height":200,"srcset":"https:\/\/i0.wp.com\/larevistadigital.com.ar\/blog\/wp-content\/uploads\/2019\/03\/Screenshot_3-1.jpg?fit=740%2C650&ssl=1&resize=350%2C200 1x, https:\/\/i0.wp.com\/larevistadigital.com.ar\/blog\/wp-content\/uploads\/2019\/03\/Screenshot_3-1.jpg?fit=740%2C650&ssl=1&resize=525%2C300 1.5x, https:\/\/i0.wp.com\/larevistadigital.com.ar\/blog\/wp-content\/uploads\/2019\/03\/Screenshot_3-1.jpg?fit=740%2C650&ssl=1&resize=700%2C400 2x"},"classes":[]},{"id":25976,"url":"https:\/\/larevistadigital.com.ar\/blog\/violencia-de-genero-detuvieron-a-una-joven-por-golpear-a-su-novio\/","url_meta":{"origin":19894,"position":5},"title":"VIOLENCIA DE G\u00c9NERO: DETUVIERON A UNA J\u00d3VEN POR GOLPEAR A SU NOVIO","author":"Alejandro Sosa Ruda","date":"18 junio, 2022","format":false,"excerpt":"Ocurri\u00f3 esta madrugada en el barrio San Carlos. La mujer, de 24 a\u00f1os, qued\u00f3 aprehendida por lesiones y amenazas y fue trasladada al Destacamento Femenino. MAR DEL PLATA -\u00a0 Una joven de 24 a\u00f1os\u00a0fue aprehendida esta madrugada\u00a0por golpear y amenazar de muerte a su novio tras una discusi\u00f3n en una\u2026","rel":"","context":"En \u00abPOLICIALES\u00bb","block_context":{"text":"POLICIALES","link":"https:\/\/larevistadigital.com.ar\/blog\/category\/policiales\/"},"img":{"alt_text":"","src":"https:\/\/i0.wp.com\/larevistadigital.com.ar\/blog\/wp-content\/uploads\/mardel-2.png?fit=804%2C532&ssl=1&resize=350%2C200","width":350,"height":200,"srcset":"https:\/\/i0.wp.com\/larevistadigital.com.ar\/blog\/wp-content\/uploads\/mardel-2.png?fit=804%2C532&ssl=1&resize=350%2C200 1x, https:\/\/i0.wp.com\/larevistadigital.com.ar\/blog\/wp-content\/uploads\/mardel-2.png?fit=804%2C532&ssl=1&resize=525%2C300 1.5x, https:\/\/i0.wp.com\/larevistadigital.com.ar\/blog\/wp-content\/uploads\/mardel-2.png?fit=804%2C532&ssl=1&resize=700%2C400 2x"},"classes":[]}],"_links":{"self":[{"href":"https:\/\/larevistadigital.com.ar\/blog\/wp-json\/wp\/v2\/posts\/19894","targetHints":{"allow":["GET"]}}],"collection":[{"href":"https:\/\/larevistadigital.com.ar\/blog\/wp-json\/wp\/v2\/posts"}],"about":[{"href":"https:\/\/larevistadigital.com.ar\/blog\/wp-json\/wp\/v2\/types\/post"}],"author":[{"embeddable":true,"href":"https:\/\/larevistadigital.com.ar\/blog\/wp-json\/wp\/v2\/users\/3"}],"replies":[{"embeddable":true,"href":"https:\/\/larevistadigital.com.ar\/blog\/wp-json\/wp\/v2\/comments?post=19894"}],"version-history":[{"count":1,"href":"https:\/\/larevistadigital.com.ar\/blog\/wp-json\/wp\/v2\/posts\/19894\/revisions"}],"predecessor-version":[{"id":19897,"href":"https:\/\/larevistadigital.com.ar\/blog\/wp-json\/wp\/v2\/posts\/19894\/revisions\/19897"}],"wp:featuredmedia":[{"embeddable":true,"href":"https:\/\/larevistadigital.com.ar\/blog\/wp-json\/wp\/v2\/media\/19896"}],"wp:attachment":[{"href":"https:\/\/larevistadigital.com.ar\/blog\/wp-json\/wp\/v2\/media?parent=19894"}],"wp:term":[{"taxonomy":"category","embeddable":true,"href":"https:\/\/larevistadigital.com.ar\/blog\/wp-json\/wp\/v2\/categories?post=19894"},{"taxonomy":"post_tag","embeddable":true,"href":"https:\/\/larevistadigital.com.ar\/blog\/wp-json\/wp\/v2\/tags?post=19894"}],"curies":[{"name":"wp","href":"https:\/\/api.w.org\/{rel}","templated":true}]}}