{"id":20095,"date":"2021-05-05T15:08:04","date_gmt":"2021-05-05T15:08:04","guid":{"rendered":"https:\/\/larevistadigital.com.ar\/blog\/?p=20095"},"modified":"2021-05-05T15:08:04","modified_gmt":"2021-05-05T15:08:04","slug":"alerta-un-cohete-chino-fuera-de-control-caeria-este-fin-de-semana-en-la-tierra","status":"publish","type":"post","link":"https:\/\/larevistadigital.com.ar\/blog\/alerta-un-cohete-chino-fuera-de-control-caeria-este-fin-de-semana-en-la-tierra\/","title":{"rendered":"ALERTA: UN COHETE CHINO, FUERA DE CONTROL CAER\u00cdA ESTE FIN DE SEMANA EN LA TIERRA."},"content":{"rendered":"<h2 class=\"nota__hero__summary\">Advierten que es imposible predecir en qu\u00e9 lugar caer\u00edan sus restos pero aseguran que el riesgo de que haya alg\u00fan da\u00f1o o de que impacte a alguien es bastante peque\u00f1o.<\/h2>\n<p>El Pent\u00e1gono dice que est\u00e1 rastreando un gran cohete chino que est\u00e1 fuera de control y listo para volver a entrar en la atm\u00f3sfera de la Tierra este fin de semana, lo que genera preocupaciones sobre d\u00f3nde pueden impactar sus desechos.<\/p>\n<p>Se espera que el cohete chino Long March 5B entre en la atm\u00f3sfera de la Tierra \u00abalrededor del 8 de mayo\u00bb, seg\u00fan un comunicado del portavoz del Departamento de Defensa Mike Howard, quien dijo que el Comando Espacial de Estados Unidos est\u00e1 rastreando la trayectoria del cohete.<\/p>\n<blockquote>\n<h3>El \u00abpunto exacto de entrada a la atm\u00f3sfera de la Tierra\u00bb del cohete no puede ser identificado hasta dentro de unas horas despu\u00e9s de su ingreso, dijo Howard en declaraciones reproducidas por la CNN. Sin embargo, agreg\u00f3 el 18\u00b0 Escuadr\u00f3n de Control Espacial proporcionar\u00e1 actualizaciones diarias sobre la ubicaci\u00f3n del cohete a trav\u00e9s del sitio web Space Track.<\/h3>\n<\/blockquote>\n<p>Los chinos utilizaron el cohete para lanzar parte de su estaci\u00f3n espacial la semana pasada. Si bien la mayor\u00eda de los objetos de desechos espaciales se queman en la atm\u00f3sfera, el tama\u00f1o del cohete, de 22 toneladas, ha generado preocupaci\u00f3n de que partes grandes puedan volver a ingresar y causar da\u00f1os si impactan \u00e1reas habitadas.<\/p>\n<p>No obstante, Jonathan McDowell, astrof\u00edsico del Centro de Astrof\u00edsica de la Universidad de Harvard, le dijo a CNN que la situaci\u00f3n <strong><em>\u00abno es el fin del mundo\u00bb.<\/em><\/strong><\/p>\n<blockquote>\n<h3>\u00abNo creo que las personas deban tomar precauciones. El riesgo de que haya alg\u00fan da\u00f1o o de que impacte a alguien es bastante peque\u00f1o, no insignificante, podr\u00eda suceder, pero el riesgo de que te impacte es incre\u00edblemente peque\u00f1o. Entonces, no perder\u00eda ni un segundo de sue\u00f1o por esto como una amenaza personal\u00bb, dijo.<\/h3>\n<\/blockquote>\n<p>McDowell explic\u00f3 que se\u00f1alar hacia d\u00f3nde podr\u00edan dirigirse los escombros es casi imposible en este punto debido a la velocidad a la que viaja el cohete, incluso con cambios leves en las circunstancias que cambian dr\u00e1sticamente la trayectoria.<\/p>\n<blockquote>\n<h3>\u00abEsperamos que vuelva a entrar en alg\u00fan momento entre el 8 y el 10 de mayo. Y en ese per\u00edodo de dos d\u00edas, da la vuelta al mundo 30 veces. La cosa est\u00e1 viajando como a 30.000 km\/h. Entonces, si est\u00e1s a una hora de adivinar cu\u00e1ndo baja, est\u00e1s a 30.000 kil\u00f3metros de decir en qu\u00e9 punto\u00bb.<\/h3>\n<\/blockquote>\n<p><em><strong>\u00abPor eso, no debes creer a nadie que te diga: \u2018Oh, s\u00ed, he o\u00eddo que se viene abajo en este lugar en particular&#8217;\u00bb<\/strong><\/em>, agreg\u00f3 McDowell. \u00abNo les creas al menos unas horas antes del reingreso porque simplemente no lo sabremos de antemano\u00bb.<\/p>\n<blockquote>\n<h3>A\u00fan as\u00ed, el oc\u00e9ano sigue siendo la apuesta m\u00e1s segura sobre d\u00f3nde aterrizar\u00e1n los desechos, dijo, solo porque ocupa la mayor parte de la superficie de la Tierra. \u00abSi quieres apostar en qu\u00e9 lugar de la Tierra aterrizar\u00e1 algo, apuesta por el Pac\u00edfico, porque el Pac\u00edfico es la parte m\u00e1s grande de la Tierra. Es as\u00ed de simple\u00bb, dijo McDowell.<\/h3>\n<\/blockquote>\n<p>La preocupaci\u00f3n por los desechos espaciales se produce despu\u00e9s de que China lanz\u00f3 el primer m\u00f3dulo de su estaci\u00f3n espacial planificada el jueves por la ma\u00f1ana desde el sitio de lanzamiento de Wenchang en la isla sure\u00f1a de Hainan, seg\u00fan la Administraci\u00f3n Nacional del Espacio de China.<\/p>\n<p>La estaci\u00f3n espacial de China no se lanzar\u00e1 de una vez; se ensamblar\u00e1 a partir de varios m\u00f3dulos que despegar\u00e1n en diferentes momentos. Los medios estatales chinos informan que la estaci\u00f3n espacial del pa\u00eds estar\u00e1 en pleno funcionamiento para fines de 2022.<\/p>\n","protected":false},"excerpt":{"rendered":"<div class=\"mh-excerpt\"><p>Advierten que es imposible predecir en qu\u00e9 lugar caer\u00edan sus restos pero aseguran que el riesgo de que haya alg\u00fan da\u00f1o o de que impacte a alguien es bastante peque\u00f1o. El Pent\u00e1gono dice que est\u00e1 <a class=\"mh-excerpt-more\" href=\"https:\/\/larevistadigital.com.ar\/blog\/alerta-un-cohete-chino-fuera-de-control-caeria-este-fin-de-semana-en-la-tierra\/\" title=\"ALERTA: UN COHETE CHINO, FUERA DE CONTROL CAER\u00cdA ESTE FIN DE SEMANA EN LA TIERRA.\">[Leer M\u00e1s]<\/a><\/p>\n<\/div>","protected":false},"author":3,"featured_media":20096,"comment_status":"open","ping_status":"open","sticky":false,"template":"","format":"standard","meta":{"_jetpack_memberships_contains_paid_content":false,"footnotes":"","jetpack_publicize_message":"","jetpack_publicize_feature_enabled":true,"jetpack_social_post_already_shared":true,"jetpack_social_options":{"image_generator_settings":{"template":"highway","default_image_id":0,"font":"","enabled":false},"version":2}},"categories":[41],"tags":[],"class_list":{"0":"post-20095","1":"post","2":"type-post","3":"status-publish","4":"format-standard","5":"has-post-thumbnail","7":"category-destacadas"},"jetpack_publicize_connections":[],"jetpack_featured_media_url":"https:\/\/i0.wp.com\/larevistadigital.com.ar\/blog\/wp-content\/uploads\/a46b2b9bbdf2e656b119ab21027e6f8045c054fe.jpg?fit=1140%2C649&ssl=1","jetpack_sharing_enabled":true,"jetpack_shortlink":"https:\/\/wp.me\/p8qtrQ-5e7","jetpack-related-posts":[{"id":22798,"url":"https:\/\/larevistadigital.com.ar\/blog\/evitan-el-fin-del-mundo-la-nasa-lanzara-un-cohete-espacial-para-desviar-un-asteroide\/","url_meta":{"origin":20095,"position":0},"title":"\u00bfEVITAN EL FIN DEL MUNDO? : LA NASA LANZAR\u00c1 UN COHETE ESPACIAL PARA DESVIAR UN ASTEROIDE","author":"Alejandro Sosa Ruda","date":"24 noviembre, 2021","format":false,"excerpt":"Se trata de un ensayo para estar \"preparados\" en caso de que la humanidad necesite en alguna ocasi\u00f3n impedir que una roca espacial gigante choque contra la Tierra. La\u00a0NASA\u00a0est\u00e1 preparando el lanzamiento de una\u00a0misi\u00f3n para\u00a0estrellar\u00a0deliberadamente\u00a0una nave espacial contra un asteroide\u00a0en el marco de un ensayo para estar \"preparados\" en caso\u2026","rel":"","context":"En \u00abINTERES GENERAL\u00bb","block_context":{"text":"INTERES GENERAL","link":"https:\/\/larevistadigital.com.ar\/blog\/category\/interes-general\/"},"img":{"alt_text":"","src":"https:\/\/i0.wp.com\/larevistadigital.com.ar\/blog\/wp-content\/uploads\/291787-whatsapp-20image-202021-11-23-20at-2020-20-58.jpeg?fit=960%2C640&ssl=1&resize=350%2C200","width":350,"height":200,"srcset":"https:\/\/i0.wp.com\/larevistadigital.com.ar\/blog\/wp-content\/uploads\/291787-whatsapp-20image-202021-11-23-20at-2020-20-58.jpeg?fit=960%2C640&ssl=1&resize=350%2C200 1x, https:\/\/i0.wp.com\/larevistadigital.com.ar\/blog\/wp-content\/uploads\/291787-whatsapp-20image-202021-11-23-20at-2020-20-58.jpeg?fit=960%2C640&ssl=1&resize=525%2C300 1.5x, https:\/\/i0.wp.com\/larevistadigital.com.ar\/blog\/wp-content\/uploads\/291787-whatsapp-20image-202021-11-23-20at-2020-20-58.jpeg?fit=960%2C640&ssl=1&resize=700%2C400 2x"},"classes":[]},{"id":23315,"url":"https:\/\/larevistadigital.com.ar\/blog\/cosechaban-en-un-campo-de-loberia-y-encontraron-restos-de-un-cohete-espacial\/","url_meta":{"origin":20095,"position":1},"title":"COSECHABAN EN UN CAMPO DE LOBER\u00cdA Y ENCONTRARON RESTOS DE UN COHETE ESPACIAL","author":"Alejandro Sosa Ruda","date":"12 enero, 2022","format":false,"excerpt":"Se trata del Aventura I, lanzado por la empresa argentina Tlon Space S.A. Es uno de los cohetes m\u00e1s ligeros de la industria, ya que pesa menos de una tonelada. Entre otros detalles, este veh\u00edculo de alta frecuencia se construye en una semana por profesionales argentinos y su costo se\u2026","rel":"","context":"En \u00abREGIONALES\u00bb","block_context":{"text":"REGIONALES","link":"https:\/\/larevistadigital.com.ar\/blog\/category\/regionales\/"},"img":{"alt_text":"","src":"https:\/\/i0.wp.com\/larevistadigital.com.ar\/blog\/wp-content\/uploads\/20220111191144_cohete.jpg?fit=880%2C512&ssl=1&resize=350%2C200","width":350,"height":200,"srcset":"https:\/\/i0.wp.com\/larevistadigital.com.ar\/blog\/wp-content\/uploads\/20220111191144_cohete.jpg?fit=880%2C512&ssl=1&resize=350%2C200 1x, https:\/\/i0.wp.com\/larevistadigital.com.ar\/blog\/wp-content\/uploads\/20220111191144_cohete.jpg?fit=880%2C512&ssl=1&resize=525%2C300 1.5x, https:\/\/i0.wp.com\/larevistadigital.com.ar\/blog\/wp-content\/uploads\/20220111191144_cohete.jpg?fit=880%2C512&ssl=1&resize=700%2C400 2x"},"classes":[]},{"id":8886,"url":"https:\/\/larevistadigital.com.ar\/blog\/peligro-japon-lanza-satelite-capaz-de-bombardear-la-tierra-con-meteoritos-artificiales\/","url_meta":{"origin":20095,"position":2},"title":"PELIGRO&#8230; JAP\u00d3N LANZA SAT\u00c9LITE CAPAZ DE BOMBARDEAR LA TIERRA CON METEORITOS ARTIFICIALES","author":"Alejandro Sosa Ruda","date":"4 marzo, 2019","format":false,"excerpt":"El pasado 17 de enero, la compa\u00f1\u00eda japonesa Astro Live Experiences (ALE) lanz\u00f3 al espacio un sat\u00e9lite especialmente construido para generar una lluvia de meteoritos artificiales, con fines recreativos.. Se prev\u00e9 que ese aparato de 65 kilogramos alcance unos 400.000 metros de altura\u2014una \u00f3rbita baja de la Tierra\u2014 a bordo\u2026","rel":"","context":"En \u00abPOLITICA\u00bb","block_context":{"text":"POLITICA","link":"https:\/\/larevistadigital.com.ar\/blog\/category\/politica\/"},"img":{"alt_text":"","src":"https:\/\/i0.wp.com\/larevistadigital.com.ar\/blog\/wp-content\/uploads\/2019\/03\/dt.common.streams.StreamServer.jpg?fit=1024%2C620&ssl=1&resize=350%2C200","width":350,"height":200,"srcset":"https:\/\/i0.wp.com\/larevistadigital.com.ar\/blog\/wp-content\/uploads\/2019\/03\/dt.common.streams.StreamServer.jpg?fit=1024%2C620&ssl=1&resize=350%2C200 1x, https:\/\/i0.wp.com\/larevistadigital.com.ar\/blog\/wp-content\/uploads\/2019\/03\/dt.common.streams.StreamServer.jpg?fit=1024%2C620&ssl=1&resize=525%2C300 1.5x, https:\/\/i0.wp.com\/larevistadigital.com.ar\/blog\/wp-content\/uploads\/2019\/03\/dt.common.streams.StreamServer.jpg?fit=1024%2C620&ssl=1&resize=700%2C400 2x"},"classes":[]},{"id":21202,"url":"https:\/\/larevistadigital.com.ar\/blog\/jeff-bezos-cumplio-su-sueo-de-viajes-espaciales-para-turistas\/","url_meta":{"origin":20095,"position":3},"title":"JEFF BEZOS CUMPLI\u00d3 SU SUEO DE VIAJES ESPACIALES PARA TURISTAS","author":"Alejandro Sosa Ruda","date":"20 julio, 2021","format":false,"excerpt":"Diez minutos dur\u00f3 el viaje del hombre m\u00e1s rico del mundo al espacio. Comparti\u00f3 el vuelo en la nave New Shepard junto a su hermano Mark, la expiloto Wally Funk, una mujer de 82 a\u00f1os, y el holand\u00e9s Oliver Daemenen, un joven de 18 a\u00f1os. VAN HORN, Estados Unidos.- Jeff\u2026","rel":"","context":"En \u00abINTERES GENERAL\u00bb","block_context":{"text":"INTERES GENERAL","link":"https:\/\/larevistadigital.com.ar\/blog\/category\/interes-general\/"},"img":{"alt_text":"","src":"https:\/\/i0.wp.com\/larevistadigital.com.ar\/blog\/wp-content\/uploads\/Captura-de-pantalla-2021-07-20-134538.png?fit=1008%2C562&ssl=1&resize=350%2C200","width":350,"height":200,"srcset":"https:\/\/i0.wp.com\/larevistadigital.com.ar\/blog\/wp-content\/uploads\/Captura-de-pantalla-2021-07-20-134538.png?fit=1008%2C562&ssl=1&resize=350%2C200 1x, https:\/\/i0.wp.com\/larevistadigital.com.ar\/blog\/wp-content\/uploads\/Captura-de-pantalla-2021-07-20-134538.png?fit=1008%2C562&ssl=1&resize=525%2C300 1.5x, https:\/\/i0.wp.com\/larevistadigital.com.ar\/blog\/wp-content\/uploads\/Captura-de-pantalla-2021-07-20-134538.png?fit=1008%2C562&ssl=1&resize=700%2C400 2x"},"classes":[]},{"id":8769,"url":"https:\/\/larevistadigital.com.ar\/blog\/8769-2\/","url_meta":{"origin":20095,"position":4},"title":"ALERTA POR TORMENTAS SOLARES QUE AFECTARAN A LA TIERRA","author":"Alejandro Sosa Ruda","date":"27 febrero, 2019","format":false,"excerpt":"El agujero, conocido como un agujero coronal, ha emergido en la atm\u00f3sfera superior del Sol, desatando un aluvi\u00f3n de part\u00edculas c\u00f3smicas hacia la Tierra. Los expertos dicen que este tipo de agujero es com\u00fan durante un m\u00ednimo solar, un per\u00edodo de tiempo en el que el sol libera menos rayos\u2026","rel":"","context":"En \u00abCURIOSAS\u00bb","block_context":{"text":"CURIOSAS","link":"https:\/\/larevistadigital.com.ar\/blog\/category\/curiosas\/"},"img":{"alt_text":"","src":"https:\/\/i0.wp.com\/larevistadigital.com.ar\/blog\/wp-content\/uploads\/2019\/02\/Screenshot_6.jpg?fit=1200%2C656&ssl=1&resize=350%2C200","width":350,"height":200,"srcset":"https:\/\/i0.wp.com\/larevistadigital.com.ar\/blog\/wp-content\/uploads\/2019\/02\/Screenshot_6.jpg?fit=1200%2C656&ssl=1&resize=350%2C200 1x, https:\/\/i0.wp.com\/larevistadigital.com.ar\/blog\/wp-content\/uploads\/2019\/02\/Screenshot_6.jpg?fit=1200%2C656&ssl=1&resize=525%2C300 1.5x, https:\/\/i0.wp.com\/larevistadigital.com.ar\/blog\/wp-content\/uploads\/2019\/02\/Screenshot_6.jpg?fit=1200%2C656&ssl=1&resize=700%2C400 2x, https:\/\/i0.wp.com\/larevistadigital.com.ar\/blog\/wp-content\/uploads\/2019\/02\/Screenshot_6.jpg?fit=1200%2C656&ssl=1&resize=1050%2C600 3x"},"classes":[]},{"id":12363,"url":"https:\/\/larevistadigital.com.ar\/blog\/afirman-que-un-peligroso-asteroide-pasara-muy-cerca-de-la-tierra-esta-semana\/","url_meta":{"origin":20095,"position":5},"title":"AFIRMAN QUE UN PELIGROSO ASTEROIDE PASAR\u00c1 MUY CERCA DE LA TIERRA ESTA SEMANA","author":"Alejandro Sosa Ruda","date":"30 septiembre, 2019","format":false,"excerpt":"La lista de Sentry de la NASA compila todos los asteroides en peligro de colisionar con la Tierra, y estas solamente pueden ser eliminadas una vez que se descarte la probabilidad de colisi\u00f3n. De acuerdo a CNEOS, 2007 FT3 podr\u00eda generar un total de 165 impactos potenciales al planeta en\u2026","rel":"","context":"En \u00abCURIOSAS\u00bb","block_context":{"text":"CURIOSAS","link":"https:\/\/larevistadigital.com.ar\/blog\/category\/curiosas\/"},"img":{"alt_text":"","src":"https:\/\/i0.wp.com\/larevistadigital.com.ar\/blog\/wp-content\/uploads\/un-asteroide-impacta-la-tierra.jpg?fit=958%2C596&ssl=1&resize=350%2C200","width":350,"height":200,"srcset":"https:\/\/i0.wp.com\/larevistadigital.com.ar\/blog\/wp-content\/uploads\/un-asteroide-impacta-la-tierra.jpg?fit=958%2C596&ssl=1&resize=350%2C200 1x, https:\/\/i0.wp.com\/larevistadigital.com.ar\/blog\/wp-content\/uploads\/un-asteroide-impacta-la-tierra.jpg?fit=958%2C596&ssl=1&resize=525%2C300 1.5x, https:\/\/i0.wp.com\/larevistadigital.com.ar\/blog\/wp-content\/uploads\/un-asteroide-impacta-la-tierra.jpg?fit=958%2C596&ssl=1&resize=700%2C400 2x"},"classes":[]}],"_links":{"self":[{"href":"https:\/\/larevistadigital.com.ar\/blog\/wp-json\/wp\/v2\/posts\/20095","targetHints":{"allow":["GET"]}}],"collection":[{"href":"https:\/\/larevistadigital.com.ar\/blog\/wp-json\/wp\/v2\/posts"}],"about":[{"href":"https:\/\/larevistadigital.com.ar\/blog\/wp-json\/wp\/v2\/types\/post"}],"author":[{"embeddable":true,"href":"https:\/\/larevistadigital.com.ar\/blog\/wp-json\/wp\/v2\/users\/3"}],"replies":[{"embeddable":true,"href":"https:\/\/larevistadigital.com.ar\/blog\/wp-json\/wp\/v2\/comments?post=20095"}],"version-history":[{"count":1,"href":"https:\/\/larevistadigital.com.ar\/blog\/wp-json\/wp\/v2\/posts\/20095\/revisions"}],"predecessor-version":[{"id":20097,"href":"https:\/\/larevistadigital.com.ar\/blog\/wp-json\/wp\/v2\/posts\/20095\/revisions\/20097"}],"wp:featuredmedia":[{"embeddable":true,"href":"https:\/\/larevistadigital.com.ar\/blog\/wp-json\/wp\/v2\/media\/20096"}],"wp:attachment":[{"href":"https:\/\/larevistadigital.com.ar\/blog\/wp-json\/wp\/v2\/media?parent=20095"}],"wp:term":[{"taxonomy":"category","embeddable":true,"href":"https:\/\/larevistadigital.com.ar\/blog\/wp-json\/wp\/v2\/categories?post=20095"},{"taxonomy":"post_tag","embeddable":true,"href":"https:\/\/larevistadigital.com.ar\/blog\/wp-json\/wp\/v2\/tags?post=20095"}],"curies":[{"name":"wp","href":"https:\/\/api.w.org\/{rel}","templated":true}]}}