{"id":20098,"date":"2021-05-05T15:11:25","date_gmt":"2021-05-05T15:11:25","guid":{"rendered":"https:\/\/larevistadigital.com.ar\/blog\/?p=20098"},"modified":"2021-05-05T15:11:25","modified_gmt":"2021-05-05T15:11:25","slug":"gral-madariaga-estafan-a-vecino-le-ofrecieron-un-prestamo-y-le-vaciaron-la-cuenta-bancaria","status":"publish","type":"post","link":"https:\/\/larevistadigital.com.ar\/blog\/gral-madariaga-estafan-a-vecino-le-ofrecieron-un-prestamo-y-le-vaciaron-la-cuenta-bancaria\/","title":{"rendered":"GRAL. MADARIAGA: ESTAFAN A VECINO, LE OFRECIERON UN PR\u00c9STAMO Y LE VACIARON LA CUENTA BANCARIA"},"content":{"rendered":"<h2 class=\"nota__hero__summary\">El hombre dio todos sus datos bancarios con la promesa de obtener un pr\u00e9stamo. Cuando fue a ver su saldo le hab\u00edan sustra\u00eddo todo el sueldo e hicieron varios movimientos de dinero.<\/h2>\n<p><strong>GRAL. MADARIAGA &#8211;<\/strong> Un vecino de General Madariaga fue v\u00edctima de una estafa bancaria cuando le ofrecieron un pr\u00e9stamo, pero terminaron pidi\u00e9ndole todos sus datos bancarios y le vaciaron la cuenta.<\/p>\n<p>Seg\u00fan inform\u00f3 el portal Central de Noticias Madariaga, convencieron al hombre de que pod\u00eda sacar un pr\u00e9stamo de 120.000 pesos a pagar en 24 cuotas de 7.000.<\/p>\n<p>Con esta promesa lograron que vaya a la sucursal del Banco Provincia les brinde su n\u00famero de cuenta y su token. A cambio le aseguraron que en 48 horas tendr\u00eda su dinero.<\/p>\n<p>Sin embargo, al iniciar esta semana e intentar realizar un pago se dio cuenta que no ten\u00eda fondos. Revis\u00f3 el resumen de cuenta y s\u00f3lo le quedaban 60 pesos.<\/p>\n<p>As\u00ed la v\u00edctima se dio cuenta que le hab\u00edan sacado todo el sueldo. Adem\u00e1s, le usaron la cuenta para hacer movimiento de otras sumas de dinero.<\/p>\n","protected":false},"excerpt":{"rendered":"<div class=\"mh-excerpt\"><p>El hombre dio todos sus datos bancarios con la promesa de obtener un pr\u00e9stamo. Cuando fue a ver su saldo le hab\u00edan sustra\u00eddo todo el sueldo e hicieron varios movimientos de dinero. GRAL. MADARIAGA &#8211; <a class=\"mh-excerpt-more\" href=\"https:\/\/larevistadigital.com.ar\/blog\/gral-madariaga-estafan-a-vecino-le-ofrecieron-un-prestamo-y-le-vaciaron-la-cuenta-bancaria\/\" title=\"GRAL. MADARIAGA: ESTAFAN A VECINO, LE OFRECIERON UN PR\u00c9STAMO Y LE VACIARON LA CUENTA BANCARIA\">[Leer M\u00e1s]<\/a><\/p>\n<\/div>","protected":false},"author":3,"featured_media":20099,"comment_status":"open","ping_status":"open","sticky":false,"template":"","format":"standard","meta":{"_jetpack_memberships_contains_paid_content":false,"footnotes":"","jetpack_publicize_message":"","jetpack_publicize_feature_enabled":true,"jetpack_social_post_already_shared":true,"jetpack_social_options":{"image_generator_settings":{"template":"highway","default_image_id":0,"font":"","enabled":false},"version":2}},"categories":[44,51],"tags":[],"class_list":{"0":"post-20098","1":"post","2":"type-post","3":"status-publish","4":"format-standard","5":"has-post-thumbnail","7":"category-policiales","8":"category-regionales"},"jetpack_publicize_connections":[],"jetpack_featured_media_url":"https:\/\/i0.wp.com\/larevistadigital.com.ar\/blog\/wp-content\/uploads\/71155b6ba71ab8ad50e9e9b7e60de681e45792a1.jpg?fit=1140%2C641&ssl=1","jetpack_sharing_enabled":true,"jetpack_shortlink":"https:\/\/wp.me\/p8qtrQ-5ea","jetpack-related-posts":[{"id":44820,"url":"https:\/\/larevistadigital.com.ar\/blog\/estafa-digital-en-madariaga-le-vaciaron-la-cuenta-tras-ingresar-a-una-web-falsa-del-banco\/","url_meta":{"origin":20098,"position":0},"title":"Estafa digital en Madariaga: le vaciaron la cuenta tras ingresar a una web falsa del banco","author":"Alejandro Sosa Ruda","date":"30 marzo, 2026","format":false,"excerpt":"Un hombre de 76 a\u00f1os perdi\u00f3 cerca de 7.500 d\u00f3lares luego de caer en una maniobra de phishing. La Justicia investiga. 30 de marzo de 2026 General Madariaga, BUENOS AIRES -\u00a0 \u00a0Un nuevo caso de defraudaci\u00f3n inform\u00e1tica encendi\u00f3 las alarmas en General Madariaga. Un hombre de 76 a\u00f1os fue v\u00edctima\u2026","rel":"","context":"En \u00abPOLICIALES\u00bb","block_context":{"text":"POLICIALES","link":"https:\/\/larevistadigital.com.ar\/blog\/category\/policiales\/"},"img":{"alt_text":"","src":"https:\/\/i0.wp.com\/larevistadigital.com.ar\/blog\/wp-content\/uploads\/a32975be4529683fcb47d980ac9021432758abcc.jpg?fit=1140%2C716&ssl=1&resize=350%2C200","width":350,"height":200,"srcset":"https:\/\/i0.wp.com\/larevistadigital.com.ar\/blog\/wp-content\/uploads\/a32975be4529683fcb47d980ac9021432758abcc.jpg?fit=1140%2C716&ssl=1&resize=350%2C200 1x, https:\/\/i0.wp.com\/larevistadigital.com.ar\/blog\/wp-content\/uploads\/a32975be4529683fcb47d980ac9021432758abcc.jpg?fit=1140%2C716&ssl=1&resize=525%2C300 1.5x, https:\/\/i0.wp.com\/larevistadigital.com.ar\/blog\/wp-content\/uploads\/a32975be4529683fcb47d980ac9021432758abcc.jpg?fit=1140%2C716&ssl=1&resize=700%2C400 2x, https:\/\/i0.wp.com\/larevistadigital.com.ar\/blog\/wp-content\/uploads\/a32975be4529683fcb47d980ac9021432758abcc.jpg?fit=1140%2C716&ssl=1&resize=1050%2C600 3x"},"classes":[]},{"id":37534,"url":"https:\/\/larevistadigital.com.ar\/blog\/gral-madariaga-4-delincuentes-asaltaron-a-una-mujer-a-metros-de-la-comisaria\/","url_meta":{"origin":20098,"position":1},"title":"Gral. Madariaga: 4 delincuentes asaltaron a una mujer a metros de la comisar\u00eda","author":"Alejandro Sosa Ruda","date":"16 octubre, 2024","format":false,"excerpt":"La mujer fue asaltada, y le robaron una fuerte suma de dinero. 16 de Octubre de 2024 MADARIAGA -\u00a0 \u00a0Una mujer, fue v\u00edctima de un hecho delictivo en su propia vivienda, ubicada en Yrigoyen entre Alberdi y Mitre, donde cuatro personas le robaron una importante suma de dinero. Todo ocurri\u00f3\u2026","rel":"","context":"En \u00abPOLICIALES\u00bb","block_context":{"text":"POLICIALES","link":"https:\/\/larevistadigital.com.ar\/blog\/category\/policiales\/"},"img":{"alt_text":"","src":"https:\/\/i0.wp.com\/larevistadigital.com.ar\/blog\/wp-content\/uploads\/POLICIA.png?fit=1002%2C658&ssl=1&resize=350%2C200","width":350,"height":200,"srcset":"https:\/\/i0.wp.com\/larevistadigital.com.ar\/blog\/wp-content\/uploads\/POLICIA.png?fit=1002%2C658&ssl=1&resize=350%2C200 1x, https:\/\/i0.wp.com\/larevistadigital.com.ar\/blog\/wp-content\/uploads\/POLICIA.png?fit=1002%2C658&ssl=1&resize=525%2C300 1.5x, https:\/\/i0.wp.com\/larevistadigital.com.ar\/blog\/wp-content\/uploads\/POLICIA.png?fit=1002%2C658&ssl=1&resize=700%2C400 2x"},"classes":[]},{"id":26181,"url":"https:\/\/larevistadigital.com.ar\/blog\/mueren-dos-vecinos-de-gral-madariaga-en-un-accidente-en-la-ruta-74\/","url_meta":{"origin":20098,"position":2},"title":"MUEREN DOS VECINOS DE GRAL. MADARIAGA EN UN ACCIDENTE EN LA RUTA 74","author":"Alejandro Sosa Ruda","date":"28 junio, 2022","format":false,"excerpt":"Las v\u00edctimas fueron un hombre de 74 a\u00f1os y su hija de 48. El choque fatal se produjo a la altura del kil\u00f3metro 19. Dos vecinos de la ciudad de\u00a0General Madariaga\u00a0fallecieron este martes como consecuencia de un fuerte choque ocurrido en el\u00a0kil\u00f3metro 19 de la Ruta 74. El accidente se\u2026","rel":"","context":"En \u00abPOLICIALES\u00bb","block_context":{"text":"POLICIALES","link":"https:\/\/larevistadigital.com.ar\/blog\/category\/policiales\/"},"img":{"alt_text":"","src":"https:\/\/i0.wp.com\/larevistadigital.com.ar\/blog\/wp-content\/uploads\/bf32d54f8cc62cca02a0cf94446617d1dd33c0c5.jpg?fit=1140%2C781&ssl=1&resize=350%2C200","width":350,"height":200,"srcset":"https:\/\/i0.wp.com\/larevistadigital.com.ar\/blog\/wp-content\/uploads\/bf32d54f8cc62cca02a0cf94446617d1dd33c0c5.jpg?fit=1140%2C781&ssl=1&resize=350%2C200 1x, https:\/\/i0.wp.com\/larevistadigital.com.ar\/blog\/wp-content\/uploads\/bf32d54f8cc62cca02a0cf94446617d1dd33c0c5.jpg?fit=1140%2C781&ssl=1&resize=525%2C300 1.5x, https:\/\/i0.wp.com\/larevistadigital.com.ar\/blog\/wp-content\/uploads\/bf32d54f8cc62cca02a0cf94446617d1dd33c0c5.jpg?fit=1140%2C781&ssl=1&resize=700%2C400 2x, https:\/\/i0.wp.com\/larevistadigital.com.ar\/blog\/wp-content\/uploads\/bf32d54f8cc62cca02a0cf94446617d1dd33c0c5.jpg?fit=1140%2C781&ssl=1&resize=1050%2C600 3x"},"classes":[]},{"id":39076,"url":"https:\/\/larevistadigital.com.ar\/blog\/gral-madariaga-detienen-a-sujeto-de-71-anos-y-secuestran-importante-cantidad-de-cocaina\/","url_meta":{"origin":20098,"position":3},"title":"Gral: Madariaga: Detienen a sujeto de 71 a\u00f1os y secuestran importante cantidad de coca\u00edna","author":"Alejandro Sosa Ruda","date":"22 marzo, 2025","format":false,"excerpt":"Tras una investigaci\u00f3n iniciada por denuncias vecinales, hallaron coca\u00edna fraccionada para la venta y dinero en efectivo 22 de Marzo de 2025 GENERAL MADARIAGA -\u00a0 Un hombre de 71 a\u00f1os fue aprehendido en General Madariaga por presunta comercializaci\u00f3n de estupefacientes, luego de una minuciosa investigaci\u00f3n iniciada a partir de denuncias\u2026","rel":"","context":"En \u00abPOLICIALES\u00bb","block_context":{"text":"POLICIALES","link":"https:\/\/larevistadigital.com.ar\/blog\/category\/policiales\/"},"img":{"alt_text":"","src":"https:\/\/i0.wp.com\/larevistadigital.com.ar\/blog\/wp-content\/uploads\/543ef4b8d9a9f610e380d6787612dc99becdd64c.jpg?fit=1140%2C642&ssl=1&resize=350%2C200","width":350,"height":200,"srcset":"https:\/\/i0.wp.com\/larevistadigital.com.ar\/blog\/wp-content\/uploads\/543ef4b8d9a9f610e380d6787612dc99becdd64c.jpg?fit=1140%2C642&ssl=1&resize=350%2C200 1x, https:\/\/i0.wp.com\/larevistadigital.com.ar\/blog\/wp-content\/uploads\/543ef4b8d9a9f610e380d6787612dc99becdd64c.jpg?fit=1140%2C642&ssl=1&resize=525%2C300 1.5x, https:\/\/i0.wp.com\/larevistadigital.com.ar\/blog\/wp-content\/uploads\/543ef4b8d9a9f610e380d6787612dc99becdd64c.jpg?fit=1140%2C642&ssl=1&resize=700%2C400 2x, https:\/\/i0.wp.com\/larevistadigital.com.ar\/blog\/wp-content\/uploads\/543ef4b8d9a9f610e380d6787612dc99becdd64c.jpg?fit=1140%2C642&ssl=1&resize=1050%2C600 3x"},"classes":[]},{"id":37184,"url":"https:\/\/larevistadigital.com.ar\/blog\/villa-gesell-estafan-a-un-vecino-en-mas-de-1-000-000-fingiendo-ser-operadores-de-la-cooperativa-electrica\/","url_meta":{"origin":20098,"position":4},"title":"Villa Gesell: Estafan a un vecino en m\u00e1s de $1.000.000.- fingiendo ser operadores de la Cooperativa El\u00e9ctrica","author":"Alejandro Sosa Ruda","date":"10 septiembre, 2024","format":false,"excerpt":"La v\u00edctima de la estafa fue un hombre de 72 a\u00f1os a quien le ofrecieron un descuenta y la inscripci\u00f3n al registro para mantener los subsidios. 10 De Septiembre de 2024 VILLA GESELL -\u00a0 Un vecino de 72 a\u00f1os de Villa Gesell fue estafado y perdi\u00f3 m\u00e1s de un mill\u00f3n\u2026","rel":"","context":"En \u00abPOLICIALES\u00bb","block_context":{"text":"POLICIALES","link":"https:\/\/larevistadigital.com.ar\/blog\/category\/policiales\/"},"img":{"alt_text":"","src":"https:\/\/i0.wp.com\/larevistadigital.com.ar\/blog\/wp-content\/uploads\/07438ace544514836b1d46cdd2abe9d13ddb6af4.jpg?fit=1140%2C682&ssl=1&resize=350%2C200","width":350,"height":200,"srcset":"https:\/\/i0.wp.com\/larevistadigital.com.ar\/blog\/wp-content\/uploads\/07438ace544514836b1d46cdd2abe9d13ddb6af4.jpg?fit=1140%2C682&ssl=1&resize=350%2C200 1x, https:\/\/i0.wp.com\/larevistadigital.com.ar\/blog\/wp-content\/uploads\/07438ace544514836b1d46cdd2abe9d13ddb6af4.jpg?fit=1140%2C682&ssl=1&resize=525%2C300 1.5x, https:\/\/i0.wp.com\/larevistadigital.com.ar\/blog\/wp-content\/uploads\/07438ace544514836b1d46cdd2abe9d13ddb6af4.jpg?fit=1140%2C682&ssl=1&resize=700%2C400 2x, https:\/\/i0.wp.com\/larevistadigital.com.ar\/blog\/wp-content\/uploads\/07438ace544514836b1d46cdd2abe9d13ddb6af4.jpg?fit=1140%2C682&ssl=1&resize=1050%2C600 3x"},"classes":[]},{"id":2861,"url":"https:\/\/larevistadigital.com.ar\/blog\/hallaron-en-madariaga-en-buenas-condiciones-a-un-vecino-de-maipu\/","url_meta":{"origin":20098,"position":5},"title":"Hallaron en Madariaga en buenas condiciones a un vecino de Maip\u00fa","author":"admin","date":"3 agosto, 2017","format":false,"excerpt":"La Polic\u00eda Local encontr\u00f3 a Avelino Valcarcel, de 82 a\u00f1os, en una vivienda de la Calle 16 al 2.200 de General Madariaga, en donde se hallaba en buenas condiciones. El hombre hab\u00eda mantenido una discusi\u00f3n con su esposa y decidi\u00f3 retirarse del domicilio de Maip\u00fa, en su auto, para emprender\u2026","rel":"","context":"En \u00abPOLICIALES\u00bb","block_context":{"text":"POLICIALES","link":"https:\/\/larevistadigital.com.ar\/blog\/category\/policiales\/"},"img":{"alt_text":"","src":"https:\/\/i0.wp.com\/larevistadigital.com.ar\/blog\/wp-content\/uploads\/2017\/08\/madariaga_03deagostode2017_elfuerte.jpg?fit=737%2C415&ssl=1&resize=350%2C200","width":350,"height":200,"srcset":"https:\/\/i0.wp.com\/larevistadigital.com.ar\/blog\/wp-content\/uploads\/2017\/08\/madariaga_03deagostode2017_elfuerte.jpg?fit=737%2C415&ssl=1&resize=350%2C200 1x, https:\/\/i0.wp.com\/larevistadigital.com.ar\/blog\/wp-content\/uploads\/2017\/08\/madariaga_03deagostode2017_elfuerte.jpg?fit=737%2C415&ssl=1&resize=525%2C300 1.5x, https:\/\/i0.wp.com\/larevistadigital.com.ar\/blog\/wp-content\/uploads\/2017\/08\/madariaga_03deagostode2017_elfuerte.jpg?fit=737%2C415&ssl=1&resize=700%2C400 2x"},"classes":[]}],"_links":{"self":[{"href":"https:\/\/larevistadigital.com.ar\/blog\/wp-json\/wp\/v2\/posts\/20098","targetHints":{"allow":["GET"]}}],"collection":[{"href":"https:\/\/larevistadigital.com.ar\/blog\/wp-json\/wp\/v2\/posts"}],"about":[{"href":"https:\/\/larevistadigital.com.ar\/blog\/wp-json\/wp\/v2\/types\/post"}],"author":[{"embeddable":true,"href":"https:\/\/larevistadigital.com.ar\/blog\/wp-json\/wp\/v2\/users\/3"}],"replies":[{"embeddable":true,"href":"https:\/\/larevistadigital.com.ar\/blog\/wp-json\/wp\/v2\/comments?post=20098"}],"version-history":[{"count":1,"href":"https:\/\/larevistadigital.com.ar\/blog\/wp-json\/wp\/v2\/posts\/20098\/revisions"}],"predecessor-version":[{"id":20100,"href":"https:\/\/larevistadigital.com.ar\/blog\/wp-json\/wp\/v2\/posts\/20098\/revisions\/20100"}],"wp:featuredmedia":[{"embeddable":true,"href":"https:\/\/larevistadigital.com.ar\/blog\/wp-json\/wp\/v2\/media\/20099"}],"wp:attachment":[{"href":"https:\/\/larevistadigital.com.ar\/blog\/wp-json\/wp\/v2\/media?parent=20098"}],"wp:term":[{"taxonomy":"category","embeddable":true,"href":"https:\/\/larevistadigital.com.ar\/blog\/wp-json\/wp\/v2\/categories?post=20098"},{"taxonomy":"post_tag","embeddable":true,"href":"https:\/\/larevistadigital.com.ar\/blog\/wp-json\/wp\/v2\/tags?post=20098"}],"curies":[{"name":"wp","href":"https:\/\/api.w.org\/{rel}","templated":true}]}}