{"id":201,"date":"2017-02-09T02:36:05","date_gmt":"2017-02-09T02:36:05","guid":{"rendered":"https:\/\/larevistadigital.com.ar\/blog\/?p=201"},"modified":"2017-02-12T02:37:53","modified_gmt":"2017-02-12T02:37:53","slug":"municipalidad-gral-paz-subsecretaria-deportes-eliminatorias-encuentro-regional-abuelos","status":"publish","type":"post","link":"https:\/\/larevistadigital.com.ar\/blog\/municipalidad-gral-paz-subsecretaria-deportes-eliminatorias-encuentro-regional-abuelos\/","title":{"rendered":"Municipalidad de Gral. Paz Subsecretar\u00eda de Deportes: ELIMINATORIAS PARA ENCUENTRO REGIONAL DE ABUELOS"},"content":{"rendered":"<p>ELIMINATORIAS PARA EL ENCUENTRO REGIONAL DE ABUELOS A REALIZARSE EL 4 DE MARZO DE 2017 EN RANCHOS<\/p>\n<p><strong>DISCIPLINAS:<\/strong><br \/>\nSAPO MASCULINO Y FEMENINO \u2013 TABA MASCULINO Y FEMENINO TEJO: FEMENINO, MASCULINO Y MIXTO \u2013 CHINCHON \u2013 ESCOBA DE 15 \u2013 TRUCO \u2013 MUS \u2013 TANGO \u2013 MILONGA<\/p>\n<p><strong>DIAS DE ELIMINATORIAS<\/strong><br \/>\n*LUNES 20 DE FEBRERO A PARTIR DE LAS 16.00 HORAS<br \/>\nTEJO \u2013 FEMENINO \u2013 MASCULINO \u2013 MIXTO<\/p>\n<p>*MARTES 21 DE FEBRERO A PARTIR DE LAS 16.00 HORAS<br \/>\nTRUCO Y MUS<\/p>\n<p>*MIERCOLES 22 DE FEBRERO A LAS 16.00 HORAS<br \/>\nESCOBA DE 15 Y CHICHON<\/p>\n<p>*JUEVES 23 DE FEBRERO A LAS 16.00 HORAS<br \/>\nSAPO Y TABA MASCULINO Y FEMENINO<\/p>\n","protected":false},"excerpt":{"rendered":"<div class=\"mh-excerpt\"><p>ELIMINATORIAS PARA EL ENCUENTRO REGIONAL DE ABUELOS A REALIZARSE EL 4 DE MARZO DE 2017 EN RANCHOS DISCIPLINAS: SAPO MASCULINO Y FEMENINO \u2013 TABA MASCULINO Y FEMENINO TEJO: FEMENINO, MASCULINO Y MIXTO \u2013 CHINCHON \u2013 <a class=\"mh-excerpt-more\" href=\"https:\/\/larevistadigital.com.ar\/blog\/municipalidad-gral-paz-subsecretaria-deportes-eliminatorias-encuentro-regional-abuelos\/\" title=\"Municipalidad de Gral. Paz Subsecretar\u00eda de Deportes: ELIMINATORIAS PARA ENCUENTRO REGIONAL DE ABUELOS\">[Leer M\u00e1s]<\/a><\/p>\n<\/div>","protected":false},"author":2,"featured_media":202,"comment_status":"open","ping_status":"open","sticky":false,"template":"","format":"standard","meta":{"_jetpack_memberships_contains_paid_content":false,"footnotes":"","jetpack_publicize_message":"","jetpack_publicize_feature_enabled":true,"jetpack_social_post_already_shared":false,"jetpack_social_options":{"image_generator_settings":{"template":"highway","default_image_id":0,"font":"","enabled":false},"version":2}},"categories":[14],"tags":[],"class_list":{"0":"post-201","1":"post","2":"type-post","3":"status-publish","4":"format-standard","5":"has-post-thumbnail","7":"category-ranchos"},"jetpack_publicize_connections":[],"jetpack_featured_media_url":"https:\/\/i0.wp.com\/larevistadigital.com.ar\/blog\/wp-content\/uploads\/2017\/02\/thumb_tejo.jpg?fit=850%2C465&ssl=1","jetpack_sharing_enabled":true,"jetpack_shortlink":"https:\/\/wp.me\/p8qtrQ-3f","jetpack-related-posts":[{"id":11010,"url":"https:\/\/larevistadigital.com.ar\/blog\/lezama-juegos-bonaerenses-2019-se-definio-la-etapa-local-de-adultos-mayores\/","url_meta":{"origin":201,"position":0},"title":"LEZAMA: JUEGOS BONAERENSES 2019. SE DEFINI\u00d3 LA ETAPA LOCAL DE ADULTOS MAYORES","author":"Alejandro Sosa Ruda","date":"2 julio, 2019","format":false,"excerpt":"La Direcci\u00f3n de Deportes informa que se disput\u00f3 en dos jornadas la etapa municipal de Adultos Mayores para definir los representantes de disciplinas deportivas con vistas a las competencias regionales. Los ganadores son: \uf0a0 Damas: Juan Carlos Propatto \uf0a0 Chin-chon: Carlos Pereyra \uf0a0 Sapo Masculino: Alberto Echeverr\u00eda \uf0a0 Sapo Femenino:\u2026","rel":"","context":"En \u00abLEZAMA\u00bb","block_context":{"text":"LEZAMA","link":"https:\/\/larevistadigital.com.ar\/blog\/category\/lezama\/"},"img":{"alt_text":"","src":"https:\/\/i0.wp.com\/larevistadigital.com.ar\/blog\/wp-content\/uploads\/65852944_1492420614283968_5171908212349206528_o.jpg?fit=1200%2C802&ssl=1&resize=350%2C200","width":350,"height":200,"srcset":"https:\/\/i0.wp.com\/larevistadigital.com.ar\/blog\/wp-content\/uploads\/65852944_1492420614283968_5171908212349206528_o.jpg?fit=1200%2C802&ssl=1&resize=350%2C200 1x, https:\/\/i0.wp.com\/larevistadigital.com.ar\/blog\/wp-content\/uploads\/65852944_1492420614283968_5171908212349206528_o.jpg?fit=1200%2C802&ssl=1&resize=525%2C300 1.5x, https:\/\/i0.wp.com\/larevistadigital.com.ar\/blog\/wp-content\/uploads\/65852944_1492420614283968_5171908212349206528_o.jpg?fit=1200%2C802&ssl=1&resize=700%2C400 2x, https:\/\/i0.wp.com\/larevistadigital.com.ar\/blog\/wp-content\/uploads\/65852944_1492420614283968_5171908212349206528_o.jpg?fit=1200%2C802&ssl=1&resize=1050%2C600 3x"},"classes":[]},{"id":40141,"url":"https:\/\/larevistadigital.com.ar\/blog\/chascomus-continua-la-etapa-local-de-los-bonaerenses\/","url_meta":{"origin":201,"position":1},"title":"Chascom\u00fas: Contin\u00faa la Etapa Local de los Bonaerenses","author":"Alejandro Sosa Ruda","date":"23 junio, 2025","format":false,"excerpt":"El cronograma semanal de los Juegos arranca ma\u00f1ana en el Polideportivo Luego de la semana corta por los feriados de junio, ma\u00f1ana se retoman las competencias para la definici\u00f3n de la Etapa Local de los Juegos Bonaerenses 2025. F\u00fatbol, tenis y tenis de mesa son las disciplinas con actividades seg\u00fan\u2026","rel":"","context":"En \u00abCHASCOM\u00daS\u00bb","block_context":{"text":"CHASCOM\u00daS","link":"https:\/\/larevistadigital.com.ar\/blog\/category\/chascomus\/"},"img":{"alt_text":"","src":"https:\/\/i0.wp.com\/larevistadigital.com.ar\/blog\/wp-content\/uploads\/685990f6e3f2e.png?fit=668%2C445&ssl=1&resize=350%2C200","width":350,"height":200,"srcset":"https:\/\/i0.wp.com\/larevistadigital.com.ar\/blog\/wp-content\/uploads\/685990f6e3f2e.png?fit=668%2C445&ssl=1&resize=350%2C200 1x, https:\/\/i0.wp.com\/larevistadigital.com.ar\/blog\/wp-content\/uploads\/685990f6e3f2e.png?fit=668%2C445&ssl=1&resize=525%2C300 1.5x"},"classes":[]},{"id":41377,"url":"https:\/\/larevistadigital.com.ar\/blog\/chascomus-los-juegos-bonaerenses-se-viven-en-el-hogar-municipal\/","url_meta":{"origin":201,"position":2},"title":"Chascom\u00fas: Los Juegos Bonaerenses se viven en el Hogar Municipal","author":"Alejandro Sosa Ruda","date":"10 septiembre, 2025","format":false,"excerpt":"Los residentes participan de distintas disciplinas y buscan el pase a los regionales. 10 de Septiembre de 2025 CHASCOM\u00daS -\u00a0 \u00a0La competencia m\u00e1s importante de la provincia de Buenos Aires se vive a pleno en el Hogar Municipal, donde los residentes son parte de los eventos organizados para las distintas\u2026","rel":"","context":"En \u00abCHASCOM\u00daS\u00bb","block_context":{"text":"CHASCOM\u00daS","link":"https:\/\/larevistadigital.com.ar\/blog\/category\/chascomus\/"},"img":{"alt_text":"","src":"https:\/\/i0.wp.com\/larevistadigital.com.ar\/blog\/wp-content\/uploads\/68c1a85b1667b.png?fit=668%2C445&ssl=1&resize=350%2C200","width":350,"height":200,"srcset":"https:\/\/i0.wp.com\/larevistadigital.com.ar\/blog\/wp-content\/uploads\/68c1a85b1667b.png?fit=668%2C445&ssl=1&resize=350%2C200 1x, https:\/\/i0.wp.com\/larevistadigital.com.ar\/blog\/wp-content\/uploads\/68c1a85b1667b.png?fit=668%2C445&ssl=1&resize=525%2C300 1.5x"},"classes":[]},{"id":14498,"url":"https:\/\/larevistadigital.com.ar\/blog\/oportunidad-laboral-cecaitra-seleccionara-personal-para-manejo-de-radar-movil\/","url_meta":{"origin":201,"position":3},"title":"OPORTUNIDAD LABORAL: CECAITRA SELECCIONAR\u00c1 PERSONAL PARA MANEJO DE RADAR M\u00d3VIL","author":"Alejandro Sosa Ruda","date":"31 enero, 2020","format":false,"excerpt":"La Municipalidad de Lezama informa que la C\u00e1mara de Empresas de Control y Administraci\u00f3n de Infracciones de Tr\u00e1nsito de la Rep\u00fablica Argentina \u2013CECAITRA- convoca a inscribirse para cubrir un cargo de OPERADOR DE RADAR M\u00d3VIL (Radarista) para nuestro distrito. CECAITRA es una Asociaci\u00f3n Civil sin fines de lucro que nuclea\u2026","rel":"","context":"En \u00abLEZAMA\u00bb","block_context":{"text":"LEZAMA","link":"https:\/\/larevistadigital.com.ar\/blog\/category\/lezama\/"},"img":{"alt_text":"","src":"https:\/\/i0.wp.com\/larevistadigital.com.ar\/blog\/wp-content\/uploads\/83743872_1674604509398910_8481513292278267904_n.jpg?fit=650%2C430&ssl=1&resize=350%2C200","width":350,"height":200,"srcset":"https:\/\/i0.wp.com\/larevistadigital.com.ar\/blog\/wp-content\/uploads\/83743872_1674604509398910_8481513292278267904_n.jpg?fit=650%2C430&ssl=1&resize=350%2C200 1x, https:\/\/i0.wp.com\/larevistadigital.com.ar\/blog\/wp-content\/uploads\/83743872_1674604509398910_8481513292278267904_n.jpg?fit=650%2C430&ssl=1&resize=525%2C300 1.5x"},"classes":[]},{"id":8375,"url":"https:\/\/larevistadigital.com.ar\/blog\/ranchos-detienen-sujetos-con-droga\/","url_meta":{"origin":201,"position":4},"title":"RANCHOS: DETIENEN SUJETOS CON DROGA","author":"Alejandro Sosa Ruda","date":"12 febrero, 2019","format":false,"excerpt":"La Polic\u00eda Comunal de\u00a0Ranchos, detuvo\u00a0en las \u00faltimas horas a\u00a0tres sujetos, dos hombres y una mujer.\u00a0Los tres ciudadanos, oriundos de la localidad de Lan\u00fas, fueron interceptados por el personal policial en el ingreso al distrito,\u00a0con drogas prohibidas entre sus pertenencias. Los ocupantes del autom\u00f3vil no convencieron a los efectivos policiales con\u2026","rel":"","context":"En \u00abPOLICIALES\u00bb","block_context":{"text":"POLICIALES","link":"https:\/\/larevistadigital.com.ar\/blog\/category\/policiales\/"},"img":{"alt_text":"","src":"https:\/\/i0.wp.com\/larevistadigital.com.ar\/blog\/wp-content\/uploads\/2019\/02\/WhatsApp-Image-2019-02-11-at-12.18.37.jpeg?fit=1024%2C574&ssl=1&resize=350%2C200","width":350,"height":200,"srcset":"https:\/\/i0.wp.com\/larevistadigital.com.ar\/blog\/wp-content\/uploads\/2019\/02\/WhatsApp-Image-2019-02-11-at-12.18.37.jpeg?fit=1024%2C574&ssl=1&resize=350%2C200 1x, https:\/\/i0.wp.com\/larevistadigital.com.ar\/blog\/wp-content\/uploads\/2019\/02\/WhatsApp-Image-2019-02-11-at-12.18.37.jpeg?fit=1024%2C574&ssl=1&resize=525%2C300 1.5x, https:\/\/i0.wp.com\/larevistadigital.com.ar\/blog\/wp-content\/uploads\/2019\/02\/WhatsApp-Image-2019-02-11-at-12.18.37.jpeg?fit=1024%2C574&ssl=1&resize=700%2C400 2x"},"classes":[]},{"id":34267,"url":"https:\/\/larevistadigital.com.ar\/blog\/record-mundial-messi-gano-su-octavo-balon-de-oro-e-hizo-historia\/","url_meta":{"origin":201,"position":5},"title":"RECORD MUNDIAL: MESSI GAN\u00d3 SU OCTAVO BAL\u00d3N DE ORO E HIZO HISTORIA","author":"Alejandro Sosa Ruda","date":"31 octubre, 2023","format":false,"excerpt":"Lionel Messi volvi\u00f3 a ser elegido, por octava vez, como el mejor jugador del mundo. Dibu Mart\u00ednez mejor arquero y Juli\u00e1n \u00c1lvarez qued\u00f3 s\u00e9ptimo. 31 de Octubre de 2023 Lionel Messi\u00a0gan\u00f3 su octavo\u00a0Bal\u00f3n de Oro\u00a0este lunes en\u00a0Par\u00eds. En el d\u00eda del cumplea\u00f1os de\u00a0Diego Maradona, el rosarino volvi\u00f3 a levantar el\u2026","rel":"","context":"En \u00abDESTACADAS\u00bb","block_context":{"text":"DESTACADAS","link":"https:\/\/larevistadigital.com.ar\/blog\/category\/destacadas\/"},"img":{"alt_text":"","src":"https:\/\/i0.wp.com\/larevistadigital.com.ar\/blog\/wp-content\/uploads\/Captura-de-pantalla-2023-10-31-123853.png?fit=840%2C476&ssl=1&resize=350%2C200","width":350,"height":200,"srcset":"https:\/\/i0.wp.com\/larevistadigital.com.ar\/blog\/wp-content\/uploads\/Captura-de-pantalla-2023-10-31-123853.png?fit=840%2C476&ssl=1&resize=350%2C200 1x, https:\/\/i0.wp.com\/larevistadigital.com.ar\/blog\/wp-content\/uploads\/Captura-de-pantalla-2023-10-31-123853.png?fit=840%2C476&ssl=1&resize=525%2C300 1.5x, https:\/\/i0.wp.com\/larevistadigital.com.ar\/blog\/wp-content\/uploads\/Captura-de-pantalla-2023-10-31-123853.png?fit=840%2C476&ssl=1&resize=700%2C400 2x"},"classes":[]}],"_links":{"self":[{"href":"https:\/\/larevistadigital.com.ar\/blog\/wp-json\/wp\/v2\/posts\/201","targetHints":{"allow":["GET"]}}],"collection":[{"href":"https:\/\/larevistadigital.com.ar\/blog\/wp-json\/wp\/v2\/posts"}],"about":[{"href":"https:\/\/larevistadigital.com.ar\/blog\/wp-json\/wp\/v2\/types\/post"}],"author":[{"embeddable":true,"href":"https:\/\/larevistadigital.com.ar\/blog\/wp-json\/wp\/v2\/users\/2"}],"replies":[{"embeddable":true,"href":"https:\/\/larevistadigital.com.ar\/blog\/wp-json\/wp\/v2\/comments?post=201"}],"version-history":[{"count":1,"href":"https:\/\/larevistadigital.com.ar\/blog\/wp-json\/wp\/v2\/posts\/201\/revisions"}],"predecessor-version":[{"id":203,"href":"https:\/\/larevistadigital.com.ar\/blog\/wp-json\/wp\/v2\/posts\/201\/revisions\/203"}],"wp:featuredmedia":[{"embeddable":true,"href":"https:\/\/larevistadigital.com.ar\/blog\/wp-json\/wp\/v2\/media\/202"}],"wp:attachment":[{"href":"https:\/\/larevistadigital.com.ar\/blog\/wp-json\/wp\/v2\/media?parent=201"}],"wp:term":[{"taxonomy":"category","embeddable":true,"href":"https:\/\/larevistadigital.com.ar\/blog\/wp-json\/wp\/v2\/categories?post=201"},{"taxonomy":"post_tag","embeddable":true,"href":"https:\/\/larevistadigital.com.ar\/blog\/wp-json\/wp\/v2\/tags?post=201"}],"curies":[{"name":"wp","href":"https:\/\/api.w.org\/{rel}","templated":true}]}}