{"id":20101,"date":"2021-05-05T15:15:27","date_gmt":"2021-05-05T15:15:27","guid":{"rendered":"https:\/\/larevistadigital.com.ar\/blog\/?p=20101"},"modified":"2021-05-05T15:16:03","modified_gmt":"2021-05-05T15:16:03","slug":"cosechaban-maiz-y-se-cruzaron-con-un-chancho-jabali-gigante","status":"publish","type":"post","link":"https:\/\/larevistadigital.com.ar\/blog\/cosechaban-maiz-y-se-cruzaron-con-un-chancho-jabali-gigante\/","title":{"rendered":"COSECHABAN MAIZ, Y SE CRUZARON CON UN CHANCHO JABAL\u00cd GIGANTE"},"content":{"rendered":"<p>En Vedia, provincia de Buenos Aires, un equipo de contratistas de cosecha que estaba haciendo sus labores en un lote de ma\u00edz se sorprendi\u00f3 cuando un enorme padrillo de chancho jabal\u00ed se cruz\u00f3 por enfrente de la cosechadora en plena recolecci\u00f3n.<\/p>\n<p>El maquinista se top\u00f3 con el animal que estaba comiendo dentro de la parcela y, sin tener tiempo para eludirlo, enganch\u00f3 las patas del jabal\u00ed con las cadenas de rodillo. La situaci\u00f3n oblig\u00f3 a frenar al conductor.<br \/>\n\u201cLa otra vuelta que tambi\u00e9n and\u00e1bamos cosechando nos pas\u00f3 con otro chancho de 150 kilos. Lo impresionante fue el tama\u00f1o de este \u00faltimo animal que pesaba m\u00e1s de 270 kilos. Se suele encontrar pumas tambi\u00e9n pero siempre se los sueltan\u201d, dijo a La Naci\u00f3n uno de los contratistas.<\/p>\n<p>\u201cPor el peso que ten\u00eda la \u00fanica manera de moverlo y sacarlo del lugar, fue usar el cabezal del mismo maicero con el que se estaba trabajando, como pala para transportarlo hasta la caja de una de las camionetas\u201d, agreg\u00f3.<\/p>\n<p>El jabal\u00ed es una especie ex\u00f3tica oriunda de Europa donde es considerado un animal para caza. Lo introdujo junto con el ciervo colorado al pa\u00eds Pedro Luro para su coto de caza privada en el sur de Santa Rosa, en la provincia de La Pampa. Tras una fuga de muchos ejemplares del per\u00edmetro en el que se encontraban, se convirtieron en animales silvestres que luego, con el apareamiento con chanchos dom\u00e9sticos, se volvieron cimarrones.<\/p>\n<p>Sus cr\u00edas tienen el lomo amarronado con franjas longitudinales blancas y cuando crecen todo su pelaje se vuelve oscuro. Los machos tienen colmillos caracter\u00edsticos, codiciados como trofeo de caza. Se han convertido, por un lado, en buscados por cazadores y, por el otro, en plaga para los productores agropecuarios porque causan estragos en los campos. Rompen alambrados y atacan al ganado, pero el da\u00f1o mayor lo hacen sobre los lotes sembrados con ma\u00edz.<\/p>\n<p>\u201cEn los \u00faltimos a\u00f1os los jabal\u00edes se volvieron plaga en zonas donde antes no habitaban. Es incontrolable el da\u00f1o que provocan porque no solo comen el ma\u00edz sino que tumban toda la planta entera y voltean el cultivo cuando caminan por el lote y las p\u00e9rdidas econ\u00f3micas se vuelven enormes\u201d, describi\u00f3 el contratista.<\/p>\n<p>publicado en entrelineas,info<\/p>\n","protected":false},"excerpt":{"rendered":"<div class=\"mh-excerpt\"><p>En Vedia, provincia de Buenos Aires, un equipo de contratistas de cosecha que estaba haciendo sus labores en un lote de ma\u00edz se sorprendi\u00f3 cuando un enorme padrillo de chancho jabal\u00ed se cruz\u00f3 por enfrente <a class=\"mh-excerpt-more\" href=\"https:\/\/larevistadigital.com.ar\/blog\/cosechaban-maiz-y-se-cruzaron-con-un-chancho-jabali-gigante\/\" title=\"COSECHABAN MAIZ, Y SE CRUZARON CON UN CHANCHO JABAL\u00cd GIGANTE\">[Leer M\u00e1s]<\/a><\/p>\n<\/div>","protected":false},"author":3,"featured_media":20102,"comment_status":"open","ping_status":"open","sticky":false,"template":"","format":"standard","meta":{"_jetpack_memberships_contains_paid_content":false,"footnotes":"","jetpack_publicize_message":"","jetpack_publicize_feature_enabled":true,"jetpack_social_post_already_shared":true,"jetpack_social_options":{"image_generator_settings":{"template":"highway","default_image_id":0,"font":"","enabled":false},"version":2}},"categories":[50],"tags":[],"class_list":{"0":"post-20101","1":"post","2":"type-post","3":"status-publish","4":"format-standard","5":"has-post-thumbnail","7":"category-interes-general"},"jetpack_publicize_connections":[],"jetpack_featured_media_url":"https:\/\/i0.wp.com\/larevistadigital.com.ar\/blog\/wp-content\/uploads\/f4f2f4783255673f7019faf94b8cb40ccae15c07.jpeg?fit=1140%2C760&ssl=1","jetpack_sharing_enabled":true,"jetpack_shortlink":"https:\/\/wp.me\/p8qtrQ-5ed","jetpack-related-posts":[{"id":42217,"url":"https:\/\/larevistadigital.com.ar\/blog\/insolito-un-chancho-salvaje-entro-a-un-supermercado-en-madariaga-y-causo-revuelo-entre-los-clientes\/","url_meta":{"origin":20101,"position":0},"title":"Ins\u00f3lito: un chancho salvaje entr\u00f3 a un supermercado en Madariaga y caus\u00f3 revuelo entre los clientes","author":"Alejandro Sosa Ruda","date":"24 octubre, 2025","format":false,"excerpt":"El animal irrumpi\u00f3 en el local c\u00e9ntrico de la calle Sarmiento y oblig\u00f3 a evacuar el comercio. Fue reducido por la Polic\u00eda, personal municipal y vecinos baqueanos. 24 de Octubre de 2025 MADARIAGA -\u00a0 \u00a0Un hecho tan ins\u00f3lito como real sacudi\u00f3 la rutina del centro de General Madariaga durante la\u2026","rel":"","context":"En \u00abREGIONALES\u00bb","block_context":{"text":"REGIONALES","link":"https:\/\/larevistadigital.com.ar\/blog\/category\/regionales\/"},"img":{"alt_text":"","src":"https:\/\/i0.wp.com\/larevistadigital.com.ar\/blog\/wp-content\/uploads\/07dd8651a37d9e13d4fe0ffee489a98d3e066aa4.jpg?fit=1140%2C708&ssl=1&resize=350%2C200","width":350,"height":200,"srcset":"https:\/\/i0.wp.com\/larevistadigital.com.ar\/blog\/wp-content\/uploads\/07dd8651a37d9e13d4fe0ffee489a98d3e066aa4.jpg?fit=1140%2C708&ssl=1&resize=350%2C200 1x, https:\/\/i0.wp.com\/larevistadigital.com.ar\/blog\/wp-content\/uploads\/07dd8651a37d9e13d4fe0ffee489a98d3e066aa4.jpg?fit=1140%2C708&ssl=1&resize=525%2C300 1.5x, https:\/\/i0.wp.com\/larevistadigital.com.ar\/blog\/wp-content\/uploads\/07dd8651a37d9e13d4fe0ffee489a98d3e066aa4.jpg?fit=1140%2C708&ssl=1&resize=700%2C400 2x, https:\/\/i0.wp.com\/larevistadigital.com.ar\/blog\/wp-content\/uploads\/07dd8651a37d9e13d4fe0ffee489a98d3e066aa4.jpg?fit=1140%2C708&ssl=1&resize=1050%2C600 3x"},"classes":[]},{"id":43117,"url":"https:\/\/larevistadigital.com.ar\/blog\/un-jabali-en-la-ruta-una-mama-y-su-hija-de-14-anos-murieron-en-un-accidente-en-rio-negro\/","url_meta":{"origin":20101,"position":1},"title":"Un jabal\u00ed en la ruta: una mam\u00e1 y su hija de 14 a\u00f1os murieron en un accidente en R\u00edo Negro","author":"Alejandro Sosa Ruda","date":"2 enero, 2026","format":false,"excerpt":"Una familia que viajaba en una camioneta impact\u00f3 contra un \u00e1rbol tras intentar esquivar al animal en la Ruta Provincial N\u00b01. Un adolescente de 16 a\u00f1os sobrevivi\u00f3 y est\u00e1 internado. 02 de enero de 2026 Una tragedia vial marc\u00f3 las primeras horas del a\u00f1o en la provincia de R\u00edo Negro,\u2026","rel":"","context":"En \u00abINTERES GENERAL\u00bb","block_context":{"text":"INTERES GENERAL","link":"https:\/\/larevistadigital.com.ar\/blog\/category\/interes-general\/"},"img":{"alt_text":"","src":"https:\/\/i0.wp.com\/larevistadigital.com.ar\/blog\/wp-content\/uploads\/Captura-de-pantalla-2026-01-02-165412.jpg?fit=631%2C396&ssl=1&resize=350%2C200","width":350,"height":200,"srcset":"https:\/\/i0.wp.com\/larevistadigital.com.ar\/blog\/wp-content\/uploads\/Captura-de-pantalla-2026-01-02-165412.jpg?fit=631%2C396&ssl=1&resize=350%2C200 1x, https:\/\/i0.wp.com\/larevistadigital.com.ar\/blog\/wp-content\/uploads\/Captura-de-pantalla-2026-01-02-165412.jpg?fit=631%2C396&ssl=1&resize=525%2C300 1.5x"},"classes":[]},{"id":5803,"url":"https:\/\/larevistadigital.com.ar\/blog\/ayudemos-a-prevenir-la-triquinosis\/","url_meta":{"origin":20101,"position":2},"title":"Ayudemos a prevenir la triquinosis","author":"admin","date":"20 junio, 2018","format":false,"excerpt":"Zoonosis y Bromatolog\u00eda advierten sobre la importancia de los controles y los recaudos que hay que tomar para la faena casera de cerdos. Es una enfermedad producida por un par\u00e1sito que se encuentra alojado en los m\u00fasculos de los cerdos y otros animales salvajes, como el jabal\u00ed. Las personas se\u2026","rel":"","context":"En \u00abLEZAMA\u00bb","block_context":{"text":"LEZAMA","link":"https:\/\/larevistadigital.com.ar\/blog\/category\/lezama\/"},"img":{"alt_text":"","src":"https:\/\/i0.wp.com\/larevistadigital.com.ar\/blog\/wp-content\/uploads\/2018\/06\/resize_1529423929.jpg?fit=679%2C452&ssl=1&resize=350%2C200","width":350,"height":200,"srcset":"https:\/\/i0.wp.com\/larevistadigital.com.ar\/blog\/wp-content\/uploads\/2018\/06\/resize_1529423929.jpg?fit=679%2C452&ssl=1&resize=350%2C200 1x, https:\/\/i0.wp.com\/larevistadigital.com.ar\/blog\/wp-content\/uploads\/2018\/06\/resize_1529423929.jpg?fit=679%2C452&ssl=1&resize=525%2C300 1.5x"},"classes":[]},{"id":10137,"url":"https:\/\/larevistadigital.com.ar\/blog\/lezama-prevenir-la-triquinosis-es-una-tarea-de-todos\/","url_meta":{"origin":20101,"position":3},"title":"LEZAMA: PREVENIR LA TRIQUINOSIS ES UNA TAREA DE TODOS","author":"Alejandro Sosa Ruda","date":"11 mayo, 2019","format":false,"excerpt":"El \u00c1rea de Zoonosis y Bromatolog\u00eda recuerda los recaudos que deben tomar los criadores de porcinos y qui\u00e9nes consumen productos de ese origen. La triquinosis es una enfermedad producida por un par\u00e1sito conocido como Trichinella spp. Esta zoonosis est\u00e1 asociada, principalmente, al consumo de carne de cerdo o de jabal\u00ed\u2026","rel":"","context":"En \u00abLEZAMA\u00bb","block_context":{"text":"LEZAMA","link":"https:\/\/larevistadigital.com.ar\/blog\/category\/lezama\/"},"img":{"alt_text":"","src":"https:\/\/i0.wp.com\/larevistadigital.com.ar\/blog\/wp-content\/uploads\/2019\/05\/60349696_1455632254629471_5937283307325620224_n.jpg?fit=960%2C527&ssl=1&resize=350%2C200","width":350,"height":200,"srcset":"https:\/\/i0.wp.com\/larevistadigital.com.ar\/blog\/wp-content\/uploads\/2019\/05\/60349696_1455632254629471_5937283307325620224_n.jpg?fit=960%2C527&ssl=1&resize=350%2C200 1x, https:\/\/i0.wp.com\/larevistadigital.com.ar\/blog\/wp-content\/uploads\/2019\/05\/60349696_1455632254629471_5937283307325620224_n.jpg?fit=960%2C527&ssl=1&resize=525%2C300 1.5x, https:\/\/i0.wp.com\/larevistadigital.com.ar\/blog\/wp-content\/uploads\/2019\/05\/60349696_1455632254629471_5937283307325620224_n.jpg?fit=960%2C527&ssl=1&resize=700%2C400 2x"},"classes":[]},{"id":32198,"url":"https:\/\/larevistadigital.com.ar\/blog\/chascomus-el-comando-de-prevencion-rural-intercepto-una-camioneta-con-cazadores-furtivos-oriundos-de-la-matanza\/","url_meta":{"origin":20101,"position":4},"title":"CHASCOMUS: EL COMANDO DE PREVENCI\u00d3N RURAL INTERCEPT\u00d3 UNA CAMIONETA CON CAZADORES FURTIVOS ORIUNDOS DE LA MATANZA","author":"Alejandro Sosa Ruda","date":"30 junio, 2023","format":false,"excerpt":"Llevaban distintas piezas, en una camioneta Toyota Hilux. Los intensos y diarios operativos en la zona rural contin\u00faan dando frutos. 30 de junio de 2023 CHASCOM\u00daS -\u00a0\u00a0El d\u00eda de ayer, el CPR local (Comando de Prevenci\u00f3n Rural) en el marco de las tareas preventivas que realizan a diario, interceptaron una\u2026","rel":"","context":"En \u00abCHASCOM\u00daS\u00bb","block_context":{"text":"CHASCOM\u00daS","link":"https:\/\/larevistadigital.com.ar\/blog\/category\/chascomus\/"},"img":{"alt_text":"","src":"https:\/\/i0.wp.com\/larevistadigital.com.ar\/blog\/wp-content\/uploads\/WhatsApp-Image-2023-06-29-at-20.23.55-e1688164590920.jpeg?fit=1024%2C640&ssl=1&resize=350%2C200","width":350,"height":200,"srcset":"https:\/\/i0.wp.com\/larevistadigital.com.ar\/blog\/wp-content\/uploads\/WhatsApp-Image-2023-06-29-at-20.23.55-e1688164590920.jpeg?fit=1024%2C640&ssl=1&resize=350%2C200 1x, https:\/\/i0.wp.com\/larevistadigital.com.ar\/blog\/wp-content\/uploads\/WhatsApp-Image-2023-06-29-at-20.23.55-e1688164590920.jpeg?fit=1024%2C640&ssl=1&resize=525%2C300 1.5x, https:\/\/i0.wp.com\/larevistadigital.com.ar\/blog\/wp-content\/uploads\/WhatsApp-Image-2023-06-29-at-20.23.55-e1688164590920.jpeg?fit=1024%2C640&ssl=1&resize=700%2C400 2x"},"classes":[]},{"id":34125,"url":"https:\/\/larevistadigital.com.ar\/blog\/chivilcoy-buscan-capturar-un-puma-que-merodea-por-las-calles\/","url_meta":{"origin":20101,"position":5},"title":"CHIVILCOY: BUSCAN CAPTURAR UN PUMA QUE MERODEA POR LAS CALLES","author":"Alejandro Sosa Ruda","date":"19 octubre, 2023","format":false,"excerpt":"Desde la Direcci\u00f3n de Flora y Fauna bonaerense pidieron que quienes avisten a la puma informen de inmediato a las autoridades locales y proporcionar detalles precisos sobre la ubicaci\u00f3n y el comportamiento del animal. 19 de Octubre de 2023 CHIVILCOY -\u00a0 Vecinos registraron este martes por la madrugada un puma\u2026","rel":"","context":"En \u00abREGIONALES\u00bb","block_context":{"text":"REGIONALES","link":"https:\/\/larevistadigital.com.ar\/blog\/category\/regionales\/"},"img":{"alt_text":"","src":"https:\/\/i0.wp.com\/larevistadigital.com.ar\/blog\/wp-content\/uploads\/20231019160845_puma-chivilcoy.jpg?fit=880%2C512&ssl=1&resize=350%2C200","width":350,"height":200,"srcset":"https:\/\/i0.wp.com\/larevistadigital.com.ar\/blog\/wp-content\/uploads\/20231019160845_puma-chivilcoy.jpg?fit=880%2C512&ssl=1&resize=350%2C200 1x, https:\/\/i0.wp.com\/larevistadigital.com.ar\/blog\/wp-content\/uploads\/20231019160845_puma-chivilcoy.jpg?fit=880%2C512&ssl=1&resize=525%2C300 1.5x, https:\/\/i0.wp.com\/larevistadigital.com.ar\/blog\/wp-content\/uploads\/20231019160845_puma-chivilcoy.jpg?fit=880%2C512&ssl=1&resize=700%2C400 2x"},"classes":[]}],"_links":{"self":[{"href":"https:\/\/larevistadigital.com.ar\/blog\/wp-json\/wp\/v2\/posts\/20101","targetHints":{"allow":["GET"]}}],"collection":[{"href":"https:\/\/larevistadigital.com.ar\/blog\/wp-json\/wp\/v2\/posts"}],"about":[{"href":"https:\/\/larevistadigital.com.ar\/blog\/wp-json\/wp\/v2\/types\/post"}],"author":[{"embeddable":true,"href":"https:\/\/larevistadigital.com.ar\/blog\/wp-json\/wp\/v2\/users\/3"}],"replies":[{"embeddable":true,"href":"https:\/\/larevistadigital.com.ar\/blog\/wp-json\/wp\/v2\/comments?post=20101"}],"version-history":[{"count":2,"href":"https:\/\/larevistadigital.com.ar\/blog\/wp-json\/wp\/v2\/posts\/20101\/revisions"}],"predecessor-version":[{"id":20104,"href":"https:\/\/larevistadigital.com.ar\/blog\/wp-json\/wp\/v2\/posts\/20101\/revisions\/20104"}],"wp:featuredmedia":[{"embeddable":true,"href":"https:\/\/larevistadigital.com.ar\/blog\/wp-json\/wp\/v2\/media\/20102"}],"wp:attachment":[{"href":"https:\/\/larevistadigital.com.ar\/blog\/wp-json\/wp\/v2\/media?parent=20101"}],"wp:term":[{"taxonomy":"category","embeddable":true,"href":"https:\/\/larevistadigital.com.ar\/blog\/wp-json\/wp\/v2\/categories?post=20101"},{"taxonomy":"post_tag","embeddable":true,"href":"https:\/\/larevistadigital.com.ar\/blog\/wp-json\/wp\/v2\/tags?post=20101"}],"curies":[{"name":"wp","href":"https:\/\/api.w.org\/{rel}","templated":true}]}}