{"id":20105,"date":"2021-05-05T15:23:54","date_gmt":"2021-05-05T15:23:54","guid":{"rendered":"https:\/\/larevistadigital.com.ar\/blog\/?p=20105"},"modified":"2021-05-05T15:24:37","modified_gmt":"2021-05-05T15:24:37","slug":"20105-2","status":"publish","type":"post","link":"https:\/\/larevistadigital.com.ar\/blog\/20105-2\/","title":{"rendered":"LE ROBAN LA BICICLETA Y LE PEGAN UN TIRO EN LA INGLE: SE SALV\u00d3 DE MILAGRO"},"content":{"rendered":"<p><strong>LA PLATA &#8211;<\/strong> Durante la tarde de este martes un joven de 20 a\u00f1os fue v\u00edctima de un violento robo que ocurri\u00f3 en la zona de <strong>avenida 72 entre 134 y 135<\/strong>. Seg\u00fan lo relatado, los delincuentes ven\u00edan siguiendo al chico desde el Parque Castelli y al llegar a la intercepci\u00f3n mencionada cruzaron el moto veh\u00edculo por delante de \u00e9l y\u00a0<strong>quisieron sustraerle la bicicleta de alta gama en la que se trasladaba el joven.<\/strong><\/p>\n<blockquote>\n<h3>Al presentar resistencia y empujar a uno de los delincuentes con el rodado, otro de los ladrones sac\u00f3 un arma de su bolsillo y\u00a0<strong>le dispar\u00f3<\/strong>\u00a0al chico en la zona de la ingle. Tras el impacto,\u00a0<strong>la v\u00edctima qued\u00f3 tendida en el suelo y logr\u00f3 tomar su tel\u00e9fono celular para dar aviso a sus familiares<\/strong>\u00a0sobre lo que hab\u00eda ocurrido y que estos llamen posteriormente a la Polic\u00eda y una ambulancia.<\/h3>\n<\/blockquote>\n<p>Cuando llegaron las autoridades al lugar, encontraron al joven\u00a0<strong>tendido en el suelo<\/strong>\u00a0y con una herida de arma de fuego. Inmediatamente procedieron a atenderlo y posteriormente lo subieron a la ambulancia y lo trasladaron al<strong>\u00a0Hospital San Mart\u00edn ubicado en avenida 1 entre calle 69 y 71<\/strong>\u00a0en donde le realizaron los estudios correspondientes.<\/p>\n<blockquote>\n<h3>Afortunadamente, unas horas m\u00e1s tardes el chico recibi\u00f3 el alta y se encuentra recuper\u00e1ndose en su casa. En tanto, seg\u00fan informaron voceros policiales, se pudo identificar a ambos atacantes, que<strong>\u00a0se encontraba intentando vender el rodado sustra\u00eddo a una suma de 10 mil pesos.<\/strong><\/h3>\n<\/blockquote>\n","protected":false},"excerpt":{"rendered":"<div class=\"mh-excerpt\"><p>LA PLATA &#8211; Durante la tarde de este martes un joven de 20 a\u00f1os fue v\u00edctima de un violento robo que ocurri\u00f3 en la zona de avenida 72 entre 134 y 135. Seg\u00fan lo relatado, <a class=\"mh-excerpt-more\" href=\"https:\/\/larevistadigital.com.ar\/blog\/20105-2\/\" title=\"LE ROBAN LA BICICLETA Y LE PEGAN UN TIRO EN LA INGLE: SE SALV\u00d3 DE MILAGRO\">[Leer M\u00e1s]<\/a><\/p>\n<\/div>","protected":false},"author":3,"featured_media":20106,"comment_status":"open","ping_status":"open","sticky":false,"template":"","format":"standard","meta":{"_jetpack_memberships_contains_paid_content":false,"footnotes":"","jetpack_publicize_message":"","jetpack_publicize_feature_enabled":true,"jetpack_social_post_already_shared":true,"jetpack_social_options":{"image_generator_settings":{"template":"highway","default_image_id":0,"font":"","enabled":false},"version":2}},"categories":[44,51],"tags":[],"class_list":{"0":"post-20105","1":"post","2":"type-post","3":"status-publish","4":"format-standard","5":"has-post-thumbnail","7":"category-policiales","8":"category-regionales"},"jetpack_publicize_connections":[],"jetpack_featured_media_url":"https:\/\/i0.wp.com\/larevistadigital.com.ar\/blog\/wp-content\/uploads\/Hospital-San-Martin.jpg?fit=700%2C392&ssl=1","jetpack_sharing_enabled":true,"jetpack_shortlink":"https:\/\/wp.me\/p8qtrQ-5eh","jetpack-related-posts":[{"id":23491,"url":"https:\/\/larevistadigital.com.ar\/blog\/la-plata-sangrienta-entradera-roban-a-un-joven-4000-dolares\/","url_meta":{"origin":20105,"position":0},"title":"LA PLATA: SANGRIENTA ENTRADERA. ROBAN A UN JOVEN 4000.- DOLARES","author":"Alejandro Sosa Ruda","date":"20 enero, 2022","format":false,"excerpt":"Un joven de 22 a\u00f1os fue v\u00edctima de un brutal asalto cuando\u00a0sal\u00eda de su casa para llevar a un amigo y dos ladrones lo sorprendieron y lo golpearon con violencia. LA PLATA -\u00a0 Otro violento asalto perturb\u00f3 la tranquilidad de La Loma, donde un joven de 22 a\u00f1os fue sorprendido\u2026","rel":"","context":"En \u00abPOLICIALES\u00bb","block_context":{"text":"POLICIALES","link":"https:\/\/larevistadigital.com.ar\/blog\/category\/policiales\/"},"img":{"alt_text":"","src":"https:\/\/i0.wp.com\/larevistadigital.com.ar\/blog\/wp-content\/uploads\/1584137435036.jpg?fit=1200%2C797&ssl=1&resize=350%2C200","width":350,"height":200,"srcset":"https:\/\/i0.wp.com\/larevistadigital.com.ar\/blog\/wp-content\/uploads\/1584137435036.jpg?fit=1200%2C797&ssl=1&resize=350%2C200 1x, https:\/\/i0.wp.com\/larevistadigital.com.ar\/blog\/wp-content\/uploads\/1584137435036.jpg?fit=1200%2C797&ssl=1&resize=525%2C300 1.5x, https:\/\/i0.wp.com\/larevistadigital.com.ar\/blog\/wp-content\/uploads\/1584137435036.jpg?fit=1200%2C797&ssl=1&resize=700%2C400 2x, https:\/\/i0.wp.com\/larevistadigital.com.ar\/blog\/wp-content\/uploads\/1584137435036.jpg?fit=1200%2C797&ssl=1&resize=1050%2C600 3x"},"classes":[]},{"id":28494,"url":"https:\/\/larevistadigital.com.ar\/blog\/balcarce-quiso-recuperar-su-celular-robado-y-lo-hirieron-a-machetazos\/","url_meta":{"origin":20105,"position":1},"title":"BALCARCE: QUISO RECUPERAR SU CELULAR ROBADO Y LO HIRIERON A MACHETAZOS","author":"Alejandro Sosa Ruda","date":"18 octubre, 2022","format":false,"excerpt":"El hecho ocurri\u00f3 en la ciudad bonaerense de Balcarce. La v\u00edctima sufri\u00f3 m\u00faltiples cortes de importante gravedad y fue asistido. 18 de octubre de 2022 BALCARCE -\u00a0 Un joven de 26 a\u00f1os sufri\u00f3 heridas de diversa consideraci\u00f3n tras ser atacado a machetazos a la salida de un local bailable de\u2026","rel":"","context":"En \u00abPOLICIALES\u00bb","block_context":{"text":"POLICIALES","link":"https:\/\/larevistadigital.com.ar\/blog\/category\/policiales\/"},"img":{"alt_text":"","src":"https:\/\/i0.wp.com\/larevistadigital.com.ar\/blog\/wp-content\/uploads\/20221018181603_f608x342-34295-64018-30.jpg?fit=880%2C512&ssl=1&resize=350%2C200","width":350,"height":200,"srcset":"https:\/\/i0.wp.com\/larevistadigital.com.ar\/blog\/wp-content\/uploads\/20221018181603_f608x342-34295-64018-30.jpg?fit=880%2C512&ssl=1&resize=350%2C200 1x, https:\/\/i0.wp.com\/larevistadigital.com.ar\/blog\/wp-content\/uploads\/20221018181603_f608x342-34295-64018-30.jpg?fit=880%2C512&ssl=1&resize=525%2C300 1.5x, https:\/\/i0.wp.com\/larevistadigital.com.ar\/blog\/wp-content\/uploads\/20221018181603_f608x342-34295-64018-30.jpg?fit=880%2C512&ssl=1&resize=700%2C400 2x"},"classes":[]},{"id":23800,"url":"https:\/\/larevistadigital.com.ar\/blog\/mar-del-plata-balean-a-joven-por-resistirse-a-que-le-roben-la-moto\/","url_meta":{"origin":20105,"position":2},"title":"MAR DEL PLATA: BALEAN A JOVEN POR RESISTIRSE A QUE LE ROBEN LA MOTO","author":"Alejandro Sosa Ruda","date":"3 febrero, 2022","format":false,"excerpt":"La v\u00edctima tiene 21 a\u00f1os y fue internada en el Hospital Interzonal General de Agudos tras sufrir una herida de bala en el abdomen. El hecho ocurri\u00f3 en el barrio Florentino Ameghino. MAR DEL PLATA -\u00a0 Un joven de 21 a\u00f1os fue baleado al resistirse al robo de su motocicleta\u2026","rel":"","context":"En \u00abPOLICIALES\u00bb","block_context":{"text":"POLICIALES","link":"https:\/\/larevistadigital.com.ar\/blog\/category\/policiales\/"},"img":{"alt_text":"","src":"https:\/\/i0.wp.com\/larevistadigital.com.ar\/blog\/wp-content\/uploads\/higa.jpg?fit=1140%2C708&ssl=1&resize=350%2C200","width":350,"height":200,"srcset":"https:\/\/i0.wp.com\/larevistadigital.com.ar\/blog\/wp-content\/uploads\/higa.jpg?fit=1140%2C708&ssl=1&resize=350%2C200 1x, https:\/\/i0.wp.com\/larevistadigital.com.ar\/blog\/wp-content\/uploads\/higa.jpg?fit=1140%2C708&ssl=1&resize=525%2C300 1.5x, https:\/\/i0.wp.com\/larevistadigital.com.ar\/blog\/wp-content\/uploads\/higa.jpg?fit=1140%2C708&ssl=1&resize=700%2C400 2x, https:\/\/i0.wp.com\/larevistadigital.com.ar\/blog\/wp-content\/uploads\/higa.jpg?fit=1140%2C708&ssl=1&resize=1050%2C600 3x"},"classes":[]},{"id":15909,"url":"https:\/\/larevistadigital.com.ar\/blog\/golpean-a-un-chico-en-manada-dentro-de-un-country\/","url_meta":{"origin":20105,"position":3},"title":"GOLPEAN A UN CHICO \u00abEN MANADA DENTRO DE UN COUNTRY","author":"Alejandro Sosa Ruda","date":"10 agosto, 2020","format":false,"excerpt":"La v\u00edctima fue atacado por al menos 10 personas y por los golpes debi\u00f3 ser hospitalizado. Los agresores se dieron a al fuga. Sucedi\u00f3 en el Country \"Fincas de Iraola 1\" en Hudson. Este domingo a la madrugada un joven debi\u00f3 ser hospitalizado luego de recibir una violenta golpiza por\u2026","rel":"","context":"En \u00abINTERES GENERAL\u00bb","block_context":{"text":"INTERES GENERAL","link":"https:\/\/larevistadigital.com.ar\/blog\/category\/interes-general\/"},"img":{"alt_text":"","src":"https:\/\/i0.wp.com\/larevistadigital.com.ar\/blog\/wp-content\/uploads\/0037935744.jpg?fit=1140%2C640&ssl=1&resize=350%2C200","width":350,"height":200,"srcset":"https:\/\/i0.wp.com\/larevistadigital.com.ar\/blog\/wp-content\/uploads\/0037935744.jpg?fit=1140%2C640&ssl=1&resize=350%2C200 1x, https:\/\/i0.wp.com\/larevistadigital.com.ar\/blog\/wp-content\/uploads\/0037935744.jpg?fit=1140%2C640&ssl=1&resize=525%2C300 1.5x, https:\/\/i0.wp.com\/larevistadigital.com.ar\/blog\/wp-content\/uploads\/0037935744.jpg?fit=1140%2C640&ssl=1&resize=700%2C400 2x, https:\/\/i0.wp.com\/larevistadigital.com.ar\/blog\/wp-content\/uploads\/0037935744.jpg?fit=1140%2C640&ssl=1&resize=1050%2C600 3x"},"classes":[]},{"id":33917,"url":"https:\/\/larevistadigital.com.ar\/blog\/lo-asaltaron-cuando-volvia-del-banco-con-us-15-000-en-su-mochila\/","url_meta":{"origin":20105,"position":4},"title":"LO ASALTARON CUANDO VOLV\u00cdA DEL BANCO CON  U$S 15.000 EN SU MOCHILA","author":"Alejandro Sosa Ruda","date":"7 octubre, 2023","format":false,"excerpt":"La v\u00edctima declar\u00f3 que no se trat\u00f3 de un robo al voleo. Lo abordaron \"motochorros\" cuando descend\u00eda de su veh\u00edculo. Los acompa\u00f1antes que viajaban en dos motos sustrajeron la mochila con el dinero y se dieron a la fuga. 7 de octubre de 2023 ITUZAING\u00d3 -\u00a0 Un hombre que\u00a0hab\u00eda retirado\u2026","rel":"","context":"En \u00abREGIONALES\u00bb","block_context":{"text":"REGIONALES","link":"https:\/\/larevistadigital.com.ar\/blog\/category\/regionales\/"},"img":{"alt_text":"","src":"https:\/\/i0.wp.com\/larevistadigital.com.ar\/blog\/wp-content\/uploads\/POLICIA.png?fit=1002%2C658&ssl=1&resize=350%2C200","width":350,"height":200,"srcset":"https:\/\/i0.wp.com\/larevistadigital.com.ar\/blog\/wp-content\/uploads\/POLICIA.png?fit=1002%2C658&ssl=1&resize=350%2C200 1x, https:\/\/i0.wp.com\/larevistadigital.com.ar\/blog\/wp-content\/uploads\/POLICIA.png?fit=1002%2C658&ssl=1&resize=525%2C300 1.5x, https:\/\/i0.wp.com\/larevistadigital.com.ar\/blog\/wp-content\/uploads\/POLICIA.png?fit=1002%2C658&ssl=1&resize=700%2C400 2x"},"classes":[]},{"id":27121,"url":"https:\/\/larevistadigital.com.ar\/blog\/la-plata-me-gatillaron-y-no-salio-la-bala\/","url_meta":{"origin":20105,"position":5},"title":"LA PLATA: \u00abME GATILLARON Y NO SALI\u00d3 LA BALA\u00bb","author":"Alejandro Sosa Ruda","date":"17 agosto, 2022","format":false,"excerpt":"Iba en moto, intent\u00f3 escapar, lo tiraron al suelo y quisieron dispararle para robarle todo lo que llevaba. Piden mayor seguridad en la zona. 17 de agosto de 2022 Un nuevo hecho de inseguridad se dio a conocer en las \u00faltimas horas en La Plata. Esta vez,\u00a0un joven fue perseguido\u2026","rel":"","context":"En \u00abPOLICIALES\u00bb","block_context":{"text":"POLICIALES","link":"https:\/\/larevistadigital.com.ar\/blog\/category\/policiales\/"},"img":{"alt_text":"","src":"https:\/\/i0.wp.com\/larevistadigital.com.ar\/blog\/wp-content\/uploads\/1531786347834.jpg?fit=1200%2C594&ssl=1&resize=350%2C200","width":350,"height":200,"srcset":"https:\/\/i0.wp.com\/larevistadigital.com.ar\/blog\/wp-content\/uploads\/1531786347834.jpg?fit=1200%2C594&ssl=1&resize=350%2C200 1x, https:\/\/i0.wp.com\/larevistadigital.com.ar\/blog\/wp-content\/uploads\/1531786347834.jpg?fit=1200%2C594&ssl=1&resize=525%2C300 1.5x, https:\/\/i0.wp.com\/larevistadigital.com.ar\/blog\/wp-content\/uploads\/1531786347834.jpg?fit=1200%2C594&ssl=1&resize=700%2C400 2x, https:\/\/i0.wp.com\/larevistadigital.com.ar\/blog\/wp-content\/uploads\/1531786347834.jpg?fit=1200%2C594&ssl=1&resize=1050%2C600 3x"},"classes":[]}],"_links":{"self":[{"href":"https:\/\/larevistadigital.com.ar\/blog\/wp-json\/wp\/v2\/posts\/20105","targetHints":{"allow":["GET"]}}],"collection":[{"href":"https:\/\/larevistadigital.com.ar\/blog\/wp-json\/wp\/v2\/posts"}],"about":[{"href":"https:\/\/larevistadigital.com.ar\/blog\/wp-json\/wp\/v2\/types\/post"}],"author":[{"embeddable":true,"href":"https:\/\/larevistadigital.com.ar\/blog\/wp-json\/wp\/v2\/users\/3"}],"replies":[{"embeddable":true,"href":"https:\/\/larevistadigital.com.ar\/blog\/wp-json\/wp\/v2\/comments?post=20105"}],"version-history":[{"count":2,"href":"https:\/\/larevistadigital.com.ar\/blog\/wp-json\/wp\/v2\/posts\/20105\/revisions"}],"predecessor-version":[{"id":20108,"href":"https:\/\/larevistadigital.com.ar\/blog\/wp-json\/wp\/v2\/posts\/20105\/revisions\/20108"}],"wp:featuredmedia":[{"embeddable":true,"href":"https:\/\/larevistadigital.com.ar\/blog\/wp-json\/wp\/v2\/media\/20106"}],"wp:attachment":[{"href":"https:\/\/larevistadigital.com.ar\/blog\/wp-json\/wp\/v2\/media?parent=20105"}],"wp:term":[{"taxonomy":"category","embeddable":true,"href":"https:\/\/larevistadigital.com.ar\/blog\/wp-json\/wp\/v2\/categories?post=20105"},{"taxonomy":"post_tag","embeddable":true,"href":"https:\/\/larevistadigital.com.ar\/blog\/wp-json\/wp\/v2\/tags?post=20105"}],"curies":[{"name":"wp","href":"https:\/\/api.w.org\/{rel}","templated":true}]}}