{"id":20109,"date":"2021-05-05T15:34:14","date_gmt":"2021-05-05T15:34:14","guid":{"rendered":"https:\/\/larevistadigital.com.ar\/blog\/?p=20109"},"modified":"2021-05-05T15:34:14","modified_gmt":"2021-05-05T15:34:14","slug":"boca-cayo-1-0-en-guayaquil-por-la-copa-libertadores","status":"publish","type":"post","link":"https:\/\/larevistadigital.com.ar\/blog\/boca-cayo-1-0-en-guayaquil-por-la-copa-libertadores\/","title":{"rendered":"BOCA CAY\u00d3 1-0 EN GUAYAQUIL POR LA COPA LIBERTADORES"},"content":{"rendered":"<header class=\"head-int\">\n<section class=\"bajada\">El Xeneize, que ven\u00eda de cinco triunfos al hilo, perdi\u00f3 por 1-0 en Ecuador con el tanto de Garc\u00e9s Acosta, por la tercera fecha del Grupo C del certamen continental. El s\u00e1bado, por la Copa de la Liga, viene al Grella contra Patronato<\/section>\n<section><\/section>\n<section class=\"bajada\">Boca cort\u00f3 su racha. El Xeneize, que ven\u00eda de cinco victorias al hilo, cay\u00f3 por 1-0 contra Barcelona, como visitante en Ecuador, por la tercera fecha del Grupo C de la Copa Libertadores.<\/section>\n<\/header>\n<div class=\"cuerpo-int\">\n<div class=\"advthis\">\n<div class=\"redes\">\n<blockquote>\n<h3>El conjunto ecuatoriano domin\u00f3 la posesi\u00f3n de la pelota, mientras que el Xeneize intent\u00f3 aprovechar espacios en contragolpes, en un primer tiempo que tuvo muy pocas aproximaciones y casi ninguna situaci\u00f3n de peligro.<\/h3>\n<\/blockquote>\n<div class=\"cuerpo-int\">\n<div class=\"advthis\">\n<div class=\"redes\">\n<p>En la segunda mitad, Barcelona avis\u00f3 en un par de oportunidades: un remate de Leandro Mart\u00ednez y un cabezazo a Michael Hoyos. Y concret\u00f3 en la tercera. A los 17 minutos, los locales pasaron al frente con un gol de Carlos Garc\u00e9s: el delantero le gan\u00f3 a los centrales y defini\u00f3 mano a mano con Rossi.<\/p>\n<p>En lo que qued\u00f3 del partido, el Xeneize fue por el empate. Miguel \u00c1ngel Russo mand\u00f3 a la cancha a Carlos Tevez y Gonzalo Maroni, quien tuvo una situaci\u00f3n clara, aunque el palo le neg\u00f3 el gol.<\/p>\n<div class=\"google-auto-placed ap_container\"><\/div>\n<p>Finalmente, Boca perdi\u00f3 por 1-0 en Ecuador. Ahora, con 6 puntos, el equipo de Russo es escolta de Barcelona, que tiene 9. Santos (3) y The Strongest (0) quedaron debajo en el Grupo C del certamen continental. El Xeneize se medir\u00e1 con Patronato en el torneo local, el s\u00e1bado, y luego visitar\u00e1 al Peixe por la Copa, el martes.<\/p>\n<\/div>\n<\/div>\n<\/div>\n<div id=\"bottom-cerrar\" class=\"ayacu-despues-del-contenido\"><button id=\"cerrar\"><\/button><a href=\"http:\/\/www.autososcar.com.ar\/\" target=\"blank\" rel=\"noopener\"><img loading=\"lazy\" decoding=\"async\" id=\"hidden\" class=\"alignnone size-full wp-image-70818\" src=\"https:\/\/i0.wp.com\/ayacuchoaldia.com.ar\/wp-content\/uploads\/2020\/08\/oscar.gif?resize=968%2C123&amp;ssl=1\" alt=\"\" width=\"968\" height=\"123\" data-recalc-dims=\"1\" \/><\/a><\/div>\n<div class=\"mh-social-bottom\">\n<div class=\"mh-share-buttons clearfix\"><\/div>\n<\/div>\n<\/div>\n<\/div>\n<\/div>\n","protected":false},"excerpt":{"rendered":"<div class=\"mh-excerpt\"><p>El Xeneize, que ven\u00eda de cinco triunfos al hilo, perdi\u00f3 por 1-0 en Ecuador con el tanto de Garc\u00e9s Acosta, por la tercera fecha del Grupo C del certamen continental. El s\u00e1bado, por la Copa <a class=\"mh-excerpt-more\" href=\"https:\/\/larevistadigital.com.ar\/blog\/boca-cayo-1-0-en-guayaquil-por-la-copa-libertadores\/\" title=\"BOCA CAY\u00d3 1-0 EN GUAYAQUIL POR LA COPA LIBERTADORES\">[Leer M\u00e1s]<\/a><\/p>\n<\/div>","protected":false},"author":3,"featured_media":20110,"comment_status":"open","ping_status":"open","sticky":false,"template":"","format":"standard","meta":{"_jetpack_memberships_contains_paid_content":false,"footnotes":"","jetpack_publicize_message":"","jetpack_publicize_feature_enabled":true,"jetpack_social_post_already_shared":true,"jetpack_social_options":{"image_generator_settings":{"template":"highway","default_image_id":0,"font":"","enabled":false},"version":2}},"categories":[8,50],"tags":[],"class_list":{"0":"post-20109","1":"post","2":"type-post","3":"status-publish","4":"format-standard","5":"has-post-thumbnail","7":"category-deportes","8":"category-interes-general"},"jetpack_publicize_connections":[],"jetpack_featured_media_url":"https:\/\/i0.wp.com\/larevistadigital.com.ar\/blog\/wp-content\/uploads\/boca-ecuador-mayo-2021.jpg?fit=640%2C360&ssl=1","jetpack_sharing_enabled":true,"jetpack_shortlink":"https:\/\/wp.me\/p8qtrQ-5el","jetpack-related-posts":[{"id":23305,"url":"https:\/\/larevistadigital.com.ar\/blog\/se-sorteo-la-copa-de-la-liga\/","url_meta":{"origin":20109,"position":0},"title":"SE SORTE\u00d3 LA COPA DE LA LIGA","author":"Alejandro Sosa Ruda","date":"12 enero, 2022","format":false,"excerpt":"Se realiz\u00f3 esta tarde el sorteo de las zonas y el fixture de la Copa de la Liga, el torneo de primera divisi\u00f3n del f\u00fatbol argentino que comenzar\u00e1 el fin de semana del 11 de febrero, una semana despu\u00e9s de lo pautado debido al aumento de contagios de Covid-19. En\u2026","rel":"","context":"En \u00abDEPORTES\u00bb","block_context":{"text":"DEPORTES","link":"https:\/\/larevistadigital.com.ar\/blog\/category\/deportes\/"},"img":{"alt_text":"","src":"https:\/\/i0.wp.com\/larevistadigital.com.ar\/blog\/wp-content\/uploads\/copa-de-la-liga-profesional-2022-sorteojpg.jpg?fit=1200%2C675&ssl=1&resize=350%2C200","width":350,"height":200,"srcset":"https:\/\/i0.wp.com\/larevistadigital.com.ar\/blog\/wp-content\/uploads\/copa-de-la-liga-profesional-2022-sorteojpg.jpg?fit=1200%2C675&ssl=1&resize=350%2C200 1x, https:\/\/i0.wp.com\/larevistadigital.com.ar\/blog\/wp-content\/uploads\/copa-de-la-liga-profesional-2022-sorteojpg.jpg?fit=1200%2C675&ssl=1&resize=525%2C300 1.5x, https:\/\/i0.wp.com\/larevistadigital.com.ar\/blog\/wp-content\/uploads\/copa-de-la-liga-profesional-2022-sorteojpg.jpg?fit=1200%2C675&ssl=1&resize=700%2C400 2x, https:\/\/i0.wp.com\/larevistadigital.com.ar\/blog\/wp-content\/uploads\/copa-de-la-liga-profesional-2022-sorteojpg.jpg?fit=1200%2C675&ssl=1&resize=1050%2C600 3x"},"classes":[]},{"id":24833,"url":"https:\/\/larevistadigital.com.ar\/blog\/copa-libertadores-aca-los-grupos-y-las-fechas-hasta-la-final-y-habra-choque-argentino\/","url_meta":{"origin":20109,"position":1},"title":"COPA LIBERTADORES, AC\u00c1 LOS GRUPOS Y LAS FECHAS HASTA LA FINAL (Y HABR\u00c1 CHOQUE ARGENTINO)","author":"Alejandro Sosa Ruda","date":"26 marzo, 2022","format":false,"excerpt":"El Xeneize y el Millonario son cabezas de serie de los grupos E y F; V\u00e9lez y Estudiantes comparten la zona C y el Sabalero fue al grupo G con Pe\u00f1arol y los dos grandes de Paraguay. Talleres al H, con Flamengo. La espera termin\u00f3: se realiz\u00f3 en Paraguay el\u2026","rel":"","context":"En \u00abDEPORTES\u00bb","block_context":{"text":"DEPORTES","link":"https:\/\/larevistadigital.com.ar\/blog\/category\/deportes\/"},"img":{"alt_text":"","src":"https:\/\/i0.wp.com\/larevistadigital.com.ar\/blog\/wp-content\/uploads\/libertadores-2022.jpg?fit=680%2C680&ssl=1&resize=350%2C200","width":350,"height":200,"srcset":"https:\/\/i0.wp.com\/larevistadigital.com.ar\/blog\/wp-content\/uploads\/libertadores-2022.jpg?fit=680%2C680&ssl=1&resize=350%2C200 1x, https:\/\/i0.wp.com\/larevistadigital.com.ar\/blog\/wp-content\/uploads\/libertadores-2022.jpg?fit=680%2C680&ssl=1&resize=525%2C300 1.5x"},"classes":[]},{"id":33833,"url":"https:\/\/larevistadigital.com.ar\/blog\/boca-se-juega-el-ano-en-san-pablo\/","url_meta":{"origin":20109,"position":2},"title":"BOCA SE JUEGA EL A\u00d1O EN SAN PABLO","author":"Alejandro Sosa Ruda","date":"5 octubre, 2023","format":false,"excerpt":"La derrota en el supercl\u00e1sico dej\u00f3 sin margen de error a Jorge Almir\u00f3n y se juega todo en la revancha de la semifinal de la Copa Libertadores frente a Palmeiras, a las 21.30. En la final, espera Fluminense. 05 de octubre de 2023 Boca Juniors, obsesionado por obtener su s\u00e9ptima\u2026","rel":"","context":"En \u00abDEPORTES\u00bb","block_context":{"text":"DEPORTES","link":"https:\/\/larevistadigital.com.ar\/blog\/category\/deportes\/"},"img":{"alt_text":"","src":"https:\/\/i0.wp.com\/larevistadigital.com.ar\/blog\/wp-content\/uploads\/EOeQPWawL_720x0__1.jpg?fit=720%2C441&ssl=1&resize=350%2C200","width":350,"height":200,"srcset":"https:\/\/i0.wp.com\/larevistadigital.com.ar\/blog\/wp-content\/uploads\/EOeQPWawL_720x0__1.jpg?fit=720%2C441&ssl=1&resize=350%2C200 1x, https:\/\/i0.wp.com\/larevistadigital.com.ar\/blog\/wp-content\/uploads\/EOeQPWawL_720x0__1.jpg?fit=720%2C441&ssl=1&resize=525%2C300 1.5x, https:\/\/i0.wp.com\/larevistadigital.com.ar\/blog\/wp-content\/uploads\/EOeQPWawL_720x0__1.jpg?fit=720%2C441&ssl=1&resize=700%2C400 2x"},"classes":[]},{"id":19785,"url":"https:\/\/larevistadigital.com.ar\/blog\/murio-el-ex-jugador-de-boca-el-murcielago-alfredo-graciani\/","url_meta":{"origin":20109,"position":3},"title":"MURI\u00d3 EL EX JUGADOR DE BOCA \u00abEL MURCI\u00c9LAGO\u00bb ALFREDO GRACIANI","author":"Alejandro Sosa Ruda","date":"21 abril, 2021","format":false,"excerpt":"El ex futbolista\u00a0Alfredo Graciani, conocido popularmente como \u201cEl Murci\u00e9lago\u201d, muri\u00f3 este mi\u00e9rcoles a los 56 a\u00f1os tras sufrir un paro card\u00edaco. La noticia caus\u00f3 conmoci\u00f3n en el mundo del f\u00fatbol, ya que el ex delantero fue un destacado animador del f\u00fatbol argentino en la d\u00e9cada del 80. Graciani defendi\u00f3 distintas\u2026","rel":"","context":"En \u00abDEPORTES\u00bb","block_context":{"text":"DEPORTES","link":"https:\/\/larevistadigital.com.ar\/blog\/category\/deportes\/"},"img":{"alt_text":"","src":"https:\/\/i0.wp.com\/larevistadigital.com.ar\/blog\/wp-content\/uploads\/Alfredo-Graciani.jpeg?fit=1200%2C884&ssl=1&resize=350%2C200","width":350,"height":200,"srcset":"https:\/\/i0.wp.com\/larevistadigital.com.ar\/blog\/wp-content\/uploads\/Alfredo-Graciani.jpeg?fit=1200%2C884&ssl=1&resize=350%2C200 1x, https:\/\/i0.wp.com\/larevistadigital.com.ar\/blog\/wp-content\/uploads\/Alfredo-Graciani.jpeg?fit=1200%2C884&ssl=1&resize=525%2C300 1.5x, https:\/\/i0.wp.com\/larevistadigital.com.ar\/blog\/wp-content\/uploads\/Alfredo-Graciani.jpeg?fit=1200%2C884&ssl=1&resize=700%2C400 2x, https:\/\/i0.wp.com\/larevistadigital.com.ar\/blog\/wp-content\/uploads\/Alfredo-Graciani.jpeg?fit=1200%2C884&ssl=1&resize=1050%2C600 3x"},"classes":[]},{"id":32055,"url":"https:\/\/larevistadigital.com.ar\/blog\/almiron-contrato-a-un-brujo-peruano-para-cambiar-la-energia-en-boca\/","url_meta":{"origin":20109,"position":4},"title":"ALMIR\u00d3N CONTRAT\u00d3 A UN \u00abBRUJO\u00bb PERUANO PARA CAMBIAR LA ENERG\u00cdA EN BOCA","author":"Alejandro Sosa Ruda","date":"17 junio, 2023","format":false,"excerpt":"Giorgio Armas afirm\u00f3 que fue convocado por el DT para cambiar las \"malas energ\u00edas\" del plantel y lograr \"ganar la Copa Libertadores\". 16 de junio de 2023 Desde su llegada al banquillo de suplentes de Boca Juniors hace apenas dos meses, el entrenador Jorge Almir\u00f3n ha mostrado ser un ferviente\u2026","rel":"","context":"En \u00abCURIOSAS\u00bb","block_context":{"text":"CURIOSAS","link":"https:\/\/larevistadigital.com.ar\/blog\/category\/curiosas\/"},"img":{"alt_text":"","src":"https:\/\/i0.wp.com\/larevistadigital.com.ar\/blog\/wp-content\/uploads\/almiron.jpg?fit=900%2C387&ssl=1&resize=350%2C200","width":350,"height":200,"srcset":"https:\/\/i0.wp.com\/larevistadigital.com.ar\/blog\/wp-content\/uploads\/almiron.jpg?fit=900%2C387&ssl=1&resize=350%2C200 1x, https:\/\/i0.wp.com\/larevistadigital.com.ar\/blog\/wp-content\/uploads\/almiron.jpg?fit=900%2C387&ssl=1&resize=525%2C300 1.5x, https:\/\/i0.wp.com\/larevistadigital.com.ar\/blog\/wp-content\/uploads\/almiron.jpg?fit=900%2C387&ssl=1&resize=700%2C400 2x"},"classes":[]},{"id":25440,"url":"https:\/\/larevistadigital.com.ar\/blog\/se-sortearon-los-octavos-de-la-copa-libertadores-como-son-los-partidos-de-los-equipos-argentinos\/","url_meta":{"origin":20109,"position":5},"title":"SE SORTEARON LOS OCTAVOS DE LA COPA LIBERTADORES: \u00bfCOMO SON LOS PARTIDOS DE LOS EQUIPOS ARGENTINOS?","author":"Alejandro Sosa Ruda","date":"27 mayo, 2022","format":false,"excerpt":"River, Boca, Estudiantes, Col\u00f3n, Talleres y V\u00e9lez buscar\u00e1n el gran trofeo continental. River, Boca, Estudiantes, Col\u00f3n, V\u00e9lez y Talleres conocen sus rivales para los octavos de final de la Copa Libertadores 2022, tras el sorteo realizado este viernes en la sede de Conmebol ubicada en Luque, Paraguay. River, segundo mejor\u2026","rel":"","context":"En \u00abDESTACADAS\u00bb","block_context":{"text":"DESTACADAS","link":"https:\/\/larevistadigital.com.ar\/blog\/category\/destacadas\/"},"img":{"alt_text":"","src":"https:\/\/i0.wp.com\/larevistadigital.com.ar\/blog\/wp-content\/uploads\/COPA.jpg?fit=1200%2C675&ssl=1&resize=350%2C200","width":350,"height":200,"srcset":"https:\/\/i0.wp.com\/larevistadigital.com.ar\/blog\/wp-content\/uploads\/COPA.jpg?fit=1200%2C675&ssl=1&resize=350%2C200 1x, https:\/\/i0.wp.com\/larevistadigital.com.ar\/blog\/wp-content\/uploads\/COPA.jpg?fit=1200%2C675&ssl=1&resize=525%2C300 1.5x, https:\/\/i0.wp.com\/larevistadigital.com.ar\/blog\/wp-content\/uploads\/COPA.jpg?fit=1200%2C675&ssl=1&resize=700%2C400 2x, https:\/\/i0.wp.com\/larevistadigital.com.ar\/blog\/wp-content\/uploads\/COPA.jpg?fit=1200%2C675&ssl=1&resize=1050%2C600 3x"},"classes":[]}],"_links":{"self":[{"href":"https:\/\/larevistadigital.com.ar\/blog\/wp-json\/wp\/v2\/posts\/20109","targetHints":{"allow":["GET"]}}],"collection":[{"href":"https:\/\/larevistadigital.com.ar\/blog\/wp-json\/wp\/v2\/posts"}],"about":[{"href":"https:\/\/larevistadigital.com.ar\/blog\/wp-json\/wp\/v2\/types\/post"}],"author":[{"embeddable":true,"href":"https:\/\/larevistadigital.com.ar\/blog\/wp-json\/wp\/v2\/users\/3"}],"replies":[{"embeddable":true,"href":"https:\/\/larevistadigital.com.ar\/blog\/wp-json\/wp\/v2\/comments?post=20109"}],"version-history":[{"count":1,"href":"https:\/\/larevistadigital.com.ar\/blog\/wp-json\/wp\/v2\/posts\/20109\/revisions"}],"predecessor-version":[{"id":20111,"href":"https:\/\/larevistadigital.com.ar\/blog\/wp-json\/wp\/v2\/posts\/20109\/revisions\/20111"}],"wp:featuredmedia":[{"embeddable":true,"href":"https:\/\/larevistadigital.com.ar\/blog\/wp-json\/wp\/v2\/media\/20110"}],"wp:attachment":[{"href":"https:\/\/larevistadigital.com.ar\/blog\/wp-json\/wp\/v2\/media?parent=20109"}],"wp:term":[{"taxonomy":"category","embeddable":true,"href":"https:\/\/larevistadigital.com.ar\/blog\/wp-json\/wp\/v2\/categories?post=20109"},{"taxonomy":"post_tag","embeddable":true,"href":"https:\/\/larevistadigital.com.ar\/blog\/wp-json\/wp\/v2\/tags?post=20109"}],"curies":[{"name":"wp","href":"https:\/\/api.w.org\/{rel}","templated":true}]}}