{"id":20115,"date":"2021-05-06T13:18:56","date_gmt":"2021-05-06T13:18:56","guid":{"rendered":"https:\/\/larevistadigital.com.ar\/blog\/?p=20115"},"modified":"2021-05-06T13:22:35","modified_gmt":"2021-05-06T13:22:35","slug":"profundo-pesar-murio-timoteo-griguol-a-los-86-anos","status":"publish","type":"post","link":"https:\/\/larevistadigital.com.ar\/blog\/profundo-pesar-murio-timoteo-griguol-a-los-86-anos\/","title":{"rendered":"PROFUNDO PESAR: MURI\u00d3 TIMOTEO GRIGUOL A LOS 86 A\u00d1OS"},"content":{"rendered":"<h2 class=\"negrita\">El ex entrenador de Gimnasia falleci\u00f3 a los 86 a\u00f1os. Se encontraba internado desde hace varios d\u00edas atr\u00e1s en estado cr\u00edtico, tras luchar contra el COVID.<\/h2>\n<div class=\"texto\">\n<p><strong>Carlos Timoteo Griguol muri\u00f3 este jueves en el Sanatorio Los Arcos<\/strong>, donde estaba internado hac\u00eda varias semanas, con un estado de salud cr\u00edtico y peleando por su vida. La triste noticia fue confirmada por su cu\u00f1ado,<strong>\u00a0V\u00edctor Marchesini<\/strong>, que lo anunci\u00f3 en sus redes sociales.<\/p>\n<p>A los 86 a\u00f1os, perdi\u00f3 la vida uno de los m\u00e1s grandes directores t\u00e9cnicos de la historia del f\u00fatbol argentino,\u00a0<strong>por complicaciones respiratorias provocadas por un cuadro de neumon\u00eda agravado por el COVID-19<\/strong>.<\/p>\n<p><strong><img data-recalc-dims=\"1\" loading=\"lazy\" decoding=\"async\" class=\"alignnone size-full wp-image-20116\" src=\"https:\/\/i0.wp.com\/larevistadigital.com.ar\/blog\/wp-content\/uploads\/1559924339453.jpg?resize=1500%2C843&#038;ssl=1\" alt=\"\" width=\"1500\" height=\"843\" srcset=\"https:\/\/i0.wp.com\/larevistadigital.com.ar\/blog\/wp-content\/uploads\/1559924339453.jpg?w=1500&amp;ssl=1 1500w, https:\/\/i0.wp.com\/larevistadigital.com.ar\/blog\/wp-content\/uploads\/1559924339453.jpg?resize=300%2C169&amp;ssl=1 300w, https:\/\/i0.wp.com\/larevistadigital.com.ar\/blog\/wp-content\/uploads\/1559924339453.jpg?resize=1024%2C575&amp;ssl=1 1024w, https:\/\/i0.wp.com\/larevistadigital.com.ar\/blog\/wp-content\/uploads\/1559924339453.jpg?resize=768%2C432&amp;ssl=1 768w, https:\/\/i0.wp.com\/larevistadigital.com.ar\/blog\/wp-content\/uploads\/1559924339453.jpg?resize=678%2C381&amp;ssl=1 678w\" sizes=\"auto, (max-width: 1000px) 100vw, 1000px\" \/><\/strong><\/p>\n<blockquote>\n<h3><strong>\u00abSe nos fu\u00e9 Timo. Gracias por todo Viejito, imposible no tenerte presente minuto a minuto.\u00a0Te voy a extra\u00f1ar. QEPD\u00bb<\/strong>, escribi\u00f3 <strong>Marchesini<\/strong> en su cuenta de Twitter.<\/h3>\n<\/blockquote>\n<p><strong>Timoteo,<\/strong> siendo entrenador de Gimnasia dej\u00f3 una huella imborrable, una forma de trabajar, marc\u00f3 las pautas de una ideolog\u00eda futbol\u00edstica y de vida, que el pueblo tripero reconoce y mantendr\u00e1 como ejemplo por el resto de su historia.<\/p>\n<p><strong>Griguol tuvo tres etapas como t\u00e9cnico del Lobo, en donde supo conformar equipos con grandes figuras y que pusieron a la instituci\u00f3n en los primeros planos del f\u00fatbol argentino<\/strong>, con jugadores que luego se convirtieron en emblemas triperos.<\/p>\n<p><img data-recalc-dims=\"1\" loading=\"lazy\" decoding=\"async\" class=\"alignnone size-full wp-image-20117\" src=\"https:\/\/i0.wp.com\/larevistadigital.com.ar\/blog\/wp-content\/uploads\/1584278459800.jpg?resize=1500%2C1341&#038;ssl=1\" alt=\"\" width=\"1500\" height=\"1341\" srcset=\"https:\/\/i0.wp.com\/larevistadigital.com.ar\/blog\/wp-content\/uploads\/1584278459800.jpg?w=1500&amp;ssl=1 1500w, https:\/\/i0.wp.com\/larevistadigital.com.ar\/blog\/wp-content\/uploads\/1584278459800.jpg?resize=300%2C268&amp;ssl=1 300w, https:\/\/i0.wp.com\/larevistadigital.com.ar\/blog\/wp-content\/uploads\/1584278459800.jpg?resize=1024%2C915&amp;ssl=1 1024w, https:\/\/i0.wp.com\/larevistadigital.com.ar\/blog\/wp-content\/uploads\/1584278459800.jpg?resize=768%2C687&amp;ssl=1 768w\" sizes=\"auto, (max-width: 1000px) 100vw, 1000px\" \/>El Viejo, como era conocido en el ambiente futbolero, tambi\u00e9n puso su sello e impronta en clubes como\u00a0<strong>Ferro, River, Rosario Central y Atlanta<\/strong>, entre otros que tambi\u00e9n del exterior.<\/p>\n<p>As\u00ed, un profundo dolor invade al pueblo tripero y a los amantes del deporte, quienes reconocen a <strong>Carlos Timoteo Griguol<\/strong> como un hombre que hizo docencia, marc\u00f3 siempre un ejemplo a seguir y estableci\u00f3 una manera de ense\u00f1ar y aprender el f\u00fatbol, con la posibilidad de aplicar sus consejos a la vida cotidiana. \u00a1Gracias Timo, y hasta siempre!<\/p>\n<div class=\"contenedor__publicidad\">\n<div class=\"publicidad P12 \">\n<div id=\"eplAdDivvslider\" class=\"epl_ppp_iniciada\">publicado en 0221.com.ar<\/div>\n<div><\/div>\n<\/div>\n<\/div>\n<div class=\"contenedor__publicidad\">\n<div class=\"publicidad P11 \"><\/div>\n<\/div>\n<\/div>\n","protected":false},"excerpt":{"rendered":"<div class=\"mh-excerpt\"><p>El ex entrenador de Gimnasia falleci\u00f3 a los 86 a\u00f1os. Se encontraba internado desde hace varios d\u00edas atr\u00e1s en estado cr\u00edtico, tras luchar contra el COVID. Carlos Timoteo Griguol muri\u00f3 este jueves en el Sanatorio <a class=\"mh-excerpt-more\" href=\"https:\/\/larevistadigital.com.ar\/blog\/profundo-pesar-murio-timoteo-griguol-a-los-86-anos\/\" title=\"PROFUNDO PESAR: MURI\u00d3 TIMOTEO GRIGUOL A LOS 86 A\u00d1OS\">[Leer M\u00e1s]<\/a><\/p>\n<\/div>","protected":false},"author":3,"featured_media":20118,"comment_status":"open","ping_status":"open","sticky":false,"template":"","format":"standard","meta":{"_jetpack_memberships_contains_paid_content":false,"footnotes":"","jetpack_publicize_message":"","jetpack_publicize_feature_enabled":true,"jetpack_social_post_already_shared":true,"jetpack_social_options":{"image_generator_settings":{"template":"highway","default_image_id":0,"font":"","enabled":false},"version":2}},"categories":[50],"tags":[],"class_list":{"0":"post-20115","1":"post","2":"type-post","3":"status-publish","4":"format-standard","5":"has-post-thumbnail","7":"category-interes-general"},"jetpack_publicize_connections":[],"jetpack_featured_media_url":"https:\/\/i0.wp.com\/larevistadigital.com.ar\/blog\/wp-content\/uploads\/GRIGUOL.jpeg?fit=1280%2C868&ssl=1","jetpack_sharing_enabled":true,"jetpack_shortlink":"https:\/\/wp.me\/p8qtrQ-5er","jetpack-related-posts":[{"id":30729,"url":"https:\/\/larevistadigital.com.ar\/blog\/murio-tristan-a-los-86-anos-de-edad\/","url_meta":{"origin":20115,"position":0},"title":"MURI\u00d3 TRIST\u00c1N A LOS 86 A\u00d1OS DE EDAD","author":"Alejandro Sosa Ruda","date":"25 marzo, 2023","format":false,"excerpt":"El actor estaba internado en un hospital de C\u00f3rdoba en grave estado por una neumon\u00eda bilateral. Particip\u00f3 en 32 pel\u00edculas y 40 obras de teatro. 25 de marzo de 2023 La noticia se la confirm\u00f3 a Teleshow su hijo, Mariano D\u00edaz Ocampo. El actor se encontraba internado en el Hospital\u2026","rel":"","context":"En \u00abINTERES GENERAL\u00bb","block_context":{"text":"INTERES GENERAL","link":"https:\/\/larevistadigital.com.ar\/blog\/category\/interes-general\/"},"img":{"alt_text":"","src":"https:\/\/i0.wp.com\/larevistadigital.com.ar\/blog\/wp-content\/uploads\/tristan.jpg?fit=800%2C448&ssl=1&resize=350%2C200","width":350,"height":200,"srcset":"https:\/\/i0.wp.com\/larevistadigital.com.ar\/blog\/wp-content\/uploads\/tristan.jpg?fit=800%2C448&ssl=1&resize=350%2C200 1x, https:\/\/i0.wp.com\/larevistadigital.com.ar\/blog\/wp-content\/uploads\/tristan.jpg?fit=800%2C448&ssl=1&resize=525%2C300 1.5x, https:\/\/i0.wp.com\/larevistadigital.com.ar\/blog\/wp-content\/uploads\/tristan.jpg?fit=800%2C448&ssl=1&resize=700%2C400 2x"},"classes":[]},{"id":13561,"url":"https:\/\/larevistadigital.com.ar\/blog\/a-los-83-anos-de-edad-murio-santiago-bal\/","url_meta":{"origin":20115,"position":1},"title":"A LOS 83 A\u00d1OS DE EDAD, MURI\u00d3 SANTIAGO BAL","author":"Alejandro Sosa Ruda","date":"9 diciembre, 2019","format":false,"excerpt":"El actor de larga trayectoria en la comedia falleci\u00f3 esta ma\u00f1ana en el Instituto M\u00e9dico de Alta Complejidad. Desde principios de julio se encontraba internado en distintos centros especializados. Entre otras complicaciones, sufr\u00eda de EPOC, como consecuencia de sus a\u00f1os de fumador. El actor Santiago Bal falleci\u00f3 esta lunes en\u2026","rel":"","context":"En \u00abINTERES GENERAL\u00bb","block_context":{"text":"INTERES GENERAL","link":"https:\/\/larevistadigital.com.ar\/blog\/category\/interes-general\/"},"img":{"alt_text":"","src":"https:\/\/i0.wp.com\/larevistadigital.com.ar\/blog\/wp-content\/uploads\/Screenshot_1-68.jpg?fit=807%2C450&ssl=1&resize=350%2C200","width":350,"height":200,"srcset":"https:\/\/i0.wp.com\/larevistadigital.com.ar\/blog\/wp-content\/uploads\/Screenshot_1-68.jpg?fit=807%2C450&ssl=1&resize=350%2C200 1x, https:\/\/i0.wp.com\/larevistadigital.com.ar\/blog\/wp-content\/uploads\/Screenshot_1-68.jpg?fit=807%2C450&ssl=1&resize=525%2C300 1.5x, https:\/\/i0.wp.com\/larevistadigital.com.ar\/blog\/wp-content\/uploads\/Screenshot_1-68.jpg?fit=807%2C450&ssl=1&resize=700%2C400 2x"},"classes":[]},{"id":18367,"url":"https:\/\/larevistadigital.com.ar\/blog\/murio-armando-manzanero-victima-de-covid-19\/","url_meta":{"origin":20115,"position":2},"title":"MURI\u00d3 ARMANDO MANZANERO, V\u00cdCTIMA DE COVID-19","author":"Alejandro Sosa Ruda","date":"28 diciembre, 2020","format":false,"excerpt":"Lamentablemente, a los 85 a\u00f1os de edad, falleci\u00f3 el cantautor y productor Armando Manzanero, quien hab\u00eda contra\u00eddo COVID-19 El deceso de Manzanero, fue a causa de un infarto, consecuencia del Covid 19 que lo manten\u00eda internado. Ten\u00eda 85 a\u00f1os y era una personalidad mundialmente respetada y querida. Desde distintas partes\u2026","rel":"","context":"En \u00abCULTURA\u00bb","block_context":{"text":"CULTURA","link":"https:\/\/larevistadigital.com.ar\/blog\/category\/cultura\/"},"img":{"alt_text":"","src":"https:\/\/i0.wp.com\/larevistadigital.com.ar\/blog\/wp-content\/uploads\/armando-manzanero-covid-19.jpg?fit=1200%2C675&ssl=1&resize=350%2C200","width":350,"height":200,"srcset":"https:\/\/i0.wp.com\/larevistadigital.com.ar\/blog\/wp-content\/uploads\/armando-manzanero-covid-19.jpg?fit=1200%2C675&ssl=1&resize=350%2C200 1x, https:\/\/i0.wp.com\/larevistadigital.com.ar\/blog\/wp-content\/uploads\/armando-manzanero-covid-19.jpg?fit=1200%2C675&ssl=1&resize=525%2C300 1.5x, https:\/\/i0.wp.com\/larevistadigital.com.ar\/blog\/wp-content\/uploads\/armando-manzanero-covid-19.jpg?fit=1200%2C675&ssl=1&resize=700%2C400 2x, https:\/\/i0.wp.com\/larevistadigital.com.ar\/blog\/wp-content\/uploads\/armando-manzanero-covid-19.jpg?fit=1200%2C675&ssl=1&resize=1050%2C600 3x"},"classes":[]},{"id":7823,"url":"https:\/\/larevistadigital.com.ar\/blog\/murio-a-los-56-anos-el-guitarrista-ulises-butron\/","url_meta":{"origin":20115,"position":3},"title":"MURI\u00d3 A LOS 56 A\u00d1OS EL GUITARRISTA ULISES BUTR\u00d3N","author":"Alejandro Sosa Ruda","date":"21 enero, 2019","format":false,"excerpt":"Ten\u00eda 56 a\u00f1os, y estaba internado en una cl\u00ednica del barrio Belgrano.\u00a0 El guitarrista Ulises Butr\u00f3n falleci\u00f3 hoy a la ma\u00f1ana en una cl\u00ednica en la que se encontraba internado desde hace tres d\u00edas, por una fuerte neumon\u00eda, inform\u00f3 su pareja Luciana Giordano. Giordano cont\u00f3 que el m\u00fasico se encontraba\u2026","rel":"","context":"En \u00abCULTURA\u00bb","block_context":{"text":"CULTURA","link":"https:\/\/larevistadigital.com.ar\/blog\/category\/cultura\/"},"img":{"alt_text":"","src":"https:\/\/i0.wp.com\/larevistadigital.com.ar\/blog\/wp-content\/uploads\/2019\/01\/maxresdefault.jpg?fit=1200%2C675&ssl=1&resize=350%2C200","width":350,"height":200,"srcset":"https:\/\/i0.wp.com\/larevistadigital.com.ar\/blog\/wp-content\/uploads\/2019\/01\/maxresdefault.jpg?fit=1200%2C675&ssl=1&resize=350%2C200 1x, https:\/\/i0.wp.com\/larevistadigital.com.ar\/blog\/wp-content\/uploads\/2019\/01\/maxresdefault.jpg?fit=1200%2C675&ssl=1&resize=525%2C300 1.5x, https:\/\/i0.wp.com\/larevistadigital.com.ar\/blog\/wp-content\/uploads\/2019\/01\/maxresdefault.jpg?fit=1200%2C675&ssl=1&resize=700%2C400 2x, https:\/\/i0.wp.com\/larevistadigital.com.ar\/blog\/wp-content\/uploads\/2019\/01\/maxresdefault.jpg?fit=1200%2C675&ssl=1&resize=1050%2C600 3x"},"classes":[]},{"id":25418,"url":"https:\/\/larevistadigital.com.ar\/blog\/dolor-en-la-plata-murio-un-nene-de-tres-anos-que-habia-caido-a-un-pozo-ciego\/","url_meta":{"origin":20115,"position":4},"title":"DOLOR EN LA PLATA: MURI\u00d3 UN NENE DE TRES A\u00d1OS, QUE HAB\u00cdA CA\u00cdDO A UN POZO CIEGO","author":"Alejandro Sosa Ruda","date":"26 mayo, 2022","format":false,"excerpt":"El menor se encontraba grave desde el 16 de mayo, cuando ocurri\u00f3 el accidente en una vivienda de la localidad platense de \u00c1ngel Etcheverry. LA PLATA -\u00a0 Muri\u00f3 un nene de tres a\u00f1os que permaneci\u00f3 diez d\u00edas internado luego de caer a un pozo ciego, en la localidad de Echeverry.\u2026","rel":"","context":"En \u00abPOLICIALES\u00bb","block_context":{"text":"POLICIALES","link":"https:\/\/larevistadigital.com.ar\/blog\/category\/policiales\/"},"img":{"alt_text":"","src":"https:\/\/i0.wp.com\/larevistadigital.com.ar\/blog\/wp-content\/uploads\/45be67733f4dc2f54bcecb1866edd79de4e32b67.jpg?fit=1140%2C642&ssl=1&resize=350%2C200","width":350,"height":200,"srcset":"https:\/\/i0.wp.com\/larevistadigital.com.ar\/blog\/wp-content\/uploads\/45be67733f4dc2f54bcecb1866edd79de4e32b67.jpg?fit=1140%2C642&ssl=1&resize=350%2C200 1x, https:\/\/i0.wp.com\/larevistadigital.com.ar\/blog\/wp-content\/uploads\/45be67733f4dc2f54bcecb1866edd79de4e32b67.jpg?fit=1140%2C642&ssl=1&resize=525%2C300 1.5x, https:\/\/i0.wp.com\/larevistadigital.com.ar\/blog\/wp-content\/uploads\/45be67733f4dc2f54bcecb1866edd79de4e32b67.jpg?fit=1140%2C642&ssl=1&resize=700%2C400 2x, https:\/\/i0.wp.com\/larevistadigital.com.ar\/blog\/wp-content\/uploads\/45be67733f4dc2f54bcecb1866edd79de4e32b67.jpg?fit=1140%2C642&ssl=1&resize=1050%2C600 3x"},"classes":[]},{"id":31940,"url":"https:\/\/larevistadigital.com.ar\/blog\/a-los-86-anos-murio-silvio-berlusconi\/","url_meta":{"origin":20115,"position":5},"title":"A LOS 86 A\u00d1OS MURI\u00d3 SILVIO BERLUSCONI","author":"Alejandro Sosa Ruda","date":"12 junio, 2023","format":false,"excerpt":"Ex primer ministro italiano y magnate de los medios estaba internado en un hospital donde era atendido por complicaciones derivadas de una leucemia mielomonoc\u00edtica cr\u00f3nica 12 de junio de 2023 MILAN -\u00a0 El ex primer ministro italiano Silvio Berlusconi falleci\u00f3 el pasado lunes a las 9:30 a.m. hora de Mil\u00e1n\u2026","rel":"","context":"En \u00abINTERES GENERAL\u00bb","block_context":{"text":"INTERES GENERAL","link":"https:\/\/larevistadigital.com.ar\/blog\/category\/interes-general\/"},"img":{"alt_text":"","src":"https:\/\/i0.wp.com\/larevistadigital.com.ar\/blog\/wp-content\/uploads\/descarga-24.jpg?fit=700%2C392&ssl=1&resize=350%2C200","width":350,"height":200,"srcset":"https:\/\/i0.wp.com\/larevistadigital.com.ar\/blog\/wp-content\/uploads\/descarga-24.jpg?fit=700%2C392&ssl=1&resize=350%2C200 1x, https:\/\/i0.wp.com\/larevistadigital.com.ar\/blog\/wp-content\/uploads\/descarga-24.jpg?fit=700%2C392&ssl=1&resize=525%2C300 1.5x, https:\/\/i0.wp.com\/larevistadigital.com.ar\/blog\/wp-content\/uploads\/descarga-24.jpg?fit=700%2C392&ssl=1&resize=700%2C400 2x"},"classes":[]}],"_links":{"self":[{"href":"https:\/\/larevistadigital.com.ar\/blog\/wp-json\/wp\/v2\/posts\/20115","targetHints":{"allow":["GET"]}}],"collection":[{"href":"https:\/\/larevistadigital.com.ar\/blog\/wp-json\/wp\/v2\/posts"}],"about":[{"href":"https:\/\/larevistadigital.com.ar\/blog\/wp-json\/wp\/v2\/types\/post"}],"author":[{"embeddable":true,"href":"https:\/\/larevistadigital.com.ar\/blog\/wp-json\/wp\/v2\/users\/3"}],"replies":[{"embeddable":true,"href":"https:\/\/larevistadigital.com.ar\/blog\/wp-json\/wp\/v2\/comments?post=20115"}],"version-history":[{"count":3,"href":"https:\/\/larevistadigital.com.ar\/blog\/wp-json\/wp\/v2\/posts\/20115\/revisions"}],"predecessor-version":[{"id":20121,"href":"https:\/\/larevistadigital.com.ar\/blog\/wp-json\/wp\/v2\/posts\/20115\/revisions\/20121"}],"wp:featuredmedia":[{"embeddable":true,"href":"https:\/\/larevistadigital.com.ar\/blog\/wp-json\/wp\/v2\/media\/20118"}],"wp:attachment":[{"href":"https:\/\/larevistadigital.com.ar\/blog\/wp-json\/wp\/v2\/media?parent=20115"}],"wp:term":[{"taxonomy":"category","embeddable":true,"href":"https:\/\/larevistadigital.com.ar\/blog\/wp-json\/wp\/v2\/categories?post=20115"},{"taxonomy":"post_tag","embeddable":true,"href":"https:\/\/larevistadigital.com.ar\/blog\/wp-json\/wp\/v2\/tags?post=20115"}],"curies":[{"name":"wp","href":"https:\/\/api.w.org\/{rel}","templated":true}]}}