{"id":20125,"date":"2021-05-06T15:03:37","date_gmt":"2021-05-06T15:03:37","guid":{"rendered":"https:\/\/larevistadigital.com.ar\/blog\/?p=20125"},"modified":"2021-05-06T15:03:37","modified_gmt":"2021-05-06T15:03:37","slug":"la-plata-paro-total-de-micros-este-jueves-desde-las-15-hs","status":"publish","type":"post","link":"https:\/\/larevistadigital.com.ar\/blog\/la-plata-paro-total-de-micros-este-jueves-desde-las-15-hs\/","title":{"rendered":"LA PLATA: PARO TOTAL DE MICROS ESTE JUEVES DESDE LAS 15 HS."},"content":{"rendered":"<h2 class=\"negrita\">Se trata de una medida anunciada con antelaci\u00f3n, en el marco del reclamo que el sector hizo a empresarios para cobrar la suma de 7 mil pesos.<\/h2>\n<div class=\"texto\">\n<p><strong>La medida afectar\u00e1 a todas las l\u00edneas de la regi\u00f3n que recorren La Plata, Berisso y Ensenada<\/strong>. El sindicato que encabeza\u00a0<strong>Oscar Pedroza<\/strong>\u00a0confirm\u00f3 a media ma\u00f1ana de este jueves que a partir de las 15 comenzar\u00e1 el\u00a0cese total de tareas en el servicio de transporte de pasajeros.<\/p>\n<p>El paro hab\u00eda sido\u00a0anunciado\u00a0con antelaci\u00f3n en el marco del reclamo que el sector hizo a empresarios para cobrar la suma de\u00a0<strong>7.000 pesos que estaba pautada para este per\u00edodo<\/strong>.<\/p>\n<blockquote>\n<h3>\u00abNo hubo acuerdo y desde la seccional se resolvi\u00f3 avanzar con una medida de fuerza concreta, le est\u00e1n debiendo un dinero importante a los ch\u00f3feres afectando as\u00ed a las econom\u00edas familiares en un momento sensible\u00bb, explicaron desde UTA La Plata.<\/h3>\n<\/blockquote>\n<p>De este modo, pasadas las 15 no habr\u00e1 servicios en La Plata, Berisso y Ensenada\u00a0<strong>para pasajeros esenciales, que son los que tienen permitido utilizar este servicio<\/strong>. Por el momento, no confirmaron si el paro ser\u00e1 por tiempo indeterminado o finalizar\u00e1 a las 0.<\/p>\n<p>fuente 0221<\/p>\n<\/div>\n","protected":false},"excerpt":{"rendered":"<div class=\"mh-excerpt\"><p>Se trata de una medida anunciada con antelaci\u00f3n, en el marco del reclamo que el sector hizo a empresarios para cobrar la suma de 7 mil pesos. La medida afectar\u00e1 a todas las l\u00edneas de <a class=\"mh-excerpt-more\" href=\"https:\/\/larevistadigital.com.ar\/blog\/la-plata-paro-total-de-micros-este-jueves-desde-las-15-hs\/\" title=\"LA PLATA: PARO TOTAL DE MICROS ESTE JUEVES DESDE LAS 15 HS.\">[Leer M\u00e1s]<\/a><\/p>\n<\/div>","protected":false},"author":3,"featured_media":20127,"comment_status":"open","ping_status":"open","sticky":false,"template":"","format":"standard","meta":{"_jetpack_memberships_contains_paid_content":false,"footnotes":"","jetpack_publicize_message":"","jetpack_publicize_feature_enabled":true,"jetpack_social_post_already_shared":true,"jetpack_social_options":{"image_generator_settings":{"template":"highway","default_image_id":0,"font":"","enabled":false},"version":2}},"categories":[51],"tags":[],"class_list":{"0":"post-20125","1":"post","2":"type-post","3":"status-publish","4":"format-standard","5":"has-post-thumbnail","7":"category-regionales"},"jetpack_publicize_connections":[],"jetpack_featured_media_url":"https:\/\/i0.wp.com\/larevistadigital.com.ar\/blog\/wp-content\/uploads\/0000325458.jpg?fit=1500%2C870&ssl=1","jetpack_sharing_enabled":true,"jetpack_shortlink":"https:\/\/wp.me\/p8qtrQ-5eB","jetpack-related-posts":[{"id":26838,"url":"https:\/\/larevistadigital.com.ar\/blog\/la-uta-anuncio-un-paro-nacional-de-colectivos\/","url_meta":{"origin":20125,"position":0},"title":"LA UTA ANUNCI\u00d3 UN PARO NACIONAL DE COLECTIVOS","author":"Alejandro Sosa Ruda","date":"28 julio, 2022","format":false,"excerpt":"La Uni\u00f3n Tranviarios Automotor (UTA) anunci\u00f3 esta noche que realizar\u00e1\u00a0un paro nacional de colectiveros ante la negativa de las empresas de otorgar a los trabajadores un bono de 25.000 pesos\u00a0en el marco de su reclamo para adelantar la revisi\u00f3n paritaria. En la sede de Callao del Ministerio de Trabajo, los\u2026","rel":"","context":"En \u00abGREMIALES\u00bb","block_context":{"text":"GREMIALES","link":"https:\/\/larevistadigital.com.ar\/blog\/category\/gremiales\/"},"img":{"alt_text":"","src":"https:\/\/i0.wp.com\/larevistadigital.com.ar\/blog\/wp-content\/uploads\/colectivos1200.jpg?fit=1200%2C675&ssl=1&resize=350%2C200","width":350,"height":200,"srcset":"https:\/\/i0.wp.com\/larevistadigital.com.ar\/blog\/wp-content\/uploads\/colectivos1200.jpg?fit=1200%2C675&ssl=1&resize=350%2C200 1x, https:\/\/i0.wp.com\/larevistadigital.com.ar\/blog\/wp-content\/uploads\/colectivos1200.jpg?fit=1200%2C675&ssl=1&resize=525%2C300 1.5x, https:\/\/i0.wp.com\/larevistadigital.com.ar\/blog\/wp-content\/uploads\/colectivos1200.jpg?fit=1200%2C675&ssl=1&resize=700%2C400 2x, https:\/\/i0.wp.com\/larevistadigital.com.ar\/blog\/wp-content\/uploads\/colectivos1200.jpg?fit=1200%2C675&ssl=1&resize=1050%2C600 3x"},"classes":[]},{"id":18292,"url":"https:\/\/larevistadigital.com.ar\/blog\/mar-del-plata-paro-de-colectivos-sin-apoyo-de-la-uta\/","url_meta":{"origin":20125,"position":1},"title":"MAR DEL PLATA: PARO DE COLECTIVOS SIN APOYO DE LA UTA","author":"Alejandro Sosa Ruda","date":"22 diciembre, 2020","format":false,"excerpt":"El reclamo se inici\u00f3 a partir de la falta de pago de un 40% del aumento salarial correspondiente a los meses de septiembre, octubre, noviembre y diciembre. MAR DEL PLATA - En disidencia con la conducci\u00f3n de la Uni\u00f3n Tranviarios Automotor (UTA), choferes de colectivos urbanos de pasajeros de Mar\u2026","rel":"","context":"En \u00abREGIONALES\u00bb","block_context":{"text":"REGIONALES","link":"https:\/\/larevistadigital.com.ar\/blog\/category\/regionales\/"},"img":{"alt_text":"","src":"https:\/\/i0.wp.com\/larevistadigital.com.ar\/blog\/wp-content\/uploads\/f59ef29a3b18e0cf074f08378cc364c813a26d10.jpg?fit=1140%2C684&ssl=1&resize=350%2C200","width":350,"height":200,"srcset":"https:\/\/i0.wp.com\/larevistadigital.com.ar\/blog\/wp-content\/uploads\/f59ef29a3b18e0cf074f08378cc364c813a26d10.jpg?fit=1140%2C684&ssl=1&resize=350%2C200 1x, https:\/\/i0.wp.com\/larevistadigital.com.ar\/blog\/wp-content\/uploads\/f59ef29a3b18e0cf074f08378cc364c813a26d10.jpg?fit=1140%2C684&ssl=1&resize=525%2C300 1.5x, https:\/\/i0.wp.com\/larevistadigital.com.ar\/blog\/wp-content\/uploads\/f59ef29a3b18e0cf074f08378cc364c813a26d10.jpg?fit=1140%2C684&ssl=1&resize=700%2C400 2x, https:\/\/i0.wp.com\/larevistadigital.com.ar\/blog\/wp-content\/uploads\/f59ef29a3b18e0cf074f08378cc364c813a26d10.jpg?fit=1140%2C684&ssl=1&resize=1050%2C600 3x"},"classes":[]},{"id":19420,"url":"https:\/\/larevistadigital.com.ar\/blog\/se-viene-un-paro-de-clinicas-sanatorios-y-geriatricos-en-la-plata\/","url_meta":{"origin":20125,"position":2},"title":"SE VIENE UN PARO DE CL\u00cdNICAS, SANATORIOS Y GERI\u00c1TRICOS EN LA PLATA","author":"Alejandro Sosa Ruda","date":"25 marzo, 2021","format":false,"excerpt":"La medida de fuerza ser\u00e1 escalonada\u00a0en los tres turnos diarios de trabajo y se enmarca en el pedido de aumento de sueldos. Podr\u00eda haber un paro de 24 horas. LA PLATA - El Consejo Directivo de la Federaci\u00f3n de Asociaciones de Trabajadores de la Sanidad Argentina (FATSA) dispuso una serie\u2026","rel":"","context":"En \u00abREGIONALES\u00bb","block_context":{"text":"REGIONALES","link":"https:\/\/larevistadigital.com.ar\/blog\/category\/regionales\/"},"img":{"alt_text":"","src":"https:\/\/i0.wp.com\/larevistadigital.com.ar\/blog\/wp-content\/uploads\/ExUcUzsWUAIJweF.png?fit=660%2C371&ssl=1&resize=350%2C200","width":350,"height":200,"srcset":"https:\/\/i0.wp.com\/larevistadigital.com.ar\/blog\/wp-content\/uploads\/ExUcUzsWUAIJweF.png?fit=660%2C371&ssl=1&resize=350%2C200 1x, https:\/\/i0.wp.com\/larevistadigital.com.ar\/blog\/wp-content\/uploads\/ExUcUzsWUAIJweF.png?fit=660%2C371&ssl=1&resize=525%2C300 1.5x"},"classes":[]},{"id":20358,"url":"https:\/\/larevistadigital.com.ar\/blog\/mar-del-plata-paro-de-48-hs-en-la-pesca-por-la-muerte-de-4-trabajadores-por-covid\/","url_meta":{"origin":20125,"position":3},"title":"MAR DEL PLATA: PARO DE 48 HS EN LA PESCA, POR LA MUERTE DE 4 TRABAJADORES POR COVID","author":"Alejandro Sosa Ruda","date":"19 mayo, 2021","format":false,"excerpt":"Desde este martes y hasta el pr\u00f3ximo jueves se detiene la actividad de pesca embarcada en los puertos. Se exigen mayores medidas para enfrentar al covid. Todos los gremios relacionados a la actividad de pesca embarcada entraron en paro este martes a la tarde y por 48 horas luego de\u2026","rel":"","context":"En \u00abGREMIALES\u00bb","block_context":{"text":"GREMIALES","link":"https:\/\/larevistadigital.com.ar\/blog\/category\/gremiales\/"},"img":{"alt_text":"","src":"https:\/\/i0.wp.com\/larevistadigital.com.ar\/blog\/wp-content\/uploads\/PARO-PESCA.png?fit=997%2C702&ssl=1&resize=350%2C200","width":350,"height":200,"srcset":"https:\/\/i0.wp.com\/larevistadigital.com.ar\/blog\/wp-content\/uploads\/PARO-PESCA.png?fit=997%2C702&ssl=1&resize=350%2C200 1x, https:\/\/i0.wp.com\/larevistadigital.com.ar\/blog\/wp-content\/uploads\/PARO-PESCA.png?fit=997%2C702&ssl=1&resize=525%2C300 1.5x, https:\/\/i0.wp.com\/larevistadigital.com.ar\/blog\/wp-content\/uploads\/PARO-PESCA.png?fit=997%2C702&ssl=1&resize=700%2C400 2x"},"classes":[]},{"id":35278,"url":"https:\/\/larevistadigital.com.ar\/blog\/trabajadores-de-la-sanidad-realizan-un-paro-general-por-bajos-salarios\/","url_meta":{"origin":20125,"position":4},"title":"TRABAJADORES DE LA SANIDAD REALIZAN UN PARO GENERAL POR BAJOS SALARIOS","author":"Alejandro Sosa Ruda","date":"20 febrero, 2024","format":false,"excerpt":"El secretario general del sindicato, H\u00e9ctor Daer, anunci\u00f3 la medida y adelant\u00f3 que llevar\u00e1n adelante \"todas las acciones necesarias\" para la recomposici\u00f3n salarial. 20 de febrero de 2023 La\u00a0Federaci\u00f3n de Asociaciones Trabajadores de la\u00a0Sanidad\u00a0Argentina (FATSA)\u00a0anunci\u00f3 que llevar\u00e1 a cabo un\u00a0paro nacional este jueves 22 de febrero, en reclamo por una\u2026","rel":"","context":"En \u00abINTERES GENERAL\u00bb","block_context":{"text":"INTERES GENERAL","link":"https:\/\/larevistadigital.com.ar\/blog\/category\/interes-general\/"},"img":{"alt_text":"","src":"https:\/\/i0.wp.com\/larevistadigital.com.ar\/blog\/wp-content\/uploads\/Captura-de-pantalla-2024-02-20-101324.png?fit=891%2C505&ssl=1&resize=350%2C200","width":350,"height":200,"srcset":"https:\/\/i0.wp.com\/larevistadigital.com.ar\/blog\/wp-content\/uploads\/Captura-de-pantalla-2024-02-20-101324.png?fit=891%2C505&ssl=1&resize=350%2C200 1x, https:\/\/i0.wp.com\/larevistadigital.com.ar\/blog\/wp-content\/uploads\/Captura-de-pantalla-2024-02-20-101324.png?fit=891%2C505&ssl=1&resize=525%2C300 1.5x, https:\/\/i0.wp.com\/larevistadigital.com.ar\/blog\/wp-content\/uploads\/Captura-de-pantalla-2024-02-20-101324.png?fit=891%2C505&ssl=1&resize=700%2C400 2x"},"classes":[]},{"id":24220,"url":"https:\/\/larevistadigital.com.ar\/blog\/desde-marzo-aumentan-las-multas-de-transito-en-el-territorio-bonaerense\/","url_meta":{"origin":20125,"position":5},"title":"DESDE MARZO AUMENTAN LAS MULTAS DE TR\u00c1NSITO EN EL TERRITORIO BONAERENSE","author":"Alejandro Sosa Ruda","date":"26 febrero, 2022","format":false,"excerpt":"Para el bimestre comprendido entre los meses de marzo y abril del mismo a\u00f1o, el valor de 1 (una) UF (unidad fija) es la suma de pesos ciento veintitr\u00e9s con cuarenta centavos ($ 123,40.-), seg\u00fan lo informado oportunamente por el Autom\u00f3vil Club Argentino. Mediante un decreto publicado en el Bolet\u00edn\u2026","rel":"","context":"En \u00abPOLITICA PROVINCIAL\u00bb","block_context":{"text":"POLITICA PROVINCIAL","link":"https:\/\/larevistadigital.com.ar\/blog\/category\/politica\/politica-provincial\/"},"img":{"alt_text":"","src":"https:\/\/i0.wp.com\/larevistadigital.com.ar\/blog\/wp-content\/uploads\/20220225195226_mult.jpg?fit=880%2C512&ssl=1&resize=350%2C200","width":350,"height":200,"srcset":"https:\/\/i0.wp.com\/larevistadigital.com.ar\/blog\/wp-content\/uploads\/20220225195226_mult.jpg?fit=880%2C512&ssl=1&resize=350%2C200 1x, https:\/\/i0.wp.com\/larevistadigital.com.ar\/blog\/wp-content\/uploads\/20220225195226_mult.jpg?fit=880%2C512&ssl=1&resize=525%2C300 1.5x, https:\/\/i0.wp.com\/larevistadigital.com.ar\/blog\/wp-content\/uploads\/20220225195226_mult.jpg?fit=880%2C512&ssl=1&resize=700%2C400 2x"},"classes":[]}],"_links":{"self":[{"href":"https:\/\/larevistadigital.com.ar\/blog\/wp-json\/wp\/v2\/posts\/20125","targetHints":{"allow":["GET"]}}],"collection":[{"href":"https:\/\/larevistadigital.com.ar\/blog\/wp-json\/wp\/v2\/posts"}],"about":[{"href":"https:\/\/larevistadigital.com.ar\/blog\/wp-json\/wp\/v2\/types\/post"}],"author":[{"embeddable":true,"href":"https:\/\/larevistadigital.com.ar\/blog\/wp-json\/wp\/v2\/users\/3"}],"replies":[{"embeddable":true,"href":"https:\/\/larevistadigital.com.ar\/blog\/wp-json\/wp\/v2\/comments?post=20125"}],"version-history":[{"count":1,"href":"https:\/\/larevistadigital.com.ar\/blog\/wp-json\/wp\/v2\/posts\/20125\/revisions"}],"predecessor-version":[{"id":20128,"href":"https:\/\/larevistadigital.com.ar\/blog\/wp-json\/wp\/v2\/posts\/20125\/revisions\/20128"}],"wp:featuredmedia":[{"embeddable":true,"href":"https:\/\/larevistadigital.com.ar\/blog\/wp-json\/wp\/v2\/media\/20127"}],"wp:attachment":[{"href":"https:\/\/larevistadigital.com.ar\/blog\/wp-json\/wp\/v2\/media?parent=20125"}],"wp:term":[{"taxonomy":"category","embeddable":true,"href":"https:\/\/larevistadigital.com.ar\/blog\/wp-json\/wp\/v2\/categories?post=20125"},{"taxonomy":"post_tag","embeddable":true,"href":"https:\/\/larevistadigital.com.ar\/blog\/wp-json\/wp\/v2\/tags?post=20125"}],"curies":[{"name":"wp","href":"https:\/\/api.w.org\/{rel}","templated":true}]}}