{"id":20129,"date":"2021-05-06T15:20:31","date_gmt":"2021-05-06T15:20:31","guid":{"rendered":"https:\/\/larevistadigital.com.ar\/blog\/?p=20129"},"modified":"2021-05-06T15:20:31","modified_gmt":"2021-05-06T15:20:31","slug":"video-lo-hizo-de-nuevo-el-loco-de-la-carpa-pesco-otro-enorme-pez-en-la-laguna-del-bosque-de-la-plata","status":"publish","type":"post","link":"https:\/\/larevistadigital.com.ar\/blog\/video-lo-hizo-de-nuevo-el-loco-de-la-carpa-pesco-otro-enorme-pez-en-la-laguna-del-bosque-de-la-plata\/","title":{"rendered":"[VIDEO] \u00a1LO HIZO DE NUEVO! \u00abEL LOCO DE LA CARPA\u00bb PESC\u00d3 OTRO ENORME PEZ EN LA LAGUNA DEL BOSQUE DE LA PLATA"},"content":{"rendered":"<h2 class=\"negrita\">El pescador sorprendi\u00f3 nuevamente, sacando un ejemplar de gran tama\u00f1o y similar al que hab\u00eda capturado tiempo atr\u00e1s.<\/h2>\n<div class=\"texto\">\n<p><strong>LA PLATA &#8211;<\/strong> El Loco de la Carpa volvi\u00f3 a quedar en el centro de la escena<strong>\u00a0tras pescar otro enorme pez en la laguna del Bosque de La Plata<\/strong>. Al igual que hizo con su primer \u00e9xito, <strong>Claudio Graciano<\/strong> registr\u00f3 con su c\u00e1mara la forma en la que sac\u00f3 una<strong>\u00a0\u201ccarpa amur\u201d de aproximadamente 12 kilos<\/strong>.<\/p>\n<p><strong>Graciano<\/strong> cont\u00f3 que esta especie vive en remansos de los grandes r\u00edos con flujo lento, charcas y lagos subtropicales con abundante vegetaci\u00f3n, tolera un amplio margen de temperaturas de 0\u00ba a 38 \u00b0C.<\/p>\n<blockquote>\n<h3>Tal como le hab\u00eda sucedido la vez anterior, cuando sac\u00f3 una carpa que pesaba m\u00e1s de 13 kilos, el pescador debi\u00f3 luchar con el animal durante largo rato hasta llegar meterlo en el copo y luego posar para la foto, subiendo todo el material a su canal de Youtube.<\/h3>\n<\/blockquote>\n<p>Cabe destacar que El Loco de la Carpa devolvi\u00f3 el pez a la laguna, luego de verificar su peso y registrar su captura, ratificando as\u00ed su intenci\u00f3n de fomentar la pesca deportiva.<\/p>\n<p><span class=\"embed-youtube\" style=\"text-align:center; display: block;\"><iframe loading=\"lazy\" class=\"youtube-player\" width=\"640\" height=\"360\" src=\"https:\/\/www.youtube.com\/embed\/PJWXCQ7_Xbc?version=3&#038;rel=1&#038;showsearch=0&#038;showinfo=1&#038;iv_load_policy=1&#038;fs=1&#038;hl=es-ES&#038;autohide=2&#038;wmode=transparent\" allowfullscreen=\"true\" style=\"border:0;\" sandbox=\"allow-scripts allow-same-origin allow-popups allow-presentation allow-popups-to-escape-sandbox\"><\/iframe><\/span><\/p>\n<p>Vale recordar que, tal como sucedi\u00f3 con el ejemplar que sac\u00f3 primero, Claudio Graciano asegura que este animal lleg\u00f3 ah\u00ed porque alguna persona lo solt\u00f3 en esa laguna. <em><strong>\u201cTengo la teor\u00eda que hay mucha gente de La Plata que tiene peces en pecera y cuando crecen los devuelve. Puede haber sido eso. Sino que hayan largado peces en el zool\u00f3gico\u201d<\/strong><\/em>, explic\u00f3.<\/p>\n<p>&nbsp;<\/p>\n<p>&nbsp;<\/p>\n<\/div>\n","protected":false},"excerpt":{"rendered":"<div class=\"mh-excerpt\"><p>El pescador sorprendi\u00f3 nuevamente, sacando un ejemplar de gran tama\u00f1o y similar al que hab\u00eda capturado tiempo atr\u00e1s. LA PLATA &#8211; El Loco de la Carpa volvi\u00f3 a quedar en el centro de la escena\u00a0tras <a class=\"mh-excerpt-more\" href=\"https:\/\/larevistadigital.com.ar\/blog\/video-lo-hizo-de-nuevo-el-loco-de-la-carpa-pesco-otro-enorme-pez-en-la-laguna-del-bosque-de-la-plata\/\" title=\"[VIDEO] \u00a1LO HIZO DE NUEVO! \u00abEL LOCO DE LA CARPA\u00bb PESC\u00d3 OTRO ENORME PEZ EN LA LAGUNA DEL BOSQUE DE LA PLATA\">[Leer M\u00e1s]<\/a><\/p>\n<\/div>","protected":false},"author":3,"featured_media":20130,"comment_status":"open","ping_status":"open","sticky":false,"template":"","format":"standard","meta":{"_jetpack_memberships_contains_paid_content":false,"footnotes":"","jetpack_publicize_message":"","jetpack_publicize_feature_enabled":true,"jetpack_social_post_already_shared":true,"jetpack_social_options":{"image_generator_settings":{"template":"highway","default_image_id":0,"font":"","enabled":false},"version":2}},"categories":[8,51],"tags":[],"class_list":{"0":"post-20129","1":"post","2":"type-post","3":"status-publish","4":"format-standard","5":"has-post-thumbnail","7":"category-deportes","8":"category-regionales"},"jetpack_publicize_connections":[],"jetpack_featured_media_url":"https:\/\/i0.wp.com\/larevistadigital.com.ar\/blog\/wp-content\/uploads\/1620302608796.jpg?fit=1350%2C650&ssl=1","jetpack_sharing_enabled":true,"jetpack_shortlink":"https:\/\/wp.me\/p8qtrQ-5eF","jetpack-related-posts":[{"id":19833,"url":"https:\/\/larevistadigital.com.ar\/blog\/el-loco-de-la-carpa-estuvo-en-la-plata-y-saco-un-pez-gigante-de-la-laguna-del-bosque\/","url_meta":{"origin":20129,"position":0},"title":"EL \u00abLOCO DE LA CARPA\u00bb ESTUVO EN LA PLATA Y SAC\u00d3 UN PEZ GIGANTE DE LA LAGUNA DEL BOSQUE","author":"Alejandro Sosa Ruda","date":"23 abril, 2021","format":false,"excerpt":"El hombre de 46 a\u00f1os se enter\u00f3 de la existencia del mito a trav\u00e9s de un compa\u00f1ero del Club de Pesca de Ensenada. Las im\u00e1genes se hicieron virales en las redes. LA PLATA - Claudio Grazziano, m\u00e1s conocido como\u00a0\u201cEl Loco de la Carpa\u201d, es la persona m\u00e1s buscada por los\u2026","rel":"","context":"En \u00abINTERES GENERAL\u00bb","block_context":{"text":"INTERES GENERAL","link":"https:\/\/larevistadigital.com.ar\/blog\/category\/interes-general\/"},"img":{"alt_text":"","src":"https:\/\/i0.wp.com\/larevistadigital.com.ar\/blog\/wp-content\/uploads\/1619126308584.jpg?fit=960%2C600&ssl=1&resize=350%2C200","width":350,"height":200,"srcset":"https:\/\/i0.wp.com\/larevistadigital.com.ar\/blog\/wp-content\/uploads\/1619126308584.jpg?fit=960%2C600&ssl=1&resize=350%2C200 1x, https:\/\/i0.wp.com\/larevistadigital.com.ar\/blog\/wp-content\/uploads\/1619126308584.jpg?fit=960%2C600&ssl=1&resize=525%2C300 1.5x, https:\/\/i0.wp.com\/larevistadigital.com.ar\/blog\/wp-content\/uploads\/1619126308584.jpg?fit=960%2C600&ssl=1&resize=700%2C400 2x"},"classes":[]},{"id":42715,"url":"https:\/\/larevistadigital.com.ar\/blog\/verano-2026-en-la-costa-atlantica-cuanto-cuesta-alquilar-carpas-y-sombrillas-en-los-balnearios-mas-elegidos\/","url_meta":{"origin":20129,"position":1},"title":"Verano 2026 en la Costa Atl\u00e1ntica: cu\u00e1nto cuesta alquilar carpas y sombrillas en los balnearios m\u00e1s elegidos","author":"Alejandro Sosa Ruda","date":"2 diciembre, 2025","format":false,"excerpt":"Lleg\u00f3 diciembre y quienes ya tienen definido el destino para las vacaciones 2026 empiezan a cerrar detalles. En la Costa Atl\u00e1ntica, la oferta es amplia: quienes viajan con equipo propio pueden instalarse con carpa, sombrilla y lonita frente al mar; y quienes prefieren m\u00e1s comodidad pueden optar por los balnearios,\u2026","rel":"","context":"En \u00abINTERES GENERAL\u00bb","block_context":{"text":"INTERES GENERAL","link":"https:\/\/larevistadigital.com.ar\/blog\/category\/interes-general\/"},"img":{"alt_text":"","src":"https:\/\/i0.wp.com\/larevistadigital.com.ar\/blog\/wp-content\/uploads\/1-693x470-1.jpg?fit=693%2C470&ssl=1&resize=350%2C200","width":350,"height":200,"srcset":"https:\/\/i0.wp.com\/larevistadigital.com.ar\/blog\/wp-content\/uploads\/1-693x470-1.jpg?fit=693%2C470&ssl=1&resize=350%2C200 1x, https:\/\/i0.wp.com\/larevistadigital.com.ar\/blog\/wp-content\/uploads\/1-693x470-1.jpg?fit=693%2C470&ssl=1&resize=525%2C300 1.5x"},"classes":[]},{"id":3785,"url":"https:\/\/larevistadigital.com.ar\/blog\/lezama-maniobra-rcp-logran-salvar-la-vida-pescador-accidentado\/","url_meta":{"origin":20129,"position":2},"title":"LEZAMA: CON MANIOBRA DE RCP LOGRAN SALVAR LA VIDA DE UN PESCADOR ACCIDENTADO","author":"Alejandro Sosa Ruda","date":"12 noviembre, 2017","format":false,"excerpt":"Se inform\u00f3 a trav\u00e9s del portal INFOZONA que en la ma\u00f1ana del domingo y por causas que a\u00fan se ignoran, se dio vuelta un bote con 3 pescadores oriundos de La Plata en la laguna de Barrancas, jurisdicci\u00f3n del partido de Lezama. Los compa\u00f1eros que se hallaban junto a ellos,\u2026","rel":"","context":"En \u00abLEZAMA\u00bb","block_context":{"text":"LEZAMA","link":"https:\/\/larevistadigital.com.ar\/blog\/category\/lezama\/"},"img":{"alt_text":"","src":"https:\/\/i0.wp.com\/larevistadigital.com.ar\/blog\/wp-content\/uploads\/2017\/11\/rcp-2.jpg?fit=1200%2C1200&ssl=1&resize=350%2C200","width":350,"height":200,"srcset":"https:\/\/i0.wp.com\/larevistadigital.com.ar\/blog\/wp-content\/uploads\/2017\/11\/rcp-2.jpg?fit=1200%2C1200&ssl=1&resize=350%2C200 1x, https:\/\/i0.wp.com\/larevistadigital.com.ar\/blog\/wp-content\/uploads\/2017\/11\/rcp-2.jpg?fit=1200%2C1200&ssl=1&resize=525%2C300 1.5x, https:\/\/i0.wp.com\/larevistadigital.com.ar\/blog\/wp-content\/uploads\/2017\/11\/rcp-2.jpg?fit=1200%2C1200&ssl=1&resize=700%2C400 2x, https:\/\/i0.wp.com\/larevistadigital.com.ar\/blog\/wp-content\/uploads\/2017\/11\/rcp-2.jpg?fit=1200%2C1200&ssl=1&resize=1050%2C600 3x"},"classes":[]},{"id":27901,"url":"https:\/\/larevistadigital.com.ar\/blog\/mar-del-plata-el-alquiler-de-carpas-en-la-preventa-llega-a-los-500-000-la-temporada-si-leyo-bien\/","url_meta":{"origin":20129,"position":3},"title":"MAR DEL PLATA: EL ALQUILER DE CARPAS EN LA PREVENTA LLEGA A LOS $500.000.- LA TEMPORADA (SI, LEY\u00d3 BIEN)","author":"Alejandro Sosa Ruda","date":"20 septiembre, 2022","format":false,"excerpt":"Con el encarecimiento de los viajes al exterior por la suba del denominado \"d\u00f3lar turista\", aseguran que igual las subas estar\u00e1n por debajo de la inflaci\u00f3n acumulada en el a\u00f1o. 19 de septiembre de 2022 MAR DEL PLATA -\u00a0 Varios balnearios de Mar del Plata lanzaron una preventa en el\u2026","rel":"","context":"En \u00abREGIONALES\u00bb","block_context":{"text":"REGIONALES","link":"https:\/\/larevistadigital.com.ar\/blog\/category\/regionales\/"},"img":{"alt_text":"","src":"https:\/\/i0.wp.com\/larevistadigital.com.ar\/blog\/wp-content\/uploads\/99448dfe846e3af374be294f68f638d3a96a657c.jpg?fit=1140%2C763&ssl=1&resize=350%2C200","width":350,"height":200,"srcset":"https:\/\/i0.wp.com\/larevistadigital.com.ar\/blog\/wp-content\/uploads\/99448dfe846e3af374be294f68f638d3a96a657c.jpg?fit=1140%2C763&ssl=1&resize=350%2C200 1x, https:\/\/i0.wp.com\/larevistadigital.com.ar\/blog\/wp-content\/uploads\/99448dfe846e3af374be294f68f638d3a96a657c.jpg?fit=1140%2C763&ssl=1&resize=525%2C300 1.5x, https:\/\/i0.wp.com\/larevistadigital.com.ar\/blog\/wp-content\/uploads\/99448dfe846e3af374be294f68f638d3a96a657c.jpg?fit=1140%2C763&ssl=1&resize=700%2C400 2x, https:\/\/i0.wp.com\/larevistadigital.com.ar\/blog\/wp-content\/uploads\/99448dfe846e3af374be294f68f638d3a96a657c.jpg?fit=1140%2C763&ssl=1&resize=1050%2C600 3x"},"classes":[]},{"id":1981,"url":"https:\/\/larevistadigital.com.ar\/blog\/finalmente-el-gobierno-porteno-autorizo-la-instalacion-de-una-escuela-itinerante\/","url_meta":{"origin":20129,"position":4},"title":"FINALMENTE EL GOBIERNO PORTE\u00d1O AUTORIZ\u00d3 LA INSTALACI\u00d3N DE UNA \u201cESCUELA ITINERANTE\u201d","author":"Alejandro Sosa Ruda","date":"11 abril, 2017","format":false,"excerpt":"El gobierno porte\u00f1o autoriz\u00f3 a los gremios docentes a instalar una escuela itinerante en la Plaza Congreso. Fuentes oficiales confirmaron al portal de noticias \u00a0Infobae\u00a0que los maestros podr\u00e1n montar la carpa a partir de esta tarde, a las 19. El domingo, los sindicalistas hab\u00edan sido desalojados por la polic\u00eda porte\u00f1a.\u2026","rel":"","context":"En \u00abDESTACADAS\u00bb","block_context":{"text":"DESTACADAS","link":"https:\/\/larevistadigital.com.ar\/blog\/category\/destacadas\/"},"img":{"alt_text":"","src":"https:\/\/i0.wp.com\/larevistadigital.com.ar\/blog\/wp-content\/uploads\/2017\/04\/Desarme-escuela-itinerante-Congreso-aereas-drone-1920-6.jpg?fit=650%2C366&ssl=1&resize=350%2C200","width":350,"height":200,"srcset":"https:\/\/i0.wp.com\/larevistadigital.com.ar\/blog\/wp-content\/uploads\/2017\/04\/Desarme-escuela-itinerante-Congreso-aereas-drone-1920-6.jpg?fit=650%2C366&ssl=1&resize=350%2C200 1x, https:\/\/i0.wp.com\/larevistadigital.com.ar\/blog\/wp-content\/uploads\/2017\/04\/Desarme-escuela-itinerante-Congreso-aereas-drone-1920-6.jpg?fit=650%2C366&ssl=1&resize=525%2C300 1.5x"},"classes":[]},{"id":21768,"url":"https:\/\/larevistadigital.com.ar\/blog\/joven-se-quito-la-vida-en-la-orilla-de-la-laguna\/","url_meta":{"origin":20129,"position":5},"title":"JOVEN SE QUIT\u00d3 LA VIDA EN LA ORILLA DE LA LAGUNA","author":"Alejandro Sosa Ruda","date":"29 agosto, 2021","format":false,"excerpt":"CHASCOM\u00daS - A media tarde de hoy, una persona que circulaba en bicicleta observ\u00f3 a una mujer joven, colgando de un \u00e1rbol en el camino costanero, pasando el camping \"La Tapera\" en cercan\u00edas del acceso al Intech. La chica ten\u00eda tez morocha y cabellos oscuros. En el lugar se encontr\u00f3\u2026","rel":"","context":"En \u00abDESTACADAS\u00bb","block_context":{"text":"DESTACADAS","link":"https:\/\/larevistadigital.com.ar\/blog\/category\/destacadas\/"},"img":{"alt_text":"","src":"https:\/\/i0.wp.com\/larevistadigital.com.ar\/blog\/wp-content\/uploads\/Movil-policia-cientifica-662x335.jpg?fit=662%2C335&ssl=1&resize=350%2C200","width":350,"height":200,"srcset":"https:\/\/i0.wp.com\/larevistadigital.com.ar\/blog\/wp-content\/uploads\/Movil-policia-cientifica-662x335.jpg?fit=662%2C335&ssl=1&resize=350%2C200 1x, https:\/\/i0.wp.com\/larevistadigital.com.ar\/blog\/wp-content\/uploads\/Movil-policia-cientifica-662x335.jpg?fit=662%2C335&ssl=1&resize=525%2C300 1.5x"},"classes":[]}],"_links":{"self":[{"href":"https:\/\/larevistadigital.com.ar\/blog\/wp-json\/wp\/v2\/posts\/20129","targetHints":{"allow":["GET"]}}],"collection":[{"href":"https:\/\/larevistadigital.com.ar\/blog\/wp-json\/wp\/v2\/posts"}],"about":[{"href":"https:\/\/larevistadigital.com.ar\/blog\/wp-json\/wp\/v2\/types\/post"}],"author":[{"embeddable":true,"href":"https:\/\/larevistadigital.com.ar\/blog\/wp-json\/wp\/v2\/users\/3"}],"replies":[{"embeddable":true,"href":"https:\/\/larevistadigital.com.ar\/blog\/wp-json\/wp\/v2\/comments?post=20129"}],"version-history":[{"count":1,"href":"https:\/\/larevistadigital.com.ar\/blog\/wp-json\/wp\/v2\/posts\/20129\/revisions"}],"predecessor-version":[{"id":20131,"href":"https:\/\/larevistadigital.com.ar\/blog\/wp-json\/wp\/v2\/posts\/20129\/revisions\/20131"}],"wp:featuredmedia":[{"embeddable":true,"href":"https:\/\/larevistadigital.com.ar\/blog\/wp-json\/wp\/v2\/media\/20130"}],"wp:attachment":[{"href":"https:\/\/larevistadigital.com.ar\/blog\/wp-json\/wp\/v2\/media?parent=20129"}],"wp:term":[{"taxonomy":"category","embeddable":true,"href":"https:\/\/larevistadigital.com.ar\/blog\/wp-json\/wp\/v2\/categories?post=20129"},{"taxonomy":"post_tag","embeddable":true,"href":"https:\/\/larevistadigital.com.ar\/blog\/wp-json\/wp\/v2\/tags?post=20129"}],"curies":[{"name":"wp","href":"https:\/\/api.w.org\/{rel}","templated":true}]}}