{"id":20133,"date":"2021-05-07T12:32:44","date_gmt":"2021-05-07T12:32:44","guid":{"rendered":"https:\/\/larevistadigital.com.ar\/blog\/?p=20133"},"modified":"2021-05-07T12:32:44","modified_gmt":"2021-05-07T12:32:44","slug":"quinta-fecha-del-tc-horarios-e-inscriptos-para-la-carrera-en-parana","status":"publish","type":"post","link":"https:\/\/larevistadigital.com.ar\/blog\/quinta-fecha-del-tc-horarios-e-inscriptos-para-la-carrera-en-parana\/","title":{"rendered":"QUINTA FECHA DEL TC: HORARIOS E INSCRIPTOS PARA LA CARRERA EN PARAN\u00c1"},"content":{"rendered":"<p>La quinta fecha de la M\u00e1xima se correr\u00e1 en el circuito del Club de Volantes. Para el compromiso habr\u00e1 46 protagonistas en pista y la actividad oficial se pondr\u00e1 en marcha, s\u00edn p\u00fablico, el s\u00e1bado a las 11 y en vivo por\u00a0<b>El once TV.<\/b><\/p>\n<p>La quinta fecha del campeonato de Turismo Carretera, a correrse en el circuito de Paran\u00e1, tendr\u00e1 la presencia de 46 protagonistas. La categor\u00eda se presentar\u00e1 en el Club de Volantes Entrerrianos y comenzar\u00e1 con su actividad el s\u00e1bado con los entrenamientos y luego seguir\u00e1 con la clasificaci\u00f3n.<\/p>\n<blockquote>\n<h3>Hasta el momento el l\u00edder del campeonato es <strong>Agust\u00edn Canapino<\/strong> con 163,5 puntos. Lo sigue Josito Di Palma con 116,5. El mismo puntaje que el piloto de Ford tiene el de Torino Marcos Landa. Con la victoria obtenida en Concepci\u00f3n del Uruguay Jontan Castellano est\u00e1 cuarto con 115,5.<\/h3>\n<\/blockquote>\n<p><b>Aumento de premios y vi\u00e1ticos para los pilotos<\/b><br \/>\nEn las \u00faltimas horas el comit\u00e9 ejecutivo de la ACTC dio a conocer un comunicado donde inform\u00f3 el aumento de premios y vi\u00e1ticos para los pilotos de TC.<\/p>\n<p><strong><i>La Comisi\u00f3n Directiva de la ACTC, en reuni\u00f3n del d\u00eda de la fecha, dispuso el aumento de los premios y vi\u00e1ticos a los pilotos de la categor\u00eda Turismo Carretera en un 40%. Esta Comisi\u00f3n Directiva agradece el incansable esfuerzo que llevan a cabo para hacerse presentes en cada una de las competencias.<\/i><\/strong><\/p>\n<p><strong><i><img data-recalc-dims=\"1\" loading=\"lazy\" decoding=\"async\" class=\"size-full wp-image-20135 aligncenter\" src=\"https:\/\/i0.wp.com\/larevistadigital.com.ar\/blog\/wp-content\/uploads\/o_1568861908.jpg?resize=640%2C360&#038;ssl=1\" alt=\"\" width=\"640\" height=\"360\" srcset=\"https:\/\/i0.wp.com\/larevistadigital.com.ar\/blog\/wp-content\/uploads\/o_1568861908.jpg?w=640&amp;ssl=1 640w, https:\/\/i0.wp.com\/larevistadigital.com.ar\/blog\/wp-content\/uploads\/o_1568861908.jpg?resize=300%2C169&amp;ssl=1 300w\" sizes=\"auto, (max-width: 640px) 100vw, 640px\" \/><\/i><\/strong><\/p>\n<p>&nbsp;<\/p>\n<h3>Lista de Inscriptos<\/h3>\n<p>1 WERNER MARIANO<\/p>\n<p>2 BENVENUTI JUAN CRUZ<\/p>\n<p>3 URCERA JOSE MANUEL<\/p>\n<p>4 LEDESMA CHRISTIAN<\/p>\n<p>5 GINI ESTEBAN<\/p>\n<p>6 MAZZACANE GASTON<\/p>\n<p>7 CASTELLANO JONATAN<\/p>\n<p>8 MANGONI SANTIAGO<\/p>\n<p>9 LAMBIRIS MAURICIO<\/p>\n<p>10 MORIATIS EMANUEL<\/p>\n<p>11 PERNIA LEONEL<\/p>\n<p>12 TRUCCO JUAN MARTIN<\/p>\n<p>13 BONELLI NICOLAS<b><br \/>\n<\/b><br \/>\n14 DI PALMA LUIS JOSE<\/p>\n<p>15 SPATARO EMILIANO<\/p>\n<p>16 DELLA MOTTA FACUNDO<\/p>\n<p>17 FONTANA NORBERTO<\/p>\n<p>18 CATALAN MAGNI JUAN<\/p>\n<p>19 PONCE de LEON GABRIEL<\/p>\n<p>20 EBARLIN JUAN JOSE<\/p>\n<p>21 COSTANZO PABLO<\/p>\n<p>22 COTIGNOLA NICOLAS<\/p>\n<p>23 GIANINI JUAN PABLO<\/p>\n<p>24 TODINO GERMAN<\/p>\n<p>25 SANTERO JULIAN<\/p>\n<p>26 ALAUX SERGIO<\/p>\n<p>27 CIANTINI DIEGO<\/p>\n<p>28 NOLESI MATHIAS<\/p>\n<p>29 ARDUSSO FACUNDO<\/p>\n<p>30 CANAPINO AGUSTIN<br \/>\n<b><br \/>\n<\/b>31 PONTE MARTIN<\/p>\n<p>32 ORTELLI GUILLERMO<\/p>\n<p>33 RODRIGUEZ MATIAS<\/p>\n<p>34 LANDA MARCOS<\/p>\n<p>35 BRUNO JUAN MARTIN<\/p>\n<p>36 OKULOVICH CARLOS<\/p>\n<p>37 UGALDE LIONEL<\/p>\n<p>38 FERRANTE GASTON<\/p>\n<p>39 DE CARLO DIEGO<\/p>\n<p>40 RUGGIERO ALAN<\/p>\n<p>41 JAKOS ANDRES<\/p>\n<p>42 AGRELO MARCELO<\/p>\n<p>43 TROSSET NICOLAS<\/p>\n<p>44 AGUIRRE VALENTIN<\/p>\n<p>45 DE BENEDICTIS JUAN<\/p>\n<p>46 LONDERO AYRTON<\/p>\n","protected":false},"excerpt":{"rendered":"<div class=\"mh-excerpt\"><p>La quinta fecha de la M\u00e1xima se correr\u00e1 en el circuito del Club de Volantes. Para el compromiso habr\u00e1 46 protagonistas en pista y la actividad oficial se pondr\u00e1 en marcha, s\u00edn p\u00fablico, el s\u00e1bado <a class=\"mh-excerpt-more\" href=\"https:\/\/larevistadigital.com.ar\/blog\/quinta-fecha-del-tc-horarios-e-inscriptos-para-la-carrera-en-parana\/\" title=\"QUINTA FECHA DEL TC: HORARIOS E INSCRIPTOS PARA LA CARRERA EN PARAN\u00c1\">[Leer M\u00e1s]<\/a><\/p>\n<\/div>","protected":false},"author":3,"featured_media":20134,"comment_status":"open","ping_status":"open","sticky":false,"template":"","format":"standard","meta":{"_jetpack_memberships_contains_paid_content":false,"footnotes":"","jetpack_publicize_message":"","jetpack_publicize_feature_enabled":true,"jetpack_social_post_already_shared":true,"jetpack_social_options":{"image_generator_settings":{"template":"highway","default_image_id":0,"font":"","enabled":false},"version":2}},"categories":[8,50],"tags":[],"class_list":{"0":"post-20133","1":"post","2":"type-post","3":"status-publish","4":"format-standard","5":"has-post-thumbnail","7":"category-deportes","8":"category-interes-general"},"jetpack_publicize_connections":[],"jetpack_featured_media_url":"https:\/\/i0.wp.com\/larevistadigital.com.ar\/blog\/wp-content\/uploads\/tc-en-buenos-aires-2020.jpg?fit=1200%2C802&ssl=1","jetpack_sharing_enabled":true,"jetpack_shortlink":"https:\/\/wp.me\/p8qtrQ-5eJ","jetpack-related-posts":[{"id":42992,"url":"https:\/\/larevistadigital.com.ar\/blog\/exitosa-primera-fecha-del-circuito-de-aguas-abiertas-en-chascomus\/","url_meta":{"origin":20133,"position":0},"title":"Exitosa primera fecha del circuito de Aguas Abiertas en Chascom\u00fas","author":"Alejandro Sosa Ruda","date":"22 diciembre, 2025","format":false,"excerpt":"A pesar del clima volvi\u00f3 una de las competencias m\u00e1s convocantes del calendario deportivo de la Municipalidad de Chascom\u00fas. 22 de diciembre de 2025 CHASCOM\u00daS -\u00a0 \u00a0El s\u00e1bado 20 se llev\u00f3 adelante en Chascom\u00fas la primera fecha del calendario de Aguas Abiertas, con una destacada participaci\u00f3n de nadadores de la\u2026","rel":"","context":"En \u00abCHASCOM\u00daS\u00bb","block_context":{"text":"CHASCOM\u00daS","link":"https:\/\/larevistadigital.com.ar\/blog\/category\/chascomus\/"},"img":{"alt_text":"","src":"https:\/\/i0.wp.com\/larevistadigital.com.ar\/blog\/wp-content\/uploads\/694970e83d9b3.png?fit=668%2C445&ssl=1&resize=350%2C200","width":350,"height":200,"srcset":"https:\/\/i0.wp.com\/larevistadigital.com.ar\/blog\/wp-content\/uploads\/694970e83d9b3.png?fit=668%2C445&ssl=1&resize=350%2C200 1x, https:\/\/i0.wp.com\/larevistadigital.com.ar\/blog\/wp-content\/uploads\/694970e83d9b3.png?fit=668%2C445&ssl=1&resize=525%2C300 1.5x"},"classes":[]},{"id":37256,"url":"https:\/\/larevistadigital.com.ar\/blog\/chascomus-campeonato-infanto-provincial-de-ciclismo\/","url_meta":{"origin":20133,"position":1},"title":"CHASCOM\u00daS: Campeonato Infanto Provincial de Ciclismo","author":"Alejandro Sosa Ruda","date":"19 septiembre, 2024","format":false,"excerpt":"El circuito Juan Carlos Haedo se prepara para recibir la sexta fecha de la competencia 19 de Septiembre de 2024 CHASCOM\u00daS -\u00a0 La cita es el pr\u00f3ximo domingo 22 a partir de las 10.30 hs cuando el circuito local se convierta en el escenario de la sexta fecha del Campeonato\u2026","rel":"","context":"En \u00abDEPORTES\u00bb","block_context":{"text":"DEPORTES","link":"https:\/\/larevistadigital.com.ar\/blog\/category\/deportes\/"},"img":{"alt_text":"","src":"https:\/\/i0.wp.com\/larevistadigital.com.ar\/blog\/wp-content\/uploads\/66eb0f8bd350d.png?fit=668%2C445&ssl=1&resize=350%2C200","width":350,"height":200,"srcset":"https:\/\/i0.wp.com\/larevistadigital.com.ar\/blog\/wp-content\/uploads\/66eb0f8bd350d.png?fit=668%2C445&ssl=1&resize=350%2C200 1x, https:\/\/i0.wp.com\/larevistadigital.com.ar\/blog\/wp-content\/uploads\/66eb0f8bd350d.png?fit=668%2C445&ssl=1&resize=525%2C300 1.5x"},"classes":[]},{"id":43287,"url":"https:\/\/larevistadigital.com.ar\/blog\/chascomus-se-disputo-el-sabado-la-segunda-fecha-del-circuito-de-aguas-abiertas\/","url_meta":{"origin":20133,"position":2},"title":"Chascom\u00fas: Se disput\u00f3 el s\u00e1bado la segunda fecha del Circuito de Aguas Abiertas","author":"Alejandro Sosa Ruda","date":"12 enero, 2026","format":false,"excerpt":"Con gran emoci\u00f3n y el aliento del p\u00fablico, se desarroll\u00f3 la propuesta deportiva m\u00e1s convocantes de la temporada estival. 12 de enero de 2026 La prueba se disput\u00f3 el pasado 10 de enero en la Laguna de Chascom\u00fas con 320 participantes de todas las categor\u00edas, entre los que se encontraban\u2026","rel":"","context":"En \u00abCHASCOM\u00daS\u00bb","block_context":{"text":"CHASCOM\u00daS","link":"https:\/\/larevistadigital.com.ar\/blog\/category\/chascomus\/"},"img":{"alt_text":"","src":"https:\/\/i0.wp.com\/larevistadigital.com.ar\/blog\/wp-content\/uploads\/696532af52618.png?fit=668%2C445&ssl=1&resize=350%2C200","width":350,"height":200,"srcset":"https:\/\/i0.wp.com\/larevistadigital.com.ar\/blog\/wp-content\/uploads\/696532af52618.png?fit=668%2C445&ssl=1&resize=350%2C200 1x, https:\/\/i0.wp.com\/larevistadigital.com.ar\/blog\/wp-content\/uploads\/696532af52618.png?fit=668%2C445&ssl=1&resize=525%2C300 1.5x"},"classes":[]},{"id":43142,"url":"https:\/\/larevistadigital.com.ar\/blog\/chascomus-nueva-fecha-del-circuito-de-aguas-abiertas\/","url_meta":{"origin":20133,"position":3},"title":"Chascom\u00fas: Nueva fecha del Circuito de Aguas Abiertas","author":"Alejandro Sosa Ruda","date":"5 enero, 2026","format":false,"excerpt":"Este martes 6 de enero cierra la inscripci\u00f3n para la segunda fecha de este evento deportivo tan valorado y que ya es un cl\u00e1sico de nuestra ciudad, que tiene a nuestra laguna como escenario. 05 de Enero de 2026 CHASCOM\u00daS -\u00a0 \u00a0Hasta ma\u00f1ana a las 13 horas, los interesados en\u2026","rel":"","context":"En \u00abCHASCOM\u00daS\u00bb","block_context":{"text":"CHASCOM\u00daS","link":"https:\/\/larevistadigital.com.ar\/blog\/category\/chascomus\/"},"img":{"alt_text":"","src":"https:\/\/i0.wp.com\/larevistadigital.com.ar\/blog\/wp-content\/uploads\/695bf0fee76fa.png?fit=668%2C445&ssl=1&resize=350%2C200","width":350,"height":200,"srcset":"https:\/\/i0.wp.com\/larevistadigital.com.ar\/blog\/wp-content\/uploads\/695bf0fee76fa.png?fit=668%2C445&ssl=1&resize=350%2C200 1x, https:\/\/i0.wp.com\/larevistadigital.com.ar\/blog\/wp-content\/uploads\/695bf0fee76fa.png?fit=668%2C445&ssl=1&resize=525%2C300 1.5x"},"classes":[]},{"id":9608,"url":"https:\/\/larevistadigital.com.ar\/blog\/ranchos-el-intendente-alvarez-participo-de-la-inauguracion-del-encuentro-provincial-de-newcom\/","url_meta":{"origin":20133,"position":4},"title":"RANCHOS: EL INTENDENTE ALVAREZ PARTICIPO DE LA INAUGURACI\u00d3N DEL ENCUENTRO PROVINCIAL DE NEWCOM.","author":"Alejandro Sosa Ruda","date":"8 abril, 2019","format":false,"excerpt":"El Gimnasio Mayor del Centro de Educaci\u00f3n F\u00edsica de Ranchos, fue escenario de la primera fecha del Campeonato Provincial de Newcom, perteneciente a la Liga Provincial de Bonaerense. El encuentro deportivo, reservado para jugadores mayores de 60 a\u00f1os, se desarroll\u00f3 en el transcurso de los d\u00edas s\u00e1bado y domingo del\u2026","rel":"","context":"En \u00abPOLITICA\u00bb","block_context":{"text":"POLITICA","link":"https:\/\/larevistadigital.com.ar\/blog\/category\/politica\/"},"img":{"alt_text":"","src":"https:\/\/i0.wp.com\/larevistadigital.com.ar\/blog\/wp-content\/uploads\/2019\/04\/56800806_2139077759665168_4103961248419282944_n.jpg?fit=666%2C960&ssl=1&resize=350%2C200","width":350,"height":200,"srcset":"https:\/\/i0.wp.com\/larevistadigital.com.ar\/blog\/wp-content\/uploads\/2019\/04\/56800806_2139077759665168_4103961248419282944_n.jpg?fit=666%2C960&ssl=1&resize=350%2C200 1x, https:\/\/i0.wp.com\/larevistadigital.com.ar\/blog\/wp-content\/uploads\/2019\/04\/56800806_2139077759665168_4103961248419282944_n.jpg?fit=666%2C960&ssl=1&resize=525%2C300 1.5x"},"classes":[]},{"id":2733,"url":"https:\/\/larevistadigital.com.ar\/blog\/lezama-arranco-la-cuarta-fecha-del-rally-mar-y-sierras\/","url_meta":{"origin":20133,"position":5},"title":"LEZAMA: ARRANC\u00d3 LA CUARTA FECHA DEL RALLY \u00abMAR Y SIERRAS\u00bb","author":"Alejandro Sosa Ruda","date":"23 julio, 2017","format":false,"excerpt":"Anoche se larg\u00f3 la cuarta fecha del Rally \u201cMar y Sierras\u201d que se corre en Lezama este fin de semana. Antes se hab\u00eda realizado una reuni\u00f3n en el club Cobo, en donde adem\u00e1s de los pilotos, participaron entre otros el intendente de la ciudad, Arnaldo Harispe, el Secretario de Gobierno\u2026","rel":"","context":"En \u00abDEPORTES\u00bb","block_context":{"text":"DEPORTES","link":"https:\/\/larevistadigital.com.ar\/blog\/category\/deportes\/"},"img":{"alt_text":"","src":"https:\/\/i0.wp.com\/larevistadigital.com.ar\/blog\/wp-content\/uploads\/2017\/07\/16265190_644209929123372_7505035226210743719_n.jpg?fit=720%2C480&ssl=1&resize=350%2C200","width":350,"height":200,"srcset":"https:\/\/i0.wp.com\/larevistadigital.com.ar\/blog\/wp-content\/uploads\/2017\/07\/16265190_644209929123372_7505035226210743719_n.jpg?fit=720%2C480&ssl=1&resize=350%2C200 1x, https:\/\/i0.wp.com\/larevistadigital.com.ar\/blog\/wp-content\/uploads\/2017\/07\/16265190_644209929123372_7505035226210743719_n.jpg?fit=720%2C480&ssl=1&resize=525%2C300 1.5x, https:\/\/i0.wp.com\/larevistadigital.com.ar\/blog\/wp-content\/uploads\/2017\/07\/16265190_644209929123372_7505035226210743719_n.jpg?fit=720%2C480&ssl=1&resize=700%2C400 2x"},"classes":[]}],"_links":{"self":[{"href":"https:\/\/larevistadigital.com.ar\/blog\/wp-json\/wp\/v2\/posts\/20133","targetHints":{"allow":["GET"]}}],"collection":[{"href":"https:\/\/larevistadigital.com.ar\/blog\/wp-json\/wp\/v2\/posts"}],"about":[{"href":"https:\/\/larevistadigital.com.ar\/blog\/wp-json\/wp\/v2\/types\/post"}],"author":[{"embeddable":true,"href":"https:\/\/larevistadigital.com.ar\/blog\/wp-json\/wp\/v2\/users\/3"}],"replies":[{"embeddable":true,"href":"https:\/\/larevistadigital.com.ar\/blog\/wp-json\/wp\/v2\/comments?post=20133"}],"version-history":[{"count":1,"href":"https:\/\/larevistadigital.com.ar\/blog\/wp-json\/wp\/v2\/posts\/20133\/revisions"}],"predecessor-version":[{"id":20136,"href":"https:\/\/larevistadigital.com.ar\/blog\/wp-json\/wp\/v2\/posts\/20133\/revisions\/20136"}],"wp:featuredmedia":[{"embeddable":true,"href":"https:\/\/larevistadigital.com.ar\/blog\/wp-json\/wp\/v2\/media\/20134"}],"wp:attachment":[{"href":"https:\/\/larevistadigital.com.ar\/blog\/wp-json\/wp\/v2\/media?parent=20133"}],"wp:term":[{"taxonomy":"category","embeddable":true,"href":"https:\/\/larevistadigital.com.ar\/blog\/wp-json\/wp\/v2\/categories?post=20133"},{"taxonomy":"post_tag","embeddable":true,"href":"https:\/\/larevistadigital.com.ar\/blog\/wp-json\/wp\/v2\/tags?post=20133"}],"curies":[{"name":"wp","href":"https:\/\/api.w.org\/{rel}","templated":true}]}}