{"id":20137,"date":"2021-05-07T12:44:44","date_gmt":"2021-05-07T12:44:44","guid":{"rendered":"https:\/\/larevistadigital.com.ar\/blog\/?p=20137"},"modified":"2021-05-07T12:47:14","modified_gmt":"2021-05-07T12:47:14","slug":"preocupante-en-las-ultimas-semanas-hubieron-7-allanamientos-en-la-region-por-distribucion-de-pornografia-infantil","status":"publish","type":"post","link":"https:\/\/larevistadigital.com.ar\/blog\/preocupante-en-las-ultimas-semanas-hubieron-7-allanamientos-en-la-region-por-distribucion-de-pornografia-infantil\/","title":{"rendered":"PREOCUPANTE: EN LAS \u00daLTIMAS SEMANAS HUBIERON 7 ALLANAMIENTOS EN LA REGI\u00d3N POR DISTRIBUCI\u00d3N DE PORNOGRAF\u00cdA INFANTIL"},"content":{"rendered":"<h2 class=\"nota__hero__summary\">La mayor\u00eda de los operativos se concretaron luego de que Missing Children emitiera un reporte para iniciar la investigaci\u00f3n. Hubo detenidos en Pinamar, Dolores, General Alvarado, General Madariaga y el Partido de La Costa.<\/h2>\n<p>En las \u00faltimas horas se concret\u00f3 un allanamiento en un domicilio de la localidad de San Bernardo, en el Partido de La Costa, donde se detuvo a un hombre por \u201cproducci\u00f3n y reproducci\u00f3n de pornograf\u00eda infantil\u201d.<\/p>\n<blockquote>\n<h3>Se trata del s\u00e9ptimo operativo concretado en la regi\u00f3n por este tipo de causas de los cuales la mayor\u00eda fueron impulsados por reportes emitidos por la organizaci\u00f3n Missing Children a ra\u00edz de los cuales se iniciaron las investigaciones que derivaron en los allanamientos y posteriores detenciones.<\/h3>\n<\/blockquote>\n<p>En el \u00faltimo caso, un sujeto de 28 a\u00f1os mediante falsos perfiles en redes sociales interactuaba con contactos de varios pa\u00edses con el fin de obtener y distribuir im\u00e1genes de pornograf\u00eda de menores. Ante esto se concret\u00f3 el operativo en un domicilio, ubicado en Gaboto al 2300 de San Bernardo donde la Polic\u00eda Federal secuestr\u00f3 tres discos r\u00edgidos, dos computadoras port\u00e1tiles, una c\u00e1mara digital, tres tel\u00e9fonos celulares, dos memorias USB, una tarjeta de memoria SD, dos tarjetas SIM y dem\u00e1s elementos de inter\u00e9s.<\/p>\n<blockquote>\n<h3>D\u00edas atr\u00e1s, el 28 de abril, se concret\u00f3 un operativo similar esta vez en una vivienda de calle 48 al 1200 de Santa Teresita \u2013tambi\u00e9n en el Partido de La Costa- donde secuestraron dos celulares con material fotogr\u00e1fico y audiovisual de abuso sexual infantil. All\u00ed se encontr\u00f3 el material reportado por Missing Children y otros v\u00eddeos y fotograf\u00edas almacenadas en un tel\u00e9fono. En este caso el detenido fue un hombre de 32 a\u00f1os.<\/h3>\n<\/blockquote>\n<p>Por otra parte, el 15 abril en un departamento ubicado en calle Monse\u00f1or de Andrea, entre Sarmiento y Del Valle de Dolores, se identific\u00f3 a un menor de edad por la misma causa. En esa oportunidad, el Fiscal de la Unidad Funcional de Instrucci\u00f3n de General Madariaga,<strong> Walter Mercuri<\/strong>, inform\u00f3 a ENTRELINEAS.info que<strong><em> \u201cla causa se origin\u00f3 por un reporte de Missing Children, en el que se denunciaba que, desde este domicilio de Dolores se distribuir\u00eda material de abuso infantil\u201d<\/em><\/strong>, en el allanamiento, adem\u00e1s de lo reportado por la Asociaci\u00f3n denunciante, <em><strong>\u201ctambi\u00e9n se encontraron otros materiales vinculados con el delito que se investiga\u201d.<\/strong><\/em><\/p>\n<blockquote>\n<h3>Tambi\u00e9n por un alerta de Missing Children en Estados Unidos sobre el accionar de una presunta red que distribu\u00eda material pornogr\u00e1fico, el 27 de marzo se detuvo a un hombre en Pinamar y se secuestr\u00f3 equipamiento inform\u00e1tico, celulares, documentaci\u00f3n y dispositivos de almacenamiento.<\/h3>\n<\/blockquote>\n<p>En tanto, el 17 de marzo se llev\u00f3 adelante un allanamiento en una vivienda de la peque\u00f1a localidad de Otamendi, en el Partido de General Alvarado, en busca de pruebas sobre el tr\u00e1fico de im\u00e1genes de pornograf\u00eda infantil. En este caso fue uno de los 100 operativos que se concretaron en el pa\u00eds por una denuncia de Missing Children y secuestraron dispositivos tecnol\u00f3gicos.<\/p>\n<blockquote>\n<h3>El d\u00eda anterior en General Madariaga se realizaron cuatro allanamientos luego de una denuncia radicada en la Comisar\u00eda de la Mujer de esa ciudad por difusi\u00f3n de pornograf\u00eda infantil. Seg\u00fan la investigaci\u00f3n las v\u00edctimas ser\u00edan 5 las ni\u00f1as, cuyas edades oscilan entre los 3 y los 11 a\u00f1os. En estas acciones estar\u00edan involucrados sus padres, como as\u00ed tambi\u00e9n un tercero mayor de edad, quien habr\u00eda difundido material pornogr\u00e1fico expl\u00edcito.<\/h3>\n<\/blockquote>\n<p>A principio de ese mismo mes hubo un allanamiento en San Clemente del Tuy\u00fa tras un reporte que daba cuenta que desde el IP de una computadora ubicada en un complejo habitacional de siete departamentos de la localidad balnearia, se estar\u00eda distribuyendo material f\u00edlmico de pornograf\u00eda infantil.<\/p>\n<p>En dicha oportunidad se dispuso el secuestro de computadoras, tablets, dos celulares y dispositivos de almacenamiento. Adem\u00e1s, se identific\u00f3 en la causa a un sujeto de 52 a\u00f1os.<\/p>\n<p>publicado en entrelineas.info<\/p>\n","protected":false},"excerpt":{"rendered":"<div class=\"mh-excerpt\"><p>La mayor\u00eda de los operativos se concretaron luego de que Missing Children emitiera un reporte para iniciar la investigaci\u00f3n. Hubo detenidos en Pinamar, Dolores, General Alvarado, General Madariaga y el Partido de La Costa. En <a class=\"mh-excerpt-more\" href=\"https:\/\/larevistadigital.com.ar\/blog\/preocupante-en-las-ultimas-semanas-hubieron-7-allanamientos-en-la-region-por-distribucion-de-pornografia-infantil\/\" title=\"PREOCUPANTE: EN LAS \u00daLTIMAS SEMANAS HUBIERON 7 ALLANAMIENTOS EN LA REGI\u00d3N POR DISTRIBUCI\u00d3N DE PORNOGRAF\u00cdA INFANTIL\">[Leer M\u00e1s]<\/a><\/p>\n<\/div>","protected":false},"author":3,"featured_media":20138,"comment_status":"open","ping_status":"open","sticky":false,"template":"","format":"standard","meta":{"_jetpack_memberships_contains_paid_content":false,"footnotes":"","jetpack_publicize_message":"","jetpack_publicize_feature_enabled":true,"jetpack_social_post_already_shared":true,"jetpack_social_options":{"image_generator_settings":{"template":"highway","default_image_id":0,"font":"","enabled":false},"version":2}},"categories":[44,51],"tags":[],"class_list":{"0":"post-20137","1":"post","2":"type-post","3":"status-publish","4":"format-standard","5":"has-post-thumbnail","7":"category-policiales","8":"category-regionales"},"jetpack_publicize_connections":[],"jetpack_featured_media_url":"https:\/\/i0.wp.com\/larevistadigital.com.ar\/blog\/wp-content\/uploads\/ALLANAMIENTOS-PORNO.jpg?fit=1140%2C759&ssl=1","jetpack_sharing_enabled":true,"jetpack_shortlink":"https:\/\/wp.me\/p8qtrQ-5eN","jetpack-related-posts":[{"id":33869,"url":"https:\/\/larevistadigital.com.ar\/blog\/moreno-desmantelan-red-de-pornografia-infantil-y-detienen-a-acusados-de-abuso\/","url_meta":{"origin":20137,"position":0},"title":"MORENO: DESMANTELAN RED DE PORNOGRAF\u00cdA INFANTIL Y DETIENEN A ACUSADOS DE ABUSO","author":"Alejandro Sosa Ruda","date":"5 octubre, 2023","format":false,"excerpt":"Hubo varios allanamientos. Secuestraron dispositivos electr\u00f3nicos, armas de fuego y municiones. 05 de octubre de 2023 MORENO -\u00a0 Luego de una serie de allanamientos fue desmantelada una\u00a0red de pornograf\u00eda infantil y uno de los detenidos est\u00e1 acusado de abuso sexual de una menor\u00a0en Moreno y Ramallo, informaron fuentes judiciales. Los\u2026","rel":"","context":"En \u00abREGIONALES\u00bb","block_context":{"text":"REGIONALES","link":"https:\/\/larevistadigital.com.ar\/blog\/category\/regionales\/"},"img":{"alt_text":"","src":"https:\/\/i0.wp.com\/larevistadigital.com.ar\/blog\/wp-content\/uploads\/POLICIA-4.jpg?fit=880%2C512&ssl=1&resize=350%2C200","width":350,"height":200,"srcset":"https:\/\/i0.wp.com\/larevistadigital.com.ar\/blog\/wp-content\/uploads\/POLICIA-4.jpg?fit=880%2C512&ssl=1&resize=350%2C200 1x, https:\/\/i0.wp.com\/larevistadigital.com.ar\/blog\/wp-content\/uploads\/POLICIA-4.jpg?fit=880%2C512&ssl=1&resize=525%2C300 1.5x, https:\/\/i0.wp.com\/larevistadigital.com.ar\/blog\/wp-content\/uploads\/POLICIA-4.jpg?fit=880%2C512&ssl=1&resize=700%2C400 2x"},"classes":[]},{"id":19305,"url":"https:\/\/larevistadigital.com.ar\/blog\/general-madariaga-allanan-4-casas-por-una-causa-de-pornografia-infantil\/","url_meta":{"origin":20137,"position":1},"title":"GENERAL MADARIAGA: ALLANAN 4 CASAS POR UNA CAUSA DE PORNOGRAF\u00cdA INFANTIL","author":"Alejandro Sosa Ruda","date":"18 marzo, 2021","format":false,"excerpt":"Las v\u00edctimas ser\u00edan ni\u00f1as de entre 3 y 11 a\u00f1os. Sus padres y otro adulto estar\u00edan involucrados. GENERAL MADARIAGA - Una investigaci\u00f3n iniciada en General Madariaga por difusi\u00f3n de pornograf\u00eda infantil termin\u00f3 con una serie de allanamientos durante la tarde de ayer en viviendas del barrio Belgrano, en una causa\u2026","rel":"","context":"En \u00abINTERES GENERAL\u00bb","block_context":{"text":"INTERES GENERAL","link":"https:\/\/larevistadigital.com.ar\/blog\/category\/interes-general\/"},"img":{"alt_text":"","src":"https:\/\/i0.wp.com\/larevistadigital.com.ar\/blog\/wp-content\/uploads\/815a56f8316cf2896e489e6e5dfdfe3434b1aeef.jpg?fit=1140%2C623&ssl=1&resize=350%2C200","width":350,"height":200,"srcset":"https:\/\/i0.wp.com\/larevistadigital.com.ar\/blog\/wp-content\/uploads\/815a56f8316cf2896e489e6e5dfdfe3434b1aeef.jpg?fit=1140%2C623&ssl=1&resize=350%2C200 1x, https:\/\/i0.wp.com\/larevistadigital.com.ar\/blog\/wp-content\/uploads\/815a56f8316cf2896e489e6e5dfdfe3434b1aeef.jpg?fit=1140%2C623&ssl=1&resize=525%2C300 1.5x, https:\/\/i0.wp.com\/larevistadigital.com.ar\/blog\/wp-content\/uploads\/815a56f8316cf2896e489e6e5dfdfe3434b1aeef.jpg?fit=1140%2C623&ssl=1&resize=700%2C400 2x, https:\/\/i0.wp.com\/larevistadigital.com.ar\/blog\/wp-content\/uploads\/815a56f8316cf2896e489e6e5dfdfe3434b1aeef.jpg?fit=1140%2C623&ssl=1&resize=1050%2C600 3x"},"classes":[]},{"id":21315,"url":"https:\/\/larevistadigital.com.ar\/blog\/cae-joven-de-ayacucho-por-denuncia-de-missing-children-de-distribuir-pornografia-infantil\/","url_meta":{"origin":20137,"position":2},"title":"CAE JOVEN DE AYACUCHO POR DENUNCIA DE MISSING CHILDREN DE \u00abDISTRIBUIR PORNOGRAF\u00cdA INFANTIL\u00bb","author":"Alejandro Sosa Ruda","date":"30 julio, 2021","format":false,"excerpt":"Efectivos de la Polic\u00eda Federal allanaron el domicilio donde secuestraron elementos de inter\u00e9s para la investigaci\u00f3n. El aprehendido tiene 26 a\u00f1os. AYACUCHO - Un joven de 26 a\u00f1os fue aprehendido hoy en Ayacucho, tras un allanamiento dispuesto a ra\u00edz de una denuncia de Missing Children por tenencia y distribuci\u00f3n de\u2026","rel":"","context":"En \u00abPOLICIALES\u00bb","block_context":{"text":"POLICIALES","link":"https:\/\/larevistadigital.com.ar\/blog\/category\/policiales\/"},"img":{"alt_text":"","src":"https:\/\/i0.wp.com\/larevistadigital.com.ar\/blog\/wp-content\/uploads\/20842e55253d94d8f5b4858f1cccc5a19f27af2e.jpg?fit=1140%2C647&ssl=1&resize=350%2C200","width":350,"height":200,"srcset":"https:\/\/i0.wp.com\/larevistadigital.com.ar\/blog\/wp-content\/uploads\/20842e55253d94d8f5b4858f1cccc5a19f27af2e.jpg?fit=1140%2C647&ssl=1&resize=350%2C200 1x, https:\/\/i0.wp.com\/larevistadigital.com.ar\/blog\/wp-content\/uploads\/20842e55253d94d8f5b4858f1cccc5a19f27af2e.jpg?fit=1140%2C647&ssl=1&resize=525%2C300 1.5x, https:\/\/i0.wp.com\/larevistadigital.com.ar\/blog\/wp-content\/uploads\/20842e55253d94d8f5b4858f1cccc5a19f27af2e.jpg?fit=1140%2C647&ssl=1&resize=700%2C400 2x, https:\/\/i0.wp.com\/larevistadigital.com.ar\/blog\/wp-content\/uploads\/20842e55253d94d8f5b4858f1cccc5a19f27af2e.jpg?fit=1140%2C647&ssl=1&resize=1050%2C600 3x"},"classes":[]},{"id":32399,"url":"https:\/\/larevistadigital.com.ar\/blog\/chascomus-la-policia-federal-detuvo-un-sujeto-mayor-de-edad-por-produccion-captura-y-distribucion-de-pornografia-infantil\/","url_meta":{"origin":20137,"position":3},"title":"CHASCOM\u00daS: LA POLIC\u00cdA FEDERAL DETUVO UN SUJETO MAYOR DE EDAD POR PRODUCCI\u00d3N, CAPTURA Y DISTRIBUCI\u00d3N DE PORNOGRAF\u00cdA INFANTIL","author":"Alejandro Sosa Ruda","date":"13 julio, 2023","format":false,"excerpt":"Lo hizo por investigaciones llevadas a cabo a partir de una denuncia de \"Missing Children\". 13 de julio de 2023 CHASCOM\u00daS -\u00a0 Durante la ma\u00f1ana de hoy, uniformados de la Polic\u00eda Federal Argentina, realizaron allanamientos en dos viviendas de la ciudad de Chascom\u00fas, vinculados al delito de producci\u00f3n, captura y\u2026","rel":"","context":"En \u00abDESTACADAS\u00bb","block_context":{"text":"DESTACADAS","link":"https:\/\/larevistadigital.com.ar\/blog\/category\/destacadas\/"},"img":{"alt_text":"","src":"https:\/\/i0.wp.com\/larevistadigital.com.ar\/blog\/wp-content\/uploads\/WhatsApp-Image-2023-07-13-at-19.31.49-1-e1689289596834.jpeg?fit=973%2C435&ssl=1&resize=350%2C200","width":350,"height":200,"srcset":"https:\/\/i0.wp.com\/larevistadigital.com.ar\/blog\/wp-content\/uploads\/WhatsApp-Image-2023-07-13-at-19.31.49-1-e1689289596834.jpeg?fit=973%2C435&ssl=1&resize=350%2C200 1x, https:\/\/i0.wp.com\/larevistadigital.com.ar\/blog\/wp-content\/uploads\/WhatsApp-Image-2023-07-13-at-19.31.49-1-e1689289596834.jpeg?fit=973%2C435&ssl=1&resize=525%2C300 1.5x, https:\/\/i0.wp.com\/larevistadigital.com.ar\/blog\/wp-content\/uploads\/WhatsApp-Image-2023-07-13-at-19.31.49-1-e1689289596834.jpeg?fit=973%2C435&ssl=1&resize=700%2C400 2x"},"classes":[]},{"id":22573,"url":"https:\/\/larevistadigital.com.ar\/blog\/allanan-vivienda-en-villa-gesell-y-detienen-a-un-hombre-por-distribucion-de-pornografia-infantil\/","url_meta":{"origin":20137,"position":4},"title":"ALLANAN VIVIENDA EN VILLA GESELL Y DETIENEN A UN HOMBRE POR DISTRIBUCI\u00d3N DE PORNOGRAF\u00cdA INFANTIL","author":"Alejandro Sosa Ruda","date":"4 noviembre, 2021","format":false,"excerpt":"El procedimiento form\u00f3 parte de un megaoperativo que incluy\u00f3 52 allanamientos en simult\u00e1neo en 20 ciudades de la provincia de Buenos Aires y dej\u00f3 como saldo a 13 detenidos. VILLA GESELL\u00a0 -La Polic\u00eda Bonaerense\u00a0y la\u00a0Divisi\u00f3n Delitos Cibern\u00e9ticos contra la Ni\u00f1ez y Adolescencia, junto a la agencia estadounidense\u00a0Homeland Security,\u00a0llevaron a cabo\u2026","rel":"","context":"En \u00abPOLICIALES\u00bb","block_context":{"text":"POLICIALES","link":"https:\/\/larevistadigital.com.ar\/blog\/category\/policiales\/"},"img":{"alt_text":"","src":"https:\/\/i0.wp.com\/larevistadigital.com.ar\/blog\/wp-content\/uploads\/74601396d5e46106281290cf025322683661a956.jpg?fit=1140%2C547&ssl=1&resize=350%2C200","width":350,"height":200,"srcset":"https:\/\/i0.wp.com\/larevistadigital.com.ar\/blog\/wp-content\/uploads\/74601396d5e46106281290cf025322683661a956.jpg?fit=1140%2C547&ssl=1&resize=350%2C200 1x, https:\/\/i0.wp.com\/larevistadigital.com.ar\/blog\/wp-content\/uploads\/74601396d5e46106281290cf025322683661a956.jpg?fit=1140%2C547&ssl=1&resize=525%2C300 1.5x, https:\/\/i0.wp.com\/larevistadigital.com.ar\/blog\/wp-content\/uploads\/74601396d5e46106281290cf025322683661a956.jpg?fit=1140%2C547&ssl=1&resize=700%2C400 2x, https:\/\/i0.wp.com\/larevistadigital.com.ar\/blog\/wp-content\/uploads\/74601396d5e46106281290cf025322683661a956.jpg?fit=1140%2C547&ssl=1&resize=1050%2C600 3x"},"classes":[]},{"id":21749,"url":"https:\/\/larevistadigital.com.ar\/blog\/villa-gesell-tras-allanamiento-detectan-a-menor-de-13-anos-que-distribuia-pornografia-infantil\/","url_meta":{"origin":20137,"position":5},"title":"VILLA GESELL: TRAS ALLANAMIENTO DETECTAN A MENOR DE 13 A\u00d1OS QUE DISTRIBU\u00cdA PORNOGRAF\u00cdA INFANTIL","author":"Alejandro Sosa Ruda","date":"27 agosto, 2021","format":false,"excerpt":"El operativo se concret\u00f3 tras una nueva denuncia de Missing Children. Se secuestraron dispositivos con im\u00e1genes comprometedoras. El menor no fue detenido. VILLA GESELL - Un chico de 13 a\u00f1os fue identificado en una causa por distribuci\u00f3n de pornograf\u00eda infantil luego de un procedimiento llevado a cabo en Villa Gesell.\u2026","rel":"","context":"En \u00abPOLICIALES\u00bb","block_context":{"text":"POLICIALES","link":"https:\/\/larevistadigital.com.ar\/blog\/category\/policiales\/"},"img":{"alt_text":"","src":"https:\/\/i0.wp.com\/larevistadigital.com.ar\/blog\/wp-content\/uploads\/f5e62e98f40a1807fa152d005878364cc94646d7.jpg?fit=1140%2C641&ssl=1&resize=350%2C200","width":350,"height":200,"srcset":"https:\/\/i0.wp.com\/larevistadigital.com.ar\/blog\/wp-content\/uploads\/f5e62e98f40a1807fa152d005878364cc94646d7.jpg?fit=1140%2C641&ssl=1&resize=350%2C200 1x, https:\/\/i0.wp.com\/larevistadigital.com.ar\/blog\/wp-content\/uploads\/f5e62e98f40a1807fa152d005878364cc94646d7.jpg?fit=1140%2C641&ssl=1&resize=525%2C300 1.5x, https:\/\/i0.wp.com\/larevistadigital.com.ar\/blog\/wp-content\/uploads\/f5e62e98f40a1807fa152d005878364cc94646d7.jpg?fit=1140%2C641&ssl=1&resize=700%2C400 2x, https:\/\/i0.wp.com\/larevistadigital.com.ar\/blog\/wp-content\/uploads\/f5e62e98f40a1807fa152d005878364cc94646d7.jpg?fit=1140%2C641&ssl=1&resize=1050%2C600 3x"},"classes":[]}],"_links":{"self":[{"href":"https:\/\/larevistadigital.com.ar\/blog\/wp-json\/wp\/v2\/posts\/20137","targetHints":{"allow":["GET"]}}],"collection":[{"href":"https:\/\/larevistadigital.com.ar\/blog\/wp-json\/wp\/v2\/posts"}],"about":[{"href":"https:\/\/larevistadigital.com.ar\/blog\/wp-json\/wp\/v2\/types\/post"}],"author":[{"embeddable":true,"href":"https:\/\/larevistadigital.com.ar\/blog\/wp-json\/wp\/v2\/users\/3"}],"replies":[{"embeddable":true,"href":"https:\/\/larevistadigital.com.ar\/blog\/wp-json\/wp\/v2\/comments?post=20137"}],"version-history":[{"count":3,"href":"https:\/\/larevistadigital.com.ar\/blog\/wp-json\/wp\/v2\/posts\/20137\/revisions"}],"predecessor-version":[{"id":20141,"href":"https:\/\/larevistadigital.com.ar\/blog\/wp-json\/wp\/v2\/posts\/20137\/revisions\/20141"}],"wp:featuredmedia":[{"embeddable":true,"href":"https:\/\/larevistadigital.com.ar\/blog\/wp-json\/wp\/v2\/media\/20138"}],"wp:attachment":[{"href":"https:\/\/larevistadigital.com.ar\/blog\/wp-json\/wp\/v2\/media?parent=20137"}],"wp:term":[{"taxonomy":"category","embeddable":true,"href":"https:\/\/larevistadigital.com.ar\/blog\/wp-json\/wp\/v2\/categories?post=20137"},{"taxonomy":"post_tag","embeddable":true,"href":"https:\/\/larevistadigital.com.ar\/blog\/wp-json\/wp\/v2\/tags?post=20137"}],"curies":[{"name":"wp","href":"https:\/\/api.w.org\/{rel}","templated":true}]}}