{"id":20142,"date":"2021-05-07T12:52:17","date_gmt":"2021-05-07T12:52:17","guid":{"rendered":"https:\/\/larevistadigital.com.ar\/blog\/?p=20142"},"modified":"2021-05-07T12:52:17","modified_gmt":"2021-05-07T12:52:17","slug":"invitacion-de-la-feria-del-turismo-internacional-de-madrid-al-partido-de-la-costa-a-exponer-por-ser-el-principal-destino-de-argentina","status":"publish","type":"post","link":"https:\/\/larevistadigital.com.ar\/blog\/invitacion-de-la-feria-del-turismo-internacional-de-madrid-al-partido-de-la-costa-a-exponer-por-ser-el-principal-destino-de-argentina\/","title":{"rendered":"INVITACI\u00d3N DE LA FERIA DEL TURISMO INTERNACIONAL DE MADRID AL PARTIDO DE LA COSTA A EXPONER, POR SER EL PRINCIPAL DESTINO DE ARGENTINA"},"content":{"rendered":"<h2 class=\"nota__hero__summary\">Lo cont\u00f3 anoche el titular del Inprotur y el intendente costero. M\u00e1s detalles.<\/h2>\n<p><strong>PARTIDO DE LA COSTA &#8211;<\/strong> El Partido de La Costa fue invitado a exponer en la Feria Internacional de Turismo de Madrid sobre c\u00f3mo logr\u00f3 transformarse en el destino tur\u00edstico n\u00famero uno de la Argentina en medio de la situaci\u00f3n de pandemia.<\/p>\n<p>Cabe recordar que en los \u00faltimos d\u00edas el distrito costero recibi\u00f3, adem\u00e1s, el sello internacional Safe Travel lo cual le permitir\u00e1 desarrollar nuevas acciones para potenciar el turismo.<\/p>\n<blockquote>\n<h3 style=\"text-align: left\">El intendente del Partido de La Costa, Cristian Cardozo, se reuni\u00f3 con el secretario ejecutivo del Instituto Nacional de Promoci\u00f3n Tur\u00edstica (INPROTUR), Ricardo Sosa, quien \u201chizo entrega esta tarde de la distinci\u00f3n internacional del sello Safe Travels, que adem\u00e1s nos permite iniciar una nueva instancia de planificaci\u00f3n estrat\u00e9gica para nuestra comunidad\u201d, indic\u00f3 el jefe Comunal en sus redes sociales.<\/h3>\n<\/blockquote>\n<p>Adem\u00e1s, inform\u00f3 que la organizaci\u00f3n de la Feria Internacional de Turismo (FITUR) de Madrid y la delegaci\u00f3n argentina<strong><em> \u201cnos han invitado a realizar una exposici\u00f3n para desarrollar c\u00f3mo desde el Partido de La Costa hemos trabajado en comunidad para en plena pandemia convertirnos con muchos cuidados en el destino tur\u00edstico m\u00e1s visitado de la Argentina\u201d.<\/em><\/strong><\/p>\n<p>Cardozo hizo hincapi\u00e9 en la importancia de estos reconocimientos para toda la comunidad. <em><strong>\u201cNos enorgullece que sea visible el trabajo que estamos realizando entre todos los costeros y las costeras. Tenemos mucho por crecer y con humildad, unidad, convicciones y esfuerzo, podemos lograrlo\u201d<\/strong><\/em>, apunt\u00f3.<\/p>\n<blockquote>\n<h3>Por su parte, Sosa tambi\u00e9n se refiri\u00f3 a la entrega del sello Safe Travels al Partido de La Costa y se\u00f1al\u00f3 que el distrito \u201cse suma as\u00ed a los m\u00e1s de 250 municipios argentinos que recibieron este reconocimiento del Inprotur por haber cumplido con los protocolos de bioseguridad sanitaria que hom\u00f3loga el Consejo Mundial de Viajes y Turismo (WTTC) a trav\u00e9s de nuestro Instituto\u201d.<\/h3>\n<\/blockquote>\n<p><em><strong>\u201cEl partido de La Costa fue el municipio que mayor cantidad de turistas recibi\u00f3 durante la temporada de verano demostrando la eficiencia en el funcionamiento de los protocolos, en especial los de playa\u201d<\/strong><\/em>, remarc\u00f3.<\/p>\n<blockquote>\n<h3>La FITUR, que comenzar\u00e1 el 19 de mayo, convoca durante cinco d\u00edas a prestadores tur\u00edsticos de distintos pa\u00edses con el objetivo de generar redes de trabajo, iniciar proyectos y promocionar los destinos. Es una oportunidad de dar a conocer todas las bondades que tiene el Partido de La Costa para ofrecer.<\/h3>\n<\/blockquote>\n<p>La Feria cuenta tambi\u00e9n con un espacio de capacitaci\u00f3n para los prestadores tur\u00edsticos lo que permite un intercambio de experiencias e inquietudes.<\/p>\n","protected":false},"excerpt":{"rendered":"<div class=\"mh-excerpt\"><p>Lo cont\u00f3 anoche el titular del Inprotur y el intendente costero. M\u00e1s detalles. PARTIDO DE LA COSTA &#8211; El Partido de La Costa fue invitado a exponer en la Feria Internacional de Turismo de Madrid <a class=\"mh-excerpt-more\" href=\"https:\/\/larevistadigital.com.ar\/blog\/invitacion-de-la-feria-del-turismo-internacional-de-madrid-al-partido-de-la-costa-a-exponer-por-ser-el-principal-destino-de-argentina\/\" title=\"INVITACI\u00d3N DE LA FERIA DEL TURISMO INTERNACIONAL DE MADRID AL PARTIDO DE LA COSTA A EXPONER, POR SER EL PRINCIPAL DESTINO DE ARGENTINA\">[Leer M\u00e1s]<\/a><\/p>\n<\/div>","protected":false},"author":3,"featured_media":20143,"comment_status":"open","ping_status":"open","sticky":false,"template":"","format":"standard","meta":{"_jetpack_memberships_contains_paid_content":false,"footnotes":"","jetpack_publicize_message":"","jetpack_publicize_feature_enabled":true,"jetpack_social_post_already_shared":true,"jetpack_social_options":{"image_generator_settings":{"template":"highway","default_image_id":0,"font":"","enabled":false},"version":2}},"categories":[51,30],"tags":[],"class_list":{"0":"post-20142","1":"post","2":"type-post","3":"status-publish","4":"format-standard","5":"has-post-thumbnail","7":"category-regionales","8":"category-turismo"},"jetpack_publicize_connections":[],"jetpack_featured_media_url":"https:\/\/i0.wp.com\/larevistadigital.com.ar\/blog\/wp-content\/uploads\/807fd87500f32e4b13c6d405f8d49529cc1d4003.jpg?fit=1140%2C762&ssl=1","jetpack_sharing_enabled":true,"jetpack_shortlink":"https:\/\/wp.me\/p8qtrQ-5eS","jetpack-related-posts":[{"id":22350,"url":"https:\/\/larevistadigital.com.ar\/blog\/fin-de-semana-largo-el-partido-de-la-costa-nuevamente-fue-el-destino-mas-elegido\/","url_meta":{"origin":20142,"position":0},"title":"FIN DE SEMANA LARGO: EL PARTIDO DE LA COSTA NUEVAMENTE FUE EL DESTINO M\u00c1S ELEGIDO","author":"Alejandro Sosa Ruda","date":"12 octubre, 2021","format":false,"excerpt":"Con m\u00e1s de 140 mil turistas se ubic\u00f3 al tope de las preferencias para estos 4 d\u00edas de descanso, superando a\u00fan en un 65% el porcentaje de visitantes que tuvo el distrito en octubre de 2019. El Partido de La Costa recibi\u00f3 este fin de semana largo m\u00e1s de 140\u2026","rel":"","context":"En \u00abREGIONALES\u00bb","block_context":{"text":"REGIONALES","link":"https:\/\/larevistadigital.com.ar\/blog\/category\/regionales\/"},"img":{"alt_text":"","src":"https:\/\/i0.wp.com\/larevistadigital.com.ar\/blog\/wp-content\/uploads\/f5704574b9c7ffd99ef763538b95d67f4c467708.jpg?fit=1140%2C497&ssl=1&resize=350%2C200","width":350,"height":200,"srcset":"https:\/\/i0.wp.com\/larevistadigital.com.ar\/blog\/wp-content\/uploads\/f5704574b9c7ffd99ef763538b95d67f4c467708.jpg?fit=1140%2C497&ssl=1&resize=350%2C200 1x, https:\/\/i0.wp.com\/larevistadigital.com.ar\/blog\/wp-content\/uploads\/f5704574b9c7ffd99ef763538b95d67f4c467708.jpg?fit=1140%2C497&ssl=1&resize=525%2C300 1.5x, https:\/\/i0.wp.com\/larevistadigital.com.ar\/blog\/wp-content\/uploads\/f5704574b9c7ffd99ef763538b95d67f4c467708.jpg?fit=1140%2C497&ssl=1&resize=700%2C400 2x, https:\/\/i0.wp.com\/larevistadigital.com.ar\/blog\/wp-content\/uploads\/f5704574b9c7ffd99ef763538b95d67f4c467708.jpg?fit=1140%2C497&ssl=1&resize=1050%2C600 3x"},"classes":[]},{"id":22382,"url":"https:\/\/larevistadigital.com.ar\/blog\/partido-de-la-costa-se-festeja-el-dia-de-la-madre-con-un-recital-de-la-sole\/","url_meta":{"origin":20142,"position":1},"title":"PARTIDO DE LA COSTA: SE FESTEJA EL D\u00cdA DE LA MADRE CON UN RECITAL DE \u00abLA SOLE\u00bb","author":"Alejandro Sosa Ruda","date":"14 octubre, 2021","format":false,"excerpt":"Ser\u00e1 el s\u00e1bado frente a la Carabela de Santa Teresita. La gesti\u00f3n municipal viene realizan una serie de eventos y espect\u00e1culos para toda la comunidad y los visitantes. El Partido de La Costa celebrar\u00e1 el D\u00eda de la Madre con un show de primer nivel a cargo de la popular\u2026","rel":"","context":"En \u00abREGIONALES\u00bb","block_context":{"text":"REGIONALES","link":"https:\/\/larevistadigital.com.ar\/blog\/category\/regionales\/"},"img":{"alt_text":"","src":"https:\/\/i0.wp.com\/larevistadigital.com.ar\/blog\/wp-content\/uploads\/001-soledad-juan-f.jpg?fit=1200%2C675&ssl=1&resize=350%2C200","width":350,"height":200,"srcset":"https:\/\/i0.wp.com\/larevistadigital.com.ar\/blog\/wp-content\/uploads\/001-soledad-juan-f.jpg?fit=1200%2C675&ssl=1&resize=350%2C200 1x, https:\/\/i0.wp.com\/larevistadigital.com.ar\/blog\/wp-content\/uploads\/001-soledad-juan-f.jpg?fit=1200%2C675&ssl=1&resize=525%2C300 1.5x, https:\/\/i0.wp.com\/larevistadigital.com.ar\/blog\/wp-content\/uploads\/001-soledad-juan-f.jpg?fit=1200%2C675&ssl=1&resize=700%2C400 2x, https:\/\/i0.wp.com\/larevistadigital.com.ar\/blog\/wp-content\/uploads\/001-soledad-juan-f.jpg?fit=1200%2C675&ssl=1&resize=1050%2C600 3x"},"classes":[]},{"id":38633,"url":"https:\/\/larevistadigital.com.ar\/blog\/concejal-del-pro-este-ano-el-partido-de-la-costa-se-lleno-de-turismo-marron\/","url_meta":{"origin":20142,"position":2},"title":"Concejal del PRO: Este a\u00f1o el Partido de La Costa \u201cse llen\u00f3 de turismo marr\u00f3n\u00bb","author":"Alejandro Sosa Ruda","date":"7 febrero, 2025","format":false,"excerpt":"El edil del PRO, en el partido de La Costa, Sergio Santana, desat\u00f3 la controversia al referirse a la temporada de verano en el Partido de La Costa con una expresi\u00f3n que fue considerada ofensiva. M\u00e1s tarde intent\u00f3 aclarar sus dichos, pero solo logr\u00f3 aumentaron la pol\u00e9mica. 07 de Febrero\u2026","rel":"","context":"En \u00abPOLITICA PROVINCIAL\u00bb","block_context":{"text":"POLITICA PROVINCIAL","link":"https:\/\/larevistadigital.com.ar\/blog\/category\/politica\/politica-provincial\/"},"img":{"alt_text":"","src":"https:\/\/i0.wp.com\/larevistadigital.com.ar\/blog\/wp-content\/uploads\/20250207152224_concejal-pro-sergio-santana-partido-de-la-costa.jpg?fit=880%2C512&ssl=1&resize=350%2C200","width":350,"height":200,"srcset":"https:\/\/i0.wp.com\/larevistadigital.com.ar\/blog\/wp-content\/uploads\/20250207152224_concejal-pro-sergio-santana-partido-de-la-costa.jpg?fit=880%2C512&ssl=1&resize=350%2C200 1x, https:\/\/i0.wp.com\/larevistadigital.com.ar\/blog\/wp-content\/uploads\/20250207152224_concejal-pro-sergio-santana-partido-de-la-costa.jpg?fit=880%2C512&ssl=1&resize=525%2C300 1.5x, https:\/\/i0.wp.com\/larevistadigital.com.ar\/blog\/wp-content\/uploads\/20250207152224_concejal-pro-sergio-santana-partido-de-la-costa.jpg?fit=880%2C512&ssl=1&resize=700%2C400 2x"},"classes":[]},{"id":18025,"url":"https:\/\/larevistadigital.com.ar\/blog\/partido-de-la-costa-el-destino-mas-elegido-el-intendente-cardozo-agradecio-a-turistas-y-comunidad\/","url_meta":{"origin":20142,"position":3},"title":"PARTIDO DE LA COSTA: EL DESTINO M\u00c1S ELEGIDO. EL INTENDENTE CARDOZO AGRADECI\u00d3 A TURISTAS Y COMUNIDAD","author":"Alejandro Sosa Ruda","date":"10 diciembre, 2020","format":false,"excerpt":"Tras el primer fin de semana largo de diciembre donde el Partido de La Costa fue el destino tur\u00edstico m\u00e1s elegido del pa\u00eds, el intendente Cristian Cardozo agradeci\u00f3 a todos aquellos que visitaron el distrito, al tiempo que destac\u00f3 el compromiso y la importante labor realizada por los costeros. En\u2026","rel":"","context":"En \u00abREGIONALES\u00bb","block_context":{"text":"REGIONALES","link":"https:\/\/larevistadigital.com.ar\/blog\/category\/regionales\/"},"img":{"alt_text":"","src":"https:\/\/i0.wp.com\/larevistadigital.com.ar\/blog\/wp-content\/uploads\/d416dc642fd2c0371443579359e5e85f0ac948ac.jpg?fit=1140%2C637&ssl=1&resize=350%2C200","width":350,"height":200,"srcset":"https:\/\/i0.wp.com\/larevistadigital.com.ar\/blog\/wp-content\/uploads\/d416dc642fd2c0371443579359e5e85f0ac948ac.jpg?fit=1140%2C637&ssl=1&resize=350%2C200 1x, https:\/\/i0.wp.com\/larevistadigital.com.ar\/blog\/wp-content\/uploads\/d416dc642fd2c0371443579359e5e85f0ac948ac.jpg?fit=1140%2C637&ssl=1&resize=525%2C300 1.5x, https:\/\/i0.wp.com\/larevistadigital.com.ar\/blog\/wp-content\/uploads\/d416dc642fd2c0371443579359e5e85f0ac948ac.jpg?fit=1140%2C637&ssl=1&resize=700%2C400 2x, https:\/\/i0.wp.com\/larevistadigital.com.ar\/blog\/wp-content\/uploads\/d416dc642fd2c0371443579359e5e85f0ac948ac.jpg?fit=1140%2C637&ssl=1&resize=1050%2C600 3x"},"classes":[]},{"id":21907,"url":"https:\/\/larevistadigital.com.ar\/blog\/partido-de-la-costa-cristian-cardozo-sorprendio-y-anuncio-la-secretaria-de-desarrollo-sostenible-y-ambiente\/","url_meta":{"origin":20142,"position":4},"title":"PARTIDO DE LA COSTA: CRISTIAN CARDOZO SORPRENDI\u00d3 Y ANUNCI\u00d3 LA SECRETAR\u00cdA DE DESARROLLO SOSTENIBLE Y AMBIENTE","author":"Alejandro Sosa Ruda","date":"8 septiembre, 2021","format":false,"excerpt":"El intendente modific\u00f3 la agenda de la previa electoral con una fuerte decisi\u00f3n: cre\u00f3 un equipo ambiental para trabajar esta problem\u00e1tica con una mirada de la ciencia y la educaci\u00f3n. Los detalles. PARTIDO DE LA COSTA - El intendente del Partido de La Costa, Cristian Cardozo, anunci\u00f3 la creaci\u00f3n de\u2026","rel":"","context":"En \u00abPOLITICA\u00bb","block_context":{"text":"POLITICA","link":"https:\/\/larevistadigital.com.ar\/blog\/category\/politica\/"},"img":{"alt_text":"","src":"https:\/\/i0.wp.com\/larevistadigital.com.ar\/blog\/wp-content\/uploads\/149539f5f72db40879096cd6017ac82687a8ba6a.jpg?fit=1140%2C762&ssl=1&resize=350%2C200","width":350,"height":200,"srcset":"https:\/\/i0.wp.com\/larevistadigital.com.ar\/blog\/wp-content\/uploads\/149539f5f72db40879096cd6017ac82687a8ba6a.jpg?fit=1140%2C762&ssl=1&resize=350%2C200 1x, https:\/\/i0.wp.com\/larevistadigital.com.ar\/blog\/wp-content\/uploads\/149539f5f72db40879096cd6017ac82687a8ba6a.jpg?fit=1140%2C762&ssl=1&resize=525%2C300 1.5x, https:\/\/i0.wp.com\/larevistadigital.com.ar\/blog\/wp-content\/uploads\/149539f5f72db40879096cd6017ac82687a8ba6a.jpg?fit=1140%2C762&ssl=1&resize=700%2C400 2x, https:\/\/i0.wp.com\/larevistadigital.com.ar\/blog\/wp-content\/uploads\/149539f5f72db40879096cd6017ac82687a8ba6a.jpg?fit=1140%2C762&ssl=1&resize=1050%2C600 3x"},"classes":[]},{"id":33805,"url":"https:\/\/larevistadigital.com.ar\/blog\/chascomus-participo-de-la-feria-internacional-de-turismo\/","url_meta":{"origin":20142,"position":5},"title":"CHASCOM\u00daS PARTICIP\u00d3 DE LA FERIA INTERNACIONAL DE TURISMO","author":"Alejandro Sosa Ruda","date":"4 octubre, 2023","format":false,"excerpt":"Desde el viernes 30 de septiembre hasta el martes 3 de octubre se llev\u00f3 a cabo en el Predio Ferial de La Rural de la Ciudad Aut\u00f3noma de Buenos Aires la Feria Internacional de Turismo que este a\u00f1o tuvo un rec\u00f3rd de p\u00fablico, superando los 125 mil visitantes (87.986 de\u2026","rel":"","context":"En \u00abCHASCOM\u00daS\u00bb","block_context":{"text":"CHASCOM\u00daS","link":"https:\/\/larevistadigital.com.ar\/blog\/category\/chascomus\/"},"img":{"alt_text":"","src":"https:\/\/i0.wp.com\/larevistadigital.com.ar\/blog\/wp-content\/uploads\/fit-1500x610-1.jpg?fit=1200%2C488&ssl=1&resize=350%2C200","width":350,"height":200,"srcset":"https:\/\/i0.wp.com\/larevistadigital.com.ar\/blog\/wp-content\/uploads\/fit-1500x610-1.jpg?fit=1200%2C488&ssl=1&resize=350%2C200 1x, https:\/\/i0.wp.com\/larevistadigital.com.ar\/blog\/wp-content\/uploads\/fit-1500x610-1.jpg?fit=1200%2C488&ssl=1&resize=525%2C300 1.5x, https:\/\/i0.wp.com\/larevistadigital.com.ar\/blog\/wp-content\/uploads\/fit-1500x610-1.jpg?fit=1200%2C488&ssl=1&resize=700%2C400 2x, https:\/\/i0.wp.com\/larevistadigital.com.ar\/blog\/wp-content\/uploads\/fit-1500x610-1.jpg?fit=1200%2C488&ssl=1&resize=1050%2C600 3x"},"classes":[]}],"_links":{"self":[{"href":"https:\/\/larevistadigital.com.ar\/blog\/wp-json\/wp\/v2\/posts\/20142","targetHints":{"allow":["GET"]}}],"collection":[{"href":"https:\/\/larevistadigital.com.ar\/blog\/wp-json\/wp\/v2\/posts"}],"about":[{"href":"https:\/\/larevistadigital.com.ar\/blog\/wp-json\/wp\/v2\/types\/post"}],"author":[{"embeddable":true,"href":"https:\/\/larevistadigital.com.ar\/blog\/wp-json\/wp\/v2\/users\/3"}],"replies":[{"embeddable":true,"href":"https:\/\/larevistadigital.com.ar\/blog\/wp-json\/wp\/v2\/comments?post=20142"}],"version-history":[{"count":1,"href":"https:\/\/larevistadigital.com.ar\/blog\/wp-json\/wp\/v2\/posts\/20142\/revisions"}],"predecessor-version":[{"id":20144,"href":"https:\/\/larevistadigital.com.ar\/blog\/wp-json\/wp\/v2\/posts\/20142\/revisions\/20144"}],"wp:featuredmedia":[{"embeddable":true,"href":"https:\/\/larevistadigital.com.ar\/blog\/wp-json\/wp\/v2\/media\/20143"}],"wp:attachment":[{"href":"https:\/\/larevistadigital.com.ar\/blog\/wp-json\/wp\/v2\/media?parent=20142"}],"wp:term":[{"taxonomy":"category","embeddable":true,"href":"https:\/\/larevistadigital.com.ar\/blog\/wp-json\/wp\/v2\/categories?post=20142"},{"taxonomy":"post_tag","embeddable":true,"href":"https:\/\/larevistadigital.com.ar\/blog\/wp-json\/wp\/v2\/tags?post=20142"}],"curies":[{"name":"wp","href":"https:\/\/api.w.org\/{rel}","templated":true}]}}