{"id":20145,"date":"2021-05-07T12:56:30","date_gmt":"2021-05-07T12:56:30","guid":{"rendered":"https:\/\/larevistadigital.com.ar\/blog\/?p=20145"},"modified":"2021-05-07T12:57:39","modified_gmt":"2021-05-07T12:57:39","slug":"20145-2","status":"publish","type":"post","link":"https:\/\/larevistadigital.com.ar\/blog\/20145-2\/","title":{"rendered":"[VIDEO] SALI\u00d3 EL PRIMER TRAILER DE LA 4TA. TEMPORADA DE STRANGER THINGS"},"content":{"rendered":"<p>El gigante del streaming Netflix lanz\u00f3 ayer un nuevo tr\u00e1iler de la cuarta temporada de la popular serie de terror y ciencia ficci\u00f3n \u00abStranger Things\u00bb, que aunque todav\u00eda no tiene confirmada su fecha de estreno, ya se encuentra en las \u00faltimas etapas de producci\u00f3n luego de haber retomado el rodaje en septiembre del a\u00f1o pasado, tras el freno ocasionado por la pandemia de coronavirus.<\/p>\n<blockquote>\n<h3>El breve video, de 82 segundos de duraci\u00f3n, apareci\u00f3 15 meses despu\u00e9s del primer adelanto que se hab\u00eda dado a conocer para esta entrega, en la que participar\u00e1 el actor estadounidense Robert Englund, conocido por encarnar al temible Freddy Krueger en la saga de pel\u00edculas de los 80 \u00abPesadilla\u00bb.<\/h3>\n<\/blockquote>\n<p>Las im\u00e1genes generaron entusiasmadas reacciones de las y los seguidores de la serie en distintas redes sociales, ya que muestran el misterioso laboratorio ubicado en el pueblo ficticio de Hawkins, en el que varios ni\u00f1os y ni\u00f1as, entre ellos \u00abOnce\u00bb (Millie Bobby Brown), la protagonista de la historia, fueron objeto de experimentos por sus habilidades telequin\u00e9ticas.<\/p>\n<blockquote>\n<h3>Adem\u00e1s, el intrigante tr\u00e1iler sorprendi\u00f3 por la sugerente aparici\u00f3n del ganador de un Globo de Oro Matthew Modine, el actor que durante la primera temporada de \u00abStranger Things\u00bb interpret\u00f3 al doctor Martin Brenner, la cabeza de ese centro de investigaci\u00f3n que se transform\u00f3 en la figura paterna de la joven hero\u00edna.<\/h3>\n<\/blockquote>\n<p>Otro de los personajes que volver\u00e1n para esta entrega es el querido Jim Hopper, el jefe de la Polic\u00eda local interpretado por David Harbour, que en la temporada anterior, luego de adoptar formalmente a \u00abOnce\u00bb, se sacrifica para ponerle fin al laboratorio sovi\u00e9tico que estaba generando la criatura sobrenatural que aterroriz\u00f3 al grupo de adolescentes en el que se centra la trama.<\/p>\n<blockquote>\n<h3>Seg\u00fan comentaron meses atr\u00e1s en las redes Matt y Ross Duffer, los hermanos creadores de esta serie de aventura juvenil que atrajo a millones con su nost\u00e1lgica est\u00e9tica \u00abochentosa\u00bb, en esta ocasi\u00f3n surgir\u00e1 una nueva amenaza que traer\u00e1 explicaciones a algunos de los interrogantes que fue tejiendo la serie a lo largo de los a\u00f1os.<\/h3>\n<\/blockquote>\n<p>Desde su estreno en 2016, \u00abStranger Things\u00bb alcanz\u00f3 una enorme popularidad en todo el mundo y cosech\u00f3 m\u00e1s de 65 galardones en los premios Emmy, los Globos de Oro, los Bafta brit\u00e1nicos y otros cert\u00e1menes de la industria televisiva.<\/p>\n<p><span class=\"embed-youtube\" style=\"text-align:center; display: block;\"><iframe loading=\"lazy\" class=\"youtube-player\" width=\"640\" height=\"360\" src=\"https:\/\/www.youtube.com\/embed\/8xBiWgBeCEg?version=3&#038;rel=1&#038;showsearch=0&#038;showinfo=1&#038;iv_load_policy=1&#038;fs=1&#038;hl=es-ES&#038;autohide=2&#038;wmode=transparent\" allowfullscreen=\"true\" style=\"border:0;\" sandbox=\"allow-scripts allow-same-origin allow-popups allow-presentation allow-popups-to-escape-sandbox\"><\/iframe><\/span><\/p>\n<p>&nbsp;<\/p>\n","protected":false},"excerpt":{"rendered":"<div class=\"mh-excerpt\"><p>El gigante del streaming Netflix lanz\u00f3 ayer un nuevo tr\u00e1iler de la cuarta temporada de la popular serie de terror y ciencia ficci\u00f3n \u00abStranger Things\u00bb, que aunque todav\u00eda no tiene confirmada su fecha de estreno, <a class=\"mh-excerpt-more\" href=\"https:\/\/larevistadigital.com.ar\/blog\/20145-2\/\" title=\"[VIDEO] SALI\u00d3 EL PRIMER TRAILER DE LA 4TA. TEMPORADA DE STRANGER THINGS\">[Leer M\u00e1s]<\/a><\/p>\n<\/div>","protected":false},"author":3,"featured_media":20146,"comment_status":"open","ping_status":"open","sticky":false,"template":"","format":"standard","meta":{"_jetpack_memberships_contains_paid_content":false,"footnotes":"","jetpack_publicize_message":"","jetpack_publicize_feature_enabled":true,"jetpack_social_post_already_shared":true,"jetpack_social_options":{"image_generator_settings":{"template":"highway","default_image_id":0,"font":"","enabled":false},"version":2}},"categories":[50],"tags":[],"class_list":{"0":"post-20145","1":"post","2":"type-post","3":"status-publish","4":"format-standard","5":"has-post-thumbnail","7":"category-interes-general"},"jetpack_publicize_connections":[],"jetpack_featured_media_url":"https:\/\/i0.wp.com\/larevistadigital.com.ar\/blog\/wp-content\/uploads\/884a6a360ef92c3ebb9525e0dc7d23d4f1321cb2.jpg?fit=1140%2C641&ssl=1","jetpack_sharing_enabled":true,"jetpack_shortlink":"https:\/\/wp.me\/p8qtrQ-5eV","jetpack-related-posts":[{"id":38643,"url":"https:\/\/larevistadigital.com.ar\/blog\/franco-colapinto-estara-en-netflix-en-la-temporada-7a-de-la-serie-drive-to-survive\/","url_meta":{"origin":20145,"position":0},"title":"Franco Colapinto estar\u00e1 en Netflix en la temporada 7\u00aa de la serie \u201cDrive to Survive\u201d","author":"Alejandro Sosa Ruda","date":"8 febrero, 2025","format":false,"excerpt":"La serie de la F\u00f3rmula 1 que se transform\u00f3 en un cl\u00e1sico de los fan\u00e1ticos de la categor\u00eda y sum\u00f3 audiencia para el crecimiento del deporte tendr\u00e1 por primera vez a Franco\u00a0 Colapinto como uno de sus protagonistas. 08 de Febrero de 2025 La producci\u00f3n de Netflix denominada Drive to\u2026","rel":"","context":"En \u00abINTERES GENERAL\u00bb","block_context":{"text":"INTERES GENERAL","link":"https:\/\/larevistadigital.com.ar\/blog\/category\/interes-general\/"},"img":{"alt_text":"","src":"https:\/\/i0.wp.com\/larevistadigital.com.ar\/blog\/wp-content\/uploads\/20250208134015_franco-colapinto-netflix-drive-to-survive.jpg?fit=880%2C512&ssl=1&resize=350%2C200","width":350,"height":200,"srcset":"https:\/\/i0.wp.com\/larevistadigital.com.ar\/blog\/wp-content\/uploads\/20250208134015_franco-colapinto-netflix-drive-to-survive.jpg?fit=880%2C512&ssl=1&resize=350%2C200 1x, https:\/\/i0.wp.com\/larevistadigital.com.ar\/blog\/wp-content\/uploads\/20250208134015_franco-colapinto-netflix-drive-to-survive.jpg?fit=880%2C512&ssl=1&resize=525%2C300 1.5x, https:\/\/i0.wp.com\/larevistadigital.com.ar\/blog\/wp-content\/uploads\/20250208134015_franco-colapinto-netflix-drive-to-survive.jpg?fit=880%2C512&ssl=1&resize=700%2C400 2x"},"classes":[]},{"id":10862,"url":"https:\/\/larevistadigital.com.ar\/blog\/el-milan-fue-excluido-de-las-competiciones-europeas-de-la-proxima-temporada\/","url_meta":{"origin":20145,"position":1},"title":"EL MILAN FUE EXCLU\u00cdDO DE LAS COMPETICIONES EUROPEAS DE LA PR\u00d3XIMA TEMPORADA","author":"Alejandro Sosa Ruda","date":"28 junio, 2019","format":false,"excerpt":"El conjunto italiano no podr\u00e1 disputar la Europa League despu\u00e9s de la sanci\u00f3n que le impuso el Tribunal Arbitral del Deporte El\u00a0Milan, clasificado para la Liga Europa, fue excluido de las competiciones europeas en la temporada 2019\/2020 por no respetar las reglas del fair-play financiero correspondientes al trienio del 2015\u2026","rel":"","context":"En \u00abDEPORTES\u00bb","block_context":{"text":"DEPORTES","link":"https:\/\/larevistadigital.com.ar\/blog\/category\/deportes\/"},"img":{"alt_text":"","src":"https:\/\/i0.wp.com\/larevistadigital.com.ar\/blog\/wp-content\/uploads\/Screenshot_1-14.jpg?fit=832%2C468&ssl=1&resize=350%2C200","width":350,"height":200,"srcset":"https:\/\/i0.wp.com\/larevistadigital.com.ar\/blog\/wp-content\/uploads\/Screenshot_1-14.jpg?fit=832%2C468&ssl=1&resize=350%2C200 1x, https:\/\/i0.wp.com\/larevistadigital.com.ar\/blog\/wp-content\/uploads\/Screenshot_1-14.jpg?fit=832%2C468&ssl=1&resize=525%2C300 1.5x, https:\/\/i0.wp.com\/larevistadigital.com.ar\/blog\/wp-content\/uploads\/Screenshot_1-14.jpg?fit=832%2C468&ssl=1&resize=700%2C400 2x"},"classes":[]},{"id":25267,"url":"https:\/\/larevistadigital.com.ar\/blog\/se-termino-la-paciencia-municipales-en-pie-de-guerra\/","url_meta":{"origin":20145,"position":2},"title":"\u00bfSE TERMIN\u00d3 LA PACIENCIA?&#8230;\u00bfMUNICIPALES EN PI\u00c9 DE GUERRA?","author":"Alejandro Sosa Ruda","date":"25 abril, 2022","format":false,"excerpt":"CHASCOM\u00daS -\u00a0 Nuevamente una crisis econ\u00f3mica est\u00e1 golpeando nuestro pa\u00eds. Y cuando esto ocurre las consecuencias siempre terminan pag\u00e1ndolas aquellos que menos tienen. La Inflaci\u00f3n en este primer trimestre alcanza ya el 16 por ciento.\u00a0 Enero 3,9%, Febrero 4,7%, y Marzo 6,7 %. Quienes parece no quieren que vuelva a\u2026","rel":"","context":"En \u00abINTERES GENERAL\u00bb","block_context":{"text":"INTERES GENERAL","link":"https:\/\/larevistadigital.com.ar\/blog\/category\/interes-general\/"},"img":{"alt_text":"","src":"https:\/\/i0.wp.com\/larevistadigital.com.ar\/blog\/wp-content\/uploads\/nota-1454987-chascomus-paro-municipales-reclamo-bono-792180.jpg?fit=1200%2C1200&ssl=1&resize=350%2C200","width":350,"height":200,"srcset":"https:\/\/i0.wp.com\/larevistadigital.com.ar\/blog\/wp-content\/uploads\/nota-1454987-chascomus-paro-municipales-reclamo-bono-792180.jpg?fit=1200%2C1200&ssl=1&resize=350%2C200 1x, https:\/\/i0.wp.com\/larevistadigital.com.ar\/blog\/wp-content\/uploads\/nota-1454987-chascomus-paro-municipales-reclamo-bono-792180.jpg?fit=1200%2C1200&ssl=1&resize=525%2C300 1.5x, https:\/\/i0.wp.com\/larevistadigital.com.ar\/blog\/wp-content\/uploads\/nota-1454987-chascomus-paro-municipales-reclamo-bono-792180.jpg?fit=1200%2C1200&ssl=1&resize=700%2C400 2x, https:\/\/i0.wp.com\/larevistadigital.com.ar\/blog\/wp-content\/uploads\/nota-1454987-chascomus-paro-municipales-reclamo-bono-792180.jpg?fit=1200%2C1200&ssl=1&resize=1050%2C600 3x"},"classes":[]},{"id":43346,"url":"https:\/\/larevistadigital.com.ar\/blog\/verano-2026-en-la-provincia-de-buenos-aires-una-temporada-marcada-por-escapadas-de-fin-de-semana\/","url_meta":{"origin":20145,"position":3},"title":"Verano 2026 en la Provincia de Buenos Aires: una temporada marcada por escapadas de fin de semana","author":"Alejandro Sosa Ruda","date":"14 enero, 2026","format":false,"excerpt":"Arranque dispar en los principales puntos tur\u00edsticos bonaerenses: Expectativas moderadas, consumo cuidado y fuerte apuesta a la cercan\u00eda definen el comportamiento tur\u00edstico tras Navidad, A\u00f1o Nuevo y la primera quincena de enero. En la Provincia de Buenos Aires, la temporada de verano 2026 comenz\u00f3 con un balance heterog\u00e9neo tras las\u2026","rel":"","context":"En \u00abREGIONALES\u00bb","block_context":{"text":"REGIONALES","link":"https:\/\/larevistadigital.com.ar\/blog\/category\/regionales\/"},"img":{"alt_text":"","src":"https:\/\/i0.wp.com\/larevistadigital.com.ar\/blog\/wp-content\/uploads\/Verano-2026-en-Tandil.jpg?fit=1200%2C900&ssl=1&resize=350%2C200","width":350,"height":200,"srcset":"https:\/\/i0.wp.com\/larevistadigital.com.ar\/blog\/wp-content\/uploads\/Verano-2026-en-Tandil.jpg?fit=1200%2C900&ssl=1&resize=350%2C200 1x, https:\/\/i0.wp.com\/larevistadigital.com.ar\/blog\/wp-content\/uploads\/Verano-2026-en-Tandil.jpg?fit=1200%2C900&ssl=1&resize=525%2C300 1.5x, https:\/\/i0.wp.com\/larevistadigital.com.ar\/blog\/wp-content\/uploads\/Verano-2026-en-Tandil.jpg?fit=1200%2C900&ssl=1&resize=700%2C400 2x, https:\/\/i0.wp.com\/larevistadigital.com.ar\/blog\/wp-content\/uploads\/Verano-2026-en-Tandil.jpg?fit=1200%2C900&ssl=1&resize=1050%2C600 3x"},"classes":[]},{"id":27901,"url":"https:\/\/larevistadigital.com.ar\/blog\/mar-del-plata-el-alquiler-de-carpas-en-la-preventa-llega-a-los-500-000-la-temporada-si-leyo-bien\/","url_meta":{"origin":20145,"position":4},"title":"MAR DEL PLATA: EL ALQUILER DE CARPAS EN LA PREVENTA LLEGA A LOS $500.000.- LA TEMPORADA (SI, LEY\u00d3 BIEN)","author":"Alejandro Sosa Ruda","date":"20 septiembre, 2022","format":false,"excerpt":"Con el encarecimiento de los viajes al exterior por la suba del denominado \"d\u00f3lar turista\", aseguran que igual las subas estar\u00e1n por debajo de la inflaci\u00f3n acumulada en el a\u00f1o. 19 de septiembre de 2022 MAR DEL PLATA -\u00a0 Varios balnearios de Mar del Plata lanzaron una preventa en el\u2026","rel":"","context":"En \u00abREGIONALES\u00bb","block_context":{"text":"REGIONALES","link":"https:\/\/larevistadigital.com.ar\/blog\/category\/regionales\/"},"img":{"alt_text":"","src":"https:\/\/i0.wp.com\/larevistadigital.com.ar\/blog\/wp-content\/uploads\/99448dfe846e3af374be294f68f638d3a96a657c.jpg?fit=1140%2C763&ssl=1&resize=350%2C200","width":350,"height":200,"srcset":"https:\/\/i0.wp.com\/larevistadigital.com.ar\/blog\/wp-content\/uploads\/99448dfe846e3af374be294f68f638d3a96a657c.jpg?fit=1140%2C763&ssl=1&resize=350%2C200 1x, https:\/\/i0.wp.com\/larevistadigital.com.ar\/blog\/wp-content\/uploads\/99448dfe846e3af374be294f68f638d3a96a657c.jpg?fit=1140%2C763&ssl=1&resize=525%2C300 1.5x, https:\/\/i0.wp.com\/larevistadigital.com.ar\/blog\/wp-content\/uploads\/99448dfe846e3af374be294f68f638d3a96a657c.jpg?fit=1140%2C763&ssl=1&resize=700%2C400 2x, https:\/\/i0.wp.com\/larevistadigital.com.ar\/blog\/wp-content\/uploads\/99448dfe846e3af374be294f68f638d3a96a657c.jpg?fit=1140%2C763&ssl=1&resize=1050%2C600 3x"},"classes":[]},{"id":31365,"url":"https:\/\/larevistadigital.com.ar\/blog\/italia-napoli-se-consagro-campeon-de-la-serie-a-tras-33-anos\/","url_meta":{"origin":20145,"position":5},"title":"ITALIA: N\u00c1POLI SE CONSAGR\u00d3 CAMPE\u00d3N DE LA SERIE A, TRAS 33 A\u00d1OS","author":"Alejandro Sosa Ruda","date":"5 mayo, 2023","format":false,"excerpt":"La \u00faltima vez hab\u00eda sido el 29 de abril de 1990, con Diego Maradona entre sus filas. 4 de Mayo de 2023 ITALIA\u00a0 -\u00a0 El Napoli se consagr\u00f3 campe\u00f3n de la Serie A de Italia\u00a0al empatar 1 a 1 con el Udinese en el estadio Dacia Arena por la trig\u00e9simo\u2026","rel":"","context":"En \u00abDEPORTES\u00bb","block_context":{"text":"DEPORTES","link":"https:\/\/larevistadigital.com.ar\/blog\/category\/deportes\/"},"img":{"alt_text":"","src":"https:\/\/i0.wp.com\/larevistadigital.com.ar\/blog\/wp-content\/uploads\/Captura-de-pantalla-2023-05-04-205643.png?fit=812%2C454&ssl=1&resize=350%2C200","width":350,"height":200,"srcset":"https:\/\/i0.wp.com\/larevistadigital.com.ar\/blog\/wp-content\/uploads\/Captura-de-pantalla-2023-05-04-205643.png?fit=812%2C454&ssl=1&resize=350%2C200 1x, https:\/\/i0.wp.com\/larevistadigital.com.ar\/blog\/wp-content\/uploads\/Captura-de-pantalla-2023-05-04-205643.png?fit=812%2C454&ssl=1&resize=525%2C300 1.5x, https:\/\/i0.wp.com\/larevistadigital.com.ar\/blog\/wp-content\/uploads\/Captura-de-pantalla-2023-05-04-205643.png?fit=812%2C454&ssl=1&resize=700%2C400 2x"},"classes":[]}],"_links":{"self":[{"href":"https:\/\/larevistadigital.com.ar\/blog\/wp-json\/wp\/v2\/posts\/20145","targetHints":{"allow":["GET"]}}],"collection":[{"href":"https:\/\/larevistadigital.com.ar\/blog\/wp-json\/wp\/v2\/posts"}],"about":[{"href":"https:\/\/larevistadigital.com.ar\/blog\/wp-json\/wp\/v2\/types\/post"}],"author":[{"embeddable":true,"href":"https:\/\/larevistadigital.com.ar\/blog\/wp-json\/wp\/v2\/users\/3"}],"replies":[{"embeddable":true,"href":"https:\/\/larevistadigital.com.ar\/blog\/wp-json\/wp\/v2\/comments?post=20145"}],"version-history":[{"count":3,"href":"https:\/\/larevistadigital.com.ar\/blog\/wp-json\/wp\/v2\/posts\/20145\/revisions"}],"predecessor-version":[{"id":20149,"href":"https:\/\/larevistadigital.com.ar\/blog\/wp-json\/wp\/v2\/posts\/20145\/revisions\/20149"}],"wp:featuredmedia":[{"embeddable":true,"href":"https:\/\/larevistadigital.com.ar\/blog\/wp-json\/wp\/v2\/media\/20146"}],"wp:attachment":[{"href":"https:\/\/larevistadigital.com.ar\/blog\/wp-json\/wp\/v2\/media?parent=20145"}],"wp:term":[{"taxonomy":"category","embeddable":true,"href":"https:\/\/larevistadigital.com.ar\/blog\/wp-json\/wp\/v2\/categories?post=20145"},{"taxonomy":"post_tag","embeddable":true,"href":"https:\/\/larevistadigital.com.ar\/blog\/wp-json\/wp\/v2\/tags?post=20145"}],"curies":[{"name":"wp","href":"https:\/\/api.w.org\/{rel}","templated":true}]}}