{"id":20150,"date":"2021-05-07T13:06:01","date_gmt":"2021-05-07T13:06:01","guid":{"rendered":"https:\/\/larevistadigital.com.ar\/blog\/?p=20150"},"modified":"2021-05-07T13:06:01","modified_gmt":"2021-05-07T13:06:01","slug":"monsenor-malfa-pidio-poder-celebrar-misas-en-toda-la-diosesis","status":"publish","type":"post","link":"https:\/\/larevistadigital.com.ar\/blog\/monsenor-malfa-pidio-poder-celebrar-misas-en-toda-la-diosesis\/","title":{"rendered":"MONSE\u00d1OR MALFA PIDI\u00d3 PODER CELEBRAR MISAS EN T\u00d3DA LA DI\u00d3SESIS"},"content":{"rendered":"<p>El Obispo de Chascom\u00fas,<strong> Carlos H. Malfa<\/strong>, reiter\u00f3 las gestiones ante la gobernaci\u00f3n de la provincia para que se revean \u201clas medidas desproporcionadas que restringen la libertad de culto\u201d, en referencia a la \u00faltima resoluci\u00f3n de la Jefatura de Gabinete provincial.<\/p>\n<p>En di\u00e1logo telef\u00f3nico con el director provincial de Relaciones con la Comunidad, <strong>Federico Borgnia,\u00a0 Malfa<\/strong> expres\u00f3 <em><strong>\u201cel malestar creciente de la feligres\u00eda cat\u00f3lica por la inequidad de las nuevas medidas\u201d<\/strong><\/em> que establecen un trato desigual en las modalidades de las actividades permitidas y prohibidas, como as\u00ed tambi\u00e9n que <strong><em>\u201clas medidas excesivas generan desobediencia, sobre todo cuando los ciudadanos creyentes que participan del culto cat\u00f3lico en la Di\u00f3cesis de Chascom\u00fas vienen cuid\u00e1ndose y cuidando a los otros\u201d.<\/em><\/strong><\/p>\n<blockquote>\n<h3><strong>Malfa<\/strong> dijo que en toda la di\u00f3cesis \u201cha podido constatar el cumplimiento ejemplar que nuestro pueblo ha tenido del muy riguroso protocolo para las celebraciones lit\u00fargicas elaborado por este Obispado, y que oportunamente se hiciera llegar al se\u00f1or Gobernador\u201d.<\/h3>\n<\/blockquote>\n<p>Por ello, el obispo pidi\u00f3 que<\/p>\n<p><em><strong>\u201ca) se distinga entre la realidad del AMBA y la situaci\u00f3n del resto de la Provincia<\/strong><\/em><\/p>\n<p><em><strong>b) se adopte el criterio establecido por el DNU 287\/2021 del Poder Ejecutivo Nacional para las zonas de bajo y mediano riesgo (celebraciones lit\u00fargicas con aforo reducido en el interior de los templos, con ventilaci\u00f3n de los ambientes, observando el distanciamiento y el uso del tapaboca)<\/strong><\/em><\/p>\n<p><em><strong>c) se pueda acordar con los Intendentes la necesaria focalizaci\u00f3n de las medidas de prevenci\u00f3n.\u201d<\/strong><\/em><\/p>\n<p>fuente entrelineas.info<\/p>\n","protected":false},"excerpt":{"rendered":"<div class=\"mh-excerpt\"><p>El Obispo de Chascom\u00fas, Carlos H. Malfa, reiter\u00f3 las gestiones ante la gobernaci\u00f3n de la provincia para que se revean \u201clas medidas desproporcionadas que restringen la libertad de culto\u201d, en referencia a la \u00faltima resoluci\u00f3n <a class=\"mh-excerpt-more\" href=\"https:\/\/larevistadigital.com.ar\/blog\/monsenor-malfa-pidio-poder-celebrar-misas-en-toda-la-diosesis\/\" title=\"MONSE\u00d1OR MALFA PIDI\u00d3 PODER CELEBRAR MISAS EN T\u00d3DA LA DI\u00d3SESIS\">[Leer M\u00e1s]<\/a><\/p>\n<\/div>","protected":false},"author":3,"featured_media":20151,"comment_status":"open","ping_status":"open","sticky":false,"template":"","format":"standard","meta":{"_jetpack_memberships_contains_paid_content":false,"footnotes":"","jetpack_publicize_message":"","jetpack_publicize_feature_enabled":true,"jetpack_social_post_already_shared":true,"jetpack_social_options":{"image_generator_settings":{"template":"highway","default_image_id":0,"font":"","enabled":false},"version":2}},"categories":[50],"tags":[],"class_list":{"0":"post-20150","1":"post","2":"type-post","3":"status-publish","4":"format-standard","5":"has-post-thumbnail","7":"category-interes-general"},"jetpack_publicize_connections":[],"jetpack_featured_media_url":"https:\/\/i0.wp.com\/larevistadigital.com.ar\/blog\/wp-content\/uploads\/dd7ad842f55cc1b2ce84e5eb879667862f6fc928.png?fit=1140%2C669&ssl=1","jetpack_sharing_enabled":true,"jetpack_shortlink":"https:\/\/wp.me\/p8qtrQ-5f0","jetpack-related-posts":[{"id":15625,"url":"https:\/\/larevistadigital.com.ar\/blog\/el-obispo-malfa-bendijo-las-instalaciones-del-complejo-cultural-y-destaco-el-crecimiento-de-lezama\/","url_meta":{"origin":20150,"position":0},"title":"EL OBISPO MALFA BENDIJO LAS INSTALACIONES DEL COMPLEJO CULTURAL Y DESTAC\u00d3 EL CRECIMIENTO DE LEZAMA","author":"Alejandro Sosa Ruda","date":"12 junio, 2020","format":false,"excerpt":"En visita oficial Monse\u00f1or Malfa recorri\u00f3 con el intendente Harispe distintos sitios de la ciudad y entreg\u00f3 un protocolo para cuando se habilite la realizaci\u00f3n de la santa misa. En la ma\u00f1ana del jueves visit\u00f3 la ciudad de Lezama Monse\u00f1or Carlos Malfa, Obispo de la Di\u00f3cesis de Chascom\u00fas, en el\u2026","rel":"","context":"En \u00abLEZAMA\u00bb","block_context":{"text":"LEZAMA","link":"https:\/\/larevistadigital.com.ar\/blog\/category\/lezama\/"},"img":{"alt_text":"","src":"https:\/\/i0.wp.com\/larevistadigital.com.ar\/blog\/wp-content\/uploads\/103866483_1784184365107590_2881902149380552732_o.jpg?fit=1200%2C800&ssl=1&resize=350%2C200","width":350,"height":200,"srcset":"https:\/\/i0.wp.com\/larevistadigital.com.ar\/blog\/wp-content\/uploads\/103866483_1784184365107590_2881902149380552732_o.jpg?fit=1200%2C800&ssl=1&resize=350%2C200 1x, https:\/\/i0.wp.com\/larevistadigital.com.ar\/blog\/wp-content\/uploads\/103866483_1784184365107590_2881902149380552732_o.jpg?fit=1200%2C800&ssl=1&resize=525%2C300 1.5x, https:\/\/i0.wp.com\/larevistadigital.com.ar\/blog\/wp-content\/uploads\/103866483_1784184365107590_2881902149380552732_o.jpg?fit=1200%2C800&ssl=1&resize=700%2C400 2x, https:\/\/i0.wp.com\/larevistadigital.com.ar\/blog\/wp-content\/uploads\/103866483_1784184365107590_2881902149380552732_o.jpg?fit=1200%2C800&ssl=1&resize=1050%2C600 3x"},"classes":[]},{"id":7374,"url":"https:\/\/larevistadigital.com.ar\/blog\/dolores-se-invita-a-acompanar-los-festejos-por-los-40-anos-de-ordenacion-del-obispo-monsenor-carlos-malfa\/","url_meta":{"origin":20150,"position":1},"title":"DOLORES: SE INVITA A ACOMPA\u00d1AR LOS FESTEJOS POR LOS 40 A\u00d1OS DE ORDENACI\u00d3N DEL OBISPO MONSE\u00d1OR CARLOS MALFA","author":"Alejandro Sosa Ruda","date":"26 diciembre, 2018","format":false,"excerpt":"La Parroquia Nuestra Se\u00f1ora de los Dolores, ubicada en la calle Belgrano N\u00b0 351 de la ciudad de Dolores,\u00a0 invita a la comunidad de toda la regi\u00f3n a la celebraci\u00f3n de la Santa Misa de Acci\u00f3n de Gracias por los 40 a\u00f1os de ordenaci\u00f3n sacerdotal de Monse\u00f1or Carlos Malfa, el\u2026","rel":"","context":"En \u00abPOLITICA\u00bb","block_context":{"text":"POLITICA","link":"https:\/\/larevistadigital.com.ar\/blog\/category\/politica\/"},"img":{"alt_text":"","src":"https:\/\/i0.wp.com\/larevistadigital.com.ar\/blog\/wp-content\/uploads\/2018\/12\/pers_Carlos_Malfa161215724534.jpg?fit=642%2C366&ssl=1&resize=350%2C200","width":350,"height":200,"srcset":"https:\/\/i0.wp.com\/larevistadigital.com.ar\/blog\/wp-content\/uploads\/2018\/12\/pers_Carlos_Malfa161215724534.jpg?fit=642%2C366&ssl=1&resize=350%2C200 1x, https:\/\/i0.wp.com\/larevistadigital.com.ar\/blog\/wp-content\/uploads\/2018\/12\/pers_Carlos_Malfa161215724534.jpg?fit=642%2C366&ssl=1&resize=525%2C300 1.5x"},"classes":[]},{"id":5033,"url":"https:\/\/larevistadigital.com.ar\/blog\/proximo-viernes-sera-puesto-funciones-nuevo-parroco\/","url_meta":{"origin":20150,"position":2},"title":"El pr\u00f3ximo viernes ser\u00e1 puesto en funciones el nuevo P\u00e1rroco","author":"admin","date":"1 marzo, 2018","format":false,"excerpt":"La Di\u00f3cesis de Chascom\u00fas, Mons. Carlos H. Malfa, ha nombrado al Pbro. Claudio O. Munilla Cura P\u00e1rroco de la Parroquia Sagrado Coraz\u00f3n de Pila. Ser\u00e1 puesto en posesi\u00f3n de su oficio pastoral el viernes 2 de marzo de 2018, a las 19 horas Desde la Comunidad Parroquial de Pila se\u2026","rel":"","context":"En \u00abPILA\u00bb","block_context":{"text":"PILA","link":"https:\/\/larevistadigital.com.ar\/blog\/category\/pila\/"},"img":{"alt_text":"","src":"https:\/\/i0.wp.com\/larevistadigital.com.ar\/blog\/wp-content\/uploads\/2018\/03\/padre-munilla.jpg?fit=600%2C436&ssl=1&resize=350%2C200","width":350,"height":200,"srcset":"https:\/\/i0.wp.com\/larevistadigital.com.ar\/blog\/wp-content\/uploads\/2018\/03\/padre-munilla.jpg?fit=600%2C436&ssl=1&resize=350%2C200 1x, https:\/\/i0.wp.com\/larevistadigital.com.ar\/blog\/wp-content\/uploads\/2018\/03\/padre-munilla.jpg?fit=600%2C436&ssl=1&resize=525%2C300 1.5x"},"classes":[]},{"id":25803,"url":"https:\/\/larevistadigital.com.ar\/blog\/chascomus-comunicado-oficial-del-obispo-por-la-desaparicion-del-sacerdote-de-maipu\/","url_meta":{"origin":20150,"position":3},"title":"CHASCOM\u00daS: COMUNICADO OFICIAL DEL OBISPO, POR LA DESAPARICI\u00d3N DEL SACERDOTE DE MAIP\u00da","author":"Alejandro Sosa Ruda","date":"12 junio, 2022","format":false,"excerpt":"Luego de que la desaparici\u00f3n del p\u00e1rroco de Maip\u00fa, Enrique Navarro Le\u00f3n Ludovis, cobrara gran trascendencia y tuviera en vilo a la ciudad y gran parte de la regi\u00f3n, el obispo Monse\u00f1or Carlos Malfa emiti\u00f3 un comunicado abordando el tema, y brindando explicaciones acerca del caso. El comunicado, encabezado con\u2026","rel":"","context":"En \u00abDESTACADAS\u00bb","block_context":{"text":"DESTACADAS","link":"https:\/\/larevistadigital.com.ar\/blog\/category\/destacadas\/"},"img":{"alt_text":"","src":"https:\/\/i0.wp.com\/larevistadigital.com.ar\/blog\/wp-content\/uploads\/Malfa652c-Copy.jpg?fit=1024%2C768&ssl=1&resize=350%2C200","width":350,"height":200,"srcset":"https:\/\/i0.wp.com\/larevistadigital.com.ar\/blog\/wp-content\/uploads\/Malfa652c-Copy.jpg?fit=1024%2C768&ssl=1&resize=350%2C200 1x, https:\/\/i0.wp.com\/larevistadigital.com.ar\/blog\/wp-content\/uploads\/Malfa652c-Copy.jpg?fit=1024%2C768&ssl=1&resize=525%2C300 1.5x, https:\/\/i0.wp.com\/larevistadigital.com.ar\/blog\/wp-content\/uploads\/Malfa652c-Copy.jpg?fit=1024%2C768&ssl=1&resize=700%2C400 2x"},"classes":[]},{"id":12987,"url":"https:\/\/larevistadigital.com.ar\/blog\/el-obispo-reprende-al-cura-de-lezama-que-se-enfrenta-con-los-fieles-por-politica\/","url_meta":{"origin":20150,"position":4},"title":"EL OBISPO REPRENDE AL CURA DE LEZAMA, QUE SE ENFRENTA CON LOS FIELES POR POL\u00cdTICA","author":"Alejandro Sosa Ruda","date":"2 noviembre, 2019","format":false,"excerpt":"La Iglesia le ha confiado servir pastoralmente y lo llam\u00f3 para que reconsidere su actitud que poco bien le hace a los fieles. El se\u00f1or Obispo diocesano, Monse\u00f1or Carlos H. Malfa, mantuvo una conversaci\u00f3n con el Padre\u00a0Di Sanzo con la esperanza de lograr un cambio de actitud y comunicarle que\u2026","rel":"","context":"En \u00abLEZAMA\u00bb","block_context":{"text":"LEZAMA","link":"https:\/\/larevistadigital.com.ar\/blog\/category\/lezama\/"},"img":{"alt_text":"","src":"https:\/\/i0.wp.com\/larevistadigital.com.ar\/blog\/wp-content\/uploads\/cura-lezama-jc-di-sanzo.png?fit=1200%2C679&ssl=1&resize=350%2C200","width":350,"height":200,"srcset":"https:\/\/i0.wp.com\/larevistadigital.com.ar\/blog\/wp-content\/uploads\/cura-lezama-jc-di-sanzo.png?fit=1200%2C679&ssl=1&resize=350%2C200 1x, https:\/\/i0.wp.com\/larevistadigital.com.ar\/blog\/wp-content\/uploads\/cura-lezama-jc-di-sanzo.png?fit=1200%2C679&ssl=1&resize=525%2C300 1.5x, https:\/\/i0.wp.com\/larevistadigital.com.ar\/blog\/wp-content\/uploads\/cura-lezama-jc-di-sanzo.png?fit=1200%2C679&ssl=1&resize=700%2C400 2x, https:\/\/i0.wp.com\/larevistadigital.com.ar\/blog\/wp-content\/uploads\/cura-lezama-jc-di-sanzo.png?fit=1200%2C679&ssl=1&resize=1050%2C600 3x"},"classes":[]},{"id":13656,"url":"https:\/\/larevistadigital.com.ar\/blog\/javier-gaston-asumio-su-segundo-mandato-como-intendente-de-chascomus\/","url_meta":{"origin":20150,"position":5},"title":"JAVIER GAST\u00d3N ASUMI\u00d3 SU SEGUNDO MANDATO COMO INTENDENTE DE CHASCOM\u00daS","author":"Alejandro Sosa Ruda","date":"13 diciembre, 2019","format":false,"excerpt":"Previamente el Intendente realiz\u00f3 la jura correspondiente en el Honorable Concejo Deliberante, donde estuvo acompa\u00f1ado por su familia, equipo de trabajo, concejales y p\u00fablico en general. Luego, en la plaza, lleg\u00f3 el momento de la Orquesta Filarm\u00f3nica Municipal, creada en 2017, que interpret\u00f3 las estrofas del Himno Nacional. Continuando con\u2026","rel":"","context":"En \u00abDESTACADAS\u00bb","block_context":{"text":"DESTACADAS","link":"https:\/\/larevistadigital.com.ar\/blog\/category\/destacadas\/"},"img":{"alt_text":"","src":"https:\/\/i0.wp.com\/larevistadigital.com.ar\/blog\/wp-content\/uploads\/78869289_2860712707282929_6023469827643932672_o.jpg?fit=960%2C639&ssl=1&resize=350%2C200","width":350,"height":200,"srcset":"https:\/\/i0.wp.com\/larevistadigital.com.ar\/blog\/wp-content\/uploads\/78869289_2860712707282929_6023469827643932672_o.jpg?fit=960%2C639&ssl=1&resize=350%2C200 1x, https:\/\/i0.wp.com\/larevistadigital.com.ar\/blog\/wp-content\/uploads\/78869289_2860712707282929_6023469827643932672_o.jpg?fit=960%2C639&ssl=1&resize=525%2C300 1.5x, https:\/\/i0.wp.com\/larevistadigital.com.ar\/blog\/wp-content\/uploads\/78869289_2860712707282929_6023469827643932672_o.jpg?fit=960%2C639&ssl=1&resize=700%2C400 2x"},"classes":[]}],"_links":{"self":[{"href":"https:\/\/larevistadigital.com.ar\/blog\/wp-json\/wp\/v2\/posts\/20150","targetHints":{"allow":["GET"]}}],"collection":[{"href":"https:\/\/larevistadigital.com.ar\/blog\/wp-json\/wp\/v2\/posts"}],"about":[{"href":"https:\/\/larevistadigital.com.ar\/blog\/wp-json\/wp\/v2\/types\/post"}],"author":[{"embeddable":true,"href":"https:\/\/larevistadigital.com.ar\/blog\/wp-json\/wp\/v2\/users\/3"}],"replies":[{"embeddable":true,"href":"https:\/\/larevistadigital.com.ar\/blog\/wp-json\/wp\/v2\/comments?post=20150"}],"version-history":[{"count":1,"href":"https:\/\/larevistadigital.com.ar\/blog\/wp-json\/wp\/v2\/posts\/20150\/revisions"}],"predecessor-version":[{"id":20152,"href":"https:\/\/larevistadigital.com.ar\/blog\/wp-json\/wp\/v2\/posts\/20150\/revisions\/20152"}],"wp:featuredmedia":[{"embeddable":true,"href":"https:\/\/larevistadigital.com.ar\/blog\/wp-json\/wp\/v2\/media\/20151"}],"wp:attachment":[{"href":"https:\/\/larevistadigital.com.ar\/blog\/wp-json\/wp\/v2\/media?parent=20150"}],"wp:term":[{"taxonomy":"category","embeddable":true,"href":"https:\/\/larevistadigital.com.ar\/blog\/wp-json\/wp\/v2\/categories?post=20150"},{"taxonomy":"post_tag","embeddable":true,"href":"https:\/\/larevistadigital.com.ar\/blog\/wp-json\/wp\/v2\/tags?post=20150"}],"curies":[{"name":"wp","href":"https:\/\/api.w.org\/{rel}","templated":true}]}}