{"id":20153,"date":"2021-05-07T13:19:59","date_gmt":"2021-05-07T13:19:59","guid":{"rendered":"https:\/\/larevistadigital.com.ar\/blog\/?p=20153"},"modified":"2021-05-07T13:19:59","modified_gmt":"2021-05-07T13:19:59","slug":"monte-allanamiento-y-un-detenido-por-robo","status":"publish","type":"post","link":"https:\/\/larevistadigital.com.ar\/blog\/monte-allanamiento-y-un-detenido-por-robo\/","title":{"rendered":"MONTE: ALLANAMIENTO Y UN DETENIDO POR ROBO"},"content":{"rendered":"<p><strong>MONTE &#8211;<\/strong> En las \u00faltimas horas tras un allanamiento, efectivos de la polic\u00eda comunal de San Miguel del Monte lograron la detenci\u00f3n de un delincuente acusado de robar en una vivienda de la ciudad.<\/p>\n<blockquote>\n<h3>\u00abEl 14 de abril recibimos una denuncia por el robo de objetos varios y electrodom\u00e9sticos. Frente a esto,\u00a0<strong>personal de nuestra dependencia, y tras realizar tareas investigativas, pudo recabar los medios de prueba necesarios para dar con el sindicado, solicitando al magistrado de intervenci\u00f3n la correspondiente orden de registro y detenci\u00f3n<\/strong>\u00bb se\u00f1alaron fuentes de la investigaci\u00f3n.<\/h3>\n<\/blockquote>\n<p>En las \u00faltimas horas tras un allanamiento, efectivos de la polic\u00eda comunal de San Miguel del Monte lograron la detenci\u00f3n de un delincuente acusado de robar en una vivienda de la ciudad.<\/p>\n<p><strong><em>\u00abEste jueves 6 de mayo se efectiviz\u00f3 el allanamiento arrojando resultado positivo, por lo que el imputado qued\u00f3 detenido y fue trasladado al asiento de la seccional\u00bb<\/em> <\/strong>cerraron<\/p>\n<p><strong>Interviene la UFI Nro 2 de\u00a0<a title=\"Ca\u00f1uelas\" href=\"https:\/\/detrasdelanoticia.com.ar\/ciudad\/canuelas\/\" target=\"_blank\" rel=\"noopener\" data-seo-automated-link-building=\"5\">Ca\u00f1uelas<\/a>\u00a0a cargo de la Dra. Norma Pippo.<\/strong><\/p>\n<p>fuente e imagen DNL<\/p>\n","protected":false},"excerpt":{"rendered":"<div class=\"mh-excerpt\"><p>MONTE &#8211; En las \u00faltimas horas tras un allanamiento, efectivos de la polic\u00eda comunal de San Miguel del Monte lograron la detenci\u00f3n de un delincuente acusado de robar en una vivienda de la ciudad. \u00abEl <a class=\"mh-excerpt-more\" href=\"https:\/\/larevistadigital.com.ar\/blog\/monte-allanamiento-y-un-detenido-por-robo\/\" title=\"MONTE: ALLANAMIENTO Y UN DETENIDO POR ROBO\">[Leer M\u00e1s]<\/a><\/p>\n<\/div>","protected":false},"author":3,"featured_media":20154,"comment_status":"open","ping_status":"open","sticky":false,"template":"","format":"standard","meta":{"_jetpack_memberships_contains_paid_content":false,"footnotes":"","jetpack_publicize_message":"","jetpack_publicize_feature_enabled":true,"jetpack_social_post_already_shared":true,"jetpack_social_options":{"image_generator_settings":{"template":"highway","default_image_id":0,"font":"","enabled":false},"version":2}},"categories":[44,51],"tags":[],"class_list":{"0":"post-20153","1":"post","2":"type-post","3":"status-publish","4":"format-standard","5":"has-post-thumbnail","7":"category-policiales","8":"category-regionales"},"jetpack_publicize_connections":[],"jetpack_featured_media_url":"https:\/\/i0.wp.com\/larevistadigital.com.ar\/blog\/wp-content\/uploads\/1620349807974_wm.jpg?fit=1600%2C899&ssl=1","jetpack_sharing_enabled":true,"jetpack_shortlink":"https:\/\/wp.me\/p8qtrQ-5f3","jetpack-related-posts":[{"id":8427,"url":"https:\/\/larevistadigital.com.ar\/blog\/monte-persecucion-y-tiroteo-detienen-y-hieren-a-peligroso-delincuente\/","url_meta":{"origin":20153,"position":0},"title":"MONTE: PERSECUCI\u00d3N Y TIROTEO. DETIENEN Y HIEREN A PELIGROSO DELINCUENTE","author":"Alejandro Sosa Ruda","date":"13 febrero, 2019","format":false,"excerpt":"Ocurri\u00f3 en la tarde de este martes 12 de Febrero. El delincuente que era buscado por la polic\u00eda, intent\u00f3 darse a la fuga y respondi\u00f3 a los tiros. Tras una persecuci\u00f3n y tiroteo que se extendi\u00f3 a lo largo del barrio H\u00e9roes de Malvinas, result\u00f3 herido y fue aprehendido. Public\u00f3\u2026","rel":"","context":"En \u00abPOLICIALES\u00bb","block_context":{"text":"POLICIALES","link":"https:\/\/larevistadigital.com.ar\/blog\/category\/policiales\/"},"img":{"alt_text":"","src":"https:\/\/i0.wp.com\/larevistadigital.com.ar\/blog\/wp-content\/uploads\/2019\/02\/BlurImage_12-2-2019-9-11-21_wm_wm.jpg?fit=1024%2C575&ssl=1&resize=350%2C200","width":350,"height":200,"srcset":"https:\/\/i0.wp.com\/larevistadigital.com.ar\/blog\/wp-content\/uploads\/2019\/02\/BlurImage_12-2-2019-9-11-21_wm_wm.jpg?fit=1024%2C575&ssl=1&resize=350%2C200 1x, https:\/\/i0.wp.com\/larevistadigital.com.ar\/blog\/wp-content\/uploads\/2019\/02\/BlurImage_12-2-2019-9-11-21_wm_wm.jpg?fit=1024%2C575&ssl=1&resize=525%2C300 1.5x, https:\/\/i0.wp.com\/larevistadigital.com.ar\/blog\/wp-content\/uploads\/2019\/02\/BlurImage_12-2-2019-9-11-21_wm_wm.jpg?fit=1024%2C575&ssl=1&resize=700%2C400 2x"},"classes":[]},{"id":12076,"url":"https:\/\/larevistadigital.com.ar\/blog\/brandsen-cae-delincuente-buscado-por-robo\/","url_meta":{"origin":20153,"position":1},"title":"BRANDSEN: CAE DELINCUENTE BUSCADO POR ROBO","author":"Alejandro Sosa Ruda","date":"15 septiembre, 2019","format":false,"excerpt":"En la tarde de este s\u00e1bado 14 de septiembre, tras reunir material f\u00edlmico, testimonios y dem\u00e1s, la polic\u00eda de la ciudad de Brandsen\u00a0allan\u00f3 y detuvo al acusado de robar una casa en calle Saavedra esquina Pueyrredon. \"Dando inicio de la presente investigaci\u00f3n con fecha 03 de Septiembre, tras haberse recepcionado\u2026","rel":"","context":"En \u00abREGIONALES\u00bb","block_context":{"text":"REGIONALES","link":"https:\/\/larevistadigital.com.ar\/blog\/category\/regionales\/"},"img":{"alt_text":"","src":"https:\/\/i0.wp.com\/larevistadigital.com.ar\/blog\/wp-content\/uploads\/detenido-esposado.jpg?fit=1024%2C683&ssl=1&resize=350%2C200","width":350,"height":200,"srcset":"https:\/\/i0.wp.com\/larevistadigital.com.ar\/blog\/wp-content\/uploads\/detenido-esposado.jpg?fit=1024%2C683&ssl=1&resize=350%2C200 1x, https:\/\/i0.wp.com\/larevistadigital.com.ar\/blog\/wp-content\/uploads\/detenido-esposado.jpg?fit=1024%2C683&ssl=1&resize=525%2C300 1.5x, https:\/\/i0.wp.com\/larevistadigital.com.ar\/blog\/wp-content\/uploads\/detenido-esposado.jpg?fit=1024%2C683&ssl=1&resize=700%2C400 2x"},"classes":[]},{"id":34228,"url":"https:\/\/larevistadigital.com.ar\/blog\/chascomus-le-robaron-el-celular-amenazandolo-con-un-destornillador-hizo-la-denuncia-y-la-policia-comunal-descubrio-y-detuvo-al-culpable\/","url_meta":{"origin":20153,"position":2},"title":"CHASCOM\u00daS: LE ROBARON EL CELULAR AMENAZ\u00c1NDOLO CON UN DESTORNILLADOR. HIZO LA DENUNCIA Y LA POLIC\u00cdA COMUNAL DESCUBRI\u00d3 Y DETUVO AL CULPABLE","author":"Alejandro Sosa Ruda","date":"27 octubre, 2023","format":false,"excerpt":"La polic\u00eda logr\u00f3 r\u00e1pidamente dar con el responsable y recolectar las pruebas necesarias para conseguir el allanamiento y detenci\u00f3n. 27 de Octubre de 2023 CHASCOM\u00daS -\u00a0 El d\u00eda domingo en horas de la madrugada un joven que caminaba por calle Lastra desde la costanera hacia el centro de ciudad, fue\u2026","rel":"","context":"En \u00abDESTACADAS\u00bb","block_context":{"text":"DESTACADAS","link":"https:\/\/larevistadigital.com.ar\/blog\/category\/destacadas\/"},"img":{"alt_text":"","src":"https:\/\/i0.wp.com\/larevistadigital.com.ar\/blog\/wp-content\/uploads\/WhatsApp-Image-2023-10-26-at-23.11.54-e1698417009606.jpeg?fit=898%2C794&ssl=1&resize=350%2C200","width":350,"height":200,"srcset":"https:\/\/i0.wp.com\/larevistadigital.com.ar\/blog\/wp-content\/uploads\/WhatsApp-Image-2023-10-26-at-23.11.54-e1698417009606.jpeg?fit=898%2C794&ssl=1&resize=350%2C200 1x, https:\/\/i0.wp.com\/larevistadigital.com.ar\/blog\/wp-content\/uploads\/WhatsApp-Image-2023-10-26-at-23.11.54-e1698417009606.jpeg?fit=898%2C794&ssl=1&resize=525%2C300 1.5x, https:\/\/i0.wp.com\/larevistadigital.com.ar\/blog\/wp-content\/uploads\/WhatsApp-Image-2023-10-26-at-23.11.54-e1698417009606.jpeg?fit=898%2C794&ssl=1&resize=700%2C400 2x"},"classes":[]},{"id":40653,"url":"https:\/\/larevistadigital.com.ar\/blog\/chascomus-allanamiento-y-detencion-de-una-pareja-por-robo\/","url_meta":{"origin":20153,"position":3},"title":"Chascom\u00fas: Allanamiento y detenci\u00f3n de una pareja por robo","author":"Alejandro Sosa Ruda","date":"29 julio, 2025","format":false,"excerpt":"Tras una r\u00e1pida investigaci\u00f3n, lograron recuperar una moto, garrafas y televisores. La Justicia ya los tiene bajo su control. 29 de Julio de 2025 CHASCOM\u00daS\u00a0 -\u00a0 \u00a0Una pareja fue detenida en las \u00faltimas horas tras una serie de procedimientos encabezados por personal policial de Chascom\u00fas, que permitieron esclarecer un robo\u2026","rel":"","context":"En \u00abDESTACADAS\u00bb","block_context":{"text":"DESTACADAS","link":"https:\/\/larevistadigital.com.ar\/blog\/category\/destacadas\/"},"img":{"alt_text":"","src":"https:\/\/i0.wp.com\/larevistadigital.com.ar\/blog\/wp-content\/uploads\/POLICIA.png?fit=1002%2C658&ssl=1&resize=350%2C200","width":350,"height":200,"srcset":"https:\/\/i0.wp.com\/larevistadigital.com.ar\/blog\/wp-content\/uploads\/POLICIA.png?fit=1002%2C658&ssl=1&resize=350%2C200 1x, https:\/\/i0.wp.com\/larevistadigital.com.ar\/blog\/wp-content\/uploads\/POLICIA.png?fit=1002%2C658&ssl=1&resize=525%2C300 1.5x, https:\/\/i0.wp.com\/larevistadigital.com.ar\/blog\/wp-content\/uploads\/POLICIA.png?fit=1002%2C658&ssl=1&resize=700%2C400 2x"},"classes":[]},{"id":39378,"url":"https:\/\/larevistadigital.com.ar\/blog\/allanamiento-en-chascomus-por-robo-recuperan-celular-sustraido\/","url_meta":{"origin":20153,"position":4},"title":"Allanamiento en Chascom\u00fas por robo: recuperan celular sustra\u00eddo","author":"Alejandro Sosa Ruda","date":"15 abril, 2025","format":false,"excerpt":"La polic\u00eda irrumpi\u00f3 en una vivienda de la calle Caseros y secuestr\u00f3 un tel\u00e9fono robado. El sospechoso fue identificado y notificado de la causa en su contra. 15 de Abril de 2025 CHASCOM\u00daS\u00a0 -\u00a0 En las \u00faltimas horas, personal del Grupo T\u00e1ctico Operativo (GTO) de la Estaci\u00f3n de Polic\u00eda Comunal\u2026","rel":"","context":"En \u00abCHASCOM\u00daS\u00bb","block_context":{"text":"CHASCOM\u00daS","link":"https:\/\/larevistadigital.com.ar\/blog\/category\/chascomus\/"},"img":{"alt_text":"","src":"https:\/\/i0.wp.com\/larevistadigital.com.ar\/blog\/wp-content\/uploads\/2017\/10\/movil-policial-camioneta_02-10-2015.jpg?fit=800%2C476&ssl=1&resize=350%2C200","width":350,"height":200,"srcset":"https:\/\/i0.wp.com\/larevistadigital.com.ar\/blog\/wp-content\/uploads\/2017\/10\/movil-policial-camioneta_02-10-2015.jpg?fit=800%2C476&ssl=1&resize=350%2C200 1x, https:\/\/i0.wp.com\/larevistadigital.com.ar\/blog\/wp-content\/uploads\/2017\/10\/movil-policial-camioneta_02-10-2015.jpg?fit=800%2C476&ssl=1&resize=525%2C300 1.5x, https:\/\/i0.wp.com\/larevistadigital.com.ar\/blog\/wp-content\/uploads\/2017\/10\/movil-policial-camioneta_02-10-2015.jpg?fit=800%2C476&ssl=1&resize=700%2C400 2x"},"classes":[]},{"id":42460,"url":"https:\/\/larevistadigital.com.ar\/blog\/allanamiento-en-el-barrio-san-luis-por-el-robo-de-medidores-dos-imputados-y-al-menos-ocho-hechos-vinculados\/","url_meta":{"origin":20153,"position":5},"title":"Allanamiento en el Barrio San Luis por el robo de medidores: dos imputados y al menos ocho hechos vinculados","author":"Alejandro Sosa Ruda","date":"14 noviembre, 2025","format":false,"excerpt":"La Polic\u00eda de Chascom\u00fas realiz\u00f3 un allanamiento que permiti\u00f3 secuestrar elementos clave y prendas usadas en los robos. Una pareja qued\u00f3 imputada y se investiga una serie de hechos similares en la misma zona. 14 de Noviembre de 2025 CHASCOM\u00daS -\u00a0 \u00a0Tras una denuncia realizada de manera online en la\u2026","rel":"","context":"En \u00abINTERES GENERAL\u00bb","block_context":{"text":"INTERES GENERAL","link":"https:\/\/larevistadigital.com.ar\/blog\/category\/interes-general\/"},"img":{"alt_text":"POLIC\u00cdA","src":"https:\/\/i0.wp.com\/larevistadigital.com.ar\/blog\/wp-content\/uploads\/POLICIA-3.jpg?fit=880%2C512&ssl=1&resize=350%2C200","width":350,"height":200,"srcset":"https:\/\/i0.wp.com\/larevistadigital.com.ar\/blog\/wp-content\/uploads\/POLICIA-3.jpg?fit=880%2C512&ssl=1&resize=350%2C200 1x, https:\/\/i0.wp.com\/larevistadigital.com.ar\/blog\/wp-content\/uploads\/POLICIA-3.jpg?fit=880%2C512&ssl=1&resize=525%2C300 1.5x, https:\/\/i0.wp.com\/larevistadigital.com.ar\/blog\/wp-content\/uploads\/POLICIA-3.jpg?fit=880%2C512&ssl=1&resize=700%2C400 2x"},"classes":[]}],"_links":{"self":[{"href":"https:\/\/larevistadigital.com.ar\/blog\/wp-json\/wp\/v2\/posts\/20153","targetHints":{"allow":["GET"]}}],"collection":[{"href":"https:\/\/larevistadigital.com.ar\/blog\/wp-json\/wp\/v2\/posts"}],"about":[{"href":"https:\/\/larevistadigital.com.ar\/blog\/wp-json\/wp\/v2\/types\/post"}],"author":[{"embeddable":true,"href":"https:\/\/larevistadigital.com.ar\/blog\/wp-json\/wp\/v2\/users\/3"}],"replies":[{"embeddable":true,"href":"https:\/\/larevistadigital.com.ar\/blog\/wp-json\/wp\/v2\/comments?post=20153"}],"version-history":[{"count":1,"href":"https:\/\/larevistadigital.com.ar\/blog\/wp-json\/wp\/v2\/posts\/20153\/revisions"}],"predecessor-version":[{"id":20155,"href":"https:\/\/larevistadigital.com.ar\/blog\/wp-json\/wp\/v2\/posts\/20153\/revisions\/20155"}],"wp:featuredmedia":[{"embeddable":true,"href":"https:\/\/larevistadigital.com.ar\/blog\/wp-json\/wp\/v2\/media\/20154"}],"wp:attachment":[{"href":"https:\/\/larevistadigital.com.ar\/blog\/wp-json\/wp\/v2\/media?parent=20153"}],"wp:term":[{"taxonomy":"category","embeddable":true,"href":"https:\/\/larevistadigital.com.ar\/blog\/wp-json\/wp\/v2\/categories?post=20153"},{"taxonomy":"post_tag","embeddable":true,"href":"https:\/\/larevistadigital.com.ar\/blog\/wp-json\/wp\/v2\/tags?post=20153"}],"curies":[{"name":"wp","href":"https:\/\/api.w.org\/{rel}","templated":true}]}}